{"id":442927,"date":"2022-02-23T14:40:05","date_gmt":"2022-02-23T11:40:05","guid":{"rendered":"http:\/\/arantv.az\/?p=442927"},"modified":"2022-02-23T14:40:05","modified_gmt":"2022-02-23T11:40:05","slug":"%c9%99rdogan-n%c9%99-rusiyadan-n%c9%99-d%c9%99-ukraynadan-vaz-kec%c9%99-bil%c9%99rik","status":"publish","type":"post","link":"https:\/\/arantv.az\/?p=442927","title":{"rendered":"\u018frdo\u011fan: \u201cN\u0259 Rusiyadan, n\u0259 d\u0259 Ukraynadan vaz ke\u00e7\u0259 bil\u0259rik\u201d"},"content":{"rendered":"<p><strong>\u0130kisind\u0259n d\u0259 (Rusiya-Ukrayna) vaz ke\u00e7m\u0259yimiz m\u00fcmk\u00fcn deyil.<\/strong><\/p>\n<p><strong>ARANTV.AZ<\/strong> APA-ya istinad\u0259n bildirir ki, bu bar\u0259d\u0259 T\u00fcrkiy\u0259 Prezidenti R\u0259c\u0259b Tayyib \u018frdo\u011fan bildirib.<\/p>\n<p>&#8220;El\u0259 bir add\u0131m atmal\u0131y\u0131q ki, he\u00e7 birind\u0259n vaz ke\u00e7m\u0259d\u0259n bu m\u0259s\u0259l\u0259ni h\u0259ll ed\u0259k. Bizim d\u0259rdimiz budur&#8221;, &#8211; \u018frdo\u011fan vur\u011fulay\u0131b.<\/p>\n<p>O vur\u011fulay\u0131b ki, NATO videokonfrans format\u0131nda ke\u00e7iril\u0259c\u0259k Zirv\u0259 G\u00f6r\u00fc\u015f\u00fcnd\u0259 \u00f6z m\u00f6vqeyini ortaya qoymal\u0131d\u0131r: &#8220;NATO n\u0259 ed\u0259c\u0259ks\u0259, etm\u0259lidir. Ham\u0131 sad\u0259c\u0259 dan\u0131\u015f\u0131r, i\u015f g\u00f6r\u0259n yoxdur&#8221;.<\/p>\n","protected":false},"excerpt":{"rendered":"<p>\u0130kisind\u0259n d\u0259 (Rusiya-Ukrayna) vaz ke\u00e7m\u0259yimiz m\u00fcmk\u00fcn deyil. ARANTV.AZ APA-ya istinad\u0259n bildirir ki, bu bar\u0259d\u0259 T\u00fcrkiy\u0259 Prezidenti R\u0259c\u0259b Tayyib \u018frdo\u011fan bildirib. &#8220;El\u0259 bir add\u0131m atmal\u0131y\u0131q ki, he\u00e7 birind\u0259n vaz ke\u00e7m\u0259d\u0259n bu m\u0259s\u0259l\u0259ni h\u0259ll ed\u0259k. Bizim d\u0259rdimiz budur&#8221;, &#8211; \u018frdo\u011fan vur\u011fulay\u0131b. O vur\u011fulay\u0131b ki, NATO videokonfrans format\u0131nda ke\u00e7iril\u0259c\u0259k Zirv\u0259 G\u00f6r\u00fc\u015f\u00fcnd\u0259 \u00f6z m\u00f6vqeyini ortaya qoymal\u0131d\u0131r: &#8220;NATO n\u0259 ed\u0259c\u0259ks\u0259, etm\u0259lidir. Ham\u0131 sad\u0259c\u0259 dan\u0131\u015f\u0131r, i\u015f g\u00f6r\u0259n yoxdur&#8221;.<\/p>\n","protected":false},"author":2,"featured_media":442928,"comment_status":"closed","ping_status":"closed","sticky":false,"template":"","format":"standard","meta":{"om_disable_all_campaigns":false,"_monsterinsights_skip_tracking":false,"_monsterinsights_sitenote_active":false,"_monsterinsights_sitenote_note":"","_monsterinsights_sitenote_category":0},"categories":[7],"tags":[],"aioseo_notices":[],"gutentor_comment":0,"rttpg_featured_image_url":{"full":["https:\/\/arantv.az\/wp-content\/uploads\/2022\/02\/1021907.png",1200,800,false],"landscape":["https:\/\/arantv.az\/wp-content\/uploads\/2022\/02\/1021907.png",1200,800,false],"portraits":["https:\/\/arantv.az\/wp-content\/uploads\/2022\/02\/1021907.png",1200,800,false],"thumbnail":["https:\/\/arantv.az\/wp-content\/uploads\/2022\/02\/1021907-500x280.png",500,280,true],"medium":["https:\/\/arantv.az\/wp-content\/uploads\/2022\/02\/1021907-548x365.png",548,365,true],"large":["https:\/\/arantv.az\/wp-content\/uploads\/2022\/02\/1021907-840x560.png",640,427,true],"1536x1536":["https:\/\/arantv.az\/wp-content\/uploads\/2022\/02\/1021907.png",1200,800,false],"2048x2048":["https:\/\/arantv.az\/wp-content\/uploads\/2022\/02\/1021907.png",1200,800,false],"post-thumbnail":["https:\/\/arantv.az\/wp-content\/uploads\/2022\/02\/1021907-240x172.png",240,172,true],"advps-thumb-one":["https:\/\/arantv.az\/wp-content\/uploads\/2022\/02\/1021907-1200x620.png",1200,620,true]},"rttpg_author":{"display_name":"V\u00fcsal Rafiqo\u011flu","author_link":"https:\/\/arantv.az\/?author=2"},"rttpg_comment":0,"rttpg_category":"<a href=\"https:\/\/arantv.az\/?cat=7\" rel=\"category\">D\u00fcnya<\/a>","rttpg_excerpt":"\u0130kisind\u0259n d\u0259 (Rusiya-Ukrayna) vaz ke\u00e7m\u0259yimiz m\u00fcmk\u00fcn deyil. ARANTV.AZ APA-ya istinad\u0259n bildirir ki, bu bar\u0259d\u0259 T\u00fcrkiy\u0259 Prezidenti R\u0259c\u0259b Tayyib \u018frdo\u011fan bildirib. &#8220;El\u0259 bir add\u0131m atmal\u0131y\u0131q ki, he\u00e7 birind\u0259n vaz ke\u00e7m\u0259d\u0259n bu m\u0259s\u0259l\u0259ni h\u0259ll ed\u0259k. Bizim d\u0259rdimiz budur&#8221;, &#8211; \u018frdo\u011fan vur\u011fulay\u0131b. O vur\u011fulay\u0131b ki, NATO videokonfrans format\u0131nda ke\u00e7iril\u0259c\u0259k Zirv\u0259 G\u00f6r\u00fc\u015f\u00fcnd\u0259 \u00f6z m\u00f6vqeyini ortaya qoymal\u0131d\u0131r: &#8220;NATO n\u0259 ed\u0259c\u0259ks\u0259,&hellip;","_links":{"self":[{"href":"https:\/\/arantv.az\/index.php?rest_route=\/wp\/v2\/posts\/442927"}],"collection":[{"href":"https:\/\/arantv.az\/index.php?rest_route=\/wp\/v2\/posts"}],"about":[{"href":"https:\/\/arantv.az\/index.php?rest_route=\/wp\/v2\/types\/post"}],"author":[{"embeddable":true,"href":"https:\/\/arantv.az\/index.php?rest_route=\/wp\/v2\/users\/2"}],"replies":[{"embeddable":true,"href":"https:\/\/arantv.az\/index.php?rest_route=%2Fwp%2Fv2%2Fcomments&post=442927"}],"version-history":[{"count":0,"href":"https:\/\/arantv.az\/index.php?rest_route=\/wp\/v2\/posts\/442927\/revisions"}],"wp:featuredmedia":[{"embeddable":true,"href":"https:\/\/arantv.az\/index.php?rest_route=\/wp\/v2\/media\/442928"}],"wp:attachment":[{"href":"https:\/\/arantv.az\/index.php?rest_route=%2Fwp%2Fv2%2Fmedia&parent=442927"}],"wp:term":[{"taxonomy":"category","embeddable":true,"href":"https:\/\/arantv.az\/index.php?rest_route=%2Fwp%2Fv2%2Fcategories&post=442927"},{"taxonomy":"post_tag","embeddable":true,"href":"https:\/\/arantv.az\/index.php?rest_route=%2Fwp%2Fv2%2Ftags&post=442927"}],"curies":[{"name":"wp","href":"https:\/\/api.w.org\/{rel}","templated":true}]}}