{"id":442949,"date":"2022-02-23T14:58:21","date_gmt":"2022-02-23T11:58:21","guid":{"rendered":"http:\/\/arantv.az\/?p=442949"},"modified":"2022-02-23T14:58:51","modified_gmt":"2022-02-23T11:58:51","slug":"%c9%99rdogan-rusiya-v%c9%99-ukrayna-arasindaki-g%c9%99rginlik-bar%c9%99d%c9%99-ikisind%c9%99n-d%c9%99-imtina-etm%c9%99yimiz-mumkun-deyil","status":"publish","type":"post","link":"https:\/\/arantv.az\/?p=442949","title":{"rendered":"\u018frdo\u011fan Rusiya v\u0259 Ukrayna aras\u0131ndak\u0131 g\u0259rginlik bar\u0259d\u0259: \u201c\u0130kisind\u0259n d\u0259 imtina etm\u0259yimiz m\u00fcmk\u00fcn deyil\u201d"},"content":{"rendered":"<p>\u201cQara d\u0259niz qon\u015fular\u0131m\u0131z Rusiya v\u0259 Ukraynan\u0131n tezlikl\u0259 m\u00fczakir\u0259 masas\u0131na qay\u0131tmalar\u0131na\u00a0\u00fcmid edirik\u201d.<\/p>\n<div class=\"AdviadNativeVideo\"><\/div>\n<p>\u201cHaber Global\u201d\u0131n m\u0259lumat\u0131na g\u00f6r\u0259, bu s\u00f6zl\u0259ri T\u00fcrkiy\u0259 Prezidenti R\u0259c\u0259b Tayyib \u018frdo\u011fan Afrika turundan qay\u0131dark\u0259n t\u0259yyar\u0259d\u0259 jurnalistl\u0259r\u0259 a\u00e7\u0131qlamas\u0131nda deyib.<\/p>\n<p>T\u00fcrkiy\u0259 lideri jurnalistl\u0259rin Ankaran\u0131n t\u0259r\u0259fl\u0259rl\u0259 ba\u011fl\u0131 m\u00f6vqeyi haqq\u0131nda sual\u0131na bu c\u00fcr cavab verib:<\/p>\n<p>\u201c\u0130kisind\u0259n d\u0259 imtina etm\u0259yimiz m\u00fcmk\u00fcn deyil. Rusiya il\u0259 ist\u0259r siyasi, ist\u0259rs\u0259 d\u0259 iqtisadi m\u00fcnasib\u0259tl\u0259rimiz var. Ukrayna il\u0259 d\u0259 eyni \u015f\u0259kild\u0259 siyasi, h\u0259rbi, iqtisadi m\u00fcnasib\u0259tl\u0259rimiz var. \u201cUkraynadan imtina et\u201d des\u0259niz ed\u0259 bilm\u0259rik, \u00e7\u00fcnki \u00f6lk\u0259mizin buradak\u0131 maraqlar\u0131 olduqca y\u00fcks\u0259k d\u0259r\u0259c\u0259d\u0259dir. \u201cRusiyadan imtina et\u201d des\u0259niz ed\u0259 bilm\u0259rik, \u00e7\u00fcnki onunla da haz\u0131rda, h\u0259qiq\u0259t\u0259n\u00a0y\u00fcks\u0259k s\u0259viyy\u0259d\u0259 birlikd\u0259liyimiz var. Bizim ist\u0259yimiz el\u0259 bir add\u0131m atmaqd\u0131r ki, he\u00e7 birind\u0259n imtina etm\u0259d\u0259n bu i\u015fi, in\u015fallah, h\u0259ll ed\u0259k\u201d, &#8211; dey\u0259 R.T.\u018frdo\u011fan bildirib.<\/p>\n<p>Rusiya lideri Vladimir Putinl\u0259 g\u00f6r\u00fc\u015f\u00fc m\u0259s\u0259l\u0259sin\u0259 d\u0259 toxunan \u018frdo\u011fan g\u00f6r\u00fc\u015f\u00fcn NATO liderl\u0259r zirv\u0259sind\u0259n sonra ke\u00e7irilm\u0259sini m\u0259qs\u0259d\u0259uy\u011fun hesab etdiyini qeyd edib.<\/p>\n","protected":false},"excerpt":{"rendered":"<p>\u201cQara d\u0259niz qon\u015fular\u0131m\u0131z Rusiya v\u0259 Ukraynan\u0131n tezlikl\u0259 m\u00fczakir\u0259 masas\u0131na qay\u0131tmalar\u0131na\u00a0\u00fcmid edirik\u201d. \u201cHaber Global\u201d\u0131n m\u0259lumat\u0131na g\u00f6r\u0259, bu s\u00f6zl\u0259ri T\u00fcrkiy\u0259 Prezidenti R\u0259c\u0259b Tayyib \u018frdo\u011fan Afrika turundan qay\u0131dark\u0259n t\u0259yyar\u0259d\u0259 jurnalistl\u0259r\u0259 a\u00e7\u0131qlamas\u0131nda deyib. T\u00fcrkiy\u0259 lideri jurnalistl\u0259rin Ankaran\u0131n t\u0259r\u0259fl\u0259rl\u0259 ba\u011fl\u0131 m\u00f6vqeyi haqq\u0131nda sual\u0131na bu c\u00fcr cavab verib: \u201c\u0130kisind\u0259n d\u0259 imtina etm\u0259yimiz m\u00fcmk\u00fcn deyil. Rusiya il\u0259 ist\u0259r siyasi, ist\u0259rs\u0259 d\u0259 iqtisadi m\u00fcnasib\u0259tl\u0259rimiz var. Ukrayna il\u0259 d\u0259 eyni \u015f\u0259kild\u0259 siyasi, h\u0259rbi, iqtisadi m\u00fcnasib\u0259tl\u0259rimiz var. \u201cUkraynadan imtina et\u201d des\u0259niz ed\u0259 bilm\u0259rik, \u00e7\u00fcnki \u00f6lk\u0259mizin buradak\u0131 maraqlar\u0131 olduqca y\u00fcks\u0259k d\u0259r\u0259c\u0259d\u0259dir. \u201cRusiyadan imtina et\u201d des\u0259niz ed\u0259 bilm\u0259rik, \u00e7\u00fcnki onunla da haz\u0131rda,&hellip;<\/p>\n","protected":false},"author":2,"featured_media":442952,"comment_status":"closed","ping_status":"closed","sticky":false,"template":"","format":"standard","meta":{"om_disable_all_campaigns":false,"_monsterinsights_skip_tracking":false,"_monsterinsights_sitenote_active":false,"_monsterinsights_sitenote_note":"","_monsterinsights_sitenote_category":0},"categories":[4],"tags":[],"aioseo_notices":[],"gutentor_comment":0,"rttpg_featured_image_url":{"full":["https:\/\/arantv.az\/wp-content\/uploads\/2022\/02\/E1myFYBXIAUerNu-1.jpg",620,413,false],"landscape":["https:\/\/arantv.az\/wp-content\/uploads\/2022\/02\/E1myFYBXIAUerNu-1.jpg",620,413,false],"portraits":["https:\/\/arantv.az\/wp-content\/uploads\/2022\/02\/E1myFYBXIAUerNu-1.jpg",620,413,false],"thumbnail":["https:\/\/arantv.az\/wp-content\/uploads\/2022\/02\/E1myFYBXIAUerNu-1-500x280.jpg",500,280,true],"medium":["https:\/\/arantv.az\/wp-content\/uploads\/2022\/02\/E1myFYBXIAUerNu-1-548x365.jpg",548,365,true],"large":["https:\/\/arantv.az\/wp-content\/uploads\/2022\/02\/E1myFYBXIAUerNu-1.jpg",620,413,false],"1536x1536":["https:\/\/arantv.az\/wp-content\/uploads\/2022\/02\/E1myFYBXIAUerNu-1.jpg",620,413,false],"2048x2048":["https:\/\/arantv.az\/wp-content\/uploads\/2022\/02\/E1myFYBXIAUerNu-1.jpg",620,413,false],"post-thumbnail":["https:\/\/arantv.az\/wp-content\/uploads\/2022\/02\/E1myFYBXIAUerNu-1-240x172.jpg",240,172,true],"advps-thumb-one":["https:\/\/arantv.az\/wp-content\/uploads\/2022\/02\/E1myFYBXIAUerNu-1.jpg",620,413,false]},"rttpg_author":{"display_name":"V\u00fcsal Rafiqo\u011flu","author_link":"https:\/\/arantv.az\/?author=2"},"rttpg_comment":0,"rttpg_category":"<a href=\"https:\/\/arantv.az\/?cat=4\" rel=\"category\">Siyas\u0259t<\/a>","rttpg_excerpt":"\u201cQara d\u0259niz qon\u015fular\u0131m\u0131z Rusiya v\u0259 Ukraynan\u0131n tezlikl\u0259 m\u00fczakir\u0259 masas\u0131na qay\u0131tmalar\u0131na\u00a0\u00fcmid edirik\u201d. \u201cHaber Global\u201d\u0131n m\u0259lumat\u0131na g\u00f6r\u0259, bu s\u00f6zl\u0259ri T\u00fcrkiy\u0259 Prezidenti R\u0259c\u0259b Tayyib \u018frdo\u011fan Afrika turundan qay\u0131dark\u0259n t\u0259yyar\u0259d\u0259 jurnalistl\u0259r\u0259 a\u00e7\u0131qlamas\u0131nda deyib. T\u00fcrkiy\u0259 lideri jurnalistl\u0259rin Ankaran\u0131n t\u0259r\u0259fl\u0259rl\u0259 ba\u011fl\u0131 m\u00f6vqeyi haqq\u0131nda sual\u0131na bu c\u00fcr cavab verib: \u201c\u0130kisind\u0259n d\u0259 imtina etm\u0259yimiz m\u00fcmk\u00fcn deyil. Rusiya il\u0259 ist\u0259r siyasi, ist\u0259rs\u0259 d\u0259 iqtisadi&hellip;","_links":{"self":[{"href":"https:\/\/arantv.az\/index.php?rest_route=\/wp\/v2\/posts\/442949"}],"collection":[{"href":"https:\/\/arantv.az\/index.php?rest_route=\/wp\/v2\/posts"}],"about":[{"href":"https:\/\/arantv.az\/index.php?rest_route=\/wp\/v2\/types\/post"}],"author":[{"embeddable":true,"href":"https:\/\/arantv.az\/index.php?rest_route=\/wp\/v2\/users\/2"}],"replies":[{"embeddable":true,"href":"https:\/\/arantv.az\/index.php?rest_route=%2Fwp%2Fv2%2Fcomments&post=442949"}],"version-history":[{"count":0,"href":"https:\/\/arantv.az\/index.php?rest_route=\/wp\/v2\/posts\/442949\/revisions"}],"wp:featuredmedia":[{"embeddable":true,"href":"https:\/\/arantv.az\/index.php?rest_route=\/wp\/v2\/media\/442952"}],"wp:attachment":[{"href":"https:\/\/arantv.az\/index.php?rest_route=%2Fwp%2Fv2%2Fmedia&parent=442949"}],"wp:term":[{"taxonomy":"category","embeddable":true,"href":"https:\/\/arantv.az\/index.php?rest_route=%2Fwp%2Fv2%2Fcategories&post=442949"},{"taxonomy":"post_tag","embeddable":true,"href":"https:\/\/arantv.az\/index.php?rest_route=%2Fwp%2Fv2%2Ftags&post=442949"}],"curies":[{"name":"wp","href":"https:\/\/api.w.org\/{rel}","templated":true}]}}