{"id":442971,"date":"2022-02-23T15:27:24","date_gmt":"2022-02-23T12:27:24","guid":{"rendered":"http:\/\/arantv.az\/?p=442971"},"modified":"2022-02-23T15:27:24","modified_gmt":"2022-02-23T12:27:24","slug":"rusiya-az%c9%99rbaycan-munasib%c9%99tl%c9%99rinin-yaxinlasmasina-qisqancliqla-yanasanlar","status":"publish","type":"post","link":"https:\/\/arantv.az\/?p=442971","title":{"rendered":"Rusiya &#8211; Az\u0259rbaycan m\u00fcnasib\u0259tl\u0259rinin yax\u0131nla\u015fmas\u0131na q\u0131sqancl\u0131qla yana\u015fanlar&#8230;."},"content":{"rendered":"<p>Ham\u0131m\u0131z\u0131n \u0259traf\u0131nda m\u00fctl\u0259q el\u0259 insanlar vard\u0131r ki, sad\u0259c\u0259 dan\u0131\u015fmaq namin\u0259 dan\u0131\u015f\u0131r, s\u0259s olsun dey\u0259 n\u0259 is\u0259 deyir. \u0130nan\u0131n, bir \u00e7ox halda he\u00e7 mahiyy\u0259tin\u0259 varm\u0131rlar ki, n\u0259 \u00fc\u00e7\u00fcn v\u0259\u00a0niy\u0259 dan\u0131\u015f\u0131rlar. Sad\u0259c\u0259 dan\u0131\u015f\u0131rlar. \u00d6z\u00fc d\u0259 bel\u0259 insanlar \u00fc\u00e7\u00fcn m\u00f6vzunun da he\u00e7 bir \u0259h\u0259miyy\u0259ti yoxdur. H\u0259r m\u00f6vzuda &#8220;d\u0259rin d\u00fc\u015f\u00fcnc\u0259&#8221;y\u0259 malik olan bu adamlar\u0131n yeni m\u00f6vzusu Az\u0259rbaycan Respublikas\u0131 v\u0259 Rusiya Federasiyas\u0131 aras\u0131nda qar\u015f\u0131l\u0131ql\u0131 m\u00fctt\u0259fiqlik f\u0259aliyy\u0259ti haqq\u0131nda\u201d B\u0259yannam\u0259dir. 40 madd\u0259d\u0259n \u00e7ox m\u0259s\u0259l\u0259ni \u00f6z\u00fcnd\u0259 ehtiva ed\u0259n b\u0259yanam\u0259nin he\u00e7 be\u015f madd\u0259sini ard\u0131c\u0131l oxumad\u0131qlar\u0131 halda politoloq olan kim, siyasi \u015f\u0259rh ver\u0259n kimi, \u00f6z\u00fcn\u00fc diplomat kimi aparan kim. X\u00fcsusiil\u0259 Q\u0259rbi Avropada v\u0259 AB\u015e-da ya\u015fayan m\u00fcxt\u0259lif s\u0259b\u0259bl\u0259rd\u0259n \u00f6lk\u0259sind\u0259n \u00fcz \u00e7evirmi\u015f adamlar v\u0259 \u00f6lk\u0259 daxilind\u0259 \u00f6z siyasi karyeralar\u0131n\u0131 meydan t\u0259f\u0259kk\u00fcr\u00fcn\u0259 qurban vermi\u015fl\u0259r Rusiya \u2013 Az\u0259rbaycan m\u00fcnasib\u0259tl\u0259rinin yax\u0131nla\u015fmas\u0131na q\u0131sqancl\u0131qla yana\u015f\u0131rlar. M\u0259qs\u0259d ayd\u0131nd\u0131r. Az\u0259rbaycan bu yax\u0131nla\u015fmadan ciddi dividentl\u0259r \u0259ld\u0259 ed\u0259c\u0259k, onlar\u0131 maliyy\u0259l\u0259\u015fd\u0259r\u0259n \u00f6lk\u0259l\u0259r is\u0259 k\u0259narda qalacaqlar.<\/p>\n<p>Rusiya il\u0259 Az\u0259rbaycan\u0131n yax\u0131nla\u015fmas\u0131 v\u0259 daha da isti m\u00fcnasib\u0259tl\u0259r yaratmas\u0131 regionda yaln\u0131z Rusiyan\u0131n g\u00fcc\u00fcn\u00fc art\u0131rmayacaq. Rusiya bu b\u0259yannam\u0259y\u0259 q\u0259d\u0259r d\u0259 g\u00fccl\u00fc d\u00f6vl\u0259t idi v\u0259 g\u00fccl\u00fc d\u00f6vl\u0259tdir. \u018fksin\u0259 Az\u0259rbaycan bu kimi ciddi s\u0259n\u0259dl\u0259rin imzalanmas\u0131 il\u0259 h\u0259r g\u00fcn bir az daha regional v\u0259 d\u00fcny\u0259vi aktora \u00e7evrilir. T\u00fcrkiy\u0259, Az\u0259rbaycan, Rusiya v\u0259 Erm\u0259nistan b\u00fct\u00fcn yollar\u0131, \u0259laq\u0259l\u0259ri acaraq yeni bazarlar\u0131n aktivl\u0259\u015fm\u0259sin\u0259 s\u0259b\u0259b olacaq. H\u0259r n\u0259 q\u0259d\u0259r ist\u0259m\u0259s\u0259l\u0259r d\u0259, qar\u015f\u0131 \u00e7\u0131xsalar da, bu halla bar\u0131\u015fmal\u0131d\u0131rlar.<\/p>\n<p>\u018flb\u0259tt\u0259, 40 madd\u0259d\u0259n art\u0131q tarixi s\u0259n\u0259di bir yaz\u0131da \u015f\u0259rh etm\u0259k niyy\u0259tind\u0259 deyil\u0259m. Lakin onu bildirim ki, s\u0259n\u0259d haz\u0131rlanark\u0259n beyn\u0259lxalq h\u00fcquq v\u0259 beyn\u0259lxalq siyas\u0259tin b\u00fct\u00fcn normalar\u0131 g\u00f6zl\u0259nilib. B\u0259yannam\u0259d\u0259 BMT Nizamnam\u0259sin\u0259, Helsinki Yekun akt\u0131na, beyn\u0259lxalq h\u00fcququn ham\u0131l\u0131qla q\u0259bul olunmu\u015f norma v\u0259 prinsipl\u0259rin\u0259 riay\u0259t olunmas\u0131n\u0131n vacibliyi vur\u011fulan\u0131r. Beyn\u0259lxalq s\u00fclh\u00fcn v\u0259 t\u0259hl\u00fck\u0259sizliyin qorunmas\u0131nda BMT-nin apar\u0131c\u0131 rolu qabard\u0131l\u0131r. Az\u0259rbaycan b\u00fct\u00fcn qar\u015f\u0131l\u0131ql\u0131 m\u00fcnasib\u0259tl\u0259rind\u0259 beyn\u0259lxalq h\u00fcquq normalar\u0131n\u0131 \u00f6n plana \u00e7\u0259kdiyi kimi bu d\u0259f\u0259 d\u0259 eyni prizmadan yana\u015f\u0131r.<\/p>\n<p>D\u0259f\u0259l\u0259rl\u0259 h\u0259yata ke\u00e7irdiyimiz layih\u0259l\u0259rd\u0259 g\u00f6st\u0259mi\u015fik ki, Az\u0259rbaycan \u00f6z milli maraqlar\u0131na uy\u011fun \u00e7ox\u015fah\u0259li m\u00fcst\u0259qil xarici siyas\u0259t y\u00fcr\u00fcd\u00fcr. Ulu \u00d6nd\u0259r Heyd\u0259r \u018fliyevin hakimiyy\u0259t\u0259 g\u0259lm\u0259sind\u0259n sonra balansla\u015fd\u0131r\u0131lm\u0131\u015f siyas\u0259t n\u0259tic\u0259sind\u0259 biz \u00f6z m\u00fcst\u0259qilliyimizi qoruyub saxlam\u0131\u015f\u0131q, \u0259razi b\u00fct\u00f6vl\u00fcy\u00fcm\u00fcz t\u0259min etmi\u015fik. M\u00fcst\u0259qilliyimizi itirm\u0259k t\u0259hl\u00fck\u0259sind\u0259 oldu\u011fumuzu o g\u00fcnl\u0259ri kims\u0259 unutmamal\u0131d\u0131r.<\/p>\n<p>Rusiya bizim \u0259z\u0259li v\u0259 \u0259b\u0259di qon\u015fumuzdur. V\u0259t\u0259n m\u0259nzil deyil ki, k\u00f6\u00e7\u00fcb ba\u015fqa qon\u015fularla ya\u015fayasan. M\u0259hz bu s\u0259b\u0259bd\u0259n regionumuzda yeni reall\u0131qlar yaradaraq s\u00fclh, \u0259m\u0259kda\u015fl\u0131q v\u0259 qar\u015f\u0131l\u0131ql\u0131 faydal\u0131 \u0259laq\u0259l\u0259r qurma\u011fa \u00e7al\u0131\u015f\u0131r\u0131q.<\/p>\n<p>Regionda yeni reall\u0131qlar f\u00f6vq\u00fcnd\u0259 \u00fc\u00e7 d\u00f6vl\u0259t, \u0259sas aktor vard\u0131r ki, onlar\u0131n qar\u015f\u0131l\u0131ql\u0131 f\u0259aliyy\u0259ti b\u00f6y\u00fck \u0259h\u0259miyy\u0259t k\u0259sb edir. Az\u0259rbaycan m\u00fcharib\u0259d\u0259n d\u0259rhal sonra T\u00fcrkiy\u0259 il\u0259 \u201c\u015eu\u015fa B\u0259yannam\u0259sini\u201d imzalad\u0131. \u0130ndi is\u0259 Rusiya il\u0259 m\u00fct\u0259ffiqlik akt\u0131n\u0131 imzalamaqla m\u00fcnasib\u0259tl\u0259rimizin yeni m\u0259rh\u0259l\u0259sin\u0259 q\u0259d\u0259m qoyduq. M\u0259n \u00e7ox ist\u0259rdim ki, oxucular regionda, \u015e\u0259rqi Avropada ba\u015f ver\u0259n hadis\u0259l\u0259ri diqq\u0259tl\u0259 izl\u0259sinl\u0259r. \u018flb\u0259tt\u0259, bizim \u00f6z siyasi x\u0259ttimiz var. Ukrayna il\u0259 ba\u011fl\u0131 \u00f6z m\u00f6vqeyimiz var v\u0259 bu d\u0259yi\u015film\u0259zdir. H\u0259tta Az\u0259rbaycan Prezidenti c\u0259nab \u0130lham \u018fliyevin \u0259n qaynar fazada Kiyev s\u0259f\u0259ri d\u0259 g\u0259l\u0259c\u0259kd\u0259 g\u0259rginl\u0259\u015f\u0259c\u0259k h\u0259r hans\u0131 bir v\u0259ziyy\u0259td\u0259 s\u00fclhyaratma f\u0259aliyy\u0259ti il\u0259 m\u0259\u015f\u011ful ola bil\u0259c\u0259yimiz\u0259 i\u015far\u0259 idi. Lakin bu m\u00fcqavil\u0259nin he\u00e7 bir dig\u0259r amill\u0259 \u0259laq\u0259si yoxdur. Ona qalsa Rusiya-G\u00fcrc\u00fcstan m\u00fcnasib\u0259tl\u0259ri b\u0259llidir. Biz is\u0259 G\u00fcrc\u00fcstanla m\u00fct\u0259ffiqliy\u0259 davam edirik. Rusiya il\u0259 m\u00fcnasib\u0259tl\u0259r G\u00fcrc\u00fcstan-Az\u0259rbaycan \u0259laq\u0259l\u0259rin\u0259 x\u0259l\u0259l g\u0259tirm\u0259yib. Nec\u0259 ki, imzalanan B\u0259yanat da Ukrayna-Az\u0259rbaycan \u0259laq\u0259l\u0259rin\u0259 x\u0259l\u0259l g\u0259tirm\u0259y\u0259c\u0259k. Biz indiki m\u0259qamda h\u0259r \u015feyd\u0259n \u00e7ox, h\u0259r \u015feyd\u0259n qabaq milli maraqlar\u0131m\u0131za s\u00f6yk\u0259n\u0259n siyas\u0259t y\u00fcr\u00fctm\u0259liyik.<\/p>\n<p>M\u0259n Rusiyan\u0131n z\u0259ifl\u0259m\u0259si v\u0259 yaxud da \u00f6z\u00fcn\u0259 m\u00fctt\u0259fiq axtarmas\u0131 fikri il\u0259 d\u0259 raz\u0131 deyil\u0259m. Hadis\u0259l\u0259r s\u00fcbut edir ki, \u0259ksin\u0259 Rusiya b\u00f6y\u00fck bir \u201cQ\u0259rb c\u0259bh\u0259sini\u201d real fakt qar\u015f\u0131s\u0131nda qoya bilmi\u015fdir. Siyas\u0259t m\u00fctl\u0259q elm deyildir. H\u0259r k\u0259s \u00f6z\u00fcn\u00fc haql\u0131 yaxud da qar\u015f\u0131 t\u0259r\u0259fi haqs\u0131z hesab ed\u0259 bil\u0259r. Rusiya s\u0259rh\u0259dl\u0259rind\u0259 ona qar\u015f\u0131 \u00e7evirilmi\u015f h\u0259r hans\u0131 t\u0259hl\u00fck\u0259ni ist\u0259m\u0259y\u0259 bil\u0259r. Bu, onun haqq\u0131d\u0131r. Ukrayna da \u00f6z\u00fcn\u00fc qorumaq \u00fc\u00e7\u00fcn NATO-ya s\u0131\u011f\u0131na bil\u0259r. Bu da, onun haqq\u0131d\u0131r. Bizim Rusiya il\u0259 m\u00fcnasib\u0259tl\u0259rimiz he\u00e7 bir ba\u015fqa d\u00f6vl\u0259t\u0259 v\u0259 yaxud da birliy\u0259, t\u0259\u015fkilata qar\u015f\u0131 deyildir. Az\u0259rbaycan Qo\u015fulmama H\u0259r\u0259kat\u0131na s\u0259drlik ed\u0259n bir \u00f6lk\u0259 kimi ikili \u0259m\u0259kda\u015fl\u0131qlara daha \u00e7ox \u00fcst\u00fcnl\u00fck verm\u0259kd\u0259dir. Az\u0259rbaycan m\u0259hz h\u0259r hans\u0131 ittifaq\u0131 n\u0259z\u0259rd\u0259 tutan inteqrasiya prosesl\u0259rin\u0259 qo\u015fulmad\u0131\u011f\u0131na g\u00f6r\u0259 Rusiya il\u0259 ikit\u0259r\u0259fli s\u0259n\u0259d imzalan\u0131r. Avropa \u0130itifaq\u0131 il\u0259 m\u00fcnasib\u0259tl\u0259rd\u0259 d\u0259 eyni v\u0259ziyy\u0259ti m\u00fc\u015fahid\u0259 edirik. Az\u0259rbaycan \u201c\u015e\u0259rq t\u0259r\u0259fda\u015fl\u0131\u011f\u0131\u201d proqram\u0131na deyil, ikit\u0259r\u0259fli sazi\u015fin ba\u011flanmas\u0131na \u00fcst\u00fcnl\u00fck verdi.<\/p>\n<p>S\u00fclhm\u0259raml\u0131lar v\u0259 onlar\u0131n f\u0259aliyy\u0259ti Rusiya il\u0259 Az\u0259rbaycan aras\u0131nda m\u00fcnasib\u0259tl\u0259rin inki\u015faf\u0131nda tam yeni bir s\u0259hif\u0259dir. S\u00fclhm\u0259raml\u0131lar\u0131n n\u0259zar\u0259ti alt\u0131nda olan \u0259razil\u0259rd\u0259 30 il m\u00fcharib\u0259 \u015f\u0259raitind\u0259 ya\u015fayan iki xalq\u0131n m\u00fcnasib\u0259tl\u0259rinin k\u0259skinliyini n\u0259z\u0259r\u0259 alsaq dem\u0259liy\u0259m ki, ba\u015f ver\u0259n hadis\u0259l\u0259ri ciddi, narahat edici adland\u0131rmaq olmaz. \u0130nsanlar\u0131 narahat ed\u0259n bir m\u0259qam da ondan ibar\u0259tdir ki, bu yeni b\u0259yanat rus s\u00fclhm\u0259raml\u0131lar\u0131n\u0131n \u00f6lk\u0259mizd\u0259 qalma m\u00fcdd\u0259tini art\u0131rarm\u0131? H\u0259tta b\u0259zi a\u011fz\u0131 g\u00f6y\u00e7\u0259kl\u0259r bu m\u0259qamdan t\u0259\u0259ss\u00fcf ki, s\u00fci-istifad\u0259 d\u0259 edirl\u0259r. C\u0259miyy\u0259ti \u00e7a\u015fd\u0131rma\u011fa \u00e7al\u0131\u015f\u0131rlar. Qeyd edilm\u0259liy\u0259m ki, s\u00fclhm\u0259raml\u0131larla ba\u011fl\u0131 m\u0259s\u0259l\u0259l\u0259r Rusiya-Az\u0259rbaycan m\u00fctt\u0259fiqlik akt\u0131nda qeyd olunmay\u0131b. Az\u0259rbaycan Respublikas\u0131n\u0131n Prezidenti, Erm\u0259nistan Respublikas\u0131n\u0131n Ba\u015f naziri v\u0259 Rusiya Federasiyas\u0131n\u0131n Prezidentinin 9-10 noyabr 2020-ci il tarixli b\u0259yanat\u0131 m\u0259hz bununla ba\u011fl\u0131d\u0131r. 11 yanvar 2021-ci il tarixli v\u0259 26 noyabr 2021-ci il tarixli b\u0259yanatlar\u0131n\u0131n m\u00fcdd\u0259alar\u0131 da bu m\u0259s\u0259l\u0259nin h\u0259yata ke\u00e7irilm\u0259sin\u0259 y\u00f6n\u0259lib. Rusiya il\u0259 m\u00fcnasib\u0259tl\u0259rin d\u0259rinl\u0259\u015fm\u0259si is\u0259 s\u00fclhyaratma s\u0259yl\u0259rin\u0259 bundan sonra da h\u0259r c\u00fcr d\u0259st\u0259k verilm\u0259sin\u0259 k\u00f6m\u0259k ed\u0259c\u0259kdir.<\/p>\n<p>B\u0259zi m\u0259s\u0259l\u0259l\u0259rd\u0259n hali olmayanlara, yalan\u00e7\u0131 internet kanallar\u0131ndansa T\u00fcrkiy\u0259 m\u0259tbuat\u0131n\u0131 izl\u0259m\u0259yi m\u0259sl\u0259h\u0259t g\u00f6r\u00fcr\u0259m. Yanl\u0131\u015fl\u0131\u011fa qap\u0131l\u0131b \u201c\u015eu\u015fa B\u0259yannam\u0259si\u201d il\u0259 \u201cMoskva B\u0259yannam\u0259l\u0259rini eynil\u0259\u015fdir\u0259nl\u0259r, ziddiyy\u0259t t\u0259\u015fkil edir, onu k\u00f6lg\u0259d\u0259 qoyur, Az\u0259rbaycan T\u00fcrkiy\u0259 il\u0259 \u0259vv\u0259lki m\u00fcnasib\u0259tl\u0259rind\u0259n geri \u00e7\u0259kilir dey\u0259nl\u0259r ya m\u0259lumats\u0131z, v\u0259 yaxud da q\u0259r\u0259zli adamlard\u0131r. Bel\u0259 ki, T\u00fcrkiy\u0259 m\u0259tbuat\u0131nda yay\u0131lan m\u0259lumatlar bir daha t\u0259sdiq edir ki, \u201cMoskva B\u0259yannam\u0259si\u201d m\u0259hz T\u00fcrkiy\u0259nin\u00a0m\u0259lumat\u0131 daxilind\u0259 haz\u0131rlanm\u0131\u015fd\u0131r. Y\u0259ni, b\u0259dxahlar\u0131n bu iddialar\u0131 da \u00f6z\u00fcn\u00fc do\u011frultmad\u0131. M\u0259lumat \u00fc\u00e7\u00fcn deyim ki, \u201c\u015eu\u015fa B\u0259yannam\u0259si\u201d il\u0259 \u201cMoskva B\u0259yannam\u0259si\u201d aras\u0131nda \u00e7ox ciddi f\u0259rql\u0259r vard\u0131r. \u201c\u015eu\u015fa B\u0259yannam\u0259si\u201d \u201cAz\u0259rbaycan Respublikas\u0131 il\u0259 T\u00fcrkiy\u0259 Reaspublikas\u0131 aras\u0131nda m\u00fctt\u0259fiqlik m\u00fcnasib\u0259tl\u0259ri haqq\u0131nda\u201d B\u0259yannam\u0259, dig\u0259ri is\u0259 \u201cAz\u0259rbaycan Respublikas\u0131 il\u0259 Rusiya Federasiyas\u0131 aras\u0131nda qar\u015f\u0131l\u0131ql\u0131 m\u00fctt\u0259fiqlik f\u0259aliyy\u0259ti haqqq\u0131nda\u201d b\u0259yannam\u0259dir. T\u00fcrkiy\u0259 il\u0259 biz xarici siyas\u0259ti kordinasiyal\u0131 \u015f\u0259kild\u0259 h\u0259yata ke\u00e7irik. Rusiya il\u0259 is\u0259 bizl\u0259r m\u00fcst\u0259qil xarici siyas\u0259t h\u0259yata ke\u00e7ir\u0259n beyn\u0259lxalq m\u00fcnasib\u0259tl\u0259rin ayr\u0131-ayr\u0131 aktorlar\u0131y\u0131q. Eyni zamanda da Az\u0259rbaycan v\u0259 T\u00fcrkiy\u0259 bir birin\u0259 h\u0259rbi yard\u0131m da daxil olmaqla yard\u0131m g\u00f6st\u0259rirl\u0259r. Rusiya il\u0259 imzalanm\u0131\u015f b\u0259yannam\u0259d\u0259 is\u0259 bu m\u0259qamlar yer almam\u0131\u015fd\u0131r.<\/p>\n<p>\u201cMoskva B\u0259y\u0259nnam\u0259si\u201d iki d\u00f6vl\u0259t aras\u0131nda ciddi sah\u0259l\u0259ri \u0259hat\u0259 etm\u0259kd\u0259dir. Lakin \u0259n \u0259sas m\u0259qamlardan biri d\u0259 beyn\u0259lxalq terror\u00e7uluq, ekstremizm, separat\u00e7\u0131l\u0131q, transmilli m\u00fct\u0259\u015f\u0259kkil cinay\u0259tkarl\u0131q v\u0259 dig\u0259r bu tipli t\u0259hdidl\u0259rin qar\u015f\u0131s\u0131n\u0131n al\u0131nmas\u0131 \u00fc\u00e7\u00fcn s\u0259yl\u0259rin birl\u0259\u015fdirilm\u0259sidir. Uzun\u00a0ill\u0259r \u00f6z \u0259razil\u0259rind\u0259 terror v\u0259 separatizmd\u0259n \u0259ziyy\u0259t \u00e7\u0259kmi\u015f bir d\u00f6vl\u0259t olaraq bel\u0259 bir b\u0259ndin m\u00f6vcud oldu\u011fu b\u0259yanatdan niy\u0259 \u00e7\u0259kinm\u0259liyik? Bizim onsuz da n\u0259inki Rusiyan\u0131n he\u00e7 bir qon\u015fu d\u00f6vl\u0259timizin \u0259razisin\u0259 olunacaq h\u0259r hans\u0131 bir t\u0259hdid\u0259 icaz\u0259miz olmay\u0131b, ola da bilm\u0259z. D\u0259f\u0259l\u0259rl\u0259 d\u00f6vl\u0259t ba\u015f\u00e7\u0131s\u0131 bu m\u0259qam\u0131 istisna etmi\u015fdir. Biz yeni reall\u0131qlar f\u00f6vq\u00fcnd\u0259 t\u0259hdid v\u0259 t\u0259hl\u00fck\u0259nin azald\u0131\u011f\u0131 bir region v\u0259 d\u00fcnya arzulark\u0259n Rusiya \u00fc\u00e7\u00fcn t\u0259hl\u00fck\u0259 deyilik. Bu s\u0259n\u0259dl\u0259 qar\u015f\u0131 t\u0259r\u0259fd\u0259n d\u0259 bel\u0259 bir hal\u0131n ba\u015f verm\u0259y\u0259c\u0259yin\u0259 dair t\u0259minat alm\u0131\u015f olduq. Son d\u00fcnyada ba\u015f ver\u0259nl\u0259rin kontekstind\u0259 bu b\u0259yanat\u0131n n\u0259 q\u0259d\u0259r \u0259h\u0259miyy\u0259tli bir add\u0131m oldu\u011funu anlamaq el\u0259 d\u0259 \u00e7\u0259tin deyil.<\/p>\n<p>30 illik m\u00fcst\u0259qilliyimiz \u0259rzind\u0259 he\u00e7 bir halda m\u00fcst\u0259qiliyimizin itirilm\u0259sin\u0259 raz\u0131 olmam\u0131\u015f\u0131q. Bir qar\u0131\u015f torpa\u011f\u0131m\u0131zdan bel\u0259, vaz ke\u00e7m\u0259mi\u015fik. \u0130ndi qalib xalq\u0131n M\u00fcz\u0259ff\u0259r lideri Z\u0259f\u0259rimizi daha da m\u00f6hk\u0259ml\u0259ndirm\u0259k \u00fc\u00e7\u00fcn ciddi add\u0131mlar atmaqdad\u0131r. Son B\u0259yannam\u0259 d\u0259 Az\u0259rbaycan\u0131n m\u00fcst\u0259qil siyas\u0259tini t\u0259sbit edir, Rusiya bununla ba\u011fl\u0131 \u00fcz\u0259rin\u0259 \u00f6hd\u0259likl\u0259r g\u00f6t\u00fcr\u00fcr. Y\u0259ni, Az\u0259rbaycan \u201c\u015eu\u015fa b\u0259y\u0259nnam\u0259si\u201dnd\u0259n sonra ikinci bir s\u0259n\u0259dl\u0259 \u00f6z g\u0259l\u0259c\u0259k m\u00fcst\u0259qilliyini t\u0259minat alt\u0131na alm\u0131\u015f oldu. S\u0259n\u0259din mahiyy\u0259tin\u0259 \u0259sas\u0259n,\u00a0Az\u0259rbaycan \u0259lav\u0259 t\u0259minatlar almaqla daha da g\u00fccl\u0259nir.<\/p>\n<p><strong>\u018fnv\u0259r Haqverdiyev,<\/strong><\/p>\n<p><em>Siyasi \u015f\u0259rh\u00e7i<\/em><\/p>\n","protected":false},"excerpt":{"rendered":"<p>Ham\u0131m\u0131z\u0131n \u0259traf\u0131nda m\u00fctl\u0259q el\u0259 insanlar vard\u0131r ki, sad\u0259c\u0259 dan\u0131\u015fmaq namin\u0259 dan\u0131\u015f\u0131r, s\u0259s olsun dey\u0259 n\u0259 is\u0259 deyir. \u0130nan\u0131n, bir \u00e7ox halda he\u00e7 mahiyy\u0259tin\u0259 varm\u0131rlar ki, n\u0259 \u00fc\u00e7\u00fcn v\u0259\u00a0niy\u0259 dan\u0131\u015f\u0131rlar. Sad\u0259c\u0259 dan\u0131\u015f\u0131rlar. \u00d6z\u00fc d\u0259 bel\u0259 insanlar \u00fc\u00e7\u00fcn m\u00f6vzunun da he\u00e7 bir \u0259h\u0259miyy\u0259ti yoxdur. H\u0259r m\u00f6vzuda &#8220;d\u0259rin d\u00fc\u015f\u00fcnc\u0259&#8221;y\u0259 malik olan bu adamlar\u0131n yeni m\u00f6vzusu Az\u0259rbaycan Respublikas\u0131 v\u0259 Rusiya Federasiyas\u0131 aras\u0131nda qar\u015f\u0131l\u0131ql\u0131 m\u00fctt\u0259fiqlik f\u0259aliyy\u0259ti haqq\u0131nda\u201d B\u0259yannam\u0259dir. 40 madd\u0259d\u0259n \u00e7ox m\u0259s\u0259l\u0259ni \u00f6z\u00fcnd\u0259 ehtiva ed\u0259n b\u0259yanam\u0259nin he\u00e7 be\u015f madd\u0259sini ard\u0131c\u0131l oxumad\u0131qlar\u0131 halda politoloq olan kim, siyasi \u015f\u0259rh ver\u0259n kimi, \u00f6z\u00fcn\u00fc diplomat kimi aparan kim. X\u00fcsusiil\u0259&hellip;<\/p>\n","protected":false},"author":2,"featured_media":442972,"comment_status":"closed","ping_status":"closed","sticky":false,"template":"","format":"standard","meta":{"om_disable_all_campaigns":false,"_monsterinsights_skip_tracking":false,"_monsterinsights_sitenote_active":false,"_monsterinsights_sitenote_note":"","_monsterinsights_sitenote_category":0},"categories":[19],"tags":[],"aioseo_notices":[],"gutentor_comment":0,"rttpg_featured_image_url":{"full":["https:\/\/arantv.az\/wp-content\/uploads\/2022\/02\/0ffaca95164561630223757213810402911.jpg",975,540,false],"landscape":["https:\/\/arantv.az\/wp-content\/uploads\/2022\/02\/0ffaca95164561630223757213810402911.jpg",975,540,false],"portraits":["https:\/\/arantv.az\/wp-content\/uploads\/2022\/02\/0ffaca95164561630223757213810402911.jpg",975,540,false],"thumbnail":["https:\/\/arantv.az\/wp-content\/uploads\/2022\/02\/0ffaca95164561630223757213810402911-500x280.jpg",500,280,true],"medium":["https:\/\/arantv.az\/wp-content\/uploads\/2022\/02\/0ffaca95164561630223757213810402911-660x365.jpg",660,365,true],"large":["https:\/\/arantv.az\/wp-content\/uploads\/2022\/02\/0ffaca95164561630223757213810402911-840x465.jpg",640,354,true],"1536x1536":["https:\/\/arantv.az\/wp-content\/uploads\/2022\/02\/0ffaca95164561630223757213810402911.jpg",975,540,false],"2048x2048":["https:\/\/arantv.az\/wp-content\/uploads\/2022\/02\/0ffaca95164561630223757213810402911.jpg",975,540,false],"post-thumbnail":["https:\/\/arantv.az\/wp-content\/uploads\/2022\/02\/0ffaca95164561630223757213810402911-240x172.jpg",240,172,true],"advps-thumb-one":["https:\/\/arantv.az\/wp-content\/uploads\/2022\/02\/0ffaca95164561630223757213810402911.jpg",975,540,false]},"rttpg_author":{"display_name":"V\u00fcsal Rafiqo\u011flu","author_link":"https:\/\/arantv.az\/?author=2"},"rttpg_comment":0,"rttpg_category":"<a href=\"https:\/\/arantv.az\/?cat=19\" rel=\"category\">G\u00fcnd\u0259m<\/a>","rttpg_excerpt":"Ham\u0131m\u0131z\u0131n \u0259traf\u0131nda m\u00fctl\u0259q el\u0259 insanlar vard\u0131r ki, sad\u0259c\u0259 dan\u0131\u015fmaq namin\u0259 dan\u0131\u015f\u0131r, s\u0259s olsun dey\u0259 n\u0259 is\u0259 deyir. \u0130nan\u0131n, bir \u00e7ox halda he\u00e7 mahiyy\u0259tin\u0259 varm\u0131rlar ki, n\u0259 \u00fc\u00e7\u00fcn v\u0259\u00a0niy\u0259 dan\u0131\u015f\u0131rlar. Sad\u0259c\u0259 dan\u0131\u015f\u0131rlar. \u00d6z\u00fc d\u0259 bel\u0259 insanlar \u00fc\u00e7\u00fcn m\u00f6vzunun da he\u00e7 bir \u0259h\u0259miyy\u0259ti yoxdur. H\u0259r m\u00f6vzuda &#8220;d\u0259rin d\u00fc\u015f\u00fcnc\u0259&#8221;y\u0259 malik olan bu adamlar\u0131n yeni m\u00f6vzusu Az\u0259rbaycan Respublikas\u0131 v\u0259&hellip;","_links":{"self":[{"href":"https:\/\/arantv.az\/index.php?rest_route=\/wp\/v2\/posts\/442971"}],"collection":[{"href":"https:\/\/arantv.az\/index.php?rest_route=\/wp\/v2\/posts"}],"about":[{"href":"https:\/\/arantv.az\/index.php?rest_route=\/wp\/v2\/types\/post"}],"author":[{"embeddable":true,"href":"https:\/\/arantv.az\/index.php?rest_route=\/wp\/v2\/users\/2"}],"replies":[{"embeddable":true,"href":"https:\/\/arantv.az\/index.php?rest_route=%2Fwp%2Fv2%2Fcomments&post=442971"}],"version-history":[{"count":0,"href":"https:\/\/arantv.az\/index.php?rest_route=\/wp\/v2\/posts\/442971\/revisions"}],"wp:featuredmedia":[{"embeddable":true,"href":"https:\/\/arantv.az\/index.php?rest_route=\/wp\/v2\/media\/442972"}],"wp:attachment":[{"href":"https:\/\/arantv.az\/index.php?rest_route=%2Fwp%2Fv2%2Fmedia&parent=442971"}],"wp:term":[{"taxonomy":"category","embeddable":true,"href":"https:\/\/arantv.az\/index.php?rest_route=%2Fwp%2Fv2%2Fcategories&post=442971"},{"taxonomy":"post_tag","embeddable":true,"href":"https:\/\/arantv.az\/index.php?rest_route=%2Fwp%2Fv2%2Ftags&post=442971"}],"curies":[{"name":"wp","href":"https:\/\/api.w.org\/{rel}","templated":true}]}}