{"id":442986,"date":"2022-02-23T15:39:49","date_gmt":"2022-02-23T12:39:49","guid":{"rendered":"http:\/\/arantv.az\/?p=442986"},"modified":"2022-02-23T15:39:49","modified_gmt":"2022-02-23T12:39:49","slug":"h%c9%99min-o-sovet-ordusu-bizim-anamizi-agaladib-23-fevral-bar%c9%99d%c9%99-deputatdan-aciqlama","status":"publish","type":"post","link":"https:\/\/arantv.az\/?p=442986","title":{"rendered":"&#8220;H\u0259min o sovet ordusu bizim &#8220;anam\u0131z\u0131 a\u011falad\u0131b&#8221;&#8221;- 23 fevral bar\u0259d\u0259 deputatdan A\u00c7IQLAMA"},"content":{"rendered":"<p>Bu g\u00fcn \u00f6lk\u0259mizd\u0259 b\u0259zil\u0259ri 23 fevral\u0131 &#8220;ki\u015fil\u0259r bayram\u0131&#8221; kimi qeyd edirl\u0259r. Lakin bir \u00e7oxlar\u0131 bu g\u00fcn\u00fcn biziml\u0259 he\u00e7 bir \u0259laq\u0259si olmad\u0131\u011f\u0131n\u0131 vur\u011fulay\u0131rlar.<\/p>\n<p>M\u0259s\u0259l\u0259 il\u0259 ba\u011fl\u0131\u00a0<a title=\"en son xeberler 2021\" href=\"https:\/\/sonxeber.az\/\" target=\"_blank\" rel=\"noopener\">Sonxeber.az<\/a>-a deputat Aqil Abbas a\u00e7\u0131qlama verib.<\/p>\n<p>O, bu g\u00fcn\u00fc he\u00e7 sovet d\u00f6n\u0259mind\u0259 d\u0259 qeyd etm\u0259diyini bildirib:<\/p>\n<p>&#8220;Bu bayram\u0131n bizl\u0259r\u0259 aidiyy\u0259ti olmad\u0131\u011f\u0131na dair laz\u0131mi d\u0259lill\u0259r g\u0259tirils\u0259 d\u0259 ki, ki\u015fil\u0259ri t\u0259brik ed\u0259n, b\u0259yl\u0259rin\u0259 h\u0259diyy\u0259 alan xan\u0131mlar\u0131m\u0131z h\u0259l\u0259 d\u0259 az deyil.<\/p>\n<p>M\u0259n he\u00e7 vaxt 23 fevral\u0131 qeyd etm\u0259mi\u015f\u0259m. N\u0259 o vaxt, n\u0259 d\u0259 indi bu g\u00fcn\u00fc bayram bilm\u0259mi\u015f\u0259m. Deyirl\u0259r, g\u00fcya &#8220;ki\u015fil\u0259r bayram\u0131d\u0131r&#8221;, bu m\u00fcnasib\u0259tl\u0259 d\u0259 qad\u0131nlar b\u0259yl\u0259ri t\u0259brik edirl\u0259r.<\/p>\n<div class=\"AdviadNativeVideo\"><\/div>\n<p>Halbuki bu g\u00fcn \u0259slind\u0259 sovet ordusunun yaranmas\u0131 g\u00fcn\u00fcd\u00fcr. H\u0259min o sovet ordusu bizim &#8220;anam\u0131z\u0131 a\u011falad\u0131b&#8221;. O bayram\u0131 nec\u0259 qeyd ed\u0259k ax\u0131?!<\/p>\n<p>Xan\u0131mlar \u00f6z b\u0259yl\u0259ri \u00fc\u00e7\u00fcn h\u0259diyy\u0259 al\u0131rlar. Als\u0131nlar. N\u0259 dey\u0259 bil\u0259rik? Pullar\u0131 var, al\u0131rlar (g\u00fcl\u00fcr).<\/p>\n<p>Amma bir ordu ki, dinc \u0259haliy\u0259 z\u00fclm ed\u0259, ona g\u00f6r\u0259 n\u0259 bayram?! \u015e\u0259xs\u0259n m\u0259n he\u00e7 vaxt qeyd etm\u0259r\u0259m.<\/p>\n<p>Amma 9 may\u0131 qeyd edir\u0259m. \u00c7\u00fcnki o tarix b\u00f6y\u00fck bir m\u00fcharib\u0259nin bitdiyi g\u00fcnd\u00fcr. O m\u00fcharib\u0259d\u0259 400 min\u0259 yax\u0131n Az\u0259rbaycanl\u0131 \u015f\u0259hid olub. M\u0259nim polkovnik \u0259mim d\u0259 h\u0259min d\u00f6y\u00fc\u015fl\u0259rd\u0259 \u015f\u0259hid olanlardan biridir.<\/p>\n<p>\u00dcmumiyy\u0259tl\u0259, m\u00fcarib\u0259ninin bittiyi h\u0259r g\u00fcn bayramd\u0131r! \u00dcmid edir\u0259m, bir daha m\u00fcharib\u0259 ya\u015famar\u0131q!&#8221;<\/p>\n","protected":false},"excerpt":{"rendered":"<p>Bu g\u00fcn \u00f6lk\u0259mizd\u0259 b\u0259zil\u0259ri 23 fevral\u0131 &#8220;ki\u015fil\u0259r bayram\u0131&#8221; kimi qeyd edirl\u0259r. Lakin bir \u00e7oxlar\u0131 bu g\u00fcn\u00fcn biziml\u0259 he\u00e7 bir \u0259laq\u0259si olmad\u0131\u011f\u0131n\u0131 vur\u011fulay\u0131rlar. M\u0259s\u0259l\u0259 il\u0259 ba\u011fl\u0131\u00a0Sonxeber.az-a deputat Aqil Abbas a\u00e7\u0131qlama verib. O, bu g\u00fcn\u00fc he\u00e7 sovet d\u00f6n\u0259mind\u0259 d\u0259 qeyd etm\u0259diyini bildirib: &#8220;Bu bayram\u0131n bizl\u0259r\u0259 aidiyy\u0259ti olmad\u0131\u011f\u0131na dair laz\u0131mi d\u0259lill\u0259r g\u0259tirils\u0259 d\u0259 ki, ki\u015fil\u0259ri t\u0259brik ed\u0259n, b\u0259yl\u0259rin\u0259 h\u0259diyy\u0259 alan xan\u0131mlar\u0131m\u0131z h\u0259l\u0259 d\u0259 az deyil. M\u0259n he\u00e7 vaxt 23 fevral\u0131 qeyd etm\u0259mi\u015f\u0259m. N\u0259 o vaxt, n\u0259 d\u0259 indi bu g\u00fcn\u00fc bayram bilm\u0259mi\u015f\u0259m. Deyirl\u0259r, g\u00fcya &#8220;ki\u015fil\u0259r bayram\u0131d\u0131r&#8221;, bu m\u00fcnasib\u0259tl\u0259 d\u0259 qad\u0131nlar b\u0259yl\u0259ri t\u0259brik edirl\u0259r.&hellip;<\/p>\n","protected":false},"author":2,"featured_media":442987,"comment_status":"closed","ping_status":"closed","sticky":false,"template":"","format":"standard","meta":{"om_disable_all_campaigns":false,"_monsterinsights_skip_tracking":false,"_monsterinsights_sitenote_active":false,"_monsterinsights_sitenote_note":"","_monsterinsights_sitenote_category":0},"categories":[1],"tags":[],"aioseo_notices":[],"gutentor_comment":0,"rttpg_featured_image_url":{"full":["https:\/\/arantv.az\/wp-content\/uploads\/2022\/02\/qerenfil_11645619790.jpg",549,367,false],"landscape":["https:\/\/arantv.az\/wp-content\/uploads\/2022\/02\/qerenfil_11645619790.jpg",549,367,false],"portraits":["https:\/\/arantv.az\/wp-content\/uploads\/2022\/02\/qerenfil_11645619790.jpg",549,367,false],"thumbnail":["https:\/\/arantv.az\/wp-content\/uploads\/2022\/02\/qerenfil_11645619790-500x280.jpg",500,280,true],"medium":["https:\/\/arantv.az\/wp-content\/uploads\/2022\/02\/qerenfil_11645619790-546x365.jpg",546,365,true],"large":["https:\/\/arantv.az\/wp-content\/uploads\/2022\/02\/qerenfil_11645619790.jpg",549,367,false],"1536x1536":["https:\/\/arantv.az\/wp-content\/uploads\/2022\/02\/qerenfil_11645619790.jpg",549,367,false],"2048x2048":["https:\/\/arantv.az\/wp-content\/uploads\/2022\/02\/qerenfil_11645619790.jpg",549,367,false],"post-thumbnail":["https:\/\/arantv.az\/wp-content\/uploads\/2022\/02\/qerenfil_11645619790-240x172.jpg",240,172,true],"advps-thumb-one":["https:\/\/arantv.az\/wp-content\/uploads\/2022\/02\/qerenfil_11645619790.jpg",549,367,false]},"rttpg_author":{"display_name":"V\u00fcsal Rafiqo\u011flu","author_link":"https:\/\/arantv.az\/?author=2"},"rttpg_comment":0,"rttpg_category":"<a href=\"https:\/\/arantv.az\/?cat=1\" rel=\"category\">C\u0259miyy\u0259t<\/a>","rttpg_excerpt":"Bu g\u00fcn \u00f6lk\u0259mizd\u0259 b\u0259zil\u0259ri 23 fevral\u0131 &#8220;ki\u015fil\u0259r bayram\u0131&#8221; kimi qeyd edirl\u0259r. Lakin bir \u00e7oxlar\u0131 bu g\u00fcn\u00fcn biziml\u0259 he\u00e7 bir \u0259laq\u0259si olmad\u0131\u011f\u0131n\u0131 vur\u011fulay\u0131rlar. M\u0259s\u0259l\u0259 il\u0259 ba\u011fl\u0131\u00a0Sonxeber.az-a deputat Aqil Abbas a\u00e7\u0131qlama verib. O, bu g\u00fcn\u00fc he\u00e7 sovet d\u00f6n\u0259mind\u0259 d\u0259 qeyd etm\u0259diyini bildirib: &#8220;Bu bayram\u0131n bizl\u0259r\u0259 aidiyy\u0259ti olmad\u0131\u011f\u0131na dair laz\u0131mi d\u0259lill\u0259r g\u0259tirils\u0259 d\u0259 ki, ki\u015fil\u0259ri t\u0259brik ed\u0259n, b\u0259yl\u0259rin\u0259&hellip;","_links":{"self":[{"href":"https:\/\/arantv.az\/index.php?rest_route=\/wp\/v2\/posts\/442986"}],"collection":[{"href":"https:\/\/arantv.az\/index.php?rest_route=\/wp\/v2\/posts"}],"about":[{"href":"https:\/\/arantv.az\/index.php?rest_route=\/wp\/v2\/types\/post"}],"author":[{"embeddable":true,"href":"https:\/\/arantv.az\/index.php?rest_route=\/wp\/v2\/users\/2"}],"replies":[{"embeddable":true,"href":"https:\/\/arantv.az\/index.php?rest_route=%2Fwp%2Fv2%2Fcomments&post=442986"}],"version-history":[{"count":0,"href":"https:\/\/arantv.az\/index.php?rest_route=\/wp\/v2\/posts\/442986\/revisions"}],"wp:featuredmedia":[{"embeddable":true,"href":"https:\/\/arantv.az\/index.php?rest_route=\/wp\/v2\/media\/442987"}],"wp:attachment":[{"href":"https:\/\/arantv.az\/index.php?rest_route=%2Fwp%2Fv2%2Fmedia&parent=442986"}],"wp:term":[{"taxonomy":"category","embeddable":true,"href":"https:\/\/arantv.az\/index.php?rest_route=%2Fwp%2Fv2%2Fcategories&post=442986"},{"taxonomy":"post_tag","embeddable":true,"href":"https:\/\/arantv.az\/index.php?rest_route=%2Fwp%2Fv2%2Ftags&post=442986"}],"curies":[{"name":"wp","href":"https:\/\/api.w.org\/{rel}","templated":true}]}}