{"id":442989,"date":"2022-02-23T15:43:04","date_gmt":"2022-02-23T12:43:04","guid":{"rendered":"http:\/\/arantv.az\/?p=442989"},"modified":"2022-02-23T15:43:04","modified_gmt":"2022-02-23T12:43:04","slug":"putinin-ilham-%c9%99liyevin-imzasina-ehtiyaci-varsa-rusiyani-dosta-cevirm%c9%99k-qarabagda-isimiz%c9%99-yarayir","status":"publish","type":"post","link":"https:\/\/arantv.az\/?p=442989","title":{"rendered":"Putinin \u0130lham \u018fliyevin imzas\u0131na ehtiyac\u0131 varsa&#8230; Rusiyan\u0131 dosta \u00e7evirm\u0259k Qaraba\u011fda i\u015fimiz\u0259 yaray\u0131r"},"content":{"rendered":"<p><strong>D\u00fcnya, d\u00f6vl\u0259tl\u0259r qlobal m\u0259nada ba\u011flanm\u0131\u015f m\u00fcqavil\u0259l\u0259rl\u0259, b\u0259yannam\u0259l\u0259rl\u0259 yox, maraqlarla, reall\u0131qlarla idar\u0259 olunur. Maraqlar k\u0259si\u015fdikd\u0259 d\u00f6vl\u0259tl\u0259r aras\u0131nda imzalanan h\u0259r hans\u0131 s\u0259n\u0259d i\u015f\u0259 yaray\u0131r, \u0259ks t\u0259qdird\u0259, bir ka\u011f\u0131z par\u00e7as\u0131na \u00e7evrilir, arxivd\u0259 itib-bat\u0131r.<\/strong><\/p>\n<p>M\u0259s\u0259l\u0259n, \u015eu\u015fa B\u0259yannam\u0259sinin biziml\u0259 yana\u015f\u0131, T\u00fcrkiy\u0259 \u00fc\u00e7\u00fcn d\u0259 strateji \u00f6n\u0259mi var. Amma etiraf ed\u0259k ki, bu, daha \u00e7ox biz\u0259 laz\u0131md\u0131r. Ona g\u00f6r\u0259 d\u0259 ist\u0259nil\u0259n v\u0259ziyy\u0259td\u0259 o s\u0259n\u0259d\u0259 istinad edib, \u00f6z\u00fcm\u00fcz\u00fc qoruyaca\u011f\u0131q.<\/p>\n<p>Moskva B\u0259yannam\u0259si is\u0259 bizim \u00fc\u00e7\u00fcn formal xarakter da\u015f\u0131y\u0131r. O s\u0259b\u0259bd\u0259n bizim \u00fc\u00e7\u00fcn h\u0259yati \u00f6n\u0259mi yoxdur. Rusiyadan bu m\u0259rh\u0259l\u0259d\u0259 alaca\u011f\u0131m\u0131z\u0131 alaca\u011f\u0131q, ondan sonra h\u0259min s\u0259n\u0259di bir k\u00fcnc\u0259 ataca\u011f\u0131q. Ona g\u00f6r\u0259 d\u0259 Moskvada imzalanan m\u0259lum s\u0259n\u0259d\u0259 g\u00f6r\u0259 \u00e7ox h\u0259y\u0259canlanma\u011fa d\u0259ymir.<br \/>\nBMT-nin q\u0259tnam\u0259l\u0259rini yada salaq. Erm\u0259nistan o q\u0259tnam\u0259l\u0259ri 28 il he\u00e7\u0259 sayd\u0131. Ax\u0131rda \u015fanl\u0131 Ordumuz m\u0259s\u0259l\u0259ni \u00f6z\u00fc h\u0259ll etdi.<\/p>\n<p><img src=\"https:\/\/www.forumdaily.com\/wp-content\/uploads\/2022\/02\/shutterstock_2083145605-1.jpg\" alt=\"Putin &amp;#39;LNR&amp;#39; v\u0259 &amp;#39;DNR&amp;#39;-nin m\u00fcst\u0259qilliyini tan\u0131yan v\u0259 onlarla dostluq haqq\u0131nda  f\u0259rmanlar imzalad\u0131 - ForumDaily\" width=\"700\" \/><\/p>\n<p>Rusiyan\u0131n DNR v\u0259 LNR-i tan\u0131mas\u0131 da Ukraynan\u0131n inki\u015faf dinamikas\u0131n\u0131 \u0259ng\u0259ll\u0259m\u0259y\u0259c\u0259k. Olmasa, yax\u015f\u0131 idi, amma Ukrayna buna yas tutub, inki\u015fafdan qalmayacaq, \u0259tal\u0259t\u0259 girm\u0259y\u0259c\u0259k. Ona qalsa, Almaniya II D\u00fcnya m\u00fcharib\u0259sind\u0259n sonra iki yer\u0259 b\u00f6l\u00fcnm\u00fc\u015fd\u00fc. \u0130nki\u015fafdan qald\u0131m\u0131? Z\u0259ifl\u0259dimi? Xeyr! Zaman\u0131 g\u0259ldi, Berlin divar\u0131 y\u0131x\u0131ld\u0131, Almaniya birl\u0259\u015fdi, daha da g\u00fccl\u0259ndi v\u0259 b\u00f6y\u00fcd\u00fc.<\/p>\n<p>***<\/p>\n<p>T\u00fcrkiy\u0259 il\u0259 Az\u0259rbaycan\u0131n m\u00fcnasib\u0259tinin bu h\u0259dd\u0259 q\u0259d\u0259r inki\u015faf etdirilm\u0259si prezident \u0130lham \u018fliyevin siyasi karyeras\u0131n\u0131n \u0259n parlaq s\u0259hif\u0259l\u0259rind\u0259ndir. Erm\u0259nistanla s\u0259rh\u0259dl\u0259ri a\u00e7ma\u011fa, S\u00fcrix Protokollar\u0131n\u0131 imzalama\u011fa haz\u0131rla\u015fan bir \u00f6lk\u0259nin siyas\u0259tini 180 d\u0259r\u0259c\u0259 d\u0259yi\u015fib, Az\u0259rbaycanla h\u0259rbi-siyasi ittifaqa girm\u0259si uzun v\u0259 g\u0259rgin f\u0259aliyy\u0259tin, qar\u015f\u0131l\u0131ql\u0131 inam\u0131n, inand\u0131rma\u011f\u0131n b\u0259hr\u0259sidir. T\u00fcrkiy\u0259 Prezidenti R\u0259c\u0259b Tayyib \u018frdo\u011fan d\u00f6vl\u0259ti h\u00f6rg\u00fct n\u00fcmay\u0259nd\u0259l\u0259rind\u0259n, FET\u00d6 \u00e7etesind\u0259n t\u0259mizl\u0259dikd\u0259n sonra Az\u0259rbaycanla tam qarda\u015fl\u0131q b\u00fcsat\u0131 qura bildi. Yoxsa h\u00f6rm\u0259tli \u018frdo\u011fana Az\u0259rbaycanla ba\u011fl\u0131 do\u011fru-d\u00fczg\u00fcn siyas\u0259t aparma\u011fa imkan verilmirdi. PKK, FET\u00d6 agenturas\u0131 d\u00f6vl\u0259tin \u0259n \u00fcst s\u0259viyy\u0259sind\u0259 q\u0259rarla\u015fd\u0131r\u0131lm\u0131\u015fd\u0131. \u018fsas m\u0259qs\u0259d Az\u0259rbaycan\u0131 t\u0259k buraxmaq, pisikdirm\u0259k, z\u0259ifl\u0259tm\u0259k idi. Bu t\u0259limatlar Rusiyadan g\u0259lmirdi. Tam \u0259ks co\u011frafiyadan, demokratiya be\u015fiyi adland\u0131r\u0131lan qit\u0259l\u0259rd\u0259n, m\u0259rk\u0259zl\u0259rd\u0259n g\u0259lirdi.<\/p>\n<p><img src=\"https:\/\/apa.az\/storage\/news\/2022\/february\/23\/big\/62154761d5e1e62154761d5e1f164556169762154761d5e1a62154761d5e1c.jpg\" alt=\"Prezident \u0130lham \u018fliyev: &amp;quot;Az\u0259rbaycan dinc g\u0259l\u0259c\u0259k \u0259zmind\u0259dir, biz\u0259 m\u00fcharib\u0259  laz\u0131m deyil&amp;quot;\" width=\"700\" \/><\/p>\n<p>2013-c\u00fc ilin dekabr\u0131nda v\u0259 2016-c\u0131 ilin iyulunda ba\u015f ver\u0259nl\u0259r T\u00fcrkiy\u0259 C\u00fcmhuriyy\u0259ti \u00fc\u00e7\u00fcn s\u0131naq olmaqla yana\u015f\u0131, d\u00f6vl\u0259tin ba\u011f\u0131rsaqlar\u0131n\u0131 t\u0259mizl\u0259m\u0259si \u00fc\u00e7\u00fcn d\u0259 bir f\u00fcrs\u0259t yaratd\u0131. X\u00fcsusil\u0259 2016-c\u0131 ilin 16 iyulunda h\u0259rbi \u00e7evrili\u015f\u0259 u\u011fursuz c\u0259hdd\u0259n sonra R.T.\u018frdo\u011fan T\u00fcrk d\u00fcnyas\u0131na, x\u00fcsusil\u0259 Az\u0259rbaycana y\u00f6n\u0259lik siyas\u0259tind\u0259 qlobal d\u0259yi\u015fiklikl\u0259r etdi.<\/p>\n<p>\u0130ki qarda\u015f \u00f6lk\u0259 aras\u0131ndak\u0131 m\u00fcnasib\u0259tl\u0259r 2020-cild\u0259n ba\u015flayaraq tam f\u0259rqli m\u0259rh\u0259l\u0259y\u0259 adlad\u0131. \u201cBir mill\u0259t, bir d\u00f6vl\u0259t\u201d, \u201cBir mill\u0259t, bir ordu\u201d konsepsiyas\u0131 i\u015f\u0259 d\u00fc\u015fd\u00fc. \u018fvv\u0259ll\u0259r k\u00f6n\u00fcll\u0259r birl\u0259\u015fmi\u015fdi, indi siyasi v\u0259 h\u0259rbi g\u00fcc\u00fcm\u00fcz birl\u0259\u015fdi, ordular\u0131m\u0131z \u00e7iyin-\u00e7iyin\u0259 dayand\u0131. D\u00f6vl\u0259t s\u0259viyy\u0259sind\u0259, prezidentl\u0259r m\u0259qam\u0131nda sevincimiz, k\u0259d\u0259rimiz eyni oldu.<\/p>\n<p>Xalqlar bir-birini n\u0259 q\u0259d\u0259r sevs\u0259l\u0259r d\u0259, do\u011fma olsalar da, prezidentl\u0259r aras\u0131nda dostluq, qarda\u015fl\u0131q yaranmay\u0131nca bu sevgi \u00f6z h\u0259d\u0259fin\u0259 yeti\u015fmir.<\/p>\n<p><img src=\"https:\/\/konkret.az\/cloud\/uploads\/2021\/06\/muqavile.jpg\" alt=\"\u015eu\u015fa B\u0259yannam\u0259si\u201dnin tarixi \u0259h\u0259miyy\u0259ti - Qars M\u00fcqavil\u0259sin\u0259 istinad n\u0259  dem\u0259kdir? - A\u00c7IQLAMA | KONKRET\" width=\"700\" \/><\/p>\n<p>\u0130lham \u018fliyevl\u0259 R\u0259c\u0259b Tayyib \u018frdo\u011fan aras\u0131nda anla\u015fma Az\u0259rbaycan\u0131n g\u00fcc\u00fcn\u0259 g\u00fcc qatd\u0131. Bu amil 44 g\u00fcnl\u00fck V\u0259t\u0259n m\u00fcharib\u0259sind\u0259 \u00f6z s\u00f6z\u00fcn\u00fc dedi. Bundan sonra \u015eu\u015fa B\u0259yannam\u0259si imzaland\u0131. Art\u0131q T\u00fcrkiy\u0259 Respublikas\u0131 il\u0259 Az\u0259rbaycan Respublikas\u0131 aras\u0131nda h\u0259rbi-strateji m\u00fctt\u0259fiqlik geriy\u0259d\u00f6nm\u0259z hal al\u0131b, r\u0259smil\u0259\u015fib, d\u00f6vl\u0259t ba\u015f\u00e7\u0131lar\u0131n\u0131n imzalar\u0131 il\u0259 t\u0259sdiql\u0259nib.<\/p>\n<p>N\u00f6vb\u0259ti m\u0259rh\u0259l\u0259 Rusiya v\u0259 \u0130ranla m\u00fcnasib\u0259tl\u0259r\u0259 yenid\u0259n baxmaqd\u0131r. T\u00fcrkiy\u0259 n\u0259 q\u0259d\u0259r yan\u0131m\u0131zda olub arxam\u0131zda dayansa da, Rusiya v\u0259 \u0130ran amili h\u0259r zaman bizim \u00fc\u00e7\u00fcn \u00f6n\u0259mli v\u0259 h\u0259ssasd\u0131r. \u015eimal v\u0259 c\u0259nub qon\u015fular\u0131m\u0131zdan g\u0259l\u0259 bil\u0259c\u0259k h\u0259r hans\u0131 t\u0259hdidi, aqressiyan\u0131 \u00f6nl\u0259m\u0259k \u00fc\u00e7\u00fcn t\u0259kc\u0259 T\u00fcrkiy\u0259y\u0259 arxay\u0131n olmaq yanl\u0131\u015f hesablamad\u0131r. Bunun \u00fc\u00e7\u00fcn Az\u0259rbaycan \u00f6z\u00fc add\u0131mlar atmal\u0131, m\u00fcmk\u00fcn t\u0259hl\u00fck\u0259l\u0259rin qar\u015f\u0131s\u0131n\u0131 almal\u0131, d\u00f6vl\u0259tin v\u0259 mill\u0259tin t\u0259hl\u00fck\u0259sizliyini t\u0259min etm\u0259lidir.<\/p>\n<p>Rusiya il\u0259 s\u00f6z\u00fcn siyasi m\u0259nas\u0131nda dostla\u015fmaq he\u00e7 d\u0259 pis fikir say\u0131lmaz. \u018fsas h\u0259d\u0259fimiz d\u00fc\u015fm\u0259n ola bil\u0259c\u0259k q\u00fcvv\u0259l\u0259ri bel\u0259 dosta \u00e7evirib onlarla anla\u015fmaqd\u0131r. Yoxsa labirintd\u0259n \u00e7\u0131xmaq, probleml\u0259ri h\u0259ll etm\u0259k, \u00f6lk\u0259ni inki\u015fafa da\u015f\u0131maq m\u00fcmk\u00fcn olmayacaq. \u018fg\u0259r Erm\u0259nistanla anla\u015fmaq, s\u00fclh sazi\u015fi ba\u011flamaq ist\u0259yiriks\u0259, Rusiya il\u0259 d\u0259, \u0130ranla da normal m\u00fcnasib\u0259tl\u0259r sistemi qurmaqda t\u0259r\u0259dd\u00fcd etm\u0259m\u0259liyik.<\/p>\n<p>\u0130ctimaiyy\u0259t Rusiya il\u0259 yax\u0131nla\u015fmaqdan narahatd\u0131r. Bunun tarixi \u0259saslar\u0131 var. Xalq haqs\u0131z say\u0131lmaz. Lakin d\u00f6vl\u0259tl\u0259r aras\u0131nda m\u00fcnasib\u0259tl\u0259ri \u0259b\u0259di d\u00fc\u015fm\u0259n\u00e7ilik \u00fcz\u0259rind\u0259 davam etdirm\u0259kd\u0259n he\u00e7 bir xalq fayda g\u00f6t\u00fcrm\u00fcr.<\/p>\n<p>Prezident \u0130lham \u018fliyev T\u00fcrkiy\u0259 il\u0259 oldu\u011fu kimi Rusiya il\u0259 d\u0259 m\u00fcnasib\u0259tl\u0259ri normal m\u0259craya sald\u0131qdan sonra i\u015f\u011faldak\u0131 torpaqlar\u0131 geri qaytara bildi. Rusiya il\u0259 m\u00fcnaqi\u015f\u0259 v\u0259ziyy\u0259tind\u0259 olsayd\u0131q, 44 g\u00fcnl\u00fck m\u00fcharib\u0259d\u0259 q\u0259l\u0259b\u0259ni t\u0259min ed\u0259 bil\u0259rdikmi? Daha \u00e7ox itkil\u0259r ver\u0259rdik, n\u0259tic\u0259 is\u0259 bug\u00fcnk\u00fcnd\u0259n xeyli az olard\u0131.<\/p>\n<p><img src=\"https:\/\/sozcu.az\/wp-content\/uploads\/2022\/02\/ilham-putin.jpg\" alt=\"\u0130lham \u018fliyevl\u0259 Putinin imzalad\u0131\u011f\u0131 B\u0259yannam\u0259nin TAM M\u018fTN\u0130 - Sozcu.az\" width=\"700\" \/><\/p>\n<p>Haz\u0131rda Rusiya \u00f6z\u00fcn\u00fcn \u0259n a\u011f\u0131r d\u00f6n\u0259min\u0259 girib. Q\u0259rbd\u0259n ard-arda a\u011f\u0131r sanksiyalar v\u0259 z\u0259rb\u0259l\u0259r almaqdad\u0131r. Bu \u00f6lk\u0259nin ax\u0131r\u0131 nec\u0259 olacaq, bilinmir. \u0130ndilikd\u0259 m\u00f6vcuddur, var v\u0259 G\u00fcney Qafqazda prosesl\u0259r\u0259 ciddi t\u0259sir imkanlar\u0131n\u0131 \u00f6z\u00fcnd\u0259 saxlay\u0131r. Az\u0259rbaycan bu d\u00f6n\u0259md\u0259 z\u0259rg\u0259r d\u0259qiqliyi il\u0259 siyas\u0259t y\u00fcr\u00fcd\u00fcb, 10 noyabr 2020-ci ild\u0259n sonra Qaraba\u011fda yar\u0131m\u00e7\u0131q qalan prosesi tamamlamal\u0131d\u0131r. Bunun \u00fc\u00e7\u00fcn biz d\u0259 Moskvaya n\u0259s\u0259 verm\u0259liyik, yoxsa ist\u0259diyimizi ondan qoparmaq \u00e7\u0259tin olar. Bu a\u011f\u0131r d\u00f6n\u0259mind\u0259 Putini evind\u0259 ziyar\u0259t etm\u0259k, m\u00fcqavil\u0259 ba\u011flamaq onun k\u00f6nl\u00fcn\u00fc xo\u015f ed\u0259c\u0259k v\u0259 bu jesti unutmayacaq&#8230;<\/p>\n<p>Bu g\u00fcn Rusiyan\u0131n Az\u0259rbaycanla m\u00fcqavil\u0259 ba\u011flama\u011fa ehtiyac\u0131 varsa, \u0130lham \u018fliyevin imzas\u0131na m\u00f6htacd\u0131rsa, onu bundan niy\u0259 m\u0259hrum ed\u0259k?!<\/p>\n<p>Yaz\u0131n\u0131 \u0130sm\u0259t \u0130n\u00f6n\u00fcn\u00fcn m\u0259\u015fhur k\u0259lam\u0131 il\u0259 tamamlay\u0131ram: \u201cS\u0259nd\u0259n yana olanlara bir \u015fey verm\u0259s\u0259n, niy\u0259 s\u0259nd\u0259n yana olsunlar?!\u201d<\/p>\n<p><strong>Az\u0259r AYXAN,<\/strong><br \/>\n<strong>\u201cYeni M\u00fcsavat\u201d q\u0259zetinin ba\u015f redaktoru,<\/strong><br \/>\n<strong>\u018fm\u0259kdar jurnalist<\/strong><\/p>\n<p><strong><img src=\"https:\/\/cdn.musavat.com\/news\/video\/videolar%202019\/0794fa41-4e0e-41e9-9b75-1e14784beb62.jpg\" alt=\"\u018frdo\u011fan\u0131n sensasion Qaraba\u011f a\u00e7\u0131qlamas\u0131 \u2013 \u201cPutinl\u0259 raz\u0131la\u015fd\u0131q\u201d\" width=\"400\" \/><\/strong><\/p>\n","protected":false},"excerpt":{"rendered":"<p>D\u00fcnya, d\u00f6vl\u0259tl\u0259r qlobal m\u0259nada ba\u011flanm\u0131\u015f m\u00fcqavil\u0259l\u0259rl\u0259, b\u0259yannam\u0259l\u0259rl\u0259 yox, maraqlarla, reall\u0131qlarla idar\u0259 olunur. Maraqlar k\u0259si\u015fdikd\u0259 d\u00f6vl\u0259tl\u0259r aras\u0131nda imzalanan h\u0259r hans\u0131 s\u0259n\u0259d i\u015f\u0259 yaray\u0131r, \u0259ks t\u0259qdird\u0259, bir ka\u011f\u0131z par\u00e7as\u0131na \u00e7evrilir, arxivd\u0259 itib-bat\u0131r. M\u0259s\u0259l\u0259n, \u015eu\u015fa B\u0259yannam\u0259sinin biziml\u0259 yana\u015f\u0131, T\u00fcrkiy\u0259 \u00fc\u00e7\u00fcn d\u0259 strateji \u00f6n\u0259mi var. Amma etiraf ed\u0259k ki, bu, daha \u00e7ox biz\u0259 laz\u0131md\u0131r. Ona g\u00f6r\u0259 d\u0259 ist\u0259nil\u0259n v\u0259ziyy\u0259td\u0259 o s\u0259n\u0259d\u0259 istinad edib, \u00f6z\u00fcm\u00fcz\u00fc qoruyaca\u011f\u0131q. Moskva B\u0259yannam\u0259si is\u0259 bizim \u00fc\u00e7\u00fcn formal xarakter da\u015f\u0131y\u0131r. O s\u0259b\u0259bd\u0259n bizim \u00fc\u00e7\u00fcn h\u0259yati \u00f6n\u0259mi yoxdur. Rusiyadan bu m\u0259rh\u0259l\u0259d\u0259 alaca\u011f\u0131m\u0131z\u0131 alaca\u011f\u0131q, ondan sonra h\u0259min s\u0259n\u0259di bir k\u00fcnc\u0259 ataca\u011f\u0131q. Ona g\u00f6r\u0259&hellip;<\/p>\n","protected":false},"author":2,"featured_media":442990,"comment_status":"closed","ping_status":"closed","sticky":false,"template":"","format":"standard","meta":{"om_disable_all_campaigns":false,"_monsterinsights_skip_tracking":false,"_monsterinsights_sitenote_active":false,"_monsterinsights_sitenote_note":"","_monsterinsights_sitenote_category":0},"categories":[4],"tags":[],"aioseo_notices":[],"gutentor_comment":0,"rttpg_featured_image_url":{"full":["https:\/\/arantv.az\/wp-content\/uploads\/2022\/02\/f3176a7951534865ba6b9d79169bd397.jpg",450,255,false],"landscape":["https:\/\/arantv.az\/wp-content\/uploads\/2022\/02\/f3176a7951534865ba6b9d79169bd397.jpg",450,255,false],"portraits":["https:\/\/arantv.az\/wp-content\/uploads\/2022\/02\/f3176a7951534865ba6b9d79169bd397.jpg",450,255,false],"thumbnail":["https:\/\/arantv.az\/wp-content\/uploads\/2022\/02\/f3176a7951534865ba6b9d79169bd397.jpg",450,255,false],"medium":["https:\/\/arantv.az\/wp-content\/uploads\/2022\/02\/f3176a7951534865ba6b9d79169bd397.jpg",450,255,false],"large":["https:\/\/arantv.az\/wp-content\/uploads\/2022\/02\/f3176a7951534865ba6b9d79169bd397.jpg",450,255,false],"1536x1536":["https:\/\/arantv.az\/wp-content\/uploads\/2022\/02\/f3176a7951534865ba6b9d79169bd397.jpg",450,255,false],"2048x2048":["https:\/\/arantv.az\/wp-content\/uploads\/2022\/02\/f3176a7951534865ba6b9d79169bd397.jpg",450,255,false],"post-thumbnail":["https:\/\/arantv.az\/wp-content\/uploads\/2022\/02\/f3176a7951534865ba6b9d79169bd397-240x172.jpg",240,172,true],"advps-thumb-one":["https:\/\/arantv.az\/wp-content\/uploads\/2022\/02\/f3176a7951534865ba6b9d79169bd397.jpg",450,255,false]},"rttpg_author":{"display_name":"V\u00fcsal Rafiqo\u011flu","author_link":"https:\/\/arantv.az\/?author=2"},"rttpg_comment":0,"rttpg_category":"<a href=\"https:\/\/arantv.az\/?cat=4\" rel=\"category\">Siyas\u0259t<\/a>","rttpg_excerpt":"D\u00fcnya, d\u00f6vl\u0259tl\u0259r qlobal m\u0259nada ba\u011flanm\u0131\u015f m\u00fcqavil\u0259l\u0259rl\u0259, b\u0259yannam\u0259l\u0259rl\u0259 yox, maraqlarla, reall\u0131qlarla idar\u0259 olunur. Maraqlar k\u0259si\u015fdikd\u0259 d\u00f6vl\u0259tl\u0259r aras\u0131nda imzalanan h\u0259r hans\u0131 s\u0259n\u0259d i\u015f\u0259 yaray\u0131r, \u0259ks t\u0259qdird\u0259, bir ka\u011f\u0131z par\u00e7as\u0131na \u00e7evrilir, arxivd\u0259 itib-bat\u0131r. M\u0259s\u0259l\u0259n, \u015eu\u015fa B\u0259yannam\u0259sinin biziml\u0259 yana\u015f\u0131, T\u00fcrkiy\u0259 \u00fc\u00e7\u00fcn d\u0259 strateji \u00f6n\u0259mi var. Amma etiraf ed\u0259k ki, bu, daha \u00e7ox biz\u0259 laz\u0131md\u0131r. Ona g\u00f6r\u0259 d\u0259 ist\u0259nil\u0259n v\u0259ziyy\u0259td\u0259&hellip;","_links":{"self":[{"href":"https:\/\/arantv.az\/index.php?rest_route=\/wp\/v2\/posts\/442989"}],"collection":[{"href":"https:\/\/arantv.az\/index.php?rest_route=\/wp\/v2\/posts"}],"about":[{"href":"https:\/\/arantv.az\/index.php?rest_route=\/wp\/v2\/types\/post"}],"author":[{"embeddable":true,"href":"https:\/\/arantv.az\/index.php?rest_route=\/wp\/v2\/users\/2"}],"replies":[{"embeddable":true,"href":"https:\/\/arantv.az\/index.php?rest_route=%2Fwp%2Fv2%2Fcomments&post=442989"}],"version-history":[{"count":0,"href":"https:\/\/arantv.az\/index.php?rest_route=\/wp\/v2\/posts\/442989\/revisions"}],"wp:featuredmedia":[{"embeddable":true,"href":"https:\/\/arantv.az\/index.php?rest_route=\/wp\/v2\/media\/442990"}],"wp:attachment":[{"href":"https:\/\/arantv.az\/index.php?rest_route=%2Fwp%2Fv2%2Fmedia&parent=442989"}],"wp:term":[{"taxonomy":"category","embeddable":true,"href":"https:\/\/arantv.az\/index.php?rest_route=%2Fwp%2Fv2%2Fcategories&post=442989"},{"taxonomy":"post_tag","embeddable":true,"href":"https:\/\/arantv.az\/index.php?rest_route=%2Fwp%2Fv2%2Ftags&post=442989"}],"curies":[{"name":"wp","href":"https:\/\/api.w.org\/{rel}","templated":true}]}}