{"id":443037,"date":"2022-02-23T18:11:16","date_gmt":"2022-02-23T15:11:16","guid":{"rendered":"http:\/\/arantv.az\/?p=443037"},"modified":"2022-02-23T18:11:16","modified_gmt":"2022-02-23T15:11:16","slug":"monteneqroda-xocali-soyqirimi-il%c9%99-bagli-m%c9%99lumatlandirma-aksiyasi-t%c9%99skil-edilib-foto","status":"publish","type":"post","link":"https:\/\/arantv.az\/?p=443037","title":{"rendered":"Monteneqroda Xocal\u0131 soyq\u0131r\u0131m\u0131 il\u0259 ba\u011fl\u0131 m\u0259lumatland\u0131rma aksiyas\u0131 t\u0259\u015fkil edilib &#8211; FOTO"},"content":{"rendered":"<p>Monteneqronun paytaxt\u0131 Podqoritsa \u015f\u0259h\u0259rind\u0259 Xocal\u0131 soyq\u0131r\u0131m\u0131n\u0131n 30-cu ild\u00f6n\u00fcm\u00fc il\u0259 \u0259laq\u0259dar m\u0259lumatland\u0131rma aksiyas\u0131na start verilib.<\/p>\n<div class=\"AdviadNativeVideo\"><\/div>\n<p>Diasporla i\u015f \u00fczr\u0259 D\u00f6vl\u0259t Komit\u0259sinin d\u0259st\u0259yi v\u0259 Az\u0259rbaycan-Monteneqro M\u0259d\u0259ni v\u0259 \u0130qtisadi M\u0259rk\u0259zinin t\u0259\u015fkilat\u00e7\u0131l\u0131\u011f\u0131 il\u0259 paytaxt\u0131n izdihaml\u0131 m\u0259rk\u0259zi k\u00fc\u00e7\u0259l\u0259rind\u0259ki elektron l\u00f6vh\u0259l\u0259rd\u0259 Xocal\u0131 soyq\u0131r\u0131m\u0131 h\u0259qiq\u0259tl\u0259rini \u0259ks etdir\u0259n m\u0259lumat yerl\u0259\u015fdirilib. M\u0259lumatda Az\u0259rbaycana qar\u015f\u0131 t\u00f6r\u0259dilmi\u015f amans\u0131z soyq\u0131r\u0131mda 613 n\u0259f\u0259rin (aras\u0131nda 63 u\u015faq, 106 qad\u0131n, 70 qoca olmaqla) v\u0259h\u015fic\u0259sin\u0259 q\u0259tl\u0259 yetirildiyi, 8 ail\u0259nin tamamil\u0259 m\u0259hv edildiyi, 25 u\u015fa\u011f\u0131n h\u0259r iki valideynini itirdiyi, 130 u\u015fa\u011f\u0131n valideynl\u0259rind\u0259n birini itirdiyi, aras\u0131nda 76 u\u015faq olmaqla 487 n\u0259f\u0259rin yaraland\u0131\u011f\u0131, 1275 n\u0259f\u0259rin \u0259sir g\u00f6t\u00fcr\u00fcld\u00fcy\u00fc v\u0259 150 n\u0259f\u0259rin itkin d\u00fc\u015fd\u00fcy\u00fc n\u0259z\u0259r\u0259 \u00e7atd\u0131r\u0131l\u0131b. L\u00f6vh\u0259d\u0259\u00a0<a href=\"http:\/\/www.justiceforkhojaly.org\/\" target=\"_blank\" rel=\"noopener\">www.justiceforkhojaly.org<\/a>,\u00a0<a href=\"http:\/\/www.xocali.me\/\" target=\"_blank\" rel=\"noopener\">www.xocali.me<\/a>\u00a0v\u0259\u00a0<a href=\"http:\/\/www.khojaly.me\/\" target=\"_blank\" rel=\"noopener\">www.khojaly.me<\/a>\u00a0internet s\u0259hif\u0259l\u0259rin\u0259 ke\u00e7idl\u0259r g\u00f6st\u0259rilib.<\/p>\n<p>Heyd\u0259r \u018fliyev Fondunun vitse-prezidenti Leyla \u018fliyevan\u0131n t\u0259\u015f\u0259bb\u00fcs\u00fc il\u0259 2008-ci ild\u0259n ba\u015flam\u0131\u015f \u201cXocal\u0131ya \u0259dal\u0259t!\u201d beyn\u0259lxalq t\u0259bli\u011fat kampaniyas\u0131 \u00e7\u0259r\u00e7iv\u0259sind\u0259 ba\u015f tutan aksiya 1 mart 2022-ci il tarixin\u0259 q\u0259d\u0259r davam ed\u0259c\u0259k.<\/p>\n<p>&nbsp;<\/p>\n<div class=\"gallery\">\n<div class=\"gallery-i\"><img src=\"https:\/\/cdn.oxu.az\/uploads\/W1siZiIsIjIwMjIvMDIvMjMvMTgvMjAvNDYvMjFjZTg0OGEtMzc3OS00NGZkLThjODctOWJhOGQyNDA0NWU0LzI3NDE0NTU2NF85NzI3NjYxOTMzNTcwNjNfMTcxNzM1NTk2NDkzMzQ1NjA0OF9uLmpwZyJdLFsicCIsImVuY29kZSIsImpwZyIsIi1xdWFsaXR5IDgwIl0sWyJwIiwidGh1bWIiLCI1OTB4NTkwXHUwMDNlIl1d?sha=189951a6fcd2694b\" alt=\"\" \/><\/p>\n<div class=\"gallery-i-caption\"><\/div>\n<\/div>\n<div class=\"gallery-i\"><img src=\"https:\/\/cdn.oxu.az\/uploads\/W1siZiIsIjIwMjIvMDIvMjMvMTgvMjAvNDYvY2M0Yjg3YWQtN2RjNi00YTQ1LWI3OTUtYWRiMTE1OWQzY2RhLzI3NDA5NzYxNl82MjY3MzU2MDE3NjA1NDJfNTY3MDc1OTM2ODQ1MTc1ODg2MF9uLmpwZyJdLFsicCIsImVuY29kZSIsImpwZyIsIi1xdWFsaXR5IDgwIl0sWyJwIiwidGh1bWIiLCI1OTB4NTkwXHUwMDNlIl1d?sha=0bb7a8e5c0687fbe\" alt=\"\" \/><\/div>\n<\/div>\n","protected":false},"excerpt":{"rendered":"<p>Monteneqronun paytaxt\u0131 Podqoritsa \u015f\u0259h\u0259rind\u0259 Xocal\u0131 soyq\u0131r\u0131m\u0131n\u0131n 30-cu ild\u00f6n\u00fcm\u00fc il\u0259 \u0259laq\u0259dar m\u0259lumatland\u0131rma aksiyas\u0131na start verilib. Diasporla i\u015f \u00fczr\u0259 D\u00f6vl\u0259t Komit\u0259sinin d\u0259st\u0259yi v\u0259 Az\u0259rbaycan-Monteneqro M\u0259d\u0259ni v\u0259 \u0130qtisadi M\u0259rk\u0259zinin t\u0259\u015fkilat\u00e7\u0131l\u0131\u011f\u0131 il\u0259 paytaxt\u0131n izdihaml\u0131 m\u0259rk\u0259zi k\u00fc\u00e7\u0259l\u0259rind\u0259ki elektron l\u00f6vh\u0259l\u0259rd\u0259 Xocal\u0131 soyq\u0131r\u0131m\u0131 h\u0259qiq\u0259tl\u0259rini \u0259ks etdir\u0259n m\u0259lumat yerl\u0259\u015fdirilib. M\u0259lumatda Az\u0259rbaycana qar\u015f\u0131 t\u00f6r\u0259dilmi\u015f amans\u0131z soyq\u0131r\u0131mda 613 n\u0259f\u0259rin (aras\u0131nda 63 u\u015faq, 106 qad\u0131n, 70 qoca olmaqla) v\u0259h\u015fic\u0259sin\u0259 q\u0259tl\u0259 yetirildiyi, 8 ail\u0259nin tamamil\u0259 m\u0259hv edildiyi, 25 u\u015fa\u011f\u0131n h\u0259r iki valideynini itirdiyi, 130 u\u015fa\u011f\u0131n valideynl\u0259rind\u0259n birini itirdiyi, aras\u0131nda 76 u\u015faq olmaqla 487 n\u0259f\u0259rin yaraland\u0131\u011f\u0131, 1275 n\u0259f\u0259rin \u0259sir g\u00f6t\u00fcr\u00fcld\u00fcy\u00fc v\u0259 150 n\u0259f\u0259rin&hellip;<\/p>\n","protected":false},"author":2,"featured_media":443038,"comment_status":"closed","ping_status":"closed","sticky":false,"template":"","format":"standard","meta":{"om_disable_all_campaigns":false,"_monsterinsights_skip_tracking":false,"_monsterinsights_sitenote_active":false,"_monsterinsights_sitenote_note":"","_monsterinsights_sitenote_category":0},"categories":[1],"tags":[],"aioseo_notices":[],"gutentor_comment":0,"rttpg_featured_image_url":{"full":["https:\/\/arantv.az\/wp-content\/uploads\/2022\/02\/FotoJet-39-4.jpg",620,413,false],"landscape":["https:\/\/arantv.az\/wp-content\/uploads\/2022\/02\/FotoJet-39-4.jpg",620,413,false],"portraits":["https:\/\/arantv.az\/wp-content\/uploads\/2022\/02\/FotoJet-39-4.jpg",620,413,false],"thumbnail":["https:\/\/arantv.az\/wp-content\/uploads\/2022\/02\/FotoJet-39-4-500x280.jpg",500,280,true],"medium":["https:\/\/arantv.az\/wp-content\/uploads\/2022\/02\/FotoJet-39-4-548x365.jpg",548,365,true],"large":["https:\/\/arantv.az\/wp-content\/uploads\/2022\/02\/FotoJet-39-4.jpg",620,413,false],"1536x1536":["https:\/\/arantv.az\/wp-content\/uploads\/2022\/02\/FotoJet-39-4.jpg",620,413,false],"2048x2048":["https:\/\/arantv.az\/wp-content\/uploads\/2022\/02\/FotoJet-39-4.jpg",620,413,false],"post-thumbnail":["https:\/\/arantv.az\/wp-content\/uploads\/2022\/02\/FotoJet-39-4-240x172.jpg",240,172,true],"advps-thumb-one":["https:\/\/arantv.az\/wp-content\/uploads\/2022\/02\/FotoJet-39-4.jpg",620,413,false]},"rttpg_author":{"display_name":"V\u00fcsal Rafiqo\u011flu","author_link":"https:\/\/arantv.az\/?author=2"},"rttpg_comment":0,"rttpg_category":"<a href=\"https:\/\/arantv.az\/?cat=1\" rel=\"category\">C\u0259miyy\u0259t<\/a>","rttpg_excerpt":"Monteneqronun paytaxt\u0131 Podqoritsa \u015f\u0259h\u0259rind\u0259 Xocal\u0131 soyq\u0131r\u0131m\u0131n\u0131n 30-cu ild\u00f6n\u00fcm\u00fc il\u0259 \u0259laq\u0259dar m\u0259lumatland\u0131rma aksiyas\u0131na start verilib. Diasporla i\u015f \u00fczr\u0259 D\u00f6vl\u0259t Komit\u0259sinin d\u0259st\u0259yi v\u0259 Az\u0259rbaycan-Monteneqro M\u0259d\u0259ni v\u0259 \u0130qtisadi M\u0259rk\u0259zinin t\u0259\u015fkilat\u00e7\u0131l\u0131\u011f\u0131 il\u0259 paytaxt\u0131n izdihaml\u0131 m\u0259rk\u0259zi k\u00fc\u00e7\u0259l\u0259rind\u0259ki elektron l\u00f6vh\u0259l\u0259rd\u0259 Xocal\u0131 soyq\u0131r\u0131m\u0131 h\u0259qiq\u0259tl\u0259rini \u0259ks etdir\u0259n m\u0259lumat yerl\u0259\u015fdirilib. M\u0259lumatda Az\u0259rbaycana qar\u015f\u0131 t\u00f6r\u0259dilmi\u015f amans\u0131z soyq\u0131r\u0131mda 613 n\u0259f\u0259rin (aras\u0131nda 63 u\u015faq, 106 qad\u0131n, 70&hellip;","_links":{"self":[{"href":"https:\/\/arantv.az\/index.php?rest_route=\/wp\/v2\/posts\/443037"}],"collection":[{"href":"https:\/\/arantv.az\/index.php?rest_route=\/wp\/v2\/posts"}],"about":[{"href":"https:\/\/arantv.az\/index.php?rest_route=\/wp\/v2\/types\/post"}],"author":[{"embeddable":true,"href":"https:\/\/arantv.az\/index.php?rest_route=\/wp\/v2\/users\/2"}],"replies":[{"embeddable":true,"href":"https:\/\/arantv.az\/index.php?rest_route=%2Fwp%2Fv2%2Fcomments&post=443037"}],"version-history":[{"count":0,"href":"https:\/\/arantv.az\/index.php?rest_route=\/wp\/v2\/posts\/443037\/revisions"}],"wp:featuredmedia":[{"embeddable":true,"href":"https:\/\/arantv.az\/index.php?rest_route=\/wp\/v2\/media\/443038"}],"wp:attachment":[{"href":"https:\/\/arantv.az\/index.php?rest_route=%2Fwp%2Fv2%2Fmedia&parent=443037"}],"wp:term":[{"taxonomy":"category","embeddable":true,"href":"https:\/\/arantv.az\/index.php?rest_route=%2Fwp%2Fv2%2Fcategories&post=443037"},{"taxonomy":"post_tag","embeddable":true,"href":"https:\/\/arantv.az\/index.php?rest_route=%2Fwp%2Fv2%2Ftags&post=443037"}],"curies":[{"name":"wp","href":"https:\/\/api.w.org\/{rel}","templated":true}]}}