{"id":443041,"date":"2022-02-23T18:13:20","date_gmt":"2022-02-23T15:13:20","guid":{"rendered":"http:\/\/arantv.az\/?p=443041"},"modified":"2022-02-23T18:13:20","modified_gmt":"2022-02-23T15:13:20","slug":"az%c9%99rbaycanin-dunya-iqtisadi-forumu-il%c9%99-%c9%99m%c9%99kdasligi-genisl%c9%99nir-foto","status":"publish","type":"post","link":"https:\/\/arantv.az\/?p=443041","title":{"rendered":"Az\u0259rbaycan\u0131n D\u00fcnya \u0130qtisadi Forumu il\u0259 \u0259m\u0259kda\u015fl\u0131\u011f\u0131 geni\u015fl\u0259nir &#8211; FOTO"},"content":{"rendered":"<p>D\u00f6rd\u00fcnc\u00fc S\u0259naye \u0130nqilab\u0131 \u015e\u0259b\u0259k\u0259sinin Az\u0259rbaycan M\u0259rk\u0259zinin f\u0259aliyy\u0259ti \u00f6lk\u0259mizin m\u00fct\u0259r\u0259qqi texnologiyalara \u0259saslanan s\u00fcr\u0259tli inki\u015faf tempin\u0259 nail olmas\u0131na, regional r\u0259q\u0259msal \u0259m\u0259kda\u015fl\u0131\u011f\u0131n geni\u015fl\u0259nm\u0259sin\u0259 t\u00f6hf\u0259 ver\u0259c\u0259k.<\/p>\n<p>Bu bar\u0259d\u0259 \u0130qtisadiyyat Nazirliyi m\u0259lumat yay\u0131b.<\/p>\n<div class=\"AdviadNativeVideo\"><\/div>\n<p>Bildirilib ki, iqtisadiyyat naziri Mikay\u0131l Cabbarov \u00f6lk\u0259mizd\u0259 s\u0259f\u0259rd\u0259 olan D\u00fcnya \u0130qtisadi Forumunun prezidenti Borge Brende il\u0259 g\u00f6r\u00fc\u015fd\u0259 bildirib.<\/p>\n<p>G\u00f6r\u00fc\u015fd\u0259 Az\u0259rbaycanla D\u00fcnya \u0130qtisadi Forumu aras\u0131nda s\u0259m\u0259r\u0259li t\u0259r\u0259fda\u015fl\u0131q v\u0259 \u00f6lk\u0259mizin Forumun bir s\u0131ra t\u0259\u015f\u0259bb\u00fcsl\u0259rind\u0259 f\u0259al i\u015ftirak\u0131 qeyd olunub. Vur\u011fulan\u0131b ki, d\u00f6vl\u0259t ba\u015f\u00e7\u0131s\u0131 D\u00fcnya \u0130qtisadi Forumu il\u0259 \u0259laq\u0259l\u0259rin geni\u015fl\u0259ndirilm\u0259sin\u0259 x\u00fcsusi diqq\u0259t g\u00f6st\u0259rir.<\/p>\n<p>Nazir qeyd edib ki, D\u00fcnya \u0130qtisadi Forumu, el\u0259c\u0259 d\u0259 D\u00f6rd\u00fcnc\u00fc S\u0259naye \u0130nqilab\u0131 \u015e\u0259b\u0259k\u0259si il\u0259 \u0259m\u0259kda\u015fl\u0131\u011f\u0131n u\u011furlu n\u0259tic\u0259si olaraq, \u015e\u0259b\u0259k\u0259nin Az\u0259rbaycan M\u0259rk\u0259zi f\u0259aliyy\u0259t\u0259 ba\u015flay\u0131b. Mikay\u0131l Cabbaro davaml\u0131 v\u0259 dayan\u0131ql\u0131 inki\u015faf\u0131n D\u00f6rd\u00fcnc\u00fc S\u0259naye \u0130nqilab\u0131n\u0131n (4S\u0130) t\u0259l\u0259bl\u0259ri il\u0259 s\u0131x \u0259laq\u0259li oldu\u011funu diqq\u0259t\u0259 \u00e7atd\u0131r\u0131b.<\/p>\n<p>G\u00f6r\u00fc\u015fd\u0259 4S\u0130 texnologiyalar\u0131 v\u0259 r\u0259q\u0259msal iqtisadiyyat haqq\u0131nda m\u0259lumatl\u0131l\u0131\u011f\u0131n art\u0131r\u0131lmas\u0131n\u0131n, bu sah\u0259d\u0259 r\u0259qab\u0259tqabiliyy\u0259tli insan kapital\u0131n\u0131n formala\u015fd\u0131r\u0131lmas\u0131n\u0131n \u00f6n\u0259mi diqq\u0259t\u0259 \u00e7atd\u0131r\u0131l\u0131b.<\/p>\n<p>D\u00fcnya \u0130qtisadi Forumunun prezidenti Borge Brende t\u0259\u015fkilat\u0131n Az\u0259rbaycanla \u0259m\u0259kda\u015fl\u0131\u011f\u0131ndan m\u0259mnunlu\u011funu ifad\u0259 edib, \u00f6lk\u0259mizin inki\u015faf\u0131n\u0131n qlobal \u00e7a\u011f\u0131r\u0131\u015flarla uzla\u015fd\u0131\u011f\u0131n\u0131 vur\u011fulay\u0131b. Qeyd olunub ki, D\u00f6rd\u00fcnc\u00fc S\u0259naye \u0130nqilab\u0131 \u015e\u0259b\u0259k\u0259sinin Az\u0259rbaycan M\u0259rk\u0259zinin yarad\u0131lmas\u0131 bu sah\u0259d\u0259 apar\u0131c\u0131 \u00f6lk\u0259l\u0259rl\u0259 t\u0259r\u0259fda\u015fl\u0131\u011f\u0131n inki\u015faf\u0131na, 4S\u0130 texnologiyalar\u0131n\u0131n t\u0259tbiqinin geni\u015fl\u0259nm\u0259sin\u0259 \u015f\u0259rait yaradacaqd\u0131r.<\/p>\n<p>T\u0259r\u0259fl\u0259r D\u00fcnya \u0130qtisadi Forumu il\u0259 \u0259laq\u0259l\u0259rin g\u00fccl\u0259ndirilm\u0259si, 4S\u0130 texnologiyalar\u0131 sah\u0259sind\u0259 beyn\u0259lxalq t\u0259cr\u00fcb\u0259nin Az\u0259rbaycana g\u0259tirilm\u0259sinin s\u00fcr\u0259tl\u0259ndirilm\u0259si v\u0259 qar\u015f\u0131l\u0131ql\u0131 maraq do\u011furan dig\u0259r m\u0259s\u0259l\u0259l\u0259ri m\u00fczakir\u0259 edibl\u0259r.<\/p>\n<p>&nbsp;<\/p>\n<div class=\"gallery\">\n<div class=\"gallery-i\"><img src=\"https:\/\/cdn.oxu.az\/uploads\/W1siZiIsIjIwMjIvMDIvMjMvMTgvMjkvMzUvZTlhZjk1Y2QtZmFlZS00MWIyLTlhNzgtZWZjNWEwZmI5YjViL2U2NGUyY2NmLTgxZTgtM2NhMC1hNTdmLTZkNTBlYjIyNDAxNi5qcGciXSxbInAiLCJlbmNvZGUiLCJqcGciLCItcXVhbGl0eSA4MCJdLFsicCIsInRodW1iIiwiNTkweDU5MFx1MDAzZSJdXQ?sha=3ccddc932d1d36e7\" alt=\"\" \/><\/div>\n<\/div>\n","protected":false},"excerpt":{"rendered":"<p>D\u00f6rd\u00fcnc\u00fc S\u0259naye \u0130nqilab\u0131 \u015e\u0259b\u0259k\u0259sinin Az\u0259rbaycan M\u0259rk\u0259zinin f\u0259aliyy\u0259ti \u00f6lk\u0259mizin m\u00fct\u0259r\u0259qqi texnologiyalara \u0259saslanan s\u00fcr\u0259tli inki\u015faf tempin\u0259 nail olmas\u0131na, regional r\u0259q\u0259msal \u0259m\u0259kda\u015fl\u0131\u011f\u0131n geni\u015fl\u0259nm\u0259sin\u0259 t\u00f6hf\u0259 ver\u0259c\u0259k. Bu bar\u0259d\u0259 \u0130qtisadiyyat Nazirliyi m\u0259lumat yay\u0131b. Bildirilib ki, iqtisadiyyat naziri Mikay\u0131l Cabbarov \u00f6lk\u0259mizd\u0259 s\u0259f\u0259rd\u0259 olan D\u00fcnya \u0130qtisadi Forumunun prezidenti Borge Brende il\u0259 g\u00f6r\u00fc\u015fd\u0259 bildirib. G\u00f6r\u00fc\u015fd\u0259 Az\u0259rbaycanla D\u00fcnya \u0130qtisadi Forumu aras\u0131nda s\u0259m\u0259r\u0259li t\u0259r\u0259fda\u015fl\u0131q v\u0259 \u00f6lk\u0259mizin Forumun bir s\u0131ra t\u0259\u015f\u0259bb\u00fcsl\u0259rind\u0259 f\u0259al i\u015ftirak\u0131 qeyd olunub. Vur\u011fulan\u0131b ki, d\u00f6vl\u0259t ba\u015f\u00e7\u0131s\u0131 D\u00fcnya \u0130qtisadi Forumu il\u0259 \u0259laq\u0259l\u0259rin geni\u015fl\u0259ndirilm\u0259sin\u0259 x\u00fcsusi diqq\u0259t g\u00f6st\u0259rir. Nazir qeyd edib ki, D\u00fcnya \u0130qtisadi Forumu, el\u0259c\u0259 d\u0259 D\u00f6rd\u00fcnc\u00fc S\u0259naye \u0130nqilab\u0131 \u015e\u0259b\u0259k\u0259si&hellip;<\/p>\n","protected":false},"author":2,"featured_media":443042,"comment_status":"closed","ping_status":"closed","sticky":false,"template":"","format":"standard","meta":{"om_disable_all_campaigns":false,"_monsterinsights_skip_tracking":false,"_monsterinsights_sitenote_active":false,"_monsterinsights_sitenote_note":"","_monsterinsights_sitenote_category":0},"categories":[19],"tags":[],"aioseo_notices":[],"gutentor_comment":0,"rttpg_featured_image_url":{"full":["https:\/\/arantv.az\/wp-content\/uploads\/2022\/02\/FotoJet-41-1.jpg",620,413,false],"landscape":["https:\/\/arantv.az\/wp-content\/uploads\/2022\/02\/FotoJet-41-1.jpg",620,413,false],"portraits":["https:\/\/arantv.az\/wp-content\/uploads\/2022\/02\/FotoJet-41-1.jpg",620,413,false],"thumbnail":["https:\/\/arantv.az\/wp-content\/uploads\/2022\/02\/FotoJet-41-1-500x280.jpg",500,280,true],"medium":["https:\/\/arantv.az\/wp-content\/uploads\/2022\/02\/FotoJet-41-1-548x365.jpg",548,365,true],"large":["https:\/\/arantv.az\/wp-content\/uploads\/2022\/02\/FotoJet-41-1.jpg",620,413,false],"1536x1536":["https:\/\/arantv.az\/wp-content\/uploads\/2022\/02\/FotoJet-41-1.jpg",620,413,false],"2048x2048":["https:\/\/arantv.az\/wp-content\/uploads\/2022\/02\/FotoJet-41-1.jpg",620,413,false],"post-thumbnail":["https:\/\/arantv.az\/wp-content\/uploads\/2022\/02\/FotoJet-41-1-240x172.jpg",240,172,true],"advps-thumb-one":["https:\/\/arantv.az\/wp-content\/uploads\/2022\/02\/FotoJet-41-1.jpg",620,413,false]},"rttpg_author":{"display_name":"V\u00fcsal Rafiqo\u011flu","author_link":"https:\/\/arantv.az\/?author=2"},"rttpg_comment":0,"rttpg_category":"<a href=\"https:\/\/arantv.az\/?cat=19\" rel=\"category\">G\u00fcnd\u0259m<\/a>","rttpg_excerpt":"D\u00f6rd\u00fcnc\u00fc S\u0259naye \u0130nqilab\u0131 \u015e\u0259b\u0259k\u0259sinin Az\u0259rbaycan M\u0259rk\u0259zinin f\u0259aliyy\u0259ti \u00f6lk\u0259mizin m\u00fct\u0259r\u0259qqi texnologiyalara \u0259saslanan s\u00fcr\u0259tli inki\u015faf tempin\u0259 nail olmas\u0131na, regional r\u0259q\u0259msal \u0259m\u0259kda\u015fl\u0131\u011f\u0131n geni\u015fl\u0259nm\u0259sin\u0259 t\u00f6hf\u0259 ver\u0259c\u0259k. Bu bar\u0259d\u0259 \u0130qtisadiyyat Nazirliyi m\u0259lumat yay\u0131b. Bildirilib ki, iqtisadiyyat naziri Mikay\u0131l Cabbarov \u00f6lk\u0259mizd\u0259 s\u0259f\u0259rd\u0259 olan D\u00fcnya \u0130qtisadi Forumunun prezidenti Borge Brende il\u0259 g\u00f6r\u00fc\u015fd\u0259 bildirib. G\u00f6r\u00fc\u015fd\u0259 Az\u0259rbaycanla D\u00fcnya \u0130qtisadi Forumu aras\u0131nda s\u0259m\u0259r\u0259li t\u0259r\u0259fda\u015fl\u0131q v\u0259&hellip;","_links":{"self":[{"href":"https:\/\/arantv.az\/index.php?rest_route=\/wp\/v2\/posts\/443041"}],"collection":[{"href":"https:\/\/arantv.az\/index.php?rest_route=\/wp\/v2\/posts"}],"about":[{"href":"https:\/\/arantv.az\/index.php?rest_route=\/wp\/v2\/types\/post"}],"author":[{"embeddable":true,"href":"https:\/\/arantv.az\/index.php?rest_route=\/wp\/v2\/users\/2"}],"replies":[{"embeddable":true,"href":"https:\/\/arantv.az\/index.php?rest_route=%2Fwp%2Fv2%2Fcomments&post=443041"}],"version-history":[{"count":0,"href":"https:\/\/arantv.az\/index.php?rest_route=\/wp\/v2\/posts\/443041\/revisions"}],"wp:featuredmedia":[{"embeddable":true,"href":"https:\/\/arantv.az\/index.php?rest_route=\/wp\/v2\/media\/443042"}],"wp:attachment":[{"href":"https:\/\/arantv.az\/index.php?rest_route=%2Fwp%2Fv2%2Fmedia&parent=443041"}],"wp:term":[{"taxonomy":"category","embeddable":true,"href":"https:\/\/arantv.az\/index.php?rest_route=%2Fwp%2Fv2%2Fcategories&post=443041"},{"taxonomy":"post_tag","embeddable":true,"href":"https:\/\/arantv.az\/index.php?rest_route=%2Fwp%2Fv2%2Ftags&post=443041"}],"curies":[{"name":"wp","href":"https:\/\/api.w.org\/{rel}","templated":true}]}}