{"id":443044,"date":"2022-02-23T18:14:57","date_gmt":"2022-02-23T15:14:57","guid":{"rendered":"http:\/\/arantv.az\/?p=443044"},"modified":"2022-02-23T18:14:57","modified_gmt":"2022-02-23T15:14:57","slug":"xocali-soyqiriminin-30-illiyi-il%c9%99-bagli-g%c9%99ncl%c9%99rin-istiraki-il%c9%99-silsil%c9%99-t%c9%99dbirl%c9%99r-keciril%c9%99c%c9%99k","status":"publish","type":"post","link":"https:\/\/arantv.az\/?p=443044","title":{"rendered":"Xocal\u0131 soyq\u0131r\u0131m\u0131n\u0131n 30 illiyi il\u0259 ba\u011fl\u0131 g\u0259ncl\u0259rin i\u015ftirak\u0131 il\u0259 silsil\u0259 t\u0259dbirl\u0259r ke\u00e7iril\u0259c\u0259k"},"content":{"rendered":"<p>Heyd\u0259r \u018fliyev Fondunun vitse-prezidenti Leyla xan\u0131m \u018fliyevan\u0131n t\u0259\u015f\u0259bb\u00fcs\u00fc il\u0259 2008-ci ild\u0259n etibar\u0259n h\u0259yata ke\u00e7iril\u0259n \u201cXocal\u0131ya \u0259dal\u0259t\u201d\u00a0 beyn\u0259lxalq\u00a0 maarifl\u0259ndirm\u0259 kampaniyas\u0131 \u00e7\u0259r\u00e7iv\u0259sind\u0259 Xocal\u0131 soyq\u0131r\u0131m\u0131n\u0131n 30-cu ild\u00f6n\u00fcm\u00fc m\u00fcnasib\u0259ti il\u0259 G\u0259ncl\u0259r Fondunun d\u0259st\u0259yi il\u0259 m\u00fcxt\u0259lif formatl\u0131 t\u0259dbir v\u0259 layih\u0259l\u0259r t\u0259\u015fkil olunacaqd\u0131r.<\/p>\n<p>T\u0259dbirl\u0259r G\u0259ncl\u0259rin \u0130nki\u015faf v\u0259 Karyera M\u0259rk\u0259zinin 55 \u015f\u0259h\u0259r v\u0259 rayonda f\u0259aliyy\u0259t g\u00f6st\u0259r\u0259n n\u00fcmay\u0259nd\u0259likl\u0259ri v\u0259 Nax\u00e7\u0131van G\u0259nclik M\u0259rk\u0259zind\u0259 ke\u00e7iril\u0259c\u0259kdir. N\u00fcmay\u0259nd\u0259likl\u0259r t\u0259r\u0259find\u0259n rayon \u0259razisind\u0259ki Xocal\u0131 abid\u0259l\u0259rinin v\u0259 \u015e\u0259hidl\u0259r xiyabanlar\u0131n\u0131n ziyar\u0259t edilm\u0259si, r\u0259sm, in\u015fa, b\u0259dii qira\u0259t m\u00fcsabiq\u0259l\u0259rinin, Xocal\u0131 faci\u0259sini \u0259ks etdir\u0259n r\u0259sml\u0259rd\u0259n ibar\u0259t s\u0259rgil\u0259rin, fl\u0259\u015fmoblar\u0131n t\u0259\u015fkil edilm\u0259si n\u0259z\u0259rd\u0259 tutulmu\u015fdur. G\u0130KM n\u00fcmay\u0259nd\u0259likl\u0259rind\u0259, h\u0259m\u00e7inin \u201cF\u0259ryad\u201d, \u201c\u00dcmid oca\u011f\u0131\u201d, \u201cZaman\u0131n faci\u0259si\u201d, \u201cXoca\u201d, \u201cDolu\u201d, \u201cSonsuz d\u0259hliz\u201d, \u201cQ\u0131rm\u0131z\u0131 qar\u201d v\u0259 dig\u0259r filml\u0259rinin n\u00fcmayi\u015f etdirilm\u0259si, Xocal\u0131 faci\u0259sin\u0259 h\u0259sr edilmi\u015f teatr tama\u015fas\u0131n\u0131n canland\u0131r\u0131lmas\u0131, \u201cXocal\u0131 faci\u0259si insan h\u00fcquqlar\u0131 m\u00fcst\u0259visind\u0259\u201d adl\u0131 t\u0259dbirin v\u0259 g\u0259ncl\u0259rl\u0259 tarix\u00e7il\u0259rin, faci\u0259 \u015fahidl\u0259rinin g\u00f6r\u00fc\u015fl\u0259rinin ke\u00e7irilm\u0259si planla\u015fd\u0131r\u0131l\u0131r.<\/p>\n<div class=\"AdviadNativeVideo\"><\/div>\n<p>Bununla yana\u015f\u0131, g\u0259ncl\u0259r t\u0259\u015fkilatlar\u0131 v\u0259 k\u00f6n\u00fcll\u00fc h\u0259r\u0259katlar\u0131, t\u0259l\u0259b\u0259-g\u0259ncl\u0259r t\u0259\u015fkilatlar\u0131 t\u0259r\u0259find\u0259n paytaxtda v\u0259 regionlarda G\u0259ncl\u0259r T\u0259\u015fkilatlar\u0131n\u0131n Resurs M\u0259rk\u0259zi v\u0259 ali t\u0259hsil m\u00fc\u0259ssis\u0259l\u0259rind\u0259 Xocal\u0131 soyq\u0131r\u0131m\u0131 \u015fahidl\u0259ri il\u0259 g\u00f6r\u00fc\u015fl\u0259r, film n\u00fcmayi\u015fl\u0259ri, fl\u0259\u015fmoblar v\u0259 dig\u0259r layih\u0259l\u0259r n\u0259z\u0259rd\u0259 tutulmu\u015fdur.<\/p>\n<p>Eyni zamanda, Az\u0259rbaycanl\u0131 T\u0259l\u0259b\u0259l\u0259r v\u0259 M\u0259zunlar Platformas\u0131 (ASAP) vasit\u0259sil\u0259 xarici \u00f6lk\u0259l\u0259rin apar\u0131c\u0131 t\u0259hsil m\u00fc\u0259ssis\u0259l\u0259rind\u0259 Xocal\u0131 soyq\u0131r\u0131m\u0131 il\u0259 ba\u011fl\u0131 an\u0131m t\u0259dbirl\u0259ri ke\u00e7iril\u0259c\u0259kdir.<br \/>\nXat\u0131rladaq ki, &#8220;Xocal\u0131ya \u0259dal\u0259t&#8221; beyn\u0259lxalq kampaniyas\u0131n\u0131n strateji h\u0259d\u0259fl\u0259rind\u0259n biri Xocal\u0131 soyq\u0131r\u0131m\u0131 il\u0259 ba\u011fl\u0131 m\u0259hz g\u0259ncl\u0259rin maarifl\u0259ndirilm\u0259sidir.<\/p>\n<p>Yuxar\u0131da sadalanan f\u0259aliyy\u0259tl\u0259r\u0259 qo\u015fulmaq ist\u0259y\u0259n g\u0259ncl\u0259r\u00a0info@gikm.az\u00a0v\u0259\u00a0office@youthfoundation.az\u00a0elektron po\u00e7tlar\u0131na m\u00fcraci\u0259t ed\u0259 bil\u0259rl\u0259r.<\/p>\n<p>Xocal\u0131 soyq\u0131r\u0131m\u0131 il\u0259 ba\u011fl\u0131 materiallardan istifad\u0259 ed\u0259n zaman Kampaniyan\u0131n r\u0259smi veb-sayt\u0131na (<a href=\"https:\/\/justiceforkhojaly.org\/\" target=\"_blank\" rel=\"noopener\">https:\/\/justiceforkhojaly.org\/<\/a>) istinad edilm\u0259si t\u00f6vsiy\u0259 olunur. Bununla yana\u015f\u0131, Xocal\u0131 faci\u0259si il\u0259 ba\u011fl\u0131 ke\u00e7iril\u0259n t\u0259dbirl\u0259rin daha geni\u015f i\u015f\u0131qland\u0131r\u0131lmas\u0131 m\u0259qs\u0259dil\u0259 m\u0259lumatlar\u0131, h\u0259m\u00e7inin t\u0259dbirin ke\u00e7irilm\u0259sin\u0259 laz\u0131mi d\u0259st\u0259k il\u0259 ba\u011fl\u0131 m\u00fcraci\u0259ti\u00a0<a href=\"http:\/\/info@justiceforkhojaly.org\/\" target=\"_blank\" rel=\"noopener\">info@justiceforkhojaly.org<\/a>\u00a0 elektron po\u00e7t \u00fcnvan\u0131na g\u00f6nd\u0259rm\u0259k m\u00fcmk\u00fcnd\u00fcr.<\/p>\n","protected":false},"excerpt":{"rendered":"<p>Heyd\u0259r \u018fliyev Fondunun vitse-prezidenti Leyla xan\u0131m \u018fliyevan\u0131n t\u0259\u015f\u0259bb\u00fcs\u00fc il\u0259 2008-ci ild\u0259n etibar\u0259n h\u0259yata ke\u00e7iril\u0259n \u201cXocal\u0131ya \u0259dal\u0259t\u201d\u00a0 beyn\u0259lxalq\u00a0 maarifl\u0259ndirm\u0259 kampaniyas\u0131 \u00e7\u0259r\u00e7iv\u0259sind\u0259 Xocal\u0131 soyq\u0131r\u0131m\u0131n\u0131n 30-cu ild\u00f6n\u00fcm\u00fc m\u00fcnasib\u0259ti il\u0259 G\u0259ncl\u0259r Fondunun d\u0259st\u0259yi il\u0259 m\u00fcxt\u0259lif formatl\u0131 t\u0259dbir v\u0259 layih\u0259l\u0259r t\u0259\u015fkil olunacaqd\u0131r. T\u0259dbirl\u0259r G\u0259ncl\u0259rin \u0130nki\u015faf v\u0259 Karyera M\u0259rk\u0259zinin 55 \u015f\u0259h\u0259r v\u0259 rayonda f\u0259aliyy\u0259t g\u00f6st\u0259r\u0259n n\u00fcmay\u0259nd\u0259likl\u0259ri v\u0259 Nax\u00e7\u0131van G\u0259nclik M\u0259rk\u0259zind\u0259 ke\u00e7iril\u0259c\u0259kdir. N\u00fcmay\u0259nd\u0259likl\u0259r t\u0259r\u0259find\u0259n rayon \u0259razisind\u0259ki Xocal\u0131 abid\u0259l\u0259rinin v\u0259 \u015e\u0259hidl\u0259r xiyabanlar\u0131n\u0131n ziyar\u0259t edilm\u0259si, r\u0259sm, in\u015fa, b\u0259dii qira\u0259t m\u00fcsabiq\u0259l\u0259rinin, Xocal\u0131 faci\u0259sini \u0259ks etdir\u0259n r\u0259sml\u0259rd\u0259n ibar\u0259t s\u0259rgil\u0259rin, fl\u0259\u015fmoblar\u0131n t\u0259\u015fkil edilm\u0259si n\u0259z\u0259rd\u0259 tutulmu\u015fdur. G\u0130KM n\u00fcmay\u0259nd\u0259likl\u0259rind\u0259, h\u0259m\u00e7inin \u201cF\u0259ryad\u201d, \u201c\u00dcmid oca\u011f\u0131\u201d, \u201cZaman\u0131n&hellip;<\/p>\n","protected":false},"author":2,"featured_media":443045,"comment_status":"closed","ping_status":"closed","sticky":false,"template":"","format":"standard","meta":{"om_disable_all_campaigns":false,"_monsterinsights_skip_tracking":false,"_monsterinsights_sitenote_active":false,"_monsterinsights_sitenote_note":"","_monsterinsights_sitenote_category":0},"categories":[1],"tags":[],"aioseo_notices":[],"gutentor_comment":0,"rttpg_featured_image_url":{"full":["https:\/\/arantv.az\/wp-content\/uploads\/2022\/02\/FotoJet-38-1.jpg",620,413,false],"landscape":["https:\/\/arantv.az\/wp-content\/uploads\/2022\/02\/FotoJet-38-1.jpg",620,413,false],"portraits":["https:\/\/arantv.az\/wp-content\/uploads\/2022\/02\/FotoJet-38-1.jpg",620,413,false],"thumbnail":["https:\/\/arantv.az\/wp-content\/uploads\/2022\/02\/FotoJet-38-1-500x280.jpg",500,280,true],"medium":["https:\/\/arantv.az\/wp-content\/uploads\/2022\/02\/FotoJet-38-1-548x365.jpg",548,365,true],"large":["https:\/\/arantv.az\/wp-content\/uploads\/2022\/02\/FotoJet-38-1.jpg",620,413,false],"1536x1536":["https:\/\/arantv.az\/wp-content\/uploads\/2022\/02\/FotoJet-38-1.jpg",620,413,false],"2048x2048":["https:\/\/arantv.az\/wp-content\/uploads\/2022\/02\/FotoJet-38-1.jpg",620,413,false],"post-thumbnail":["https:\/\/arantv.az\/wp-content\/uploads\/2022\/02\/FotoJet-38-1-240x172.jpg",240,172,true],"advps-thumb-one":["https:\/\/arantv.az\/wp-content\/uploads\/2022\/02\/FotoJet-38-1.jpg",620,413,false]},"rttpg_author":{"display_name":"V\u00fcsal Rafiqo\u011flu","author_link":"https:\/\/arantv.az\/?author=2"},"rttpg_comment":0,"rttpg_category":"<a href=\"https:\/\/arantv.az\/?cat=1\" rel=\"category\">C\u0259miyy\u0259t<\/a>","rttpg_excerpt":"Heyd\u0259r \u018fliyev Fondunun vitse-prezidenti Leyla xan\u0131m \u018fliyevan\u0131n t\u0259\u015f\u0259bb\u00fcs\u00fc il\u0259 2008-ci ild\u0259n etibar\u0259n h\u0259yata ke\u00e7iril\u0259n \u201cXocal\u0131ya \u0259dal\u0259t\u201d\u00a0 beyn\u0259lxalq\u00a0 maarifl\u0259ndirm\u0259 kampaniyas\u0131 \u00e7\u0259r\u00e7iv\u0259sind\u0259 Xocal\u0131 soyq\u0131r\u0131m\u0131n\u0131n 30-cu ild\u00f6n\u00fcm\u00fc m\u00fcnasib\u0259ti il\u0259 G\u0259ncl\u0259r Fondunun d\u0259st\u0259yi il\u0259 m\u00fcxt\u0259lif formatl\u0131 t\u0259dbir v\u0259 layih\u0259l\u0259r t\u0259\u015fkil olunacaqd\u0131r. T\u0259dbirl\u0259r G\u0259ncl\u0259rin \u0130nki\u015faf v\u0259 Karyera M\u0259rk\u0259zinin 55 \u015f\u0259h\u0259r v\u0259 rayonda f\u0259aliyy\u0259t g\u00f6st\u0259r\u0259n n\u00fcmay\u0259nd\u0259likl\u0259ri v\u0259 Nax\u00e7\u0131van G\u0259nclik M\u0259rk\u0259zind\u0259 ke\u00e7iril\u0259c\u0259kdir.&hellip;","_links":{"self":[{"href":"https:\/\/arantv.az\/index.php?rest_route=\/wp\/v2\/posts\/443044"}],"collection":[{"href":"https:\/\/arantv.az\/index.php?rest_route=\/wp\/v2\/posts"}],"about":[{"href":"https:\/\/arantv.az\/index.php?rest_route=\/wp\/v2\/types\/post"}],"author":[{"embeddable":true,"href":"https:\/\/arantv.az\/index.php?rest_route=\/wp\/v2\/users\/2"}],"replies":[{"embeddable":true,"href":"https:\/\/arantv.az\/index.php?rest_route=%2Fwp%2Fv2%2Fcomments&post=443044"}],"version-history":[{"count":0,"href":"https:\/\/arantv.az\/index.php?rest_route=\/wp\/v2\/posts\/443044\/revisions"}],"wp:featuredmedia":[{"embeddable":true,"href":"https:\/\/arantv.az\/index.php?rest_route=\/wp\/v2\/media\/443045"}],"wp:attachment":[{"href":"https:\/\/arantv.az\/index.php?rest_route=%2Fwp%2Fv2%2Fmedia&parent=443044"}],"wp:term":[{"taxonomy":"category","embeddable":true,"href":"https:\/\/arantv.az\/index.php?rest_route=%2Fwp%2Fv2%2Fcategories&post=443044"},{"taxonomy":"post_tag","embeddable":true,"href":"https:\/\/arantv.az\/index.php?rest_route=%2Fwp%2Fv2%2Ftags&post=443044"}],"curies":[{"name":"wp","href":"https:\/\/api.w.org\/{rel}","templated":true}]}}