{"id":443056,"date":"2022-02-23T18:19:20","date_gmt":"2022-02-23T15:19:20","guid":{"rendered":"http:\/\/arantv.az\/?p=443056"},"modified":"2022-02-23T18:19:20","modified_gmt":"2022-02-23T15:19:20","slug":"%c9%99rdogan-v%c9%99-putin-ukrayna-%c9%99trafinda-bas-ver%c9%99nl%c9%99ri-telefonla-muzakir%c9%99-edibl%c9%99r","status":"publish","type":"post","link":"https:\/\/arantv.az\/?p=443056","title":{"rendered":"\u018frdo\u011fan v\u0259 Putin Ukrayna \u0259traf\u0131nda ba\u015f ver\u0259nl\u0259ri telefonla m\u00fczakir\u0259 edibl\u0259r"},"content":{"rendered":"<p>Prezident R\u0259c\u0259b Tayyib \u018frdo\u011fanla Rusiya Prezidenti Vladimir Putin aras\u0131nda telefon dan\u0131\u015f\u0131\u011f\u0131 olub.<\/p>\n<p>T\u00fcrkiy\u0259 Prezidenti Administrasiyas\u0131n\u0131n Kommunikasiya \u0130dar\u0259sind\u0259n veril\u0259n m\u0259lumata g\u00f6r\u0259, g\u00f6r\u00fc\u015f zaman\u0131 Rusiya-Ukrayna m\u00fcnasib\u0259tl\u0259ri m\u00fczakir\u0259 olunub.<\/p>\n<div class=\"AdviadNativeVideo\"><\/div>\n<p>Prezident \u018frdo\u011fan s\u00f6hb\u0259t zaman\u0131 Rusiya prezidenti Putinl\u0259 regional m\u0259s\u0259l\u0259l\u0259rd\u0259 qurdu\u011fu yax\u0131n dialoqa h\u0259r zaman b\u00f6y\u00fck \u0259h\u0259miyy\u0259t verdiyini, bunun m\u00fcsb\u0259t n\u0259tic\u0259l\u0259rini g\u00f6rd\u00fckl\u0259rini v\u0259 bu anla\u015fman\u0131 davam etdirm\u0259k \u0259zmind\u0259 oldu\u011funu bildirib.<\/p>\n<p>Ukraynan\u0131n suverenliyin\u0259 v\u0259 \u0259razi b\u00fct\u00f6vl\u00fcy\u00fcn\u0259 qar\u015f\u0131 at\u0131lan add\u0131mlar\u0131 tan\u0131mad\u0131qlar\u0131n\u0131 v\u0259 bunun prinsipial bir m\u00f6vqe oldu\u011funu bildir\u0259n prezident \u018frdo\u011fan, Minsk raz\u0131la\u015fmalar\u0131 \u0259sas\u0131nda bir n\u0259tic\u0259y\u0259 g\u0259lm\u0259yin vacib oldu\u011funu dil\u0259 g\u0259tirib.<\/p>\n<p>Problemin daha da m\u00fcr\u0259kk\u0259bl\u0259\u015fm\u0259sinin, x\u00fcsusil\u0259 d\u0259 h\u0259rbi qar\u015f\u0131durman\u0131n he\u00e7 kim\u0259 fayda verm\u0259y\u0259c\u0259yini vur\u011fulayan prezident \u018frdo\u011fan, bu anlay\u0131\u015fla diplomatik t\u0259mas v\u0259 dan\u0131\u015f\u0131qlar\u0131n davam etdirilm\u0259sin\u0259 \u00f6n\u0259m verdikl\u0259rini, d\u00fcn\u0259n oldu\u011fu kimi, T\u00fcrkiy\u0259 g\u0259rginliyin azald\u0131lmas\u0131 v\u0259 s\u00fclh\u00fcn qorunmas\u0131 \u00fc\u00e7\u00fcn \u00fcz\u0259rin\u0259 d\u00fc\u015f\u0259ni etm\u0259y\u0259 haz\u0131r oldu\u011funu b\u0259yan edib.<\/p>\n<p>Bu m\u0259s\u0259l\u0259nin dialoq yolu il\u0259 h\u0259ll edilm\u0259si \u00e7a\u011f\u0131r\u0131\u015f\u0131n\u0131 t\u0259krarlayan prezident \u018frdo\u011fan, diplomatiyan\u0131n \u00f6n\u0259 \u00e7\u0259kilm\u0259sinin faydal\u0131 oldu\u011funu v\u0259 NATO daxilind\u0259 d\u0259 konstruktiv m\u00f6vqe tutduqlar\u0131n\u0131 qeyd edib.<\/p>\n<p>Prezident \u018frdo\u011fan\u00a0sentyabrda So\u00e7iy\u0259 s\u0259f\u0259ri zaman\u0131 raz\u0131la\u015fd\u0131r\u0131ld\u0131\u011f\u0131 kimi, Rusiya prezidenti Putinin Y\u00fcks\u0259k S\u0259viyy\u0259li \u018fm\u0259kda\u015fl\u0131q \u015euras\u0131n\u0131n toplant\u0131s\u0131 \u00fc\u00e7\u00fcn \u0259n q\u0131sa zamanda T\u00fcrkiy\u0259y\u0259 s\u0259f\u0259rini g\u00f6zl\u0259diyini bildirib.<\/p>\n<p>M\u0259nb\u0259: \u201cHaber Global\u201d<\/p>\n","protected":false},"excerpt":{"rendered":"<p>Prezident R\u0259c\u0259b Tayyib \u018frdo\u011fanla Rusiya Prezidenti Vladimir Putin aras\u0131nda telefon dan\u0131\u015f\u0131\u011f\u0131 olub. T\u00fcrkiy\u0259 Prezidenti Administrasiyas\u0131n\u0131n Kommunikasiya \u0130dar\u0259sind\u0259n veril\u0259n m\u0259lumata g\u00f6r\u0259, g\u00f6r\u00fc\u015f zaman\u0131 Rusiya-Ukrayna m\u00fcnasib\u0259tl\u0259ri m\u00fczakir\u0259 olunub. Prezident \u018frdo\u011fan s\u00f6hb\u0259t zaman\u0131 Rusiya prezidenti Putinl\u0259 regional m\u0259s\u0259l\u0259l\u0259rd\u0259 qurdu\u011fu yax\u0131n dialoqa h\u0259r zaman b\u00f6y\u00fck \u0259h\u0259miyy\u0259t verdiyini, bunun m\u00fcsb\u0259t n\u0259tic\u0259l\u0259rini g\u00f6rd\u00fckl\u0259rini v\u0259 bu anla\u015fman\u0131 davam etdirm\u0259k \u0259zmind\u0259 oldu\u011funu bildirib. Ukraynan\u0131n suverenliyin\u0259 v\u0259 \u0259razi b\u00fct\u00f6vl\u00fcy\u00fcn\u0259 qar\u015f\u0131 at\u0131lan add\u0131mlar\u0131 tan\u0131mad\u0131qlar\u0131n\u0131 v\u0259 bunun prinsipial bir m\u00f6vqe oldu\u011funu bildir\u0259n prezident \u018frdo\u011fan, Minsk raz\u0131la\u015fmalar\u0131 \u0259sas\u0131nda bir n\u0259tic\u0259y\u0259 g\u0259lm\u0259yin vacib oldu\u011funu dil\u0259 g\u0259tirib. Problemin daha da m\u00fcr\u0259kk\u0259bl\u0259\u015fm\u0259sinin, x\u00fcsusil\u0259 d\u0259 h\u0259rbi&hellip;<\/p>\n","protected":false},"author":2,"featured_media":443057,"comment_status":"closed","ping_status":"closed","sticky":false,"template":"","format":"standard","meta":{"om_disable_all_campaigns":false,"_monsterinsights_skip_tracking":false,"_monsterinsights_sitenote_active":false,"_monsterinsights_sitenote_note":"","_monsterinsights_sitenote_category":0},"categories":[4],"tags":[],"aioseo_notices":[],"gutentor_comment":0,"rttpg_featured_image_url":{"full":["https:\/\/arantv.az\/wp-content\/uploads\/2022\/02\/EHepPFEX4AE4FsU.jpg",620,413,false],"landscape":["https:\/\/arantv.az\/wp-content\/uploads\/2022\/02\/EHepPFEX4AE4FsU.jpg",620,413,false],"portraits":["https:\/\/arantv.az\/wp-content\/uploads\/2022\/02\/EHepPFEX4AE4FsU.jpg",620,413,false],"thumbnail":["https:\/\/arantv.az\/wp-content\/uploads\/2022\/02\/EHepPFEX4AE4FsU-500x280.jpg",500,280,true],"medium":["https:\/\/arantv.az\/wp-content\/uploads\/2022\/02\/EHepPFEX4AE4FsU-548x365.jpg",548,365,true],"large":["https:\/\/arantv.az\/wp-content\/uploads\/2022\/02\/EHepPFEX4AE4FsU.jpg",620,413,false],"1536x1536":["https:\/\/arantv.az\/wp-content\/uploads\/2022\/02\/EHepPFEX4AE4FsU.jpg",620,413,false],"2048x2048":["https:\/\/arantv.az\/wp-content\/uploads\/2022\/02\/EHepPFEX4AE4FsU.jpg",620,413,false],"post-thumbnail":["https:\/\/arantv.az\/wp-content\/uploads\/2022\/02\/EHepPFEX4AE4FsU-240x172.jpg",240,172,true],"advps-thumb-one":["https:\/\/arantv.az\/wp-content\/uploads\/2022\/02\/EHepPFEX4AE4FsU.jpg",620,413,false]},"rttpg_author":{"display_name":"V\u00fcsal Rafiqo\u011flu","author_link":"https:\/\/arantv.az\/?author=2"},"rttpg_comment":0,"rttpg_category":"<a href=\"https:\/\/arantv.az\/?cat=4\" rel=\"category\">Siyas\u0259t<\/a>","rttpg_excerpt":"Prezident R\u0259c\u0259b Tayyib \u018frdo\u011fanla Rusiya Prezidenti Vladimir Putin aras\u0131nda telefon dan\u0131\u015f\u0131\u011f\u0131 olub. T\u00fcrkiy\u0259 Prezidenti Administrasiyas\u0131n\u0131n Kommunikasiya \u0130dar\u0259sind\u0259n veril\u0259n m\u0259lumata g\u00f6r\u0259, g\u00f6r\u00fc\u015f zaman\u0131 Rusiya-Ukrayna m\u00fcnasib\u0259tl\u0259ri m\u00fczakir\u0259 olunub. Prezident \u018frdo\u011fan s\u00f6hb\u0259t zaman\u0131 Rusiya prezidenti Putinl\u0259 regional m\u0259s\u0259l\u0259l\u0259rd\u0259 qurdu\u011fu yax\u0131n dialoqa h\u0259r zaman b\u00f6y\u00fck \u0259h\u0259miyy\u0259t verdiyini, bunun m\u00fcsb\u0259t n\u0259tic\u0259l\u0259rini g\u00f6rd\u00fckl\u0259rini v\u0259 bu anla\u015fman\u0131 davam etdirm\u0259k \u0259zmind\u0259 oldu\u011funu bildirib.&hellip;","_links":{"self":[{"href":"https:\/\/arantv.az\/index.php?rest_route=\/wp\/v2\/posts\/443056"}],"collection":[{"href":"https:\/\/arantv.az\/index.php?rest_route=\/wp\/v2\/posts"}],"about":[{"href":"https:\/\/arantv.az\/index.php?rest_route=\/wp\/v2\/types\/post"}],"author":[{"embeddable":true,"href":"https:\/\/arantv.az\/index.php?rest_route=\/wp\/v2\/users\/2"}],"replies":[{"embeddable":true,"href":"https:\/\/arantv.az\/index.php?rest_route=%2Fwp%2Fv2%2Fcomments&post=443056"}],"version-history":[{"count":0,"href":"https:\/\/arantv.az\/index.php?rest_route=\/wp\/v2\/posts\/443056\/revisions"}],"wp:featuredmedia":[{"embeddable":true,"href":"https:\/\/arantv.az\/index.php?rest_route=\/wp\/v2\/media\/443057"}],"wp:attachment":[{"href":"https:\/\/arantv.az\/index.php?rest_route=%2Fwp%2Fv2%2Fmedia&parent=443056"}],"wp:term":[{"taxonomy":"category","embeddable":true,"href":"https:\/\/arantv.az\/index.php?rest_route=%2Fwp%2Fv2%2Fcategories&post=443056"},{"taxonomy":"post_tag","embeddable":true,"href":"https:\/\/arantv.az\/index.php?rest_route=%2Fwp%2Fv2%2Ftags&post=443056"}],"curies":[{"name":"wp","href":"https:\/\/api.w.org\/{rel}","templated":true}]}}