{"id":443060,"date":"2022-02-23T18:21:24","date_gmt":"2022-02-23T15:21:24","guid":{"rendered":"http:\/\/arantv.az\/?p=443060"},"modified":"2022-02-23T18:21:24","modified_gmt":"2022-02-23T15:21:24","slug":"%c9%99rdogan-kim-raketl%c9%99-olk%c9%99miz%c9%99-hucum-ets%c9%99-s-400-l%c9%99r-orada-istifad%c9%99-olunacaq","status":"publish","type":"post","link":"https:\/\/arantv.az\/?p=443060","title":{"rendered":"\u018frdo\u011fan: \u201cKim raketl\u0259 \u00f6lk\u0259miz\u0259 h\u00fccum ets\u0259, S-400-l\u0259r orada istifad\u0259 olunacaq\u201d"},"content":{"rendered":"<p>Qeyri-m\u00fc\u0259yy\u0259nlik v\u0259 t\u0259hdidl\u0259rin he\u00e7 azalmad\u0131\u011f\u0131 bir b\u00f6lg\u0259d\u0259 uzunm\u0259nzilli regional hava v\u0259 raket h\u00fccumundan m\u00fcdafi\u0259 sistemi ehtiyac\u0131 \u00e7\u0259r\u00e7iv\u0259sind\u0259 t\u0259dar\u00fck olunan S-400-l\u0259r haqq\u0131nda polemika yarad\u0131lma\u011fa \u00e7al\u0131\u015f\u0131ld\u0131\u011f\u0131n\u0131 g\u00f6r\u00fcr\u00fck.<\/p>\n<div class=\"AdviadNativeVideo\"><\/div>\n<p>\u201cHaber Global\u201d\u0131n m\u0259lumat\u0131na g\u00f6r\u0259, bu s\u00f6zl\u0259ri T\u00fcrkiy\u0259 Prezidenti R\u0259c\u0259b Tayyib \u018frdo\u011fan Afrika turundan qay\u0131dark\u0259n t\u0259yyar\u0259d\u0259 jurnalistl\u0259r\u0259 a\u00e7\u0131qlamas\u0131nda deyib.<\/p>\n<p>\u201cX\u00fcsusil\u0259 bu g\u00fcn ya\u015fanan Rusiya-Ukrayna b\u00f6hran\u0131 bu silahlar\u0131n laz\u0131ml\u0131l\u0131\u011f\u0131n\u0131 yenid\u0259n ortaya qoyur. S-400-l\u0259rin niy\u0259 al\u0131nd\u0131\u011f\u0131 d\u0259f\u0259l\u0259rl\u0259 a\u00e7\u0131qlan\u0131b, s\u0259b\u0259bl\u0259ri, n\u0259tic\u0259l\u0259ri, prosesin \u00f6z\u00fc bar\u0259d\u0259 ictimaiyy\u0259t\u0259 m\u0259lumat verilib\u201d, &#8211; dey\u0259 \u018frdo\u011fan bildirib.<\/p>\n<p>Onun s\u00f6zl\u0259rin\u0259 g\u00f6r\u0259, S-400-l\u0259rin harada istifad\u0259 olunaca\u011f\u0131 bar\u0259d\u0259 sual\u0131n cavab\u0131 kifay\u0259t q\u0259d\u0259r ayd\u0131nd\u0131r:<\/p>\n<p>\u201cKim raketl\u0259 \u00f6lk\u0259miz\u0259 h\u00fccum ets\u0259, orada istifad\u0259 olunacaq. Bir d\u0259 \u201cS-400-l\u0259r anqarda g\u00f6zl\u0259yir\u201d deyirl\u0259r. S-400-l\u0259r harada g\u00f6zl\u0259m\u0259lidirs\u0259, orada g\u00f6zl\u0259yir. T\u0259bii ki, bunlar gizli m\u00f6vzulard\u0131r. Ehtiyac olaca\u011f\u0131 halda bu sistemin istifad\u0259sin\u0259 dair b\u00fct\u00fcn haz\u0131rl\u0131qlar\u0131n apar\u0131ld\u0131\u011f\u0131n\u0131 v\u0259 prosesin laz\u0131m\u0131 \u015f\u0259kild\u0259 inki\u015faf etdiyini bilirik\u201d.<\/p>\n","protected":false},"excerpt":{"rendered":"<p>Qeyri-m\u00fc\u0259yy\u0259nlik v\u0259 t\u0259hdidl\u0259rin he\u00e7 azalmad\u0131\u011f\u0131 bir b\u00f6lg\u0259d\u0259 uzunm\u0259nzilli regional hava v\u0259 raket h\u00fccumundan m\u00fcdafi\u0259 sistemi ehtiyac\u0131 \u00e7\u0259r\u00e7iv\u0259sind\u0259 t\u0259dar\u00fck olunan S-400-l\u0259r haqq\u0131nda polemika yarad\u0131lma\u011fa \u00e7al\u0131\u015f\u0131ld\u0131\u011f\u0131n\u0131 g\u00f6r\u00fcr\u00fck. \u201cHaber Global\u201d\u0131n m\u0259lumat\u0131na g\u00f6r\u0259, bu s\u00f6zl\u0259ri T\u00fcrkiy\u0259 Prezidenti R\u0259c\u0259b Tayyib \u018frdo\u011fan Afrika turundan qay\u0131dark\u0259n t\u0259yyar\u0259d\u0259 jurnalistl\u0259r\u0259 a\u00e7\u0131qlamas\u0131nda deyib. \u201cX\u00fcsusil\u0259 bu g\u00fcn ya\u015fanan Rusiya-Ukrayna b\u00f6hran\u0131 bu silahlar\u0131n laz\u0131ml\u0131l\u0131\u011f\u0131n\u0131 yenid\u0259n ortaya qoyur. S-400-l\u0259rin niy\u0259 al\u0131nd\u0131\u011f\u0131 d\u0259f\u0259l\u0259rl\u0259 a\u00e7\u0131qlan\u0131b, s\u0259b\u0259bl\u0259ri, n\u0259tic\u0259l\u0259ri, prosesin \u00f6z\u00fc bar\u0259d\u0259 ictimaiyy\u0259t\u0259 m\u0259lumat verilib\u201d, &#8211; dey\u0259 \u018frdo\u011fan bildirib. Onun s\u00f6zl\u0259rin\u0259 g\u00f6r\u0259, S-400-l\u0259rin harada istifad\u0259 olunaca\u011f\u0131 bar\u0259d\u0259 sual\u0131n cavab\u0131 kifay\u0259t q\u0259d\u0259r ayd\u0131nd\u0131r: \u201cKim raketl\u0259 \u00f6lk\u0259miz\u0259 h\u00fccum ets\u0259,&hellip;<\/p>\n","protected":false},"author":2,"featured_media":443061,"comment_status":"closed","ping_status":"closed","sticky":false,"template":"","format":"standard","meta":{"om_disable_all_campaigns":false,"_monsterinsights_skip_tracking":false,"_monsterinsights_sitenote_active":false,"_monsterinsights_sitenote_note":"","_monsterinsights_sitenote_category":0},"categories":[4],"tags":[],"aioseo_notices":[],"gutentor_comment":0,"rttpg_featured_image_url":{"full":["https:\/\/arantv.az\/wp-content\/uploads\/2022\/02\/1556449933_0_0_3076_1731_1920x0_80_0_0_b7fa3d34db98de884439869fe08a2846.jpg",620,413,false],"landscape":["https:\/\/arantv.az\/wp-content\/uploads\/2022\/02\/1556449933_0_0_3076_1731_1920x0_80_0_0_b7fa3d34db98de884439869fe08a2846.jpg",620,413,false],"portraits":["https:\/\/arantv.az\/wp-content\/uploads\/2022\/02\/1556449933_0_0_3076_1731_1920x0_80_0_0_b7fa3d34db98de884439869fe08a2846.jpg",620,413,false],"thumbnail":["https:\/\/arantv.az\/wp-content\/uploads\/2022\/02\/1556449933_0_0_3076_1731_1920x0_80_0_0_b7fa3d34db98de884439869fe08a2846-500x280.jpg",500,280,true],"medium":["https:\/\/arantv.az\/wp-content\/uploads\/2022\/02\/1556449933_0_0_3076_1731_1920x0_80_0_0_b7fa3d34db98de884439869fe08a2846-548x365.jpg",548,365,true],"large":["https:\/\/arantv.az\/wp-content\/uploads\/2022\/02\/1556449933_0_0_3076_1731_1920x0_80_0_0_b7fa3d34db98de884439869fe08a2846.jpg",620,413,false],"1536x1536":["https:\/\/arantv.az\/wp-content\/uploads\/2022\/02\/1556449933_0_0_3076_1731_1920x0_80_0_0_b7fa3d34db98de884439869fe08a2846.jpg",620,413,false],"2048x2048":["https:\/\/arantv.az\/wp-content\/uploads\/2022\/02\/1556449933_0_0_3076_1731_1920x0_80_0_0_b7fa3d34db98de884439869fe08a2846.jpg",620,413,false],"post-thumbnail":["https:\/\/arantv.az\/wp-content\/uploads\/2022\/02\/1556449933_0_0_3076_1731_1920x0_80_0_0_b7fa3d34db98de884439869fe08a2846-240x172.jpg",240,172,true],"advps-thumb-one":["https:\/\/arantv.az\/wp-content\/uploads\/2022\/02\/1556449933_0_0_3076_1731_1920x0_80_0_0_b7fa3d34db98de884439869fe08a2846.jpg",620,413,false]},"rttpg_author":{"display_name":"V\u00fcsal Rafiqo\u011flu","author_link":"https:\/\/arantv.az\/?author=2"},"rttpg_comment":0,"rttpg_category":"<a href=\"https:\/\/arantv.az\/?cat=4\" rel=\"category\">Siyas\u0259t<\/a>","rttpg_excerpt":"Qeyri-m\u00fc\u0259yy\u0259nlik v\u0259 t\u0259hdidl\u0259rin he\u00e7 azalmad\u0131\u011f\u0131 bir b\u00f6lg\u0259d\u0259 uzunm\u0259nzilli regional hava v\u0259 raket h\u00fccumundan m\u00fcdafi\u0259 sistemi ehtiyac\u0131 \u00e7\u0259r\u00e7iv\u0259sind\u0259 t\u0259dar\u00fck olunan S-400-l\u0259r haqq\u0131nda polemika yarad\u0131lma\u011fa \u00e7al\u0131\u015f\u0131ld\u0131\u011f\u0131n\u0131 g\u00f6r\u00fcr\u00fck. \u201cHaber Global\u201d\u0131n m\u0259lumat\u0131na g\u00f6r\u0259, bu s\u00f6zl\u0259ri T\u00fcrkiy\u0259 Prezidenti R\u0259c\u0259b Tayyib \u018frdo\u011fan Afrika turundan qay\u0131dark\u0259n t\u0259yyar\u0259d\u0259 jurnalistl\u0259r\u0259 a\u00e7\u0131qlamas\u0131nda deyib. \u201cX\u00fcsusil\u0259 bu g\u00fcn ya\u015fanan Rusiya-Ukrayna b\u00f6hran\u0131 bu silahlar\u0131n laz\u0131ml\u0131l\u0131\u011f\u0131n\u0131 yenid\u0259n ortaya qoyur.&hellip;","_links":{"self":[{"href":"https:\/\/arantv.az\/index.php?rest_route=\/wp\/v2\/posts\/443060"}],"collection":[{"href":"https:\/\/arantv.az\/index.php?rest_route=\/wp\/v2\/posts"}],"about":[{"href":"https:\/\/arantv.az\/index.php?rest_route=\/wp\/v2\/types\/post"}],"author":[{"embeddable":true,"href":"https:\/\/arantv.az\/index.php?rest_route=\/wp\/v2\/users\/2"}],"replies":[{"embeddable":true,"href":"https:\/\/arantv.az\/index.php?rest_route=%2Fwp%2Fv2%2Fcomments&post=443060"}],"version-history":[{"count":0,"href":"https:\/\/arantv.az\/index.php?rest_route=\/wp\/v2\/posts\/443060\/revisions"}],"wp:featuredmedia":[{"embeddable":true,"href":"https:\/\/arantv.az\/index.php?rest_route=\/wp\/v2\/media\/443061"}],"wp:attachment":[{"href":"https:\/\/arantv.az\/index.php?rest_route=%2Fwp%2Fv2%2Fmedia&parent=443060"}],"wp:term":[{"taxonomy":"category","embeddable":true,"href":"https:\/\/arantv.az\/index.php?rest_route=%2Fwp%2Fv2%2Fcategories&post=443060"},{"taxonomy":"post_tag","embeddable":true,"href":"https:\/\/arantv.az\/index.php?rest_route=%2Fwp%2Fv2%2Ftags&post=443060"}],"curies":[{"name":"wp","href":"https:\/\/api.w.org\/{rel}","templated":true}]}}