{"id":443063,"date":"2022-02-23T18:22:08","date_gmt":"2022-02-23T15:22:08","guid":{"rendered":"http:\/\/arantv.az\/?p=443063"},"modified":"2022-02-23T18:22:08","modified_gmt":"2022-02-23T15:22:08","slug":"ilham-%c9%99liyev-%c9%99rdoganla-ukrayna-m%c9%99s%c9%99l%c9%99sini-muzakir%c9%99-etdi","status":"publish","type":"post","link":"https:\/\/arantv.az\/?p=443063","title":{"rendered":"\u0130lham \u018fliyev \u018frdo\u011fanla Ukrayna m\u0259s\u0259l\u0259sini m\u00fczakir\u0259 etdi"},"content":{"rendered":"<p>Az\u0259rbaycan Prezidenti \u0130lham \u018fliyev v\u0259 T\u00fcrkiy\u0259 Prezidenti R\u0259c\u0259b Tayyib \u018frdo\u011fan aras\u0131nda telefon dan\u0131\u015f\u0131\u011f\u0131 ba\u015f tutub.<\/p>\n<div class=\"AdviadNativeVideo\"><\/div>\n<p>Bu bar\u0259d\u0259 \u201cHaber Global\u201d T\u00fcrkiy\u0259 Prezident Administrasiyas\u0131n\u0131n Kommunikasiya \u0130dar\u0259sin\u0259 istinad\u0259n m\u0259lumat yay\u0131b.<\/p>\n<p>Telefon s\u00f6hb\u0259tind\u0259 T\u00fcrkiy\u0259-Az\u0259rbaycan \u0259m\u0259kda\u015fl\u0131\u011f\u0131n\u0131n inki\u015faf\u0131na y\u00f6n\u0259lmi\u015f m\u0259qamlar, h\u0259m\u00e7inin Erm\u0259nistanla m\u00fcnasib\u0259tl\u0259r v\u0259 Rusiya-Ukrayna b\u00f6hran\u0131 ba\u015fda olmaqla regional m\u0259s\u0259l\u0259l\u0259r m\u00fczakir\u0259 olunub.<\/p>\n<p>Liderl\u0259r s\u00f6hb\u0259t zaman\u0131 ikit\u0259r\u0259fli m\u00fcnasib\u0259tl\u0259r v\u0259 regional m\u0259s\u0259l\u0259l\u0259rd\u0259 koordinasiyal\u0131 \u015f\u0259kild\u0259 h\u0259r\u0259k\u0259t etm\u0259k q\u0259rarl\u0131l\u0131qlar\u0131n\u0131 bir daha t\u0259sdiql\u0259yibl\u0259r.<\/p>\n","protected":false},"excerpt":{"rendered":"<p>Az\u0259rbaycan Prezidenti \u0130lham \u018fliyev v\u0259 T\u00fcrkiy\u0259 Prezidenti R\u0259c\u0259b Tayyib \u018frdo\u011fan aras\u0131nda telefon dan\u0131\u015f\u0131\u011f\u0131 ba\u015f tutub. Bu bar\u0259d\u0259 \u201cHaber Global\u201d T\u00fcrkiy\u0259 Prezident Administrasiyas\u0131n\u0131n Kommunikasiya \u0130dar\u0259sin\u0259 istinad\u0259n m\u0259lumat yay\u0131b. Telefon s\u00f6hb\u0259tind\u0259 T\u00fcrkiy\u0259-Az\u0259rbaycan \u0259m\u0259kda\u015fl\u0131\u011f\u0131n\u0131n inki\u015faf\u0131na y\u00f6n\u0259lmi\u015f m\u0259qamlar, h\u0259m\u00e7inin Erm\u0259nistanla m\u00fcnasib\u0259tl\u0259r v\u0259 Rusiya-Ukrayna b\u00f6hran\u0131 ba\u015fda olmaqla regional m\u0259s\u0259l\u0259l\u0259r m\u00fczakir\u0259 olunub. Liderl\u0259r s\u00f6hb\u0259t zaman\u0131 ikit\u0259r\u0259fli m\u00fcnasib\u0259tl\u0259r v\u0259 regional m\u0259s\u0259l\u0259l\u0259rd\u0259 koordinasiyal\u0131 \u015f\u0259kild\u0259 h\u0259r\u0259k\u0259t etm\u0259k q\u0259rarl\u0131l\u0131qlar\u0131n\u0131 bir daha t\u0259sdiql\u0259yibl\u0259r.<\/p>\n","protected":false},"author":2,"featured_media":443064,"comment_status":"closed","ping_status":"closed","sticky":false,"template":"","format":"standard","meta":{"om_disable_all_campaigns":false,"_monsterinsights_skip_tracking":false,"_monsterinsights_sitenote_active":false,"_monsterinsights_sitenote_note":"","_monsterinsights_sitenote_category":0},"categories":[4],"tags":[],"aioseo_notices":[],"gutentor_comment":0,"rttpg_featured_image_url":{"full":["https:\/\/arantv.az\/wp-content\/uploads\/2022\/02\/FotoJet-2021-11-28T190419.725.jpg",620,413,false],"landscape":["https:\/\/arantv.az\/wp-content\/uploads\/2022\/02\/FotoJet-2021-11-28T190419.725.jpg",620,413,false],"portraits":["https:\/\/arantv.az\/wp-content\/uploads\/2022\/02\/FotoJet-2021-11-28T190419.725.jpg",620,413,false],"thumbnail":["https:\/\/arantv.az\/wp-content\/uploads\/2022\/02\/FotoJet-2021-11-28T190419.725-500x280.jpg",500,280,true],"medium":["https:\/\/arantv.az\/wp-content\/uploads\/2022\/02\/FotoJet-2021-11-28T190419.725-548x365.jpg",548,365,true],"large":["https:\/\/arantv.az\/wp-content\/uploads\/2022\/02\/FotoJet-2021-11-28T190419.725.jpg",620,413,false],"1536x1536":["https:\/\/arantv.az\/wp-content\/uploads\/2022\/02\/FotoJet-2021-11-28T190419.725.jpg",620,413,false],"2048x2048":["https:\/\/arantv.az\/wp-content\/uploads\/2022\/02\/FotoJet-2021-11-28T190419.725.jpg",620,413,false],"post-thumbnail":["https:\/\/arantv.az\/wp-content\/uploads\/2022\/02\/FotoJet-2021-11-28T190419.725-240x172.jpg",240,172,true],"advps-thumb-one":["https:\/\/arantv.az\/wp-content\/uploads\/2022\/02\/FotoJet-2021-11-28T190419.725.jpg",620,413,false]},"rttpg_author":{"display_name":"V\u00fcsal Rafiqo\u011flu","author_link":"https:\/\/arantv.az\/?author=2"},"rttpg_comment":0,"rttpg_category":"<a href=\"https:\/\/arantv.az\/?cat=4\" rel=\"category\">Siyas\u0259t<\/a>","rttpg_excerpt":"Az\u0259rbaycan Prezidenti \u0130lham \u018fliyev v\u0259 T\u00fcrkiy\u0259 Prezidenti R\u0259c\u0259b Tayyib \u018frdo\u011fan aras\u0131nda telefon dan\u0131\u015f\u0131\u011f\u0131 ba\u015f tutub. Bu bar\u0259d\u0259 \u201cHaber Global\u201d T\u00fcrkiy\u0259 Prezident Administrasiyas\u0131n\u0131n Kommunikasiya \u0130dar\u0259sin\u0259 istinad\u0259n m\u0259lumat yay\u0131b. Telefon s\u00f6hb\u0259tind\u0259 T\u00fcrkiy\u0259-Az\u0259rbaycan \u0259m\u0259kda\u015fl\u0131\u011f\u0131n\u0131n inki\u015faf\u0131na y\u00f6n\u0259lmi\u015f m\u0259qamlar, h\u0259m\u00e7inin Erm\u0259nistanla m\u00fcnasib\u0259tl\u0259r v\u0259 Rusiya-Ukrayna b\u00f6hran\u0131 ba\u015fda olmaqla regional m\u0259s\u0259l\u0259l\u0259r m\u00fczakir\u0259 olunub. Liderl\u0259r s\u00f6hb\u0259t zaman\u0131 ikit\u0259r\u0259fli m\u00fcnasib\u0259tl\u0259r v\u0259 regional m\u0259s\u0259l\u0259l\u0259rd\u0259 koordinasiyal\u0131&hellip;","_links":{"self":[{"href":"https:\/\/arantv.az\/index.php?rest_route=\/wp\/v2\/posts\/443063"}],"collection":[{"href":"https:\/\/arantv.az\/index.php?rest_route=\/wp\/v2\/posts"}],"about":[{"href":"https:\/\/arantv.az\/index.php?rest_route=\/wp\/v2\/types\/post"}],"author":[{"embeddable":true,"href":"https:\/\/arantv.az\/index.php?rest_route=\/wp\/v2\/users\/2"}],"replies":[{"embeddable":true,"href":"https:\/\/arantv.az\/index.php?rest_route=%2Fwp%2Fv2%2Fcomments&post=443063"}],"version-history":[{"count":0,"href":"https:\/\/arantv.az\/index.php?rest_route=\/wp\/v2\/posts\/443063\/revisions"}],"wp:featuredmedia":[{"embeddable":true,"href":"https:\/\/arantv.az\/index.php?rest_route=\/wp\/v2\/media\/443064"}],"wp:attachment":[{"href":"https:\/\/arantv.az\/index.php?rest_route=%2Fwp%2Fv2%2Fmedia&parent=443063"}],"wp:term":[{"taxonomy":"category","embeddable":true,"href":"https:\/\/arantv.az\/index.php?rest_route=%2Fwp%2Fv2%2Fcategories&post=443063"},{"taxonomy":"post_tag","embeddable":true,"href":"https:\/\/arantv.az\/index.php?rest_route=%2Fwp%2Fv2%2Ftags&post=443063"}],"curies":[{"name":"wp","href":"https:\/\/api.w.org\/{rel}","templated":true}]}}