{"id":443082,"date":"2022-02-23T20:09:51","date_gmt":"2022-02-23T17:09:51","guid":{"rendered":"http:\/\/arantv.az\/?p=443082"},"modified":"2022-02-23T20:09:51","modified_gmt":"2022-02-23T17:09:51","slug":"serebrenisa-qurbani-pasinyanin-feysbuk-s%c9%99hif%c9%99sind%c9%99-xocali-cagirisi-edib","status":"publish","type":"post","link":"https:\/\/arantv.az\/?p=443082","title":{"rendered":"Serebrenisa qurban\u0131 Pa\u015f\u0131nyan\u0131n feysbuk s\u0259hif\u0259sind\u0259 Xocal\u0131 \u00e7a\u011f\u0131r\u0131\u015f\u0131 edib"},"content":{"rendered":"<p>X\u0259b\u0259r verildiyi kimi, bu g\u00fcn Avstriyan\u0131n paytaxt\u0131 Vyanada AT\u018fT-in g\u0259rargah\u0131nda ke\u00e7iril\u0259n \u201cS\u00fclh v\u0259 \u0259dal\u0259t\u201d m\u00f6vzusunda beyn\u0259lxalq t\u0259dbird\u0259 \u201cSoyq\u0131r\u0131m v\u0259 K\u00fctl\u0259vi Q\u0131r\u011f\u0131nlara Qar\u015f\u0131 Budape\u015ft Beyn\u0259lxalq M\u0259rk\u0259zi\u201dnin s\u0259dri Giorgiy Tatar t\u0259r\u0259find\u0259n \u201cBar\u0131\u015f\u0131q \u00fc\u00e7\u00fcn etiraf et\u201d t\u0259\u015f\u0259bb\u00fcs\u00fc elan edilib. T\u0259\u015f\u0259bb\u00fcs\u00fcn \u0259sas m\u0259qs\u0259dl\u0259ri beyn\u0259lxalq ictimay\u0259tin t\u0259siri il\u0259 Erm\u0259nistan t\u0259r\u0259find\u0259n faci\u0259nin tan\u0131nmas\u0131na nail olunmas\u0131d\u0131r. Qeyd olunub ki, t\u0259\u015f\u0259bb\u00fcs insan haqlar\u0131 t\u0259\u015fkilatlar\u0131 v\u0259 n\u00fcfuzlu ekspertl\u0259rin qo\u015fulmas\u0131 \u00fc\u00e7\u00fcn a\u00e7\u0131qd\u0131r.<\/p>\n<p>&#8220;Report&#8221; x\u0259b\u0259r verir ki, s\u00f6z\u00fcged\u0259n t\u0259dbirin apar\u0131c\u0131s\u0131 qismind\u0259 \u00e7\u0131x\u0131\u015f ed\u0259n \u201cSerebrenisa An\u0131m M\u0259rk\u0259zi Muzeyinin\u201d direktor m\u00fcavini Amra Beqi\u00e7 t\u0259dbirin sonunda emosional \u015f\u0259kild\u0259 \u00e7\u0131x\u0131\u015f ed\u0259r\u0259k, Xocal\u0131 \u00fc\u00e7\u00fcn \u0259dal\u0259tin b\u0259rpas\u0131n\u0131 insanl\u0131q qar\u015f\u0131s\u0131nda borc olaraq adland\u0131r\u0131b. Xocal\u0131 cinay\u0259tinin Serebrenisada t\u00f6r\u0259dil\u0259n soyq\u0131r\u0131mla bir \u00e7ox eynilikl\u0259rin oldu\u011funu qeyd ed\u0259n natiq bu t\u0259\u015f\u0259bb\u00fcs\u0259 qat\u0131ld\u0131\u011f\u0131n\u0131 elan edib. S\u00fclh\u0259 t\u00f6hf\u0259 verm\u0259k m\u0259qs\u0259dil\u0259 Amra Beqi\u00e7 Erm\u0259nistan\u0131n Xocal\u0131 soyq\u0131r\u0131m\u0131n\u0131 etiraf etm\u0259sini vacib sayd\u0131\u011f\u0131n\u0131 qeyd edib.<\/p>\n<p>O b\u00fct\u00fcn s\u00fclhsev\u0259r insanlara m\u00fcraci\u0259t ed\u0259r\u0259k Xocal\u0131 soyq\u0131r\u0131m\u0131n\u0131n tan\u0131nmas\u0131 \u00fc\u00e7\u00fcn Erm\u0259nistan\u0131n r\u0259smi n\u00fcmay\u0259nd\u0259l\u0259ri, ilk n\u00f6vb\u0259d\u0259 Erm\u0259nistan ba\u015f naziri N.Pa\u015finyana v\u0259 s\u0131rav\u0131 erm\u0259nil\u0259r\u0259 \u00e7a\u011f\u0131r\u0131\u015f ed\u0259c\u0259k x\u00fcsusi aksiyan\u0131n ke\u00e7irilm\u0259sini t\u0259klif edib.<\/p>\n<p>\u201cBu \u00e7a\u011f\u0131r\u0131\u015flarda yazacag\u0131n\u0131z c\u0259mi \u00fc\u00e7 s\u00f6z \u2013 \u201cXocal\u0131: Bar\u0131\u015f\u0131q \u00fc\u00e7\u00fcn etiraf et\u201d (Khojaly:RecognizeToReconcile) regionda s\u00fclh\u00fcn b\u0259rqarar edilm\u0259si v\u0259 Xocal\u0131 qurbanlar\u0131 qar\u015f\u0131s\u0131nda insanl\u0131q borcumuz bax\u0131m\u0131ndan ataca\u011f\u0131m\u0131z \u0259n b\u0259sit add\u0131md\u0131r\u201d, &#8211; ictimai xadim vur\u011fulay\u0131b.<\/p>\n<p>Qeyd ed\u0259k ki, Amra Beqi\u00e7 \u00f6z\u00fc Serebrenisa soyq\u0131r\u0131m\u0131 zaman\u0131 ail\u0259sini itirib. O, kriminalistika \u00fczr\u0259 Niderlandda t\u0259hsil al\u0131b, Almaniyada beyn\u0259lxalq \u0259m\u0259kda\u015fl\u0131q \u00fczr\u0259 DVV \u0130nstitutunda \u00e7al\u0131\u015f\u0131b v\u0259 2005-ci ild\u0259n Serebrenisa Memorial Kompleksind\u0259 f\u0259aliyy\u0259t g\u00f6st\u0259rir.<\/p>\n","protected":false},"excerpt":{"rendered":"<p>X\u0259b\u0259r verildiyi kimi, bu g\u00fcn Avstriyan\u0131n paytaxt\u0131 Vyanada AT\u018fT-in g\u0259rargah\u0131nda ke\u00e7iril\u0259n \u201cS\u00fclh v\u0259 \u0259dal\u0259t\u201d m\u00f6vzusunda beyn\u0259lxalq t\u0259dbird\u0259 \u201cSoyq\u0131r\u0131m v\u0259 K\u00fctl\u0259vi Q\u0131r\u011f\u0131nlara Qar\u015f\u0131 Budape\u015ft Beyn\u0259lxalq M\u0259rk\u0259zi\u201dnin s\u0259dri Giorgiy Tatar t\u0259r\u0259find\u0259n \u201cBar\u0131\u015f\u0131q \u00fc\u00e7\u00fcn etiraf et\u201d t\u0259\u015f\u0259bb\u00fcs\u00fc elan edilib. T\u0259\u015f\u0259bb\u00fcs\u00fcn \u0259sas m\u0259qs\u0259dl\u0259ri beyn\u0259lxalq ictimay\u0259tin t\u0259siri il\u0259 Erm\u0259nistan t\u0259r\u0259find\u0259n faci\u0259nin tan\u0131nmas\u0131na nail olunmas\u0131d\u0131r. Qeyd olunub ki, t\u0259\u015f\u0259bb\u00fcs insan haqlar\u0131 t\u0259\u015fkilatlar\u0131 v\u0259 n\u00fcfuzlu ekspertl\u0259rin qo\u015fulmas\u0131 \u00fc\u00e7\u00fcn a\u00e7\u0131qd\u0131r. &#8220;Report&#8221; x\u0259b\u0259r verir ki, s\u00f6z\u00fcged\u0259n t\u0259dbirin apar\u0131c\u0131s\u0131 qismind\u0259 \u00e7\u0131x\u0131\u015f ed\u0259n \u201cSerebrenisa An\u0131m M\u0259rk\u0259zi Muzeyinin\u201d direktor m\u00fcavini Amra Beqi\u00e7 t\u0259dbirin sonunda emosional \u015f\u0259kild\u0259 \u00e7\u0131x\u0131\u015f ed\u0259r\u0259k, Xocal\u0131 \u00fc\u00e7\u00fcn \u0259dal\u0259tin b\u0259rpas\u0131n\u0131&hellip;<\/p>\n","protected":false},"author":2,"featured_media":443083,"comment_status":"closed","ping_status":"closed","sticky":false,"template":"","format":"standard","meta":{"om_disable_all_campaigns":false,"_monsterinsights_skip_tracking":false,"_monsterinsights_sitenote_active":false,"_monsterinsights_sitenote_note":"","_monsterinsights_sitenote_category":0},"categories":[4],"tags":[],"aioseo_notices":[],"gutentor_comment":0,"rttpg_featured_image_url":{"full":["https:\/\/arantv.az\/wp-content\/uploads\/2022\/02\/FotoJet-2022-02-23T204435.071.jpg",620,413,false],"landscape":["https:\/\/arantv.az\/wp-content\/uploads\/2022\/02\/FotoJet-2022-02-23T204435.071.jpg",620,413,false],"portraits":["https:\/\/arantv.az\/wp-content\/uploads\/2022\/02\/FotoJet-2022-02-23T204435.071.jpg",620,413,false],"thumbnail":["https:\/\/arantv.az\/wp-content\/uploads\/2022\/02\/FotoJet-2022-02-23T204435.071-500x280.jpg",500,280,true],"medium":["https:\/\/arantv.az\/wp-content\/uploads\/2022\/02\/FotoJet-2022-02-23T204435.071-548x365.jpg",548,365,true],"large":["https:\/\/arantv.az\/wp-content\/uploads\/2022\/02\/FotoJet-2022-02-23T204435.071.jpg",620,413,false],"1536x1536":["https:\/\/arantv.az\/wp-content\/uploads\/2022\/02\/FotoJet-2022-02-23T204435.071.jpg",620,413,false],"2048x2048":["https:\/\/arantv.az\/wp-content\/uploads\/2022\/02\/FotoJet-2022-02-23T204435.071.jpg",620,413,false],"post-thumbnail":["https:\/\/arantv.az\/wp-content\/uploads\/2022\/02\/FotoJet-2022-02-23T204435.071-240x172.jpg",240,172,true],"advps-thumb-one":["https:\/\/arantv.az\/wp-content\/uploads\/2022\/02\/FotoJet-2022-02-23T204435.071.jpg",620,413,false]},"rttpg_author":{"display_name":"V\u00fcsal Rafiqo\u011flu","author_link":"https:\/\/arantv.az\/?author=2"},"rttpg_comment":0,"rttpg_category":"<a href=\"https:\/\/arantv.az\/?cat=4\" rel=\"category\">Siyas\u0259t<\/a>","rttpg_excerpt":"X\u0259b\u0259r verildiyi kimi, bu g\u00fcn Avstriyan\u0131n paytaxt\u0131 Vyanada AT\u018fT-in g\u0259rargah\u0131nda ke\u00e7iril\u0259n \u201cS\u00fclh v\u0259 \u0259dal\u0259t\u201d m\u00f6vzusunda beyn\u0259lxalq t\u0259dbird\u0259 \u201cSoyq\u0131r\u0131m v\u0259 K\u00fctl\u0259vi Q\u0131r\u011f\u0131nlara Qar\u015f\u0131 Budape\u015ft Beyn\u0259lxalq M\u0259rk\u0259zi\u201dnin s\u0259dri Giorgiy Tatar t\u0259r\u0259find\u0259n \u201cBar\u0131\u015f\u0131q \u00fc\u00e7\u00fcn etiraf et\u201d t\u0259\u015f\u0259bb\u00fcs\u00fc elan edilib. T\u0259\u015f\u0259bb\u00fcs\u00fcn \u0259sas m\u0259qs\u0259dl\u0259ri beyn\u0259lxalq ictimay\u0259tin t\u0259siri il\u0259 Erm\u0259nistan t\u0259r\u0259find\u0259n faci\u0259nin tan\u0131nmas\u0131na nail olunmas\u0131d\u0131r. Qeyd olunub ki, t\u0259\u015f\u0259bb\u00fcs insan haqlar\u0131&hellip;","_links":{"self":[{"href":"https:\/\/arantv.az\/index.php?rest_route=\/wp\/v2\/posts\/443082"}],"collection":[{"href":"https:\/\/arantv.az\/index.php?rest_route=\/wp\/v2\/posts"}],"about":[{"href":"https:\/\/arantv.az\/index.php?rest_route=\/wp\/v2\/types\/post"}],"author":[{"embeddable":true,"href":"https:\/\/arantv.az\/index.php?rest_route=\/wp\/v2\/users\/2"}],"replies":[{"embeddable":true,"href":"https:\/\/arantv.az\/index.php?rest_route=%2Fwp%2Fv2%2Fcomments&post=443082"}],"version-history":[{"count":0,"href":"https:\/\/arantv.az\/index.php?rest_route=\/wp\/v2\/posts\/443082\/revisions"}],"wp:featuredmedia":[{"embeddable":true,"href":"https:\/\/arantv.az\/index.php?rest_route=\/wp\/v2\/media\/443083"}],"wp:attachment":[{"href":"https:\/\/arantv.az\/index.php?rest_route=%2Fwp%2Fv2%2Fmedia&parent=443082"}],"wp:term":[{"taxonomy":"category","embeddable":true,"href":"https:\/\/arantv.az\/index.php?rest_route=%2Fwp%2Fv2%2Fcategories&post=443082"},{"taxonomy":"post_tag","embeddable":true,"href":"https:\/\/arantv.az\/index.php?rest_route=%2Fwp%2Fv2%2Ftags&post=443082"}],"curies":[{"name":"wp","href":"https:\/\/api.w.org\/{rel}","templated":true}]}}