{"id":443091,"date":"2022-02-23T20:15:10","date_gmt":"2022-02-23T17:15:10","guid":{"rendered":"http:\/\/arantv.az\/?p=443091"},"modified":"2022-02-23T20:15:10","modified_gmt":"2022-02-23T17:15:10","slug":"beyn%c9%99lxalq-m%c9%99rk%c9%99z-erm%c9%99nistana-xocalini-etiraf-et-cagirisi-edib-foto","status":"publish","type":"post","link":"https:\/\/arantv.az\/?p=443091","title":{"rendered":"Beyn\u0259lxalq M\u0259rk\u0259z Erm\u0259nistana \u201cXocal\u0131n\u0131 etiraf et\u201d \u00e7a\u011f\u0131r\u0131\u015f\u0131 edib &#8211; FOTO"},"content":{"rendered":"<p>\u201cRegionda dayan\u0131ql\u0131 s\u00fclh \u00fc\u00e7\u00fcn Erm\u0259nistan Xocal\u0131 soyq\u0131r\u0131m\u0131na g\u00f6r\u0259 \u00fczr ist\u0259m\u0259lidir\u201d.<\/p>\n<p>\u201cReport\u201d x\u0259b\u0259r verir ki, bu \u00e7a\u011f\u0131r\u0131\u015f\u0131 \u201cSoyq\u0131r\u0131m v\u0259 K\u00fctl\u0259vi Q\u0131r\u011f\u0131nlara Qar\u015f\u0131 Budape\u015ft Beyn\u0259lxalq M\u0259rk\u0259zi\u201dnin s\u0259dri Giorgiy Tatar bu g\u00fcn AT\u018fT-in m\u0259rk\u0259zi q\u0259rargah\u0131nda s\u0259sl\u0259ndirib.<\/p>\n<div class=\"AdviadNativeVideo\"><\/div>\n<p>Avstriyan\u0131n paytaxt\u0131 Vyanada Az\u0259rbaycan\u0131n Avstriyadak\u0131 s\u0259firliyi v\u0259 Beyn\u0259lxalq M\u00fcnasib\u0259tl\u0259rin T\u0259hlili M\u0259rk\u0259zinin t\u0259\u015fkilat\u00e7\u0131l\u0131\u011f\u0131 il\u0259 ke\u00e7iril\u0259n \u201cS\u00fclh v\u0259 \u0259dal\u0259t\u201d m\u00f6vzusunda beyn\u0259lxalq t\u0259dbird\u0259 \u00e7\u0131x\u0131\u015f ed\u0259n tan\u0131nm\u0131\u015f M\u0259rk\u0259z r\u0259hb\u0259ri 1992-ci ilin fevral\u0131nda ba\u015f vermi\u015f Xocal\u0131 soyq\u0131r\u0131m\u0131 haqq\u0131nda geni\u015f m\u0259lumat ver\u0259r\u0259k bu cinay\u0259ti XX \u0259srin sonlar\u0131n\u0131n \u0259n qanl\u0131 faci\u0259l\u0259rind\u0259n biri adland\u0131r\u0131b, Erm\u0259nistanla Az\u0259rbaycan aras\u0131nda dayan\u0131ql\u0131 s\u00fclh quruculu\u011funda \u0259sas mane\u0259l\u0259rd\u0259n biri kimi d\u0259y\u0259rl\u0259ndirib.<\/p>\n<p>Natiq 44-g\u00fcnl\u00fck m\u00fcharib\u0259nin Qaraba\u011f m\u00fcnaqi\u015f\u0259sin\u0259 son qoyaraq, Az\u0259rbaycan v\u0259 Erm\u0259nistan aras\u0131nda d\u00f6vl\u0259tl\u0259raras\u0131 m\u00fcnasib\u0259tl\u0259rin normalla\u015fmas\u0131, xalqlar aras\u0131nda nifr\u0259t v\u0259 d\u00fc\u015fm\u0259n\u00e7iliyin t\u0259dric\u0259n aradan qalad\u0131r\u0131lmas\u0131 \u00fc\u00e7\u00fcn \u015f\u0259rait yaratd\u0131\u011f\u0131n\u0131 qeyd edib. Eyni zamanda o, \u201cXocal\u0131ya \u018fdal\u0259t\u201d kampaniyas\u0131 n\u0259tic\u0259sind\u0259 geni\u015f beyn\u0259lxalq m\u00fcst\u0259vid\u0259 soyq\u0131r\u0131m kimi tan\u0131nan Xocal\u0131 faci\u0259sin\u0259 m\u0259hz Erm\u0259nistan\u0131n adekvat qiym\u0259t verm\u0259m\u0259sinin regionda ged\u0259n normalla\u015fma prosesi \u00fc\u00e7\u00fcn ciddi mane\u0259l\u0259r t\u0259\u015fkil etdiyini qeyd edib. Bu faci\u0259nin t\u00f6r\u0259dilm\u0259sin\u0259 g\u00f6r\u0259 Erm\u0259nistan\u0131n ke\u00e7mi\u015f r\u0259hb\u0259rliyinin m\u0259suliyy\u0259t da\u015f\u0131d\u0131\u011f\u0131n\u0131 vur\u011fulayan natiq, Yerevan\u0131n bu cinay\u0259t\u0259 g\u00f6r\u0259 faci\u0259 qurbanlar\u0131ndan \u00fczr ist\u0259m\u0259sinin h\u0259m Erm\u0259nistan\u0131n \u00f6z qaranl\u0131q ke\u00e7mi\u015fi il\u0259 hesabla\u015fmas\u0131na, h\u0259m d\u0259 regionda dayan\u0131ql\u0131 s\u00fclh\u0259 xidm\u0259t ed\u0259c\u0259yini bildirib.<\/p>\n<p>Postm\u00fcnaqi\u015f\u0259 d\u00f6vr\u00fcnd\u0259 s\u00fclh quruculu\u011fu \u00fczr\u0259 beyn\u0259lxalq t\u0259cr\u00fcb\u0259y\u0259 istinad ed\u0259n G.Tatar r\u0259hb\u0259rlik etdiyi beyn\u0259lxalq m\u0259rk\u0259zin, Xocal\u0131 qurbanlar\u0131 \u00fc\u00e7\u00fcn \u0259dal\u0259t v\u0259 regionda s\u00fclh namin\u0259, \u201cBar\u0131\u015f\u0131q \u00fc\u00e7\u00fcn etiraf et\u201d t\u0259\u015f\u0259bb\u00fcs\u00fcn\u0259 ba\u015flad\u0131\u011f\u0131n\u0131 elan edib. T\u0259\u015f\u0259bb\u00fcs\u00fcn \u0259sas m\u0259qs\u0259dl\u0259ri beyn\u0259lxalq ictimay\u0259tin t\u0259siri il\u0259 Erm\u0259nistan t\u0259r\u0259find\u0259n faci\u0259nin tan\u0131nmas\u0131na nail olunmas\u0131 il\u0259 yana\u015f\u0131, Az\u0259rabaycan v\u0259 Erm\u0259nistan c\u0259miyy\u0259tl\u0259ri aras\u0131nda dialoqa xidm\u0259t etm\u0259si v\u0259 postm\u00fcnaqi\u015f\u0259 d\u00f6vr\u00fc \u00fc\u00e7\u00fcn \u201cke\u00e7id \u0259dal\u0259tinin\u201d t\u0259min edilm\u0259sidir.<\/p>\n<p>Xocal\u0131 faci\u0259sinin 30-illiyin\u0259 h\u0259sr edilmi\u015f t\u0259\u015f\u0259bb\u00fcs \u0259ntraf\u0131nda yax\u0131n vaxtlarda geni\u015f beyn\u0259lxalq koalisiyan\u0131n qurulmas\u0131n\u0131n n\u0259z\u0259rd\u0259 tutuldu\u011fuu qeyd ed\u0259n G.Tatar, koalisiyan\u0131n insan haqlar\u0131 t\u0259\u015fkilatlar\u0131 v\u0259 n\u00fcfuzlu ekspertl\u0259r \u00fc\u00e7\u00fcn a\u00e7\u0131q oldu\u011funu qeyd edib. T\u0259\u015f\u0259bb\u00fcs \u00e7\u0259r\u00e7iv\u0259sind\u0259 t\u0259dbirl\u0259r bu il \u0259rzind\u0259 davam etdiril\u0259c\u0259k.<\/p>\n<p>Qeyd ed\u0259k ki, Giorgiy Tatar uzun ill\u0259r Macar\u0131stan Xarici \u0130\u015fl\u0259r nazirliyind\u0259, Avropa \u015euras\u0131n\u0131n katibliyind\u0259 m\u00fcxt\u0259lif postlarda \u00e7al\u0131\u015f\u0131b, 2010-cu ild\u0259n \u201cSoyq\u0131r\u0131m v\u0259 K\u00fctl\u0259vi Q\u0131r\u011f\u0131nlar\u0131n Qar\u015f\u0131s\u0131n\u0131n Al\u0131nmas\u0131 \u00fczr\u0259 Budape\u015ft Beyn\u0259lxalq M\u0259rk\u0259zi\u201dnin s\u0259dridir.<\/p>\n<p>&nbsp;<\/p>\n<div class=\"gallery\">\n<div class=\"gallery-i\"><img src=\"https:\/\/cdn.oxu.az\/uploads\/W1siZiIsIjIwMjIvMDIvMjMvMjAvMTUvMTkvYWJkMTdmYmUtNGRmYy00MTMxLTlhYjktYWE5ODhiZWI3NDQzL2JiZTVlMzllLTVhYzItMzIzMi1hMDU3LTM4OGE5ODgzM2ExMi5qcGVnIl0sWyJwIiwiZW5jb2RlIiwianBnIiwiLXF1YWxpdHkgODAiXSxbInAiLCJ0aHVtYiIsIjU5MHg1OTBcdTAwM2UiXV0?sha=f4e5c5965324ab82\" alt=\"\" \/><\/div>\n<\/div>\n","protected":false},"excerpt":{"rendered":"<p>\u201cRegionda dayan\u0131ql\u0131 s\u00fclh \u00fc\u00e7\u00fcn Erm\u0259nistan Xocal\u0131 soyq\u0131r\u0131m\u0131na g\u00f6r\u0259 \u00fczr ist\u0259m\u0259lidir\u201d. \u201cReport\u201d x\u0259b\u0259r verir ki, bu \u00e7a\u011f\u0131r\u0131\u015f\u0131 \u201cSoyq\u0131r\u0131m v\u0259 K\u00fctl\u0259vi Q\u0131r\u011f\u0131nlara Qar\u015f\u0131 Budape\u015ft Beyn\u0259lxalq M\u0259rk\u0259zi\u201dnin s\u0259dri Giorgiy Tatar bu g\u00fcn AT\u018fT-in m\u0259rk\u0259zi q\u0259rargah\u0131nda s\u0259sl\u0259ndirib. Avstriyan\u0131n paytaxt\u0131 Vyanada Az\u0259rbaycan\u0131n Avstriyadak\u0131 s\u0259firliyi v\u0259 Beyn\u0259lxalq M\u00fcnasib\u0259tl\u0259rin T\u0259hlili M\u0259rk\u0259zinin t\u0259\u015fkilat\u00e7\u0131l\u0131\u011f\u0131 il\u0259 ke\u00e7iril\u0259n \u201cS\u00fclh v\u0259 \u0259dal\u0259t\u201d m\u00f6vzusunda beyn\u0259lxalq t\u0259dbird\u0259 \u00e7\u0131x\u0131\u015f ed\u0259n tan\u0131nm\u0131\u015f M\u0259rk\u0259z r\u0259hb\u0259ri 1992-ci ilin fevral\u0131nda ba\u015f vermi\u015f Xocal\u0131 soyq\u0131r\u0131m\u0131 haqq\u0131nda geni\u015f m\u0259lumat ver\u0259r\u0259k bu cinay\u0259ti XX \u0259srin sonlar\u0131n\u0131n \u0259n qanl\u0131 faci\u0259l\u0259rind\u0259n biri adland\u0131r\u0131b, Erm\u0259nistanla Az\u0259rbaycan aras\u0131nda dayan\u0131ql\u0131 s\u00fclh quruculu\u011funda \u0259sas mane\u0259l\u0259rd\u0259n biri kimi d\u0259y\u0259rl\u0259ndirib.&hellip;<\/p>\n","protected":false},"author":2,"featured_media":443092,"comment_status":"closed","ping_status":"closed","sticky":false,"template":"","format":"standard","meta":{"om_disable_all_campaigns":false,"_monsterinsights_skip_tracking":false,"_monsterinsights_sitenote_active":false,"_monsterinsights_sitenote_note":"","_monsterinsights_sitenote_category":0},"categories":[1],"tags":[],"aioseo_notices":[],"gutentor_comment":0,"rttpg_featured_image_url":{"full":["https:\/\/arantv.az\/wp-content\/uploads\/2022\/02\/FotoJet-48-1.jpg",620,413,false],"landscape":["https:\/\/arantv.az\/wp-content\/uploads\/2022\/02\/FotoJet-48-1.jpg",620,413,false],"portraits":["https:\/\/arantv.az\/wp-content\/uploads\/2022\/02\/FotoJet-48-1.jpg",620,413,false],"thumbnail":["https:\/\/arantv.az\/wp-content\/uploads\/2022\/02\/FotoJet-48-1-500x280.jpg",500,280,true],"medium":["https:\/\/arantv.az\/wp-content\/uploads\/2022\/02\/FotoJet-48-1-548x365.jpg",548,365,true],"large":["https:\/\/arantv.az\/wp-content\/uploads\/2022\/02\/FotoJet-48-1.jpg",620,413,false],"1536x1536":["https:\/\/arantv.az\/wp-content\/uploads\/2022\/02\/FotoJet-48-1.jpg",620,413,false],"2048x2048":["https:\/\/arantv.az\/wp-content\/uploads\/2022\/02\/FotoJet-48-1.jpg",620,413,false],"post-thumbnail":["https:\/\/arantv.az\/wp-content\/uploads\/2022\/02\/FotoJet-48-1-240x172.jpg",240,172,true],"advps-thumb-one":["https:\/\/arantv.az\/wp-content\/uploads\/2022\/02\/FotoJet-48-1.jpg",620,413,false]},"rttpg_author":{"display_name":"V\u00fcsal Rafiqo\u011flu","author_link":"https:\/\/arantv.az\/?author=2"},"rttpg_comment":0,"rttpg_category":"<a href=\"https:\/\/arantv.az\/?cat=1\" rel=\"category\">C\u0259miyy\u0259t<\/a>","rttpg_excerpt":"\u201cRegionda dayan\u0131ql\u0131 s\u00fclh \u00fc\u00e7\u00fcn Erm\u0259nistan Xocal\u0131 soyq\u0131r\u0131m\u0131na g\u00f6r\u0259 \u00fczr ist\u0259m\u0259lidir\u201d. \u201cReport\u201d x\u0259b\u0259r verir ki, bu \u00e7a\u011f\u0131r\u0131\u015f\u0131 \u201cSoyq\u0131r\u0131m v\u0259 K\u00fctl\u0259vi Q\u0131r\u011f\u0131nlara Qar\u015f\u0131 Budape\u015ft Beyn\u0259lxalq M\u0259rk\u0259zi\u201dnin s\u0259dri Giorgiy Tatar bu g\u00fcn AT\u018fT-in m\u0259rk\u0259zi q\u0259rargah\u0131nda s\u0259sl\u0259ndirib. Avstriyan\u0131n paytaxt\u0131 Vyanada Az\u0259rbaycan\u0131n Avstriyadak\u0131 s\u0259firliyi v\u0259 Beyn\u0259lxalq M\u00fcnasib\u0259tl\u0259rin T\u0259hlili M\u0259rk\u0259zinin t\u0259\u015fkilat\u00e7\u0131l\u0131\u011f\u0131 il\u0259 ke\u00e7iril\u0259n \u201cS\u00fclh v\u0259 \u0259dal\u0259t\u201d m\u00f6vzusunda beyn\u0259lxalq t\u0259dbird\u0259 \u00e7\u0131x\u0131\u015f ed\u0259n&hellip;","_links":{"self":[{"href":"https:\/\/arantv.az\/index.php?rest_route=\/wp\/v2\/posts\/443091"}],"collection":[{"href":"https:\/\/arantv.az\/index.php?rest_route=\/wp\/v2\/posts"}],"about":[{"href":"https:\/\/arantv.az\/index.php?rest_route=\/wp\/v2\/types\/post"}],"author":[{"embeddable":true,"href":"https:\/\/arantv.az\/index.php?rest_route=\/wp\/v2\/users\/2"}],"replies":[{"embeddable":true,"href":"https:\/\/arantv.az\/index.php?rest_route=%2Fwp%2Fv2%2Fcomments&post=443091"}],"version-history":[{"count":0,"href":"https:\/\/arantv.az\/index.php?rest_route=\/wp\/v2\/posts\/443091\/revisions"}],"wp:featuredmedia":[{"embeddable":true,"href":"https:\/\/arantv.az\/index.php?rest_route=\/wp\/v2\/media\/443092"}],"wp:attachment":[{"href":"https:\/\/arantv.az\/index.php?rest_route=%2Fwp%2Fv2%2Fmedia&parent=443091"}],"wp:term":[{"taxonomy":"category","embeddable":true,"href":"https:\/\/arantv.az\/index.php?rest_route=%2Fwp%2Fv2%2Fcategories&post=443091"},{"taxonomy":"post_tag","embeddable":true,"href":"https:\/\/arantv.az\/index.php?rest_route=%2Fwp%2Fv2%2Ftags&post=443091"}],"curies":[{"name":"wp","href":"https:\/\/api.w.org\/{rel}","templated":true}]}}