{"id":443094,"date":"2022-02-23T20:19:55","date_gmt":"2022-02-23T17:19:55","guid":{"rendered":"http:\/\/arantv.az\/?p=443094"},"modified":"2022-02-23T20:19:55","modified_gmt":"2022-02-23T17:19:55","slug":"m%c9%99shur-fransiz-b%c9%99st%c9%99karinin-xocali-faci%c9%99sin%c9%99-h%c9%99sr-olunmus-%c9%99s%c9%99ri-nitsada-ifa-olunacaq-video","status":"publish","type":"post","link":"https:\/\/arantv.az\/?p=443094","title":{"rendered":"M\u0259\u015fhur frans\u0131z b\u0259st\u0259kar\u0131n\u0131n Xocal\u0131 faci\u0259sin\u0259 h\u0259sr olunmu\u015f \u0259s\u0259ri Nitsada ifa olunacaq &#8211; V\u0130DEO"},"content":{"rendered":"<article class=\"news\">\n<div class=\"news-inner\">\n<p>Bu ax\u015fam Fransan\u0131n Nitsa \u015f\u0259h\u0259rind\u0259 Xocal\u0131 soyq\u0131r\u0131m\u0131n\u0131n 30 illiyi il\u0259 \u0259laq\u0259dar m\u0259\u015fhur frans\u0131z b\u0259st\u0259kar Pierre Lottinin \u201c613\u201d \u0259s\u0259ri ifa olunacaq.<\/p>\n<p>T\u0259dbird\u0259 Az\u0259rbaycan diaspor n\u00fcmay\u0259nd\u0259l\u0259ri v\u0259 Fransa v\u0259t\u0259nda\u015flar\u0131 i\u015ftirak ed\u0259c\u0259k.<\/p>\n<p>Haz\u0131rda Nitsada olan Paris Az\u0259rbaycan Evinin r\u0259hb\u0259ri, Fransada Az\u0259rbaycan\u0131n Dostlar\u0131 Assosiasiyas\u0131n\u0131n ba\u015f katibi Mirvari F\u0259t\u0259liyeva a\u00e7\u0131qlamas\u0131nda konsert\u0259 haz\u0131rl\u0131qla ba\u011fl\u0131 \u201cDiaspor TV\u201d-y\u0259 m\u0259lumat verib.<\/p>\n<div><iframe loading=\"lazy\" title=\"YouTube video player\" src=\"https:\/\/www.youtube.com\/embed\/BDU3WtETrFI\" width=\"560\" height=\"315\" frameborder=\"0\" allowfullscreen=\"allowfullscreen\" data-mce-fragment=\"1\"><\/iframe><\/div>\n<\/div>\n<\/article>\n","protected":false},"excerpt":{"rendered":"<p>Bu ax\u015fam Fransan\u0131n Nitsa \u015f\u0259h\u0259rind\u0259 Xocal\u0131 soyq\u0131r\u0131m\u0131n\u0131n 30 illiyi il\u0259 \u0259laq\u0259dar m\u0259\u015fhur frans\u0131z b\u0259st\u0259kar Pierre Lottinin \u201c613\u201d \u0259s\u0259ri ifa olunacaq. T\u0259dbird\u0259 Az\u0259rbaycan diaspor n\u00fcmay\u0259nd\u0259l\u0259ri v\u0259 Fransa v\u0259t\u0259nda\u015flar\u0131 i\u015ftirak ed\u0259c\u0259k. Haz\u0131rda Nitsada olan Paris Az\u0259rbaycan Evinin r\u0259hb\u0259ri, Fransada Az\u0259rbaycan\u0131n Dostlar\u0131 Assosiasiyas\u0131n\u0131n ba\u015f katibi Mirvari F\u0259t\u0259liyeva a\u00e7\u0131qlamas\u0131nda konsert\u0259 haz\u0131rl\u0131qla ba\u011fl\u0131 \u201cDiaspor TV\u201d-y\u0259 m\u0259lumat verib.<\/p>\n","protected":false},"author":2,"featured_media":443095,"comment_status":"closed","ping_status":"closed","sticky":false,"template":"","format":"standard","meta":{"om_disable_all_campaigns":false,"_monsterinsights_skip_tracking":false,"_monsterinsights_sitenote_active":false,"_monsterinsights_sitenote_note":"","_monsterinsights_sitenote_category":0},"categories":[1],"tags":[],"aioseo_notices":[],"gutentor_comment":0,"rttpg_featured_image_url":{"full":["https:\/\/arantv.az\/wp-content\/uploads\/2022\/02\/FotoJet-40-1.jpg",620,413,false],"landscape":["https:\/\/arantv.az\/wp-content\/uploads\/2022\/02\/FotoJet-40-1.jpg",620,413,false],"portraits":["https:\/\/arantv.az\/wp-content\/uploads\/2022\/02\/FotoJet-40-1.jpg",620,413,false],"thumbnail":["https:\/\/arantv.az\/wp-content\/uploads\/2022\/02\/FotoJet-40-1-500x280.jpg",500,280,true],"medium":["https:\/\/arantv.az\/wp-content\/uploads\/2022\/02\/FotoJet-40-1-548x365.jpg",548,365,true],"large":["https:\/\/arantv.az\/wp-content\/uploads\/2022\/02\/FotoJet-40-1.jpg",620,413,false],"1536x1536":["https:\/\/arantv.az\/wp-content\/uploads\/2022\/02\/FotoJet-40-1.jpg",620,413,false],"2048x2048":["https:\/\/arantv.az\/wp-content\/uploads\/2022\/02\/FotoJet-40-1.jpg",620,413,false],"post-thumbnail":["https:\/\/arantv.az\/wp-content\/uploads\/2022\/02\/FotoJet-40-1-240x172.jpg",240,172,true],"advps-thumb-one":["https:\/\/arantv.az\/wp-content\/uploads\/2022\/02\/FotoJet-40-1.jpg",620,413,false]},"rttpg_author":{"display_name":"V\u00fcsal Rafiqo\u011flu","author_link":"https:\/\/arantv.az\/?author=2"},"rttpg_comment":0,"rttpg_category":"<a href=\"https:\/\/arantv.az\/?cat=1\" rel=\"category\">C\u0259miyy\u0259t<\/a>","rttpg_excerpt":"Bu ax\u015fam Fransan\u0131n Nitsa \u015f\u0259h\u0259rind\u0259 Xocal\u0131 soyq\u0131r\u0131m\u0131n\u0131n 30 illiyi il\u0259 \u0259laq\u0259dar m\u0259\u015fhur frans\u0131z b\u0259st\u0259kar Pierre Lottinin \u201c613\u201d \u0259s\u0259ri ifa olunacaq. T\u0259dbird\u0259 Az\u0259rbaycan diaspor n\u00fcmay\u0259nd\u0259l\u0259ri v\u0259 Fransa v\u0259t\u0259nda\u015flar\u0131 i\u015ftirak ed\u0259c\u0259k. Haz\u0131rda Nitsada olan Paris Az\u0259rbaycan Evinin r\u0259hb\u0259ri, Fransada Az\u0259rbaycan\u0131n Dostlar\u0131 Assosiasiyas\u0131n\u0131n ba\u015f katibi Mirvari F\u0259t\u0259liyeva a\u00e7\u0131qlamas\u0131nda konsert\u0259 haz\u0131rl\u0131qla ba\u011fl\u0131 \u201cDiaspor TV\u201d-y\u0259 m\u0259lumat verib.","_links":{"self":[{"href":"https:\/\/arantv.az\/index.php?rest_route=\/wp\/v2\/posts\/443094"}],"collection":[{"href":"https:\/\/arantv.az\/index.php?rest_route=\/wp\/v2\/posts"}],"about":[{"href":"https:\/\/arantv.az\/index.php?rest_route=\/wp\/v2\/types\/post"}],"author":[{"embeddable":true,"href":"https:\/\/arantv.az\/index.php?rest_route=\/wp\/v2\/users\/2"}],"replies":[{"embeddable":true,"href":"https:\/\/arantv.az\/index.php?rest_route=%2Fwp%2Fv2%2Fcomments&post=443094"}],"version-history":[{"count":0,"href":"https:\/\/arantv.az\/index.php?rest_route=\/wp\/v2\/posts\/443094\/revisions"}],"wp:featuredmedia":[{"embeddable":true,"href":"https:\/\/arantv.az\/index.php?rest_route=\/wp\/v2\/media\/443095"}],"wp:attachment":[{"href":"https:\/\/arantv.az\/index.php?rest_route=%2Fwp%2Fv2%2Fmedia&parent=443094"}],"wp:term":[{"taxonomy":"category","embeddable":true,"href":"https:\/\/arantv.az\/index.php?rest_route=%2Fwp%2Fv2%2Fcategories&post=443094"},{"taxonomy":"post_tag","embeddable":true,"href":"https:\/\/arantv.az\/index.php?rest_route=%2Fwp%2Fv2%2Ftags&post=443094"}],"curies":[{"name":"wp","href":"https:\/\/api.w.org\/{rel}","templated":true}]}}