{"id":443103,"date":"2022-02-23T20:25:33","date_gmt":"2022-02-23T17:25:33","guid":{"rendered":"http:\/\/arantv.az\/?p=443103"},"modified":"2022-02-23T20:25:33","modified_gmt":"2022-02-23T17:25:33","slug":"moskva-b%c9%99yannam%c9%99si-az%c9%99rbaycan-v%c9%99-rusiya-arasinda-%c9%99laq%c9%99l%c9%99ri-yeni-m%c9%99rh%c9%99l%c9%99y%c9%99-dasiyir","status":"publish","type":"post","link":"https:\/\/arantv.az\/?p=443103","title":{"rendered":"Moskva B\u0259yannam\u0259si Az\u0259rbaycan v\u0259 Rusiya aras\u0131nda \u0259laq\u0259l\u0259ri yeni m\u0259rh\u0259l\u0259y\u0259 da\u015f\u0131y\u0131r"},"content":{"rendered":"<p>22 fevral 2022-ci ild\u0259 Rusiya Federasiyas\u0131n\u0131n paytaxt\u0131 Moskva \u015f\u0259h\u0259rind\u0259 Az\u0259rbaycan Respublikas\u0131n\u0131n Prezidenti \u0130lham \u018fliyev v\u0259 Rusiya Federasiyas\u0131n\u0131n Prezidenti Vladimir Putin t\u0259r\u0259find\u0259n \u201cAz\u0259rbaycan Respublikas\u0131 il\u0259 Rusiya Federasiyas\u0131 aras\u0131nda m\u00fctt\u0259fiqlik qar\u015f\u0131l\u0131ql\u0131 f\u0259aliyy\u0259ti haqq\u0131nda B\u0259yannam\u0259\u201d imzalan\u0131b.<\/p>\n<p>Bu tarixi hadis\u0259 il\u0259 Az\u0259rbaycan-Rusiya \u0259laq\u0259l\u0259ri tam yeni m\u0259rh\u0259l\u0259y\u0259 q\u0259d\u0259m qoymaqla yana\u015f\u0131, regionda s\u00fclh\u00fcn v\u0259 t\u0259hl\u00fck\u0259sizliyin t\u0259min edilm\u0259si istiqam\u0259tind\u0259 m\u00fch\u00fcm t\u0259sirl\u0259rini g\u00f6st\u0259r\u0259c\u0259kdir. \u00d6z\u00fcnd\u0259 bir \u00e7ox sah\u0259l\u0259ri c\u0259ml\u0259\u015fdir\u0259n tarixi b\u0259yannam\u0259 il\u0259 iki \u00f6lk\u0259 aras\u0131nda siyasi, iqtisadi, m\u0259d\u0259ni, h\u0259rbi sah\u0259l\u0259rd\u0259 t\u0259r\u0259fda\u015fl\u0131qlar daha da geni\u015fl\u0259ndiril\u0259c\u0259k, ist\u0259r Az\u0259rbaycandan Rusiyaya, ist\u0259rs\u0259 d\u0259 Rusiyadan Az\u0259rbaycana idxal-ixrac s\u0259viyy\u0259sinin, ticar\u0259t d\u00f6vriyy\u0259sinin art\u0131m\u0131na \u015f\u0259rait yaradacaqd\u0131r. O c\u00fcml\u0259d\u0259n, Az\u0259rbaycan Rusiyan\u0131n m\u00fcasir h\u0259rbi avadanl\u0131qlar\u0131, \u0259n yeni silah-sursatlar\u0131n\u0131 almaqla \u00f6lk\u0259mizin h\u0259rbi sah\u0259d\u0259 maddi-texniki v\u0259ziyy\u0259tini daha da g\u00fccl\u0259ndir\u0259c\u0259kdir.<\/p>\n<p>X\u00fcsusil\u0259 qeyd etm\u0259liy\u0259m ki, 2020-ci ild\u0259 Erm\u0259nistan \u00fcz\u0259rind\u0259 qazan\u0131lan parlaq q\u0259l\u0259b\u0259, 30 il\u0259 yax\u0131n m\u00fcdd\u0259t \u0259rzind\u0259 i\u015f\u011falda olan \u0259razil\u0259rimizin M\u00fcz\u0259ff\u0259r Ali Ba\u015f Komandan \u0130lham \u018fliyevin r\u0259hb\u0259rliyi il\u0259 Az\u0259rbaycan Ordusu t\u0259r\u0259find\u0259n azad edilm\u0259si il\u0259 Az\u0259rbaycan ist\u0259r regionda, ist\u0259rs\u0259 d\u0259 d\u00fcnyada yeni reall\u0131qlar yaratd\u0131, regionda apar\u0131c\u0131 d\u00f6vl\u0259tl\u0259rd\u0259n biri oldu\u011funu bir daha \u0259yani \u015f\u0259kild\u0259 s\u00fcbut etdi. Postm\u00fcharib\u0259 d\u00f6n\u0259mind\u0259 \u00f6lk\u0259 ba\u015f\u00e7\u0131s\u0131n\u0131n da \u0259n ali m\u0259qs\u0259dl\u0259rind\u0259n biri d\u0259, regionda davaml\u0131 s\u00fclh\u00fcn t\u0259min olunmas\u0131, i\u015f\u011faldan azad olunan \u0259razil\u0259r\u0259 \u0259halinin ora qay\u0131tmas\u0131d\u0131r. Bug\u00fcn \u00f6lk\u0259 ba\u015f\u00e7\u0131s\u0131n\u0131n diqq\u0259t v\u0259 qay\u011f\u0131s\u0131, q\u0259bul edil\u0259n v\u0259 t\u0259sdiql\u0259n\u0259n m\u00fcvafiq q\u0259rarlarla h\u0259r iki istiqam\u0259td\u0259 i\u015fl\u0259r s\u00fcr\u0259tli \u015f\u0259kild\u0259 h\u0259yata ke\u00e7irilm\u0259kd\u0259 davam edir. S\u00f6zs\u00fcz ki, Az\u0259rbaycan bir daha bu hadis\u0259l\u0259rl\u0259 qar\u015f\u0131la\u015fmamaq \u00fc\u00e7\u00fcn m\u00fcvafiq f\u0259aliyy\u0259tini yerin\u0259 yetirir. H\u0259r zaman humanizm prinsipl\u0259rin\u0259 sadiqlik g\u00f6st\u0259r\u0259n d\u00f6vl\u0259t ba\u015f\u00e7\u0131m\u0131z \u00e7\u0131x\u0131\u015flar\u0131nda Az\u0259rbaycan\u0131n s\u00fclhsev\u0259r, multikulturalist \u00f6lk\u0259 oldu\u011funu bildir\u0259r\u0259k, regionda da s\u00fclh v\u0259 t\u0259hl\u00fck\u0259sizliyin t\u0259minat\u0131 \u00fc\u00e7\u00fcn m\u00fcvafiq t\u0259dbirl\u0259rin g\u00f6rd\u00fcy\u00fcn\u00fc bildirir, mehriban qon\u015fuluq modelini t\u0259klif edir.<\/p>\n<p>Bir \u00e7ox d\u00f6vl\u0259tl\u0259rd\u0259n f\u0259rqli olaraq Az\u0259rbaycan unikal v\u0259 neytral diplomatiya f\u0259aliyy\u0259ti g\u00f6st\u0259rir. Haz\u0131rda \u00f6lk\u0259miz dem\u0259k olar ki, d\u00fcnyan\u0131n bir \u00e7ox d\u00f6vl\u0259tl\u0259ri il\u0259 m\u00fcxt\u0259lif sah\u0259l\u0259rd\u0259 ikit\u0259r\u0259fli v\u0259 \u00e7oxt\u0259r\u0259fli t\u0259r\u0259fda\u015fl\u0131qlar edir.<\/p>\n<p>2021-ci ild\u0259 \u015eu\u015fa \u015f\u0259h\u0259rind\u0259 Az\u0259rbaycan Respublikas\u0131 v\u0259 T\u00fcrkiy\u0259 C\u00fcmhuriyy\u0259ti aras\u0131nda ba\u011flanan &#8220;\u015eu\u015fa B\u0259yannam\u0259si&#8221;, d\u00fcn\u0259n is\u0259 imzalanan &#8220;Moskva B\u0259yannam\u0259si&#8221; bir daha s\u00fcbut edir ki, Az\u0259rbaycan regionda v\u0259 d\u00fcnyada \u00f6z s\u00f6z\u00fcn\u00fc dem\u0259kd\u0259 olan iki n\u0259h\u0259ng d\u00f6vl\u0259tl\u0259rl\u0259 \u0259laq\u0259sini tam yeni v\u0259 m\u00f6ht\u0259\u015f\u0259m m\u0259rh\u0259l\u0259y\u0259 \u00e7atd\u0131r\u0131r. Unudulmamal\u0131d\u0131r ki, Az\u0259rbaycan qalib \u00f6lk\u0259dir v\u0259 regionda ba\u015f ver\u0259c\u0259k hadis\u0259l\u0259r\u0259 birba\u015fa m\u00f6vqeyini s\u0259rgil\u0259y\u0259 bil\u0259r, ehtiyac olaca\u011f\u0131 t\u0259qdird\u0259 t\u0259dbirl\u0259r g\u00f6r\u0259 bil\u0259r. Qalib \u00f6lk\u0259nin ba\u015f\u00e7\u0131s\u0131 kimi \u0130lham \u018fliyevin imzas\u0131 il\u0259 t\u0259sdiql\u0259n\u0259n b\u0259yannam\u0259 il\u0259 \u0259trafl\u0131 tan\u0131\u015f olmaq kifay\u0259t edir ki, bu b\u0259yannam\u0259nin ist\u0259r \u00f6lk\u0259miz, ist\u0259rs\u0259 d\u0259 region \u00fc\u00e7\u00fcn nec\u0259 \u0259h\u0259miyy\u0259tli oldu\u011funu g\u00f6r\u0259s\u0259n. Ba\u015fqa s\u00f6zl\u0259, &#8220;Moskva b\u0259yannam\u0259si Az\u0259rbaycan v\u0259 Rusiya aras\u0131nda \u0259laq\u0259l\u0259ri yeni m\u0259rh\u0259l\u0259y\u0259 da\u015f\u0131y\u0131r.<\/p>\n<p>Bu bir daha \u0130lham \u018fliyev v\u0259 d\u00f6vl\u0259timizin n\u00f6vb\u0259ti siyasi, diplomatik q\u0259l\u0259b\u0259sinin \u0259yani s\u00fcbutudur.<\/p>\n<p><strong>Muxtar Na\u011f\u0131yev,<br \/>\nYeni Az\u0259rbaycan Partiyas\u0131n\u0131n S\u0259bail rayon t\u0259\u015fkilat\u0131n\u0131n s\u0259dri<\/strong><\/p>\n","protected":false},"excerpt":{"rendered":"<p>22 fevral 2022-ci ild\u0259 Rusiya Federasiyas\u0131n\u0131n paytaxt\u0131 Moskva \u015f\u0259h\u0259rind\u0259 Az\u0259rbaycan Respublikas\u0131n\u0131n Prezidenti \u0130lham \u018fliyev v\u0259 Rusiya Federasiyas\u0131n\u0131n Prezidenti Vladimir Putin t\u0259r\u0259find\u0259n \u201cAz\u0259rbaycan Respublikas\u0131 il\u0259 Rusiya Federasiyas\u0131 aras\u0131nda m\u00fctt\u0259fiqlik qar\u015f\u0131l\u0131ql\u0131 f\u0259aliyy\u0259ti haqq\u0131nda B\u0259yannam\u0259\u201d imzalan\u0131b. Bu tarixi hadis\u0259 il\u0259 Az\u0259rbaycan-Rusiya \u0259laq\u0259l\u0259ri tam yeni m\u0259rh\u0259l\u0259y\u0259 q\u0259d\u0259m qoymaqla yana\u015f\u0131, regionda s\u00fclh\u00fcn v\u0259 t\u0259hl\u00fck\u0259sizliyin t\u0259min edilm\u0259si istiqam\u0259tind\u0259 m\u00fch\u00fcm t\u0259sirl\u0259rini g\u00f6st\u0259r\u0259c\u0259kdir. \u00d6z\u00fcnd\u0259 bir \u00e7ox sah\u0259l\u0259ri c\u0259ml\u0259\u015fdir\u0259n tarixi b\u0259yannam\u0259 il\u0259 iki \u00f6lk\u0259 aras\u0131nda siyasi, iqtisadi, m\u0259d\u0259ni, h\u0259rbi sah\u0259l\u0259rd\u0259 t\u0259r\u0259fda\u015fl\u0131qlar daha da geni\u015fl\u0259ndiril\u0259c\u0259k, ist\u0259r Az\u0259rbaycandan Rusiyaya, ist\u0259rs\u0259 d\u0259 Rusiyadan Az\u0259rbaycana idxal-ixrac s\u0259viyy\u0259sinin, ticar\u0259t d\u00f6vriyy\u0259sinin art\u0131m\u0131na \u015f\u0259rait yaradacaqd\u0131r. O&hellip;<\/p>\n","protected":false},"author":2,"featured_media":443104,"comment_status":"closed","ping_status":"closed","sticky":false,"template":"","format":"standard","meta":{"om_disable_all_campaigns":false,"_monsterinsights_skip_tracking":false,"_monsterinsights_sitenote_active":false,"_monsterinsights_sitenote_note":"","_monsterinsights_sitenote_category":0},"categories":[19],"tags":[],"aioseo_notices":[],"gutentor_comment":0,"rttpg_featured_image_url":{"full":["https:\/\/arantv.az\/wp-content\/uploads\/2022\/02\/d2d2c6e2164562093941665697210364566.jpg",975,540,false],"landscape":["https:\/\/arantv.az\/wp-content\/uploads\/2022\/02\/d2d2c6e2164562093941665697210364566.jpg",975,540,false],"portraits":["https:\/\/arantv.az\/wp-content\/uploads\/2022\/02\/d2d2c6e2164562093941665697210364566.jpg",975,540,false],"thumbnail":["https:\/\/arantv.az\/wp-content\/uploads\/2022\/02\/d2d2c6e2164562093941665697210364566-500x280.jpg",500,280,true],"medium":["https:\/\/arantv.az\/wp-content\/uploads\/2022\/02\/d2d2c6e2164562093941665697210364566-660x365.jpg",660,365,true],"large":["https:\/\/arantv.az\/wp-content\/uploads\/2022\/02\/d2d2c6e2164562093941665697210364566-840x465.jpg",640,354,true],"1536x1536":["https:\/\/arantv.az\/wp-content\/uploads\/2022\/02\/d2d2c6e2164562093941665697210364566.jpg",975,540,false],"2048x2048":["https:\/\/arantv.az\/wp-content\/uploads\/2022\/02\/d2d2c6e2164562093941665697210364566.jpg",975,540,false],"post-thumbnail":["https:\/\/arantv.az\/wp-content\/uploads\/2022\/02\/d2d2c6e2164562093941665697210364566-240x172.jpg",240,172,true],"advps-thumb-one":["https:\/\/arantv.az\/wp-content\/uploads\/2022\/02\/d2d2c6e2164562093941665697210364566.jpg",975,540,false]},"rttpg_author":{"display_name":"V\u00fcsal Rafiqo\u011flu","author_link":"https:\/\/arantv.az\/?author=2"},"rttpg_comment":0,"rttpg_category":"<a href=\"https:\/\/arantv.az\/?cat=19\" rel=\"category\">G\u00fcnd\u0259m<\/a>","rttpg_excerpt":"22 fevral 2022-ci ild\u0259 Rusiya Federasiyas\u0131n\u0131n paytaxt\u0131 Moskva \u015f\u0259h\u0259rind\u0259 Az\u0259rbaycan Respublikas\u0131n\u0131n Prezidenti \u0130lham \u018fliyev v\u0259 Rusiya Federasiyas\u0131n\u0131n Prezidenti Vladimir Putin t\u0259r\u0259find\u0259n \u201cAz\u0259rbaycan Respublikas\u0131 il\u0259 Rusiya Federasiyas\u0131 aras\u0131nda m\u00fctt\u0259fiqlik qar\u015f\u0131l\u0131ql\u0131 f\u0259aliyy\u0259ti haqq\u0131nda B\u0259yannam\u0259\u201d imzalan\u0131b. Bu tarixi hadis\u0259 il\u0259 Az\u0259rbaycan-Rusiya \u0259laq\u0259l\u0259ri tam yeni m\u0259rh\u0259l\u0259y\u0259 q\u0259d\u0259m qoymaqla yana\u015f\u0131, regionda s\u00fclh\u00fcn v\u0259 t\u0259hl\u00fck\u0259sizliyin t\u0259min edilm\u0259si istiqam\u0259tind\u0259 m\u00fch\u00fcm t\u0259sirl\u0259rini g\u00f6st\u0259r\u0259c\u0259kdir.&hellip;","_links":{"self":[{"href":"https:\/\/arantv.az\/index.php?rest_route=\/wp\/v2\/posts\/443103"}],"collection":[{"href":"https:\/\/arantv.az\/index.php?rest_route=\/wp\/v2\/posts"}],"about":[{"href":"https:\/\/arantv.az\/index.php?rest_route=\/wp\/v2\/types\/post"}],"author":[{"embeddable":true,"href":"https:\/\/arantv.az\/index.php?rest_route=\/wp\/v2\/users\/2"}],"replies":[{"embeddable":true,"href":"https:\/\/arantv.az\/index.php?rest_route=%2Fwp%2Fv2%2Fcomments&post=443103"}],"version-history":[{"count":0,"href":"https:\/\/arantv.az\/index.php?rest_route=\/wp\/v2\/posts\/443103\/revisions"}],"wp:featuredmedia":[{"embeddable":true,"href":"https:\/\/arantv.az\/index.php?rest_route=\/wp\/v2\/media\/443104"}],"wp:attachment":[{"href":"https:\/\/arantv.az\/index.php?rest_route=%2Fwp%2Fv2%2Fmedia&parent=443103"}],"wp:term":[{"taxonomy":"category","embeddable":true,"href":"https:\/\/arantv.az\/index.php?rest_route=%2Fwp%2Fv2%2Fcategories&post=443103"},{"taxonomy":"post_tag","embeddable":true,"href":"https:\/\/arantv.az\/index.php?rest_route=%2Fwp%2Fv2%2Ftags&post=443103"}],"curies":[{"name":"wp","href":"https:\/\/api.w.org\/{rel}","templated":true}]}}