{"id":443107,"date":"2022-02-23T20:26:20","date_gmt":"2022-02-23T17:26:20","guid":{"rendered":"http:\/\/arantv.az\/?p=443107"},"modified":"2022-02-23T20:26:20","modified_gmt":"2022-02-23T17:26:20","slug":"az%c9%99rbaycanin-%c9%99razi-butovluyun%c9%99-must%c9%99qilliyin%c9%99-v%c9%99-regionun-t%c9%99hluk%c9%99sizliyin%c9%99-z%c9%99man%c9%99t","status":"publish","type":"post","link":"https:\/\/arantv.az\/?p=443107","title":{"rendered":"Az\u0259rbaycan\u0131n \u0259razi b\u00fct\u00f6vl\u00fcy\u00fcn\u0259, m\u00fcst\u0259qilliyin\u0259 v\u0259 regionun t\u0259hl\u00fck\u0259sizliyin\u0259 z\u0259man\u0259t"},"content":{"rendered":"<p>2022-ci il fevral\u0131n 22-d\u0259 Moskvada Az\u0259rbaycan Respublikas\u0131n\u0131n Prezidenti \u0130lham \u018fliyev v\u0259 Rusiya Federasiyas\u0131n\u0131n Prezidenti Vladimir Putin \u201cAz\u0259rbaycan Respublikas\u0131 v\u0259 Rusiya Federasiyas\u0131 aras\u0131nda qar\u015f\u0131l\u0131ql\u0131 m\u00fctt\u0259fiqlik f\u0259aliyy\u0259ti haqq\u0131nda\u201d B\u0259yannam\u0259 imzalam\u0131\u015flar. \u018fg\u0259r biz c\u0259nab Prezidentin r\u0259hb\u0259rliyi il\u0259 apar\u0131lan xarici siyas\u0259t\u0259 n\u0259z\u0259r sald\u0131qda g\u00f6r\u0259rik ki, m\u00fctt\u0259fiqlik s\u0259n\u0259dinin haz\u0131rlanmas\u0131 v\u0259 t\u0259r\u0259fl\u0259r aras\u0131nda raz\u0131la\u015fd\u0131r\u0131lmas\u0131 uzun s\u00fcr\u0259n prosesdir. Prezident \u0130lham \u018fliyev Yeni il il\u0259 \u0259laq\u0259dar xalqa m\u00fcraci\u0259tind\u0259 Rusiya il\u0259 \u0259laq\u0259l\u0259rin keyfiyy\u0259tc\u0259 yeni s\u0259viyy\u0259y\u0259 qalxaca\u011f\u0131n\u0131n anonsunu vermi\u015fdi. Bu bax\u0131mdan B\u0259yannam\u0259nin imzalanmas\u0131 yeni g\u00fcnd\u0259m\u0259 \u00e7\u0131xan m\u0259s\u0259l\u0259 deyil.<\/p>\n<p>2008-ci ild\u0259 imzalanan Az\u0259rbaycanla Rusiya aras\u0131nda dostluq v\u0259 strateji t\u0259r\u0259fda\u015fl\u0131q haqq\u0131nda b\u0259yannam\u0259 14 il \u0259rzind\u0259 iki \u00f6lk\u0259 aras\u0131ndak\u0131 m\u00fcnasib\u0259tl\u0259rin d\u00f6vl\u0259t ba\u015f\u00e7\u0131lar\u0131n\u0131n s\u0259yl\u0259ri n\u0259tic\u0259sind\u0259 y\u00fcks\u0259k s\u0259viyy\u0259y\u0259 \u00e7atd\u0131r\u0131l\u0131b. \u0130ki \u00f6lk\u0259 aras\u0131ndak\u0131 \u0259m\u0259kda\u015fl\u0131\u011f\u0131n s\u0259viyy\u0259si qar\u015f\u0131l\u0131ql\u0131 m\u00fcnasib\u0259tl\u0259rin strateji m\u00fctt\u0259fiqlik s\u0259viyy\u0259sin\u0259 \u00e7atd\u0131r\u0131lmas\u0131n\u0131 z\u0259ruri edirdi. Bu bax\u0131mdan, Az\u0259rbaycanla Rusiya aras\u0131nda imzalanm\u0131\u015f qar\u015f\u0131l\u0131ql\u0131 m\u00fctt\u0259fiqlik f\u0259aliyy\u0259ti haqq\u0131nda B\u0259yannam\u0259ni iki d\u00f6vl\u0259t aras\u0131ndak\u0131 etimadl\u0131 m\u00fcnasib\u0259tl\u0259rin obyektiv n\u0259tic\u0259si kimi d\u0259 d\u0259y\u0259rl\u0259ndirm\u0259k olar. B\u0259yannam\u0259 qar\u015f\u0131l\u0131ql\u0131 faydal\u0131 m\u00fcnasib\u0259tl\u0259rin inki\u015faf\u0131na, regional t\u0259hl\u00fck\u0259sizliy\u0259 m\u00fcsb\u0259t t\u0259sir g\u00f6st\u0259r\u0259c\u0259k, Az\u0259rbaycan-Rusiya m\u00fcnasib\u0259tl\u0259rinin ist\u0259r iqtisadi, ist\u0259rs\u0259 d\u0259 siyasi m\u00fcst\u0259vid\u0259 inki\u015faf\u0131na b\u00f6y\u00fck t\u00f6hf\u0259 ver\u0259c\u0259k. \u00dcmumiyy\u0259tl\u0259, qon\u015fu \u00f6lk\u0259l\u0259rl\u0259 y\u00fcks\u0259k s\u0259viyy\u0259li m\u00fcnasib\u0259tl\u0259rin qurulmas\u0131 Prezident \u0130lham \u018fliyevin prioritet hesab etdiyi sah\u0259l\u0259rd\u0259ndir. V\u0259t\u0259n m\u00fcharib\u0259sind\u0259 tarixi Z\u0259f\u0259r qazan\u0131lmas\u0131nda bu amil b\u00f6y\u00fck rol oynay\u0131b. 2021-ci il iyun ay\u0131n\u0131n 15-d\u0259 \u015eu\u015fada Az\u0259rbaycan Prezidenti \u0130lham \u018fliyev v\u0259 T\u00fcrkiy\u0259 Prezidenti R\u0259c\u0259b Tayyib \u018frdo\u011fan &#8220;Az\u0259rbaycan Respublikas\u0131 il\u0259 T\u00fcrkiy\u0259 Respublikas\u0131 aras\u0131nda m\u00fctt\u0259fiqlik m\u00fcnasib\u0259tl\u0259ri haqq\u0131nda \u015eu\u015fa B\u0259yannam\u0259si&#8221;ni imzalay\u0131blar.<\/p>\n<p>S\u0259n\u0259d h\u0259r iki \u00f6lk\u0259nin parlamentl\u0259ri t\u0259r\u0259find\u0259n t\u0259qdiq olunub. B\u0259yannam\u0259 T\u00fcrkiy\u0259 il\u0259 Az\u0259rbaycan aras\u0131nda m\u00fcnasib\u0259tl\u0259rim\u00fctt\u0259fiqlik s\u0259viyy\u0259sin\u0259 y\u00fcks\u0259ldib, Az\u0259rbaycan \u00f6z t\u0259hl\u00fck\u0259sizliyi \u00fc\u00e7\u00fcn \u0259lav\u0259 z\u0259man\u0259t \u0259ld\u0259 edib. Az\u0259rbaycan t\u00fcrk d\u00f6vl\u0259tl\u0259ri il\u0259 m\u00fcnasib\u0259tl\u0259r\u0259 m\u00fch\u00fcm \u00f6n\u0259m verir.2021-ci ild\u0259 ad\u0131 T\u00fcrk D\u00f6vl\u0259tl\u0259ri T\u0259\u015fkilat\u0131na d\u0259yi\u015fdirilmi\u015f T\u00fcrkdilli D\u00f6vl\u0259tl\u0259rin \u018fm\u0259kda\u015fl\u0131q \u015euras\u0131n\u0131n 2009-cu ild\u0259 Nax\u00e7\u0131van sazi\u015fin\u0259 \u0259sas\u0259n t\u0259sis edilm\u0259si Az\u0259rbaycan\u0131n \u00f6z milli kimliyin\u0259, k\u00f6k\u00fcn\u0259 verdiyi \u00f6n\u0259min bariz bir n\u00fcmun\u0259sidir. Az\u0259rbaycan\u0131n qon\u015fu G\u00fcrc\u00fcstan v\u0259 \u0130ranla m\u00fcnasib\u0259tl\u0259ri y\u00fcks\u0259k s\u0259viyy\u0259d\u0259dir. \u00c7ox\u015fah\u0259li xarici siyas\u0259t g\u00fcnd\u0259liyin\u0259 uy\u011fun olaraq \u00f6lk\u0259mizin Avropa \u0130ttifaq\u0131 il\u0259 m\u00fcnasib\u0259tl\u0259ri d\u0259 y\u00fcks\u0259l\u0259n x\u0259ttl\u0259 inki\u015faf edir. Bu ilin mart ay\u0131nda Bak\u0131da Az\u0259rbaycan v\u0259 Avropa \u0130ttifaq\u0131 aras\u0131nda n\u00f6vb\u0259ti t\u0259hl\u00fck\u0259sizlik dialoqu ke\u00e7iril\u0259c\u0259k. Az\u0259rbaycan bu ilin birinci yar\u0131s\u0131nda Avropa \u0130ttifaq\u0131 il\u0259 ikit\u0259r\u0259fli sazi\u015f \u00fczr\u0259 dan\u0131\u015f\u0131qlar\u0131 bitirm\u0259k v\u0259 sazi\u015fi imzalamaq niyy\u0259tind\u0259dir.<\/p>\n<p>M\u00fcst\u0259qil, \u00f6z milli maraqlar\u0131na \u0259saslanan \u00e7ox\u015fax\u0259li siyas\u0259t Az\u0259rbaycan\u0131n beyn\u0259lxalq arenada rolunun v\u0259 n\u00fcfuzunun y\u00fcks\u0259lm\u0259sini, region \u00f6lk\u0259l\u0259ri, d\u00fcnyan\u0131n g\u00fcc m\u0259rk\u0259zl\u0259ri il\u0259 etibarl\u0131 v\u0259 qar\u015f\u0131l\u0131ql\u0131 h\u00f6rm\u0259t\u0259 \u0259saslanan m\u00fcnasib\u0259tl\u0259r qurma\u011fa v\u0259 onu inki\u015faf etdirm\u0259y\u0259 imkan verib. X\u00fcsusil\u0259, d\u00fcnyan\u0131n b\u00f6y\u00fck \u00f6lk\u0259l\u0259rind\u0259n olan v\u0259 \u0259n \u0259sas\u0131 \u0259n yax\u0131n qon\u015fumuz olan Rusiya il\u0259 \u00f6lk\u0259mizin y\u00fcks\u0259k s\u0259viyy\u0259li \u0259laq\u0259l\u0259ri var. \u0130ki \u00f6lk\u0259 prezidentl\u0259ri aras\u0131nda qar\u015f\u0131l\u0131ql\u0131 h\u00f6rm\u0259t v\u0259 etimada \u0259saslanan dostluq m\u00fcnasib\u0259ti formala\u015f\u0131b. Rusiya Az\u0259rbaycan\u0131n qon\u015fusu, d\u00fcnyan\u0131n \u0259n g\u00fccl\u00fc \u00f6lk\u0259l\u0259rind\u0259n v\u0259 BMT T\u0259hl\u00fck\u0259sizlik \u015euras\u0131n\u0131n daimi \u00fczvl\u0259rind\u0259n biridir. \u00d6lk\u0259l\u0259rimiz aras\u0131nda tarix\u0259n d\u0259rin m\u0259d\u0259ni, humanitar, iqtisadi \u0259laq\u0259l\u0259r m\u00f6vcuddur. Rusiyada milyonlarla az\u0259rbaycanl\u0131 ya\u015fay\u0131r, i\u015fl\u0259yir. V\u0259t\u0259n m\u00fcharib\u0259sind\u0259 \u0259ld\u0259 etdiyimiz z\u0259f\u0259rd\u0259n sonra C\u0259nubi Qafqazda yeni bir regional nizam, konfiqurasiya formala\u015f\u0131r. Bu yeni konfiqurasiyan\u0131n \u0259sas oyun\u00e7ular\u0131 Az\u0259rbaycan, T\u00fcrkiy\u0259 v\u0259 Rusiyad\u0131r.<\/p>\n<p>Bu bax\u0131mdan, h\u0259r iki \u00f6lk\u0259 il\u0259 m\u00fctt\u0259fiqlik b\u0259yannam\u0259l\u0259rinin imzalanmas\u0131 bu yeni konfiqurasiyan\u0131 r\u0259sm\u0259n t\u0259sbit edir. Qazand\u0131\u011f\u0131m\u0131z h\u0259rbi z\u0259f\u0259rin siyasi-diplomatik c\u0259bh\u0259d\u0259 daha da m\u00f6hk\u0259ml\u0259ndirilm\u0259si, Az\u0259rbaycan\u0131n regionda yaratd\u0131\u011f\u0131 yeni reall\u0131\u011f\u0131n tam olaraq q\u0259bul edilm\u0259si m\u00fch\u00fcm \u0259h\u0259miyy\u0259t k\u0259sb edir. T\u00fcrkiy\u0259 il\u0259 imzalanm\u0131\u015f \u015eu\u015fa b\u0259yannamasi kimi, Rusiya il\u0259 Moskva b\u0259yannam\u0259si d\u0259 Az\u0259rbaycan\u0131n \u0259razi b\u00fct\u00f6vl\u00fcy\u00fcn\u0259, m\u00fcst\u0259qilliyin\u0259 v\u0259 t\u0259hl\u00fck\u0259sizliyin\u0259 z\u0259man\u0259t verir. Az\u0259rbaycan \u00f6z m\u00fcst\u0259qil siyas\u0259tin\u0259, t\u0259hl\u00fck\u0259sizliyin\u0259 \u0259lav\u0259 z\u0259man\u0259t qazan\u0131r. H\u0259r iki b\u0259yannam\u0259 bu m\u0259qs\u0259d\u0259 xidm\u0259t edir. S\u00fcr\u0259tl\u0259 d\u0259yi\u015f\u0259n, t\u0259hdidl\u0259rin durmadan artd\u0131\u011f\u0131 bir d\u00fcnyada b\u00fct\u00fcn g\u00fcc m\u0259rk\u0259zl\u0259ri il\u0259 m\u00fcnasib\u0259tl\u0259ri \u0259n y\u00fcks\u0259k s\u0259viyy\u0259y\u0259 \u00e7atd\u0131rmaq \u00f6lk\u0259mizin milli t\u0259hl\u00fck\u0259sizliyinin qorunmas\u0131n\u0131 t\u0259min edir. B\u0259yannam\u0259 olduqca geni\u015fdir &#8211; 40-dan \u00e7ox b\u0259nd var v\u0259 iki \u00f6lk\u0259nin qar\u015f\u0131l\u0131ql\u0131 \u0259laq\u0259l\u0259rinin \u0259n vacib sah\u0259l\u0259rini \u0259hat\u0259 edir. Az\u0259rbaycan v\u0259 Rusiya aras\u0131nda diplomatik m\u00fcnasib\u0259tl\u0259rin qurulmas\u0131n\u0131n 30 illiyi \u0259r\u0259f\u0259sind\u0259 imzalanan bu s\u0259n\u0259din \u00f6lk\u0259l\u0259rimiz \u00fc\u00e7\u00fcn, qar\u015f\u0131l\u0131ql\u0131 \u0259laq\u0259l\u0259rimiz \u00fc\u00e7\u00fcn, h\u0259m d\u0259 regional t\u0259hl\u00fck\u0259sizlik \u00fc\u00e7\u00fcn m\u00fcsb\u0259t \u0259h\u0259miyy\u0259t ver\u0259c\u0259kdir. H\u0259tta qarda\u015f \u00f6lk\u0259d\u0259n \u2013 T\u00fcrkiy\u0259d\u0259n olan h\u0259mkar dostlar\u0131m\u0131z da Az\u0259rbaycan\u0131n bu add\u0131m\u0131n\u0131 u\u011furlu v\u0259 regionun t\u0259hl\u00fck\u0259sizliyi \u00fc\u00e7\u00fcn \u0259h\u0259miyy\u0259tli hesab edirl\u0259r.<\/p>\n<p>T\u00fcrkiy\u0259 B\u00f6y\u00fck Mill\u0259t M\u0259clisinin deputat\u0131, T\u00fcrkiy\u0259-Az\u0259rbaycan\u00a0Parlamentl\u0259raras\u0131 dostluq qrupunun r\u0259hb\u0259ri, \u0259ziz h\u0259mkar\u0131m \u015eamil Ayr\u0131m\u00a0da m\u0259tbuata a\u00e7\u0131qlamas\u0131nda bildirmi\u015fdir ki, \u201cRusiya v\u0259 Az\u0259rbaycan aras\u0131nda \u0259laq\u0259l\u0259r normal v\u0259ziyy\u0259td\u0259dir. Qaraba\u011f m\u00fcharib\u0259sind\u0259 d\u0259 Rusiya T\u00fcrkiy\u0259 il\u0259 birlikd\u0259 \u00f6n\u0259mli yeri tuturdu. Bizim bu m\u00fcqavil\u0259d\u0259n g\u00f6zl\u0259ntimiz b\u00f6lg\u0259d\u0259 \u0259min-amanl\u0131\u011f\u0131n t\u0259minat\u0131n\u0131 yaratmas\u0131d\u0131r. \u00dcmumilikd\u0259 is\u0259 dey\u0259 bil\u0259r\u0259m ki, bu, \u00f6lk\u0259 aras\u0131nda normal prosedurdur.\u201d Bu bax\u0131mdan d\u00fc\u015f\u00fcn\u00fcr\u0259m ki, Qo\u015fulmama H\u0259r\u0259kat\u0131n\u0131n yarad\u0131c\u0131s\u0131 v\u0259 r\u0259hb\u0259rliyind\u0259 olan Az\u0259rbaycan\u0131n b\u00fct\u00fcn \u00f6lk\u0259l\u0259rl\u0259, x\u00fcsusil\u0259 qon\u015fu \u00f6lk\u0259l\u0259rl\u0259 t\u0259r\u0259fda\u015f, qar\u015f\u0131l\u0131ql\u0131 v\u0259 strateji m\u00fctt\u0259fiqlik s\u0259viyy\u0259sind\u0259 \u0259laq\u0259l\u0259rini qurmas\u0131 b\u0259zi q\u00fcvv\u0259l\u0259rd\u0259 q\u0131sqancl\u0131q yaratsada, \u00fcmumilikd\u0259 \u00f6lk\u0259mizin v\u0259 regionun t\u0259hl\u00fck\u0259sizliyi bax\u0131m\u0131ndan \u00f6n\u0259mli \u0259h\u0259miyy\u0259t k\u0259sb edir.<\/p>\n<p><strong>\u018fhliman \u018fmiraslanov,<br \/>\nMilli M\u0259clisin S\u0259hiyy\u0259 komit\u0259sinin s\u0259dri, akademik<\/strong><\/p>\n","protected":false},"excerpt":{"rendered":"<p>2022-ci il fevral\u0131n 22-d\u0259 Moskvada Az\u0259rbaycan Respublikas\u0131n\u0131n Prezidenti \u0130lham \u018fliyev v\u0259 Rusiya Federasiyas\u0131n\u0131n Prezidenti Vladimir Putin \u201cAz\u0259rbaycan Respublikas\u0131 v\u0259 Rusiya Federasiyas\u0131 aras\u0131nda qar\u015f\u0131l\u0131ql\u0131 m\u00fctt\u0259fiqlik f\u0259aliyy\u0259ti haqq\u0131nda\u201d B\u0259yannam\u0259 imzalam\u0131\u015flar. \u018fg\u0259r biz c\u0259nab Prezidentin r\u0259hb\u0259rliyi il\u0259 apar\u0131lan xarici siyas\u0259t\u0259 n\u0259z\u0259r sald\u0131qda g\u00f6r\u0259rik ki, m\u00fctt\u0259fiqlik s\u0259n\u0259dinin haz\u0131rlanmas\u0131 v\u0259 t\u0259r\u0259fl\u0259r aras\u0131nda raz\u0131la\u015fd\u0131r\u0131lmas\u0131 uzun s\u00fcr\u0259n prosesdir. Prezident \u0130lham \u018fliyev Yeni il il\u0259 \u0259laq\u0259dar xalqa m\u00fcraci\u0259tind\u0259 Rusiya il\u0259 \u0259laq\u0259l\u0259rin keyfiyy\u0259tc\u0259 yeni s\u0259viyy\u0259y\u0259 qalxaca\u011f\u0131n\u0131n anonsunu vermi\u015fdi. Bu bax\u0131mdan B\u0259yannam\u0259nin imzalanmas\u0131 yeni g\u00fcnd\u0259m\u0259 \u00e7\u0131xan m\u0259s\u0259l\u0259 deyil. 2008-ci ild\u0259 imzalanan Az\u0259rbaycanla Rusiya aras\u0131nda dostluq v\u0259 strateji t\u0259r\u0259fda\u015fl\u0131q haqq\u0131nda b\u0259yannam\u0259&hellip;<\/p>\n","protected":false},"author":2,"featured_media":443108,"comment_status":"closed","ping_status":"closed","sticky":false,"template":"","format":"standard","meta":{"om_disable_all_campaigns":false,"_monsterinsights_skip_tracking":false,"_monsterinsights_sitenote_active":false,"_monsterinsights_sitenote_note":"","_monsterinsights_sitenote_category":0},"categories":[8],"tags":[],"aioseo_notices":[],"gutentor_comment":0,"rttpg_featured_image_url":{"full":["https:\/\/arantv.az\/wp-content\/uploads\/2022\/02\/f87e955f16043208045489484051080585.jpg",975,540,false],"landscape":["https:\/\/arantv.az\/wp-content\/uploads\/2022\/02\/f87e955f16043208045489484051080585.jpg",975,540,false],"portraits":["https:\/\/arantv.az\/wp-content\/uploads\/2022\/02\/f87e955f16043208045489484051080585.jpg",975,540,false],"thumbnail":["https:\/\/arantv.az\/wp-content\/uploads\/2022\/02\/f87e955f16043208045489484051080585-500x280.jpg",500,280,true],"medium":["https:\/\/arantv.az\/wp-content\/uploads\/2022\/02\/f87e955f16043208045489484051080585-660x365.jpg",660,365,true],"large":["https:\/\/arantv.az\/wp-content\/uploads\/2022\/02\/f87e955f16043208045489484051080585-840x465.jpg",640,354,true],"1536x1536":["https:\/\/arantv.az\/wp-content\/uploads\/2022\/02\/f87e955f16043208045489484051080585.jpg",975,540,false],"2048x2048":["https:\/\/arantv.az\/wp-content\/uploads\/2022\/02\/f87e955f16043208045489484051080585.jpg",975,540,false],"post-thumbnail":["https:\/\/arantv.az\/wp-content\/uploads\/2022\/02\/f87e955f16043208045489484051080585-240x172.jpg",240,172,true],"advps-thumb-one":["https:\/\/arantv.az\/wp-content\/uploads\/2022\/02\/f87e955f16043208045489484051080585.jpg",975,540,false]},"rttpg_author":{"display_name":"V\u00fcsal Rafiqo\u011flu","author_link":"https:\/\/arantv.az\/?author=2"},"rttpg_comment":0,"rttpg_category":"<a href=\"https:\/\/arantv.az\/?cat=8\" rel=\"category\">\u018fsas s\u0259hif\u0259<\/a>","rttpg_excerpt":"2022-ci il fevral\u0131n 22-d\u0259 Moskvada Az\u0259rbaycan Respublikas\u0131n\u0131n Prezidenti \u0130lham \u018fliyev v\u0259 Rusiya Federasiyas\u0131n\u0131n Prezidenti Vladimir Putin \u201cAz\u0259rbaycan Respublikas\u0131 v\u0259 Rusiya Federasiyas\u0131 aras\u0131nda qar\u015f\u0131l\u0131ql\u0131 m\u00fctt\u0259fiqlik f\u0259aliyy\u0259ti haqq\u0131nda\u201d B\u0259yannam\u0259 imzalam\u0131\u015flar. \u018fg\u0259r biz c\u0259nab Prezidentin r\u0259hb\u0259rliyi il\u0259 apar\u0131lan xarici siyas\u0259t\u0259 n\u0259z\u0259r sald\u0131qda g\u00f6r\u0259rik ki, m\u00fctt\u0259fiqlik s\u0259n\u0259dinin haz\u0131rlanmas\u0131 v\u0259 t\u0259r\u0259fl\u0259r aras\u0131nda raz\u0131la\u015fd\u0131r\u0131lmas\u0131 uzun s\u00fcr\u0259n prosesdir. Prezident \u0130lham \u018fliyev Yeni&hellip;","_links":{"self":[{"href":"https:\/\/arantv.az\/index.php?rest_route=\/wp\/v2\/posts\/443107"}],"collection":[{"href":"https:\/\/arantv.az\/index.php?rest_route=\/wp\/v2\/posts"}],"about":[{"href":"https:\/\/arantv.az\/index.php?rest_route=\/wp\/v2\/types\/post"}],"author":[{"embeddable":true,"href":"https:\/\/arantv.az\/index.php?rest_route=\/wp\/v2\/users\/2"}],"replies":[{"embeddable":true,"href":"https:\/\/arantv.az\/index.php?rest_route=%2Fwp%2Fv2%2Fcomments&post=443107"}],"version-history":[{"count":0,"href":"https:\/\/arantv.az\/index.php?rest_route=\/wp\/v2\/posts\/443107\/revisions"}],"wp:featuredmedia":[{"embeddable":true,"href":"https:\/\/arantv.az\/index.php?rest_route=\/wp\/v2\/media\/443108"}],"wp:attachment":[{"href":"https:\/\/arantv.az\/index.php?rest_route=%2Fwp%2Fv2%2Fmedia&parent=443107"}],"wp:term":[{"taxonomy":"category","embeddable":true,"href":"https:\/\/arantv.az\/index.php?rest_route=%2Fwp%2Fv2%2Fcategories&post=443107"},{"taxonomy":"post_tag","embeddable":true,"href":"https:\/\/arantv.az\/index.php?rest_route=%2Fwp%2Fv2%2Ftags&post=443107"}],"curies":[{"name":"wp","href":"https:\/\/api.w.org\/{rel}","templated":true}]}}