{"id":443110,"date":"2022-02-23T20:27:17","date_gmt":"2022-02-23T17:27:17","guid":{"rendered":"http:\/\/arantv.az\/?p=443110"},"modified":"2022-02-23T20:27:17","modified_gmt":"2022-02-23T17:27:17","slug":"moskva-b%c9%99yannam%c9%99si-az%c9%99rbaycanin-%c9%99razi-butovluyun%c9%99-must%c9%99qilliyin%c9%99-v%c9%99-t%c9%99hluk%c9%99sizliyin%c9%99-z%c9%99man%c9%99t-verir-2","status":"publish","type":"post","link":"https:\/\/arantv.az\/?p=443110","title":{"rendered":"Moskva B\u0259yannam\u0259si Az\u0259rbaycan\u0131n \u0259razi b\u00fct\u00f6vl\u00fcy\u00fcn\u0259, m\u00fcst\u0259qilliyin\u0259 v\u0259 t\u0259hl\u00fck\u0259sizliyin\u0259 z\u0259man\u0259t verir"},"content":{"rendered":"<p>Az\u0259rbaycan d\u00f6vl\u0259ti balansla\u015fd\u0131r\u0131lm\u0131\u015f, \u00e7oxvektorlu xarici siyas\u0259t h\u0259yata ke\u00e7irir. Ulu \u00f6nd\u0259rimiz Heyd\u0259r \u018fliyevin \u0259sas\u0131n\u0131 qoydu\u011fu bu siyas\u0259t Prezidentimiz c\u0259nab \u0130lham \u018fliyev t\u0259r\u0259find\u0259n u\u011furla davam etdirilir. D\u00f6vl\u0259timizin xarici siyas\u0259tind\u0259 b\u00fct\u00fcn \u00f6lk\u0259l\u0259rl\u0259, o c\u00fcml\u0259d\u0259n qon\u015fu \u00f6lk\u0259l\u0259rl\u0259 mehriban, b\u0259rab\u0259rh\u00fcquqlu \u0259m\u0259kda\u015fl\u0131\u011fa \u0259saslanan m\u00fcnasib\u0259tl\u0259r m\u00fch\u00fcm yer tutur. Bu bax\u0131mdan, Az\u0259rbaycan\u0131n Rusiya Federasiyas\u0131 il\u0259 y\u00fcks\u0259k s\u0259viyy\u0259li \u0259laq\u0259l\u0259ri m\u00f6vcuddur.<\/p>\n<p>Az\u0259rbaycan Prezidenti \u0130lham \u018fliyevin Rusiyaya haz\u0131rk\u0131 r\u0259smi s\u0259f\u0259ri is\u0259 iki d\u00f6vl\u0259t aras\u0131nda m\u00fcnasib\u0259tl\u0259rin g\u00fccl\u0259nm\u0259si bax\u0131m\u0131ndan x\u00fcsusi \u0259h\u0259miyy\u0259t k\u0259sb edir. M\u0259lumdur ki, bu s\u0259f\u0259r \u00e7\u0259r\u00e7iv\u0259sind\u0259 &#8211; fevral\u0131n 22-d\u0259 Moskvada Az\u0259rbaycan Prezidenti \u0130lham \u018fliyev v\u0259 Rusiya Federasiyas\u0131n\u0131n Prezidenti Vladimir Putin \u201cAz\u0259rbaycan Respublikas\u0131 v\u0259 Rusiya Federasiyas\u0131 aras\u0131nda qar\u015f\u0131l\u0131ql\u0131 m\u00fctt\u0259fiqlik f\u0259aliyy\u0259ti haqq\u0131nda\u201d B\u0259yannam\u0259 imzalay\u0131blar. Az\u0259rbaycanla Rusiya aras\u0131nda imzalanm\u0131\u015f qar\u015f\u0131l\u0131ql\u0131 m\u00fctt\u0259fiqlik f\u0259aliyy\u0259ti haqq\u0131nda B\u0259yannam\u0259ni iki d\u00f6vl\u0259t aras\u0131ndak\u0131 etimadl\u0131 m\u00fcnasib\u0259tl\u0259rin obyektiv n\u0259tic\u0259si kimi d\u0259 d\u0259y\u0259rl\u0259ndirm\u0259k olar. B\u0259yannam\u0259 qar\u015f\u0131l\u0131ql\u0131 faydal\u0131 m\u00fcnasib\u0259tl\u0259rin inki\u015faf\u0131na, regional t\u0259hl\u00fck\u0259sizliy\u0259 m\u00fcsb\u0259t t\u0259sir g\u00f6st\u0259r\u0259c\u0259k, Az\u0259rbaycan-Rusiya m\u00fcnasib\u0259tl\u0259rinin ist\u0259r iqtisadi, ist\u0259rs\u0259 d\u0259 siyasi m\u00fcst\u0259vid\u0259 inki\u015faf\u0131na b\u00f6y\u00fck t\u00f6hf\u0259 ver\u0259c\u0259k. \u00dcmumiyy\u0259tl\u0259, qon\u015fu \u00f6lk\u0259l\u0259rl\u0259 y\u00fcks\u0259k s\u0259viyy\u0259li m\u00fcnasib\u0259tl\u0259rin qurulmas\u0131 Prezident \u0130lham \u018fliyevin prioritet hesab etdiyi sah\u0259l\u0259rd\u0259ndir. V\u0259t\u0259n m\u00fcharib\u0259sind\u0259 tarixi Z\u0259f\u0259r qazan\u0131lmas\u0131nda bu amil b\u00f6y\u00fck rol oynay\u0131b.<\/p>\n<p>M\u00fcst\u0259qil, \u00f6z milli maraqlar\u0131na \u0259saslanan \u00e7ox\u015fax\u0259li siyas\u0259t Az\u0259rbaycan\u0131n beyn\u0259lxalq arenada rolunun v\u0259 n\u00fcfuzunun y\u00fcks\u0259lm\u0259sini, region \u00f6lk\u0259l\u0259ri, d\u00fcnyan\u0131n g\u00fcc m\u0259rk\u0259zl\u0259ri il\u0259 etibarl\u0131 v\u0259 qar\u015f\u0131l\u0131ql\u0131 h\u00f6rm\u0259t\u0259 \u0259saslanan m\u00fcnasib\u0259tl\u0259r qurma\u011fa v\u0259 onu inki\u015faf etdirm\u0259y\u0259 imkan verib. X\u00fcsusil\u0259, d\u00fcnyan\u0131n b\u00f6y\u00fck \u00f6lk\u0259l\u0259rind\u0259n olan v\u0259 \u0259n \u0259sas\u0131 \u0259n yax\u0131n qon\u015fumuz olan Rusiya il\u0259 \u00f6lk\u0259mizin y\u00fcks\u0259k s\u0259viyy\u0259li \u0259laq\u0259l\u0259ri var. \u0130ki \u00f6lk\u0259 prezidentl\u0259ri aras\u0131nda qar\u015f\u0131l\u0131ql\u0131 h\u00f6rm\u0259t v\u0259 etimada \u0259saslanan dostluq m\u00fcnasib\u0259ti formala\u015f\u0131b. Rusiya Az\u0259rbaycan\u0131n qon\u015fusu, d\u00fcnyan\u0131n \u0259n g\u00fccl\u00fc \u00f6lk\u0259l\u0259rind\u0259n v\u0259 BMT T\u0259hl\u00fck\u0259sizlik \u015euras\u0131n\u0131n daimi \u00fczvl\u0259rind\u0259n biridir. \u00d6lk\u0259l\u0259rimiz aras\u0131nda tarix\u0259n d\u0259rin m\u0259d\u0259ni, humanitar, iqtisadi \u0259laq\u0259l\u0259r m\u00f6vcuddur. Rusiyada milyonlarla az\u0259rbaycanl\u0131 ya\u015fay\u0131r, i\u015fl\u0259yir. 44 g\u00fcnl\u00fck V\u0259t\u0259n m\u00fcharib\u0259sind\u0259 \u0259ld\u0259 etdiyimiz Z\u0259f\u0259rd\u0259n sonra C\u0259nubi Qafqazda yeni bir regional nizam, konfiqurasiya formala\u015f\u0131r. Bu yeni konfiqurasiyan\u0131n \u0259sas oyun\u00e7ular\u0131 Az\u0259rbaycan, T\u00fcrkiy\u0259 v\u0259 Rusiyad\u0131r. Bu bax\u0131mdan, h\u0259r iki \u00f6lk\u0259 il\u0259 m\u00fctt\u0259fiqlik b\u0259yannam\u0259l\u0259rinin imzalanmas\u0131 bu yeni konfiqurasiyan\u0131 r\u0259sm\u0259n t\u0259sbit edir. Qazand\u0131\u011f\u0131m\u0131z h\u0259rbi z\u0259f\u0259rin siyasi-diplomatik c\u0259bh\u0259d\u0259 daha da m\u00f6hk\u0259ml\u0259ndirilm\u0259si, Az\u0259rbaycan\u0131n regionda yaratd\u0131\u011f\u0131 yeni reall\u0131\u011f\u0131n tam olaraq q\u0259bul edilm\u0259si m\u00fch\u00fcm \u0259h\u0259miyy\u0259t da\u015f\u0131y\u0131r. T\u00fcrkiy\u0259 il\u0259 imzalanm\u0131\u015f \u015eu\u015fa B\u0259yannam\u0259si kimi, Rusiya il\u0259 imzalanan Moskva B\u0259yannam\u0259si d\u0259 Az\u0259rbaycan\u0131n \u0259razi b\u00fct\u00f6vl\u00fcy\u00fcn\u0259, m\u00fcst\u0259qilliyin\u0259 v\u0259 t\u0259hl\u00fck\u0259sizliyin\u0259 z\u0259man\u0259t verir. Az\u0259rbaycan \u00f6z m\u00fcst\u0259qil siyas\u0259tin\u0259, t\u0259hl\u00fck\u0259sizliyin\u0259 \u0259lav\u0259 z\u0259man\u0259t qazan\u0131r. H\u0259r iki B\u0259yannam\u0259 bu m\u0259qs\u0259d\u0259 xidm\u0259t edir. S\u00fcr\u0259tl\u0259 d\u0259yi\u015f\u0259n, t\u0259hdidl\u0259rin durmadan artd\u0131\u011f\u0131 bir d\u00fcnyada b\u00fct\u00fcn g\u00fcc m\u0259rk\u0259zl\u0259ri il\u0259 m\u00fcnasib\u0259tl\u0259ri \u0259n y\u00fcks\u0259k s\u0259viyy\u0259y\u0259 \u00e7atd\u0131rmaq \u00f6lk\u0259mizin milli t\u0259hl\u00fck\u0259sizliyinin qorunmas\u0131n\u0131 t\u0259min edir. B\u0259yannam\u0259 olduqca geni\u015fdir &#8211; 40-dan \u00e7ox b\u0259nd var v\u0259 iki \u00f6lk\u0259nin qar\u015f\u0131l\u0131ql\u0131 \u0259laq\u0259l\u0259rinin \u0259n vacib sah\u0259l\u0259rini \u0259hat\u0259 edir. \u015e\u00fcbh\u0259siz ki, bu s\u0259n\u0259d Az\u0259rbaycan\u0131n milli maraqlar\u0131na uy\u011fundur v\u0259 Prezidentimiz c\u0259nab \u0130lham \u018fliyev bundan sonra da xalq\u0131m\u0131z\u0131n maraqlar\u0131na uy\u011fun siyas\u0259tini q\u0259tiyy\u0259tl\u0259 davam etdir\u0259c\u0259k.<\/p>\n<p><strong>Abbas \u018fL\u0130YEV,<br \/>\nYAP Ab\u015feron rayon t\u0259\u015fkilat\u0131n\u0131n s\u0259dri<\/strong><\/p>\n","protected":false},"excerpt":{"rendered":"<p>Az\u0259rbaycan d\u00f6vl\u0259ti balansla\u015fd\u0131r\u0131lm\u0131\u015f, \u00e7oxvektorlu xarici siyas\u0259t h\u0259yata ke\u00e7irir. Ulu \u00f6nd\u0259rimiz Heyd\u0259r \u018fliyevin \u0259sas\u0131n\u0131 qoydu\u011fu bu siyas\u0259t Prezidentimiz c\u0259nab \u0130lham \u018fliyev t\u0259r\u0259find\u0259n u\u011furla davam etdirilir. D\u00f6vl\u0259timizin xarici siyas\u0259tind\u0259 b\u00fct\u00fcn \u00f6lk\u0259l\u0259rl\u0259, o c\u00fcml\u0259d\u0259n qon\u015fu \u00f6lk\u0259l\u0259rl\u0259 mehriban, b\u0259rab\u0259rh\u00fcquqlu \u0259m\u0259kda\u015fl\u0131\u011fa \u0259saslanan m\u00fcnasib\u0259tl\u0259r m\u00fch\u00fcm yer tutur. Bu bax\u0131mdan, Az\u0259rbaycan\u0131n Rusiya Federasiyas\u0131 il\u0259 y\u00fcks\u0259k s\u0259viyy\u0259li \u0259laq\u0259l\u0259ri m\u00f6vcuddur. Az\u0259rbaycan Prezidenti \u0130lham \u018fliyevin Rusiyaya haz\u0131rk\u0131 r\u0259smi s\u0259f\u0259ri is\u0259 iki d\u00f6vl\u0259t aras\u0131nda m\u00fcnasib\u0259tl\u0259rin g\u00fccl\u0259nm\u0259si bax\u0131m\u0131ndan x\u00fcsusi \u0259h\u0259miyy\u0259t k\u0259sb edir. M\u0259lumdur ki, bu s\u0259f\u0259r \u00e7\u0259r\u00e7iv\u0259sind\u0259 &#8211; fevral\u0131n 22-d\u0259 Moskvada Az\u0259rbaycan Prezidenti \u0130lham \u018fliyev v\u0259 Rusiya Federasiyas\u0131n\u0131n Prezidenti Vladimir Putin \u201cAz\u0259rbaycan&hellip;<\/p>\n","protected":false},"author":2,"featured_media":443111,"comment_status":"closed","ping_status":"closed","sticky":false,"template":"","format":"standard","meta":{"om_disable_all_campaigns":false,"_monsterinsights_skip_tracking":false,"_monsterinsights_sitenote_active":false,"_monsterinsights_sitenote_note":"","_monsterinsights_sitenote_category":0},"categories":[19],"tags":[],"aioseo_notices":[],"gutentor_comment":0,"rttpg_featured_image_url":{"full":["https:\/\/arantv.az\/wp-content\/uploads\/2022\/02\/281715ca16456222749686295531041886.jpg",975,540,false],"landscape":["https:\/\/arantv.az\/wp-content\/uploads\/2022\/02\/281715ca16456222749686295531041886.jpg",975,540,false],"portraits":["https:\/\/arantv.az\/wp-content\/uploads\/2022\/02\/281715ca16456222749686295531041886.jpg",975,540,false],"thumbnail":["https:\/\/arantv.az\/wp-content\/uploads\/2022\/02\/281715ca16456222749686295531041886-500x280.jpg",500,280,true],"medium":["https:\/\/arantv.az\/wp-content\/uploads\/2022\/02\/281715ca16456222749686295531041886-660x365.jpg",660,365,true],"large":["https:\/\/arantv.az\/wp-content\/uploads\/2022\/02\/281715ca16456222749686295531041886-840x465.jpg",640,354,true],"1536x1536":["https:\/\/arantv.az\/wp-content\/uploads\/2022\/02\/281715ca16456222749686295531041886.jpg",975,540,false],"2048x2048":["https:\/\/arantv.az\/wp-content\/uploads\/2022\/02\/281715ca16456222749686295531041886.jpg",975,540,false],"post-thumbnail":["https:\/\/arantv.az\/wp-content\/uploads\/2022\/02\/281715ca16456222749686295531041886-240x172.jpg",240,172,true],"advps-thumb-one":["https:\/\/arantv.az\/wp-content\/uploads\/2022\/02\/281715ca16456222749686295531041886.jpg",975,540,false]},"rttpg_author":{"display_name":"V\u00fcsal Rafiqo\u011flu","author_link":"https:\/\/arantv.az\/?author=2"},"rttpg_comment":0,"rttpg_category":"<a href=\"https:\/\/arantv.az\/?cat=19\" rel=\"category\">G\u00fcnd\u0259m<\/a>","rttpg_excerpt":"Az\u0259rbaycan d\u00f6vl\u0259ti balansla\u015fd\u0131r\u0131lm\u0131\u015f, \u00e7oxvektorlu xarici siyas\u0259t h\u0259yata ke\u00e7irir. Ulu \u00f6nd\u0259rimiz Heyd\u0259r \u018fliyevin \u0259sas\u0131n\u0131 qoydu\u011fu bu siyas\u0259t Prezidentimiz c\u0259nab \u0130lham \u018fliyev t\u0259r\u0259find\u0259n u\u011furla davam etdirilir. D\u00f6vl\u0259timizin xarici siyas\u0259tind\u0259 b\u00fct\u00fcn \u00f6lk\u0259l\u0259rl\u0259, o c\u00fcml\u0259d\u0259n qon\u015fu \u00f6lk\u0259l\u0259rl\u0259 mehriban, b\u0259rab\u0259rh\u00fcquqlu \u0259m\u0259kda\u015fl\u0131\u011fa \u0259saslanan m\u00fcnasib\u0259tl\u0259r m\u00fch\u00fcm yer tutur. Bu bax\u0131mdan, Az\u0259rbaycan\u0131n Rusiya Federasiyas\u0131 il\u0259 y\u00fcks\u0259k s\u0259viyy\u0259li \u0259laq\u0259l\u0259ri m\u00f6vcuddur. Az\u0259rbaycan Prezidenti \u0130lham \u018fliyevin&hellip;","_links":{"self":[{"href":"https:\/\/arantv.az\/index.php?rest_route=\/wp\/v2\/posts\/443110"}],"collection":[{"href":"https:\/\/arantv.az\/index.php?rest_route=\/wp\/v2\/posts"}],"about":[{"href":"https:\/\/arantv.az\/index.php?rest_route=\/wp\/v2\/types\/post"}],"author":[{"embeddable":true,"href":"https:\/\/arantv.az\/index.php?rest_route=\/wp\/v2\/users\/2"}],"replies":[{"embeddable":true,"href":"https:\/\/arantv.az\/index.php?rest_route=%2Fwp%2Fv2%2Fcomments&post=443110"}],"version-history":[{"count":0,"href":"https:\/\/arantv.az\/index.php?rest_route=\/wp\/v2\/posts\/443110\/revisions"}],"wp:featuredmedia":[{"embeddable":true,"href":"https:\/\/arantv.az\/index.php?rest_route=\/wp\/v2\/media\/443111"}],"wp:attachment":[{"href":"https:\/\/arantv.az\/index.php?rest_route=%2Fwp%2Fv2%2Fmedia&parent=443110"}],"wp:term":[{"taxonomy":"category","embeddable":true,"href":"https:\/\/arantv.az\/index.php?rest_route=%2Fwp%2Fv2%2Fcategories&post=443110"},{"taxonomy":"post_tag","embeddable":true,"href":"https:\/\/arantv.az\/index.php?rest_route=%2Fwp%2Fv2%2Ftags&post=443110"}],"curies":[{"name":"wp","href":"https:\/\/api.w.org\/{rel}","templated":true}]}}