{"id":443113,"date":"2022-02-23T20:28:15","date_gmt":"2022-02-23T17:28:15","guid":{"rendered":"http:\/\/arantv.az\/?p=443113"},"modified":"2022-02-23T20:28:15","modified_gmt":"2022-02-23T17:28:15","slug":"az%c9%99rbaycan-rusiya-%c9%99laq%c9%99l%c9%99ri-regionda-sabitlik-t%c9%99hluk%c9%99sizlik-v%c9%99-davamli-inkisafi-gucl%c9%99ndirir","status":"publish","type":"post","link":"https:\/\/arantv.az\/?p=443113","title":{"rendered":"Az\u0259rbaycan-Rusiya \u0259laq\u0259l\u0259ri regionda sabitlik, t\u0259hl\u00fck\u0259sizlik v\u0259 davaml\u0131 inki\u015faf\u0131 g\u00fccl\u0259ndirir"},"content":{"rendered":"<p>Bu g\u00fcn Az\u0259rbaycan b\u00f6lg\u0259d\u0259 t\u0259hl\u00fck\u0259sizlik v\u0259 davaml\u0131 iqtisadi inki\u015faf \u00fc\u00e7\u00fcn olduqca m\u00fch\u00fcm \u00f6lk\u0259 kimi \u00e7\u0131x\u0131\u015f edir. Az\u0259rbaycan\u0131n ist\u0259r b\u00f6lg\u0259 daxilind\u0259, ist\u0259rs\u0259 d\u0259 beyn\u0259lxalq miqyasda \u0259m\u0259kda\u015fl\u0131q \u0259laq\u0259l\u0259ri, h\u0259yata ke\u00e7irdiyi v\u0259 ya d\u0259st\u0259k verdiyi layih\u0259l\u0259r \u0259sas stimulyatordur. Bu kontekstd\u0259 dan\u0131\u015fark\u0259n Az\u0259rbaycan v\u0259 Rusiya m\u00fcnasib\u0259tl\u0259ri \u00fcz\u0259rind\u0259 x\u00fcsusi dayanmaq laz\u0131m g\u0259lir.<\/p>\n<p>\u0130ki \u00f6lk\u0259 aras\u0131nda tarixi ba\u011fl\u0131l\u0131q m\u00fcst\u0259qillik ill\u0259rind\u0259 s\u0131x siyasi, iqtisadi, sosial, humanitar, m\u0259d\u0259ni \u0259laq\u0259l\u0259rin ard\u0131c\u0131l xarakteri v\u0259 d\u0259rinl\u0259\u015fm\u0259si il\u0259 m\u00fc\u015fayi\u0259t olunub. D\u00f6vl\u0259t ba\u015f\u00e7\u0131s\u0131n\u0131n Rusiya d\u00f6vl\u0259t ba\u015f\u00e7\u0131s\u0131 il\u0259 g\u00f6r\u00fc\u015fd\u0259 s\u0259sl\u0259ndirdiyi \u201cBizim \u00f6lk\u0259l\u0259rimiz aras\u0131nda m\u00fcnasib\u0259tl\u0259r m\u00f6hk\u0259m mehriban qon\u015fuluq v\u0259 dostluq \u0259n\u0259n\u0259l\u0259rin\u0259 malikdir. Rusiya Federasiyas\u0131 il\u0259 m\u00fcnasib\u0259tl\u0259r Az\u0259rbaycan\u0131n xarici siyas\u0259tind\u0259 \u00e7ox m\u00fch\u00fcm yer tutur. B\u00fct\u00fcn istiqam\u0259tl\u0259r \u00fczr\u0259 m\u00fcsb\u0259t dinamika m\u00fc\u015fahid\u0259 edirik. D\u00f6vl\u0259tl\u0259r s\u0259viyy\u0259sind\u0259 m\u00fcnt\u0259z\u0259m siyasi dialoq m\u00f6vcuddur. Az\u0259rbaycan v\u0259 Rusiya beyn\u0259lxalq arenada bir-birini d\u0259st\u0259kl\u0259yir. \u0130qtisadi \u0259m\u0259kda\u015fl\u0131q art\u0131q \u00f6z b\u0259hr\u0259l\u0259rini verir v\u0259 bu, \u00e7ox sevindirici hald\u0131r\u201d s\u00f6zl\u0259rind\u0259n d\u0259 ayd\u0131n olur ki, iki \u00f6lk\u0259 aras\u0131nda iqtisadi \u0259laq\u0259l\u0259r ilk n\u00f6vb\u0259d\u0259 y\u00fcks\u0259k ranql\u0131, qar\u015f\u0131l\u0131ql\u0131 siyasi anla\u015fmaya, dialoqa, siyasi m\u00fctt\u0259fiqliy\u0259 s\u00f6yk\u0259nir.<\/p>\n<p>\u0130ki \u00f6lk\u0259 aras\u0131nda qar\u015f\u0131l\u0131ql\u0131 investisiya sah\u0259sind\u0259 yax\u015f\u0131 dinamika m\u00fc\u015fahid\u0259 edilir. Az\u0259rbaycan Rusiya iqtisadiyyat\u0131na t\u0259xmin\u0259n 1,2 milyard dollar, Rusiya is\u0259 Az\u0259rbaycan iqtisadiyyat\u0131na 4,9 milyard dollar s\u0259rmay\u0259 qoyub. Az\u0259rbaycanda Rusiya kapital\u0131 olan 950 \u015firk\u0259t f\u0259aliyy\u0259t g\u00f6st\u0259rir ki, bu da \u00f6lk\u0259mizd\u0259 xarici kapital\u0131 olan b\u00fct\u00fcn \u015firk\u0259tl\u0259rin 10%-ni t\u0259\u015fkil edir.<\/p>\n<p>Az\u0259rbaycanla Rusiya aras\u0131nda ticar\u0259t d\u00f6vriyy\u0259si d\u0259 daim art\u0131r. 2018-ci ild\u0259 bu, 19% idis\u0259, bu ilin ilk on ay\u0131nda 23%-\u0259 \u00e7at\u0131b. Bel\u0259likl\u0259 dem\u0259k olar ki, iki \u00f6lk\u0259 aras\u0131nda \u0259laq\u0259l\u0259r bir \u00e7ox istiqam\u0259tl\u0259rd\u0259 \u0259h\u0259miyy\u0259t k\u0259sb edir:<\/p>\n<p>Birincisi, Az\u0259rbaycan \u00f6z ixrac potensial\u0131n\u0131 realiz\u0259 etm\u0259k \u00fc\u00e7\u00fcn Rusiya kimi geni\u015f bazara \u00e7\u0131x\u0131\u015f \u0259ld\u0259 edir.<br \/>\n\u0130kincisi, Rusiya Az\u0259rbaycanda investisiya imkanlar\u0131ndan yararlan\u0131r v\u0259 bu, h\u0259m d\u0259 Az\u0259rbaycan \u00fc\u00e7\u00fcn xarici investisiya kimi \u0259h\u0259miyy\u0259tlidir.<br \/>\n\u00dc\u00e7\u00fcnc\u00fcs\u00fc, \u0259laq\u0259l\u0259r siyasi dialoqa, etibarl\u0131 t\u0259r\u0259fda\u015fl\u0131q, m\u00fctt\u0259fiqlik m\u00fcnasib\u0259tin\u0259 s\u00f6yk\u0259nir v\u0259 bu, b\u00fct\u00fcn dig\u0259r \u0259m\u0259kda\u015fl\u0131q \u0259laq\u0259l\u0259ri \u00fc\u00e7\u00fcn m\u00f6hk\u0259m s\u00fctun rolunda \u00e7\u0131x\u0131\u015f edir.<br \/>\nD\u00f6rd\u00fcnc\u00fcs\u00fc, bu \u0259laq\u0259l\u0259r regionda sabitlik, t\u0259hl\u00fck\u0259sizlik v\u0259 davaml\u0131 inki\u015faf meyill\u0259rini v\u0259 maraqlar\u0131n\u0131 g\u00fccl\u0259ndirir.<\/p>\n<p><strong>Varis R\u00fcst\u0259mov,<br \/>\nYAP Sabirabad rayon t\u0259\u015fkilat\u0131n\u0131n s\u0259dri<\/strong><\/p>\n","protected":false},"excerpt":{"rendered":"<p>Bu g\u00fcn Az\u0259rbaycan b\u00f6lg\u0259d\u0259 t\u0259hl\u00fck\u0259sizlik v\u0259 davaml\u0131 iqtisadi inki\u015faf \u00fc\u00e7\u00fcn olduqca m\u00fch\u00fcm \u00f6lk\u0259 kimi \u00e7\u0131x\u0131\u015f edir. Az\u0259rbaycan\u0131n ist\u0259r b\u00f6lg\u0259 daxilind\u0259, ist\u0259rs\u0259 d\u0259 beyn\u0259lxalq miqyasda \u0259m\u0259kda\u015fl\u0131q \u0259laq\u0259l\u0259ri, h\u0259yata ke\u00e7irdiyi v\u0259 ya d\u0259st\u0259k verdiyi layih\u0259l\u0259r \u0259sas stimulyatordur. Bu kontekstd\u0259 dan\u0131\u015fark\u0259n Az\u0259rbaycan v\u0259 Rusiya m\u00fcnasib\u0259tl\u0259ri \u00fcz\u0259rind\u0259 x\u00fcsusi dayanmaq laz\u0131m g\u0259lir. \u0130ki \u00f6lk\u0259 aras\u0131nda tarixi ba\u011fl\u0131l\u0131q m\u00fcst\u0259qillik ill\u0259rind\u0259 s\u0131x siyasi, iqtisadi, sosial, humanitar, m\u0259d\u0259ni \u0259laq\u0259l\u0259rin ard\u0131c\u0131l xarakteri v\u0259 d\u0259rinl\u0259\u015fm\u0259si il\u0259 m\u00fc\u015fayi\u0259t olunub. D\u00f6vl\u0259t ba\u015f\u00e7\u0131s\u0131n\u0131n Rusiya d\u00f6vl\u0259t ba\u015f\u00e7\u0131s\u0131 il\u0259 g\u00f6r\u00fc\u015fd\u0259 s\u0259sl\u0259ndirdiyi \u201cBizim \u00f6lk\u0259l\u0259rimiz aras\u0131nda m\u00fcnasib\u0259tl\u0259r m\u00f6hk\u0259m mehriban qon\u015fuluq v\u0259 dostluq \u0259n\u0259n\u0259l\u0259rin\u0259 malikdir. Rusiya Federasiyas\u0131 il\u0259&hellip;<\/p>\n","protected":false},"author":2,"featured_media":443114,"comment_status":"closed","ping_status":"closed","sticky":false,"template":"","format":"standard","meta":{"om_disable_all_campaigns":false,"_monsterinsights_skip_tracking":false,"_monsterinsights_sitenote_active":false,"_monsterinsights_sitenote_note":"","_monsterinsights_sitenote_category":0},"categories":[19],"tags":[],"aioseo_notices":[],"gutentor_comment":0,"rttpg_featured_image_url":{"full":["https:\/\/arantv.az\/wp-content\/uploads\/2022\/02\/71f6278d164561815740643387010688336.jpg",975,540,false],"landscape":["https:\/\/arantv.az\/wp-content\/uploads\/2022\/02\/71f6278d164561815740643387010688336.jpg",975,540,false],"portraits":["https:\/\/arantv.az\/wp-content\/uploads\/2022\/02\/71f6278d164561815740643387010688336.jpg",975,540,false],"thumbnail":["https:\/\/arantv.az\/wp-content\/uploads\/2022\/02\/71f6278d164561815740643387010688336-500x280.jpg",500,280,true],"medium":["https:\/\/arantv.az\/wp-content\/uploads\/2022\/02\/71f6278d164561815740643387010688336-660x365.jpg",660,365,true],"large":["https:\/\/arantv.az\/wp-content\/uploads\/2022\/02\/71f6278d164561815740643387010688336-840x465.jpg",640,354,true],"1536x1536":["https:\/\/arantv.az\/wp-content\/uploads\/2022\/02\/71f6278d164561815740643387010688336.jpg",975,540,false],"2048x2048":["https:\/\/arantv.az\/wp-content\/uploads\/2022\/02\/71f6278d164561815740643387010688336.jpg",975,540,false],"post-thumbnail":["https:\/\/arantv.az\/wp-content\/uploads\/2022\/02\/71f6278d164561815740643387010688336-240x172.jpg",240,172,true],"advps-thumb-one":["https:\/\/arantv.az\/wp-content\/uploads\/2022\/02\/71f6278d164561815740643387010688336.jpg",975,540,false]},"rttpg_author":{"display_name":"V\u00fcsal Rafiqo\u011flu","author_link":"https:\/\/arantv.az\/?author=2"},"rttpg_comment":0,"rttpg_category":"<a href=\"https:\/\/arantv.az\/?cat=19\" rel=\"category\">G\u00fcnd\u0259m<\/a>","rttpg_excerpt":"Bu g\u00fcn Az\u0259rbaycan b\u00f6lg\u0259d\u0259 t\u0259hl\u00fck\u0259sizlik v\u0259 davaml\u0131 iqtisadi inki\u015faf \u00fc\u00e7\u00fcn olduqca m\u00fch\u00fcm \u00f6lk\u0259 kimi \u00e7\u0131x\u0131\u015f edir. Az\u0259rbaycan\u0131n ist\u0259r b\u00f6lg\u0259 daxilind\u0259, ist\u0259rs\u0259 d\u0259 beyn\u0259lxalq miqyasda \u0259m\u0259kda\u015fl\u0131q \u0259laq\u0259l\u0259ri, h\u0259yata ke\u00e7irdiyi v\u0259 ya d\u0259st\u0259k verdiyi layih\u0259l\u0259r \u0259sas stimulyatordur. Bu kontekstd\u0259 dan\u0131\u015fark\u0259n Az\u0259rbaycan v\u0259 Rusiya m\u00fcnasib\u0259tl\u0259ri \u00fcz\u0259rind\u0259 x\u00fcsusi dayanmaq laz\u0131m g\u0259lir. \u0130ki \u00f6lk\u0259 aras\u0131nda tarixi ba\u011fl\u0131l\u0131q m\u00fcst\u0259qillik ill\u0259rind\u0259 s\u0131x&hellip;","_links":{"self":[{"href":"https:\/\/arantv.az\/index.php?rest_route=\/wp\/v2\/posts\/443113"}],"collection":[{"href":"https:\/\/arantv.az\/index.php?rest_route=\/wp\/v2\/posts"}],"about":[{"href":"https:\/\/arantv.az\/index.php?rest_route=\/wp\/v2\/types\/post"}],"author":[{"embeddable":true,"href":"https:\/\/arantv.az\/index.php?rest_route=\/wp\/v2\/users\/2"}],"replies":[{"embeddable":true,"href":"https:\/\/arantv.az\/index.php?rest_route=%2Fwp%2Fv2%2Fcomments&post=443113"}],"version-history":[{"count":0,"href":"https:\/\/arantv.az\/index.php?rest_route=\/wp\/v2\/posts\/443113\/revisions"}],"wp:featuredmedia":[{"embeddable":true,"href":"https:\/\/arantv.az\/index.php?rest_route=\/wp\/v2\/media\/443114"}],"wp:attachment":[{"href":"https:\/\/arantv.az\/index.php?rest_route=%2Fwp%2Fv2%2Fmedia&parent=443113"}],"wp:term":[{"taxonomy":"category","embeddable":true,"href":"https:\/\/arantv.az\/index.php?rest_route=%2Fwp%2Fv2%2Fcategories&post=443113"},{"taxonomy":"post_tag","embeddable":true,"href":"https:\/\/arantv.az\/index.php?rest_route=%2Fwp%2Fv2%2Ftags&post=443113"}],"curies":[{"name":"wp","href":"https:\/\/api.w.org\/{rel}","templated":true}]}}