{"id":443116,"date":"2022-02-23T20:29:26","date_gmt":"2022-02-23T17:29:26","guid":{"rendered":"http:\/\/arantv.az\/?p=443116"},"modified":"2022-02-23T20:29:26","modified_gmt":"2022-02-23T17:29:26","slug":"xocali-faci%c9%99si-qan-yaddasimizdir-movzusunda-insa-yazi-musabiq%c9%99si","status":"publish","type":"post","link":"https:\/\/arantv.az\/?p=443116","title":{"rendered":"\u201cXocal\u0131 faci\u0259si qan yadda\u015f\u0131m\u0131zd\u0131r\u201d m\u00f6vzusunda in\u015fa-yaz\u0131 m\u00fcsabiq\u0259si"},"content":{"rendered":"<div class=\"content lead font-weight-normal\">\n<p>\u201cMasall\u0131 G\u0259ncl\u0259r evi\u201d sosial xidm\u0259t m\u00fc\u0259ssis\u0259sind\u0259\u00a0Masall\u0131 rayon G\u0259ncl\u0259r v\u0259 \u0130dman \u0130dar\u0259si, T\u0259hsil \u015f\u00f6b\u0259si\u00a0v\u0259 \u201cMasall\u0131 G\u0259ncl\u0259r evi\u201d sosial xidm\u0259t m\u00fc\u0259ssis\u0259sinin birg\u0259 t\u0259\u015fkilat\u00e7\u0131l\u0131\u011f\u0131 il\u0259 Xocal\u0131 faci\u0259sinin 30-cu ild\u00f6n\u00fcm\u00fcn\u0259 h\u0259sr olunmu\u015f u\u015faqlar v\u0259 yeniyetm\u0259l\u0259r aras\u0131nda\u00a0\u201cXocal\u0131 faci\u0259si qan yadda\u015f\u0131m\u0131zd\u0131r\u201d m\u00f6vzusunda in\u015fa-yaz\u0131\u00a0m\u00fcsabiq\u0259si\u00a0ke\u00e7irilib.<\/p>\n<p>T\u0259dbird\u0259 \u0259vv\u0259lc\u0259 Xocal\u0131\u00a0 \u015f\u0259hidl\u0259rinin \u0259ziz xatir\u0259si bir d\u0259qiq\u0259lik s\u00fckutla yad edilib.<\/p>\n<p>T\u0259dbirin m\u00fckafatland\u0131r\u0131lma m\u0259rasimind\u0259\u00a0Masall\u0131 rayon G\u0259ncl\u0259r v\u0259 \u0130dman \u0130dar\u0259sinin\u00a0r\u0259isi Sabiq Cahangirov\u00a0\u00a0\u00e7\u0131x\u0131\u015f ed\u0259r\u0259k i\u015ftirak\u00e7\u0131lar\u0131 salamlam\u0131\u015f\u00a0v\u0259\u00a0bildirmi\u015fdir ki,\u00a0Xocal\u0131 faci\u0259si Az\u0259rbaycan tarixind\u0259, xalq\u0131m\u0131z\u0131n yadda\u015f\u0131nda d\u0259rin iz qoyub. 30 il \u00f6tm\u0259sin\u0259 baxmayaraq faci\u0259nin a\u011fr\u0131 v\u0259 ac\u0131s\u0131 h\u0259l\u0259 d\u0259 q\u0259lbimizd\u0259 ya\u015fay\u0131r. Bu faci\u0259nin unudulmamas\u0131 v\u0259 tarixi h\u0259qiq\u0259tl\u0259rin g\u0259nc n\u0259sill\u0259r\u0259 \u00e7atd\u0131r\u0131lmas\u0131 h\u0259r k\u0259sin, o c\u00fcml\u0259d\u0259n g\u0259ncl\u0259rin\u00a0 v\u0259t\u0259nda\u015fl\u0131q borcudur v\u0259 h\u0259r birimiz \u00fcz\u0259rimiz\u0259 d\u00fc\u015f\u0259n bu missiyan\u0131 layiqinc\u0259 yerin\u0259 yetirm\u0259liyik.<\/p>\n<p>T\u0259dbird\u0259 Masall\u0131 rayon T\u0259hsil \u015f\u00f6b\u0259sinin metodisti \u018fkb\u0259r Bala\u015fo\u011flu \u00e7\u0131x\u0131\u015f ed\u0259r\u0259k\u00a0Xocal\u0131 Az\u0259rbaycan xalq\u0131 \u00fc\u00e7\u00fcn q\u0259ddarl\u0131q v\u0259 c\u0259zas\u0131zl\u0131qr\u0259mzin\u0259 \u00e7evrilib. Dinc \u0259halinin k\u00fctl\u0259vi q\u0131r\u011f\u0131n\u0131 b\u00fct\u00fcn insanl\u0131\u011fa qar\u015f\u0131 \u0259n a\u011f\u0131r cinay\u0259tl\u0259rd\u0259n biri olmaqla, XX \u0259srin \u0259n d\u0259h\u015f\u0259tli faci\u0259si kimi yadda\u015flara \u0259b\u0259di olaraq qal\u0131b.<\/p>\n<p>Masall\u0131 \u015f\u0259h\u0259r 2 sayl\u0131 N.N\u0259rimanov ad\u0131na tam orta m\u0259kt\u0259bin IX sinif \u015fagirdi \u00a0M\u0259cidov Taryel \u00d6zb\u0259k o\u011flu,\u00a0birinci yer\u0259, \u018frkivan q\u0259s\u0259b\u0259 1 sayl\u0131 C.Cabbarl\u0131 ad\u0131na tam orta m\u0259kt\u0259bin\u00a0 IX sinif \u015fagirdi \u0130smay\u0131lova \u018fziz\u0259 \u018fziz\u0259li\u00a0 q\u0131z\u0131 ikinci yer\u0259, \u00a0\u201cD\u0259fin\u0259\u201d m\u0259kt\u0259b-liseyinin IX sinif \u015fagirdi Eynullayeva R\u00f6ya C\u0259sayir q\u0131z\u0131 \u00a0\u00fc\u00e7\u00fcnc\u00fc\u00a0 yer\u0259\u00a0 layiq g\u00f6r\u00fcl\u00fcbl\u0259r. Masall\u0131 \u015f\u0259h\u0259r 4 sayl\u0131 S.Ta\u011f\u0131yev ad\u0131na tam orta m\u0259kt\u0259bin IX sinif \u015fagirdi Xan\u0131m H\u00fcseynova f\u0259rql\u0259ndiyin\u0259 g\u00f6r\u0259 diplomla t\u0259ltif olunub.<\/p>\n<p>M\u00fcsabiq\u0259d\u0259\u00a0 qalib g\u0259lmi\u015f\u00a0 b\u00fct\u00fcn\u00a0 \u015fagirdl\u0259r Masall\u0131 rayon\u00a0 G\u0259ncl\u0259r v\u0259 \u0130dman idar\u0259si v\u0259 \u201cMasall\u0131 G\u0259ncl\u0259r evi\u201d sosial xidm\u0259t m\u00fc\u0259ssis\u0259si t\u0259r\u0259find\u0259n\u00a0 diplomla t\u0259ltif olunublar.<\/p>\n<p><em>\u018flih\u00fcseyn \u015e\u00fck\u00fcrov<\/em><\/p>\n<div class=\"clearfix\"><\/div>\n<\/div>\n<div class=\"fotorama--hidden\"><\/div>\n<div id=\"galleryList\" class=\"fotorama fotorama1645637303169\" data-nav=\"thumbs\" data-width=\"100%\" data-thumbwidth=\"90\" data-thumbheight=\"60\" data-allowfullscreen=\"true\" data-autoplay=\"3000\" data-ratio=\"1.5\" data-keyboard=\"true\" data-fit=\"contain\">\n<div class=\"fotorama__wrap fotorama__wrap--css3 fotorama__wrap--slide fotorama__wrap--toggle-arrows fotorama__wrap--no-controls\">\n<div class=\"fotorama__stage fotorama__pointer\">\n<div class=\"fotorama__fullscreen-icon\" tabindex=\"0\" role=\"button\"><\/div>\n<div class=\"fotorama__stage__shaft\">\n<div class=\"fotorama__stage__frame fotorama__loaded fotorama__loaded--img\"><img class=\"fotorama__img\" src=\"https:\/\/ikisahil.az\/photo\/0x0_2\/upload\/gallery\/2022\/02\/23\/-cf2f3fe1164562422669987869110342431.jpg\" \/><\/div>\n<div class=\"fotorama__stage__frame fotorama__loaded fotorama__loaded--img fotorama__active\"><img class=\"fotorama__img\" src=\"https:\/\/ikisahil.az\/photo\/0x0_2\/upload\/gallery\/2022\/02\/23\/-2557911c164562422789634074310643604.jpg\" \/><\/div>\n<div class=\"fotorama__stage__frame fotorama__loaded fotorama__loaded--img\"><img class=\"fotorama__img\" src=\"https:\/\/ikisahil.az\/photo\/0x0_2\/upload\/gallery\/2022\/02\/23\/-e9245170164562422568877787310073616.jpg\" \/><\/div>\n<div class=\"fotorama__stage__frame fotorama__loaded fotorama__loaded--img\"><img class=\"fotorama__img\" src=\"https:\/\/ikisahil.az\/photo\/0x0_2\/upload\/gallery\/2022\/02\/23\/-c6943e76164562422561996563610948877.jpg\" \/><\/div>\n<\/div>\n<div class=\"fotorama__arr fotorama__arr--prev fotorama__arr--disabled\" tabindex=\"-1\" role=\"button\"><\/div>\n<div class=\"fotorama__arr fotorama__arr--next\" tabindex=\"0\" role=\"button\"><\/div>\n<div class=\"fotorama__video-close\"><\/div>\n<\/div>\n<div class=\"fotorama__nav-wrap\">\n<div class=\"fotorama__nav fotorama__nav--thumbs\">\n<div class=\"fotorama__nav__shaft\">\n<div class=\"fotorama__thumb-border\"><\/div>\n<div class=\"fotorama__nav__frame fotorama__nav__frame--thumb fotorama__active\" tabindex=\"0\" role=\"button\">\n<div class=\"fotorama__thumb fotorama__loaded fotorama__loaded--img\"><img class=\"fotorama__img\" src=\"https:\/\/ikisahil.az\/photo\/150x100_2\/upload\/gallery\/2022\/02\/23\/-e9245170164562422568877787310073616.jpg\" \/><\/div>\n<\/div>\n<div class=\"fotorama__nav__frame fotorama__nav__frame--thumb\" tabindex=\"0\" role=\"button\">\n<div class=\"fotorama__thumb fotorama__loaded fotorama__loaded--img\"><img class=\"fotorama__img\" src=\"https:\/\/ikisahil.az\/photo\/150x100_2\/upload\/gallery\/2022\/02\/23\/-c6943e76164562422561996563610948877.jpg\" \/><\/div>\n<\/div>\n<div class=\"fotorama__nav__frame fotorama__nav__frame--thumb\" tabindex=\"0\" role=\"button\">\n<div class=\"fotorama__thumb fotorama__loaded fotorama__loaded--img\"><img class=\"fotorama__img\" src=\"https:\/\/ikisahil.az\/photo\/150x100_2\/upload\/gallery\/2022\/02\/23\/-7f2776f5164562422677872377410474122.jpg\" \/><\/div>\n<\/div>\n<div class=\"fotorama__nav__frame fotorama__nav__frame--thumb\" tabindex=\"0\" role=\"button\">\n<div class=\"fotorama__thumb fotorama__loaded fotorama__loaded--img\"><img class=\"fotorama__img\" src=\"https:\/\/ikisahil.az\/photo\/150x100_2\/upload\/gallery\/2022\/02\/23\/-cf2f3fe1164562422669987869110342431.jpg\" \/><\/div>\n<\/div>\n<div class=\"fotorama__nav__frame fotorama__nav__frame--thumb\" tabindex=\"0\" role=\"button\">\n<div class=\"fotorama__thumb fotorama__loaded fotorama__loaded--img\"><img class=\"fotorama__img\" src=\"https:\/\/ikisahil.az\/photo\/150x100_2\/upload\/gallery\/2022\/02\/23\/-2557911c164562422789634074310643604.jpg\" \/><\/div>\n<\/div>\n<\/div>\n<\/div>\n<\/div>\n<\/div>\n<\/div>\n<div class=\"sharing my-2 row no-gutters d-print-none\">\n<div class=\"col-md-3\"><\/div>\n<\/div>\n","protected":false},"excerpt":{"rendered":"<p>\u201cMasall\u0131 G\u0259ncl\u0259r evi\u201d sosial xidm\u0259t m\u00fc\u0259ssis\u0259sind\u0259\u00a0Masall\u0131 rayon G\u0259ncl\u0259r v\u0259 \u0130dman \u0130dar\u0259si, T\u0259hsil \u015f\u00f6b\u0259si\u00a0v\u0259 \u201cMasall\u0131 G\u0259ncl\u0259r evi\u201d sosial xidm\u0259t m\u00fc\u0259ssis\u0259sinin birg\u0259 t\u0259\u015fkilat\u00e7\u0131l\u0131\u011f\u0131 il\u0259 Xocal\u0131 faci\u0259sinin 30-cu ild\u00f6n\u00fcm\u00fcn\u0259 h\u0259sr olunmu\u015f u\u015faqlar v\u0259 yeniyetm\u0259l\u0259r aras\u0131nda\u00a0\u201cXocal\u0131 faci\u0259si qan yadda\u015f\u0131m\u0131zd\u0131r\u201d m\u00f6vzusunda in\u015fa-yaz\u0131\u00a0m\u00fcsabiq\u0259si\u00a0ke\u00e7irilib. T\u0259dbird\u0259 \u0259vv\u0259lc\u0259 Xocal\u0131\u00a0 \u015f\u0259hidl\u0259rinin \u0259ziz xatir\u0259si bir d\u0259qiq\u0259lik s\u00fckutla yad edilib. T\u0259dbirin m\u00fckafatland\u0131r\u0131lma m\u0259rasimind\u0259\u00a0Masall\u0131 rayon G\u0259ncl\u0259r v\u0259 \u0130dman \u0130dar\u0259sinin\u00a0r\u0259isi Sabiq Cahangirov\u00a0\u00a0\u00e7\u0131x\u0131\u015f ed\u0259r\u0259k i\u015ftirak\u00e7\u0131lar\u0131 salamlam\u0131\u015f\u00a0v\u0259\u00a0bildirmi\u015fdir ki,\u00a0Xocal\u0131 faci\u0259si Az\u0259rbaycan tarixind\u0259, xalq\u0131m\u0131z\u0131n yadda\u015f\u0131nda d\u0259rin iz qoyub. 30 il \u00f6tm\u0259sin\u0259 baxmayaraq faci\u0259nin a\u011fr\u0131 v\u0259 ac\u0131s\u0131 h\u0259l\u0259 d\u0259 q\u0259lbimizd\u0259 ya\u015fay\u0131r. Bu faci\u0259nin unudulmamas\u0131 v\u0259 tarixi h\u0259qiq\u0259tl\u0259rin g\u0259nc n\u0259sill\u0259r\u0259&hellip;<\/p>\n","protected":false},"author":2,"featured_media":443117,"comment_status":"closed","ping_status":"closed","sticky":false,"template":"","format":"standard","meta":{"om_disable_all_campaigns":false,"_monsterinsights_skip_tracking":false,"_monsterinsights_sitenote_active":false,"_monsterinsights_sitenote_note":"","_monsterinsights_sitenote_category":0},"categories":[2],"tags":[],"aioseo_notices":[],"gutentor_comment":0,"rttpg_featured_image_url":{"full":["https:\/\/arantv.az\/wp-content\/uploads\/2022\/02\/37ecd276164562420680732621010162243.jpg",975,540,false],"landscape":["https:\/\/arantv.az\/wp-content\/uploads\/2022\/02\/37ecd276164562420680732621010162243.jpg",975,540,false],"portraits":["https:\/\/arantv.az\/wp-content\/uploads\/2022\/02\/37ecd276164562420680732621010162243.jpg",975,540,false],"thumbnail":["https:\/\/arantv.az\/wp-content\/uploads\/2022\/02\/37ecd276164562420680732621010162243-500x280.jpg",500,280,true],"medium":["https:\/\/arantv.az\/wp-content\/uploads\/2022\/02\/37ecd276164562420680732621010162243-660x365.jpg",660,365,true],"large":["https:\/\/arantv.az\/wp-content\/uploads\/2022\/02\/37ecd276164562420680732621010162243-840x465.jpg",640,354,true],"1536x1536":["https:\/\/arantv.az\/wp-content\/uploads\/2022\/02\/37ecd276164562420680732621010162243.jpg",975,540,false],"2048x2048":["https:\/\/arantv.az\/wp-content\/uploads\/2022\/02\/37ecd276164562420680732621010162243.jpg",975,540,false],"post-thumbnail":["https:\/\/arantv.az\/wp-content\/uploads\/2022\/02\/37ecd276164562420680732621010162243-240x172.jpg",240,172,true],"advps-thumb-one":["https:\/\/arantv.az\/wp-content\/uploads\/2022\/02\/37ecd276164562420680732621010162243.jpg",975,540,false]},"rttpg_author":{"display_name":"V\u00fcsal Rafiqo\u011flu","author_link":"https:\/\/arantv.az\/?author=2"},"rttpg_comment":0,"rttpg_category":"<a href=\"https:\/\/arantv.az\/?cat=2\" rel=\"category\">Region X\u0259b\u0259rl\u0259ri<\/a>","rttpg_excerpt":"\u201cMasall\u0131 G\u0259ncl\u0259r evi\u201d sosial xidm\u0259t m\u00fc\u0259ssis\u0259sind\u0259\u00a0Masall\u0131 rayon G\u0259ncl\u0259r v\u0259 \u0130dman \u0130dar\u0259si, T\u0259hsil \u015f\u00f6b\u0259si\u00a0v\u0259 \u201cMasall\u0131 G\u0259ncl\u0259r evi\u201d sosial xidm\u0259t m\u00fc\u0259ssis\u0259sinin birg\u0259 t\u0259\u015fkilat\u00e7\u0131l\u0131\u011f\u0131 il\u0259 Xocal\u0131 faci\u0259sinin 30-cu ild\u00f6n\u00fcm\u00fcn\u0259 h\u0259sr olunmu\u015f u\u015faqlar v\u0259 yeniyetm\u0259l\u0259r aras\u0131nda\u00a0\u201cXocal\u0131 faci\u0259si qan yadda\u015f\u0131m\u0131zd\u0131r\u201d m\u00f6vzusunda in\u015fa-yaz\u0131\u00a0m\u00fcsabiq\u0259si\u00a0ke\u00e7irilib. T\u0259dbird\u0259 \u0259vv\u0259lc\u0259 Xocal\u0131\u00a0 \u015f\u0259hidl\u0259rinin \u0259ziz xatir\u0259si bir d\u0259qiq\u0259lik s\u00fckutla yad edilib. T\u0259dbirin m\u00fckafatland\u0131r\u0131lma m\u0259rasimind\u0259\u00a0Masall\u0131 rayon G\u0259ncl\u0259r v\u0259 \u0130dman&hellip;","_links":{"self":[{"href":"https:\/\/arantv.az\/index.php?rest_route=\/wp\/v2\/posts\/443116"}],"collection":[{"href":"https:\/\/arantv.az\/index.php?rest_route=\/wp\/v2\/posts"}],"about":[{"href":"https:\/\/arantv.az\/index.php?rest_route=\/wp\/v2\/types\/post"}],"author":[{"embeddable":true,"href":"https:\/\/arantv.az\/index.php?rest_route=\/wp\/v2\/users\/2"}],"replies":[{"embeddable":true,"href":"https:\/\/arantv.az\/index.php?rest_route=%2Fwp%2Fv2%2Fcomments&post=443116"}],"version-history":[{"count":0,"href":"https:\/\/arantv.az\/index.php?rest_route=\/wp\/v2\/posts\/443116\/revisions"}],"wp:featuredmedia":[{"embeddable":true,"href":"https:\/\/arantv.az\/index.php?rest_route=\/wp\/v2\/media\/443117"}],"wp:attachment":[{"href":"https:\/\/arantv.az\/index.php?rest_route=%2Fwp%2Fv2%2Fmedia&parent=443116"}],"wp:term":[{"taxonomy":"category","embeddable":true,"href":"https:\/\/arantv.az\/index.php?rest_route=%2Fwp%2Fv2%2Fcategories&post=443116"},{"taxonomy":"post_tag","embeddable":true,"href":"https:\/\/arantv.az\/index.php?rest_route=%2Fwp%2Fv2%2Ftags&post=443116"}],"curies":[{"name":"wp","href":"https:\/\/api.w.org\/{rel}","templated":true}]}}