{"id":443122,"date":"2022-02-23T20:31:19","date_gmt":"2022-02-23T17:31:19","guid":{"rendered":"http:\/\/arantv.az\/?p=443122"},"modified":"2022-02-23T20:31:19","modified_gmt":"2022-02-23T17:31:19","slug":"mubariz-xalqimin-das-yaddasi","status":"publish","type":"post","link":"https:\/\/arantv.az\/?p=443122","title":{"rendered":"M\u00fcbariz xalq\u0131m\u0131n da\u015f yadda\u015f\u0131&#8230;"},"content":{"rendered":"<div class=\"content lead font-weight-normal\">\n<p><strong>\u018flinc\u0259 qalas\u0131n\u0131n zirv\u0259sind\u0259 olark\u0259n q\u0259lbimd\u0259n co\u015fan o h\u0259rar\u0259tli hissl\u0259r&#8230;<\/strong><\/p>\n<p>H\u0259r da\u015f\u0131, qayas\u0131 tarix qoxan, ulu babam\u0131n q\u0259dim diyar\u0131, ke\u00e7mi\u015finin izini nax\u0131\u015f-nax\u0131\u015f qayalar\u0131nda saxlayan, sirli-sehirli, \u0259z\u0259m\u0259tl\u0259, v\u00fcqarla \u018flinc\u0259 torpa\u011f\u0131na m\u0259sk\u0259n salan \u018flinc\u0259qalam! Duru\u015fu\u011funa, \u0259z\u0259m\u0259tin\u0259 u\u015faq \u00e7a\u011flar\u0131mdan heyran qalm\u0131\u015fam. Azadl\u0131q u\u011frunda m\u00fcbariz\u0259mizin, i\u015f\u011fal\u00e7\u0131lara qar\u015f\u0131 qanl\u0131 d\u00f6y\u00fc\u015fl\u0259rin \u015fahidi olan, tarixin ke\u015fm\u0259ke\u015fl\u0259rin\u0259 m\u0259tinlikl\u0259 sin\u0259 g\u0259r\u0259n qalam&#8230; \u00c7oxdank\u0131 arzum idi s\u0259nin m\u0259\u011flubedilm\u0259zliyini yax\u0131ndan g\u00f6rm\u0259k, o minillik tarixi \u00f6z\u00fcnd\u0259 ya\u015fadan qayalar\u0131na toxunmaq, hiss etm\u0259k&#8230; N\u0259hay\u0259t, bu g\u00fcnl\u0259rd\u0259 bu arzuma \u00e7atd\u0131m. Tarix qoxulu o t\u0259miz havan\u0131 ciy\u0259rl\u0259rim\u0259 \u00e7\u0259kdim. Q\u00fcrurland\u0131m ulu ke\u00e7mi\u015fiml\u0259, yal\u00e7\u0131n qayalar\u0131n zirv\u0259sind\u0259 qartallar\u0131n yuva sald\u0131\u011f\u0131 \u0259z\u0259m\u0259tli qala d\u00fc\u015fm\u0259n\u0259 qar\u015f\u0131 xalq m\u00fcqavim\u0259tinin simvolu kimi tarixd\u0259 \u00f6z layiqli yerini tutub.<\/p>\n<p>Qalan\u0131 g\u0259z\u0259rk\u0259n kitab v\u0259 q\u0259zetl\u0259rd\u0259n oxudu\u011fum tarix yenid\u0259n yadda\u015f\u0131mda t\u0259z\u0259l\u0259ndi. Sanki \u0259srl\u0259rin \u00f6t\u0259sin\u0259 gedib \u00e7\u0131x\u0131ram&#8230; H\u0259qiq\u0259t\u0259n bu qalan\u0131n d\u00fcnya m\u0259d\u0259niyy\u0259t tarixind\u0259 x\u00fcsusi yeri v\u0259 \u0259h\u0259miyy\u0259ti var. Bura m\u0259d\u0259niyy\u0259tin be\u015fiyi, sivilizasiyan\u0131n m\u0259rk\u0259zidir. \u018fn y\u00fcks\u0259k zirv\u0259nd\u0259n a\u015fa\u011f\u0131 bax\u0131ram. F\u0259xar\u0259t hissi ke\u00e7ir\u0259r\u0259k d\u00fc\u015f\u00fcn\u00fcr\u0259m, d\u00fc\u015fm\u0259n\u0259 qar\u015f\u0131 apard\u0131\u011f\u0131n m\u00fcbariz\u0259 s\u0259nin yenilm\u0259z v\u0259 m\u0259\u011flubedilm\u0259zliyindir. Ke\u00e7mi\u015fimizd\u0259n bu g\u00fcn\u00fcm\u00fcz\u0259, indiki g\u0259ncl\u0259rimiz\u0259 v\u0259 g\u0259l\u0259c\u0259k n\u0259sill\u0259r\u0259 q\u0259hr\u0259mancas\u0131na m\u00fcbariz\u0259 aparma\u011f\u0131n, d\u00fc\u015fm\u0259n \u00f6n\u00fcnd\u0259 \u0259yilm\u0259zliyin \u0259n m\u00f6ht\u0259\u015f\u0259m \u00f6rn\u0259yis\u0259n. \u018fminlikl\u0259 dey\u0259 bil\u0259r\u0259m ki, b\u00fct\u00fcn d\u00f6vrl\u0259rind\u0259, s\u0259ni \u00f6z\u00fcn\u0259 \u00f6rn\u0259k alan xalq\u0131m, mill\u0259tim yenilm\u0259z, v\u00fcqarl\u0131 oldu\u011funu s\u00fcbut etm\u0259y\u0259, qar\u015f\u0131la\u015fd\u0131\u011f\u0131 d\u00fc\u015fm\u0259n\u0259 \u00f6z g\u00fcc\u00fcn\u00fc g\u00f6st\u0259rm\u0259y\u0259 davam edib.<\/p>\n<p><em>Bu torpaqda qan t\u00f6k\u0259nd\u0259 ya\u011f\u0131lar,<\/em><\/p>\n<p><em>D\u00fcy\u00fcnl\u0259ndi \u018flinc\u0259nin qa\u015f\u0131 da.<\/em><\/p>\n<p><em>\u018fsg\u0259r oldu, q\u0131l\u0131nc oldu, ox oldu,<\/em><\/p>\n<p><em>\u0130gidl\u0259\u015fdi qayas\u0131 da, da\u015f\u0131 da.<\/em><\/p>\n<p>Bilir\u0259m da\u015fsan, qayasan, amma \u0259min\u0259m ki, s\u0259n \u0259ziz xalq\u0131n\u0131n V\u0259t\u0259n, torpaq \u00fc\u00e7\u00fcn m\u00fcbariz\u0259sind\u0259n, 44 g\u00fcn davam ed\u0259n V\u0259t\u0259n m\u00fcharib\u0259sind\u0259n, q\u0131sa zaman k\u0259siyind\u0259 Az\u0259rbaycan ordusunun, igid o\u011fullar\u0131m\u0131z\u0131n d\u00fc\u015fm\u0259n\u0259 verdiyi cavabdan x\u0259b\u0259rdarsan&#8230; Zirv\u0259nd\u0259 dal\u011falanan \u00fc\u00e7r\u0259ngli, \u00fcz\u00fck qa\u015f\u0131na b\u0259nz\u0259y\u0259r\u0259k parlayan ay-ulduzlu, m\u0259nliyind\u0259 t\u00fcrk olan, igid qan\u0131 il\u0259 al-q\u0131rm\u0131z\u0131 r\u0259ng\u0259 \u00e7alan, ya\u015f\u0131l r\u0259nginin h\u0259rar\u0259tind\u0259 haqq\u0131, \u0259dal\u0259ti, \u0130slam\u0131 b\u0259yan ed\u0259n, v\u00fcqarl\u0131 bayra\u011f\u0131m indi Qaraba\u011f\u0131m\u0131zda, \u015eu\u015fam\u0131zda, 30 illik h\u0259sr\u0259tind\u0259 oldu\u011fumuz torpaqlar\u0131m\u0131zda dal\u011falan\u0131r. D\u00fc\u015f\u00fcn\u00fcr\u0259m s\u0259n d\u0259 hiss edibs\u0259n h\u0259m sevincimizi, h\u0259m d\u0259 k\u0259d\u0259rimizi&#8230; B\u0259lk\u0259 d\u0259 y\u00fcks\u0259k zirv\u0259nd\u0259n seyr edibs\u0259n \u0259traf\u0131ndak\u0131 k\u0259ndl\u0259r\u0259 \u015fanl\u0131 bayra\u011fa b\u00fck\u00fcl\u00fc g\u0259l\u0259n \u015f\u0259hidl\u0259rimizi&#8230; \u018fmin\u0259m ki, zirv\u0259ni daha da ucaltm\u0131san, f\u0259xar\u0259tl\u0259 qar\u015f\u0131lam\u0131san onlar\u0131. Xalq\u0131m\u0131z kimi \u015fahidi oldu\u011fun bu tarix\u0259 s\u0259n d\u0259 q\u00fcrurlanm\u0131san&#8230; Alm\u0131san \u015f\u0259hidl\u0259rimizin ruhlar\u0131n\u0131 zirv\u0259n\u0259 qald\u0131rm\u0131san. Bel\u0259c\u0259 s\u00f6hb\u0259tl\u0259\u015firik 44 g\u00fcnl\u00fck V\u0259t\u0259n m\u00fcharib\u0259sind\u0259 qazand\u0131\u011f\u0131m\u0131z Q\u0259l\u0259b\u0259d\u0259n, igid o\u011fullar\u0131m\u0131z\u0131n q\u0259hr\u0259manl\u0131qlar\u0131ndan&#8230;<\/p>\n<p><strong>\u018fz\u0259m\u0259tli qalam\u0131n q\u0259dim tarixin\u0259 n\u0259z\u0259r salark\u0259n&#8230;<\/strong><\/p>\n<p>Culfa rayonunun Xan\u0259gah k\u0259ndind\u0259, \u018flinc\u0259\u00e7ay\u0131n sa\u011f sahilind\u0259 v\u0259 eyniadl\u0131 da\u011f\u0131n zirv\u0259sind\u0259 sal\u0131nan \u018flinc\u0259qalan\u0131n ad\u0131 haqq\u0131nda q\u0259dim m\u0259nb\u0259l\u0259rd\u0259 \u201cErincaq\u201d, \u201cErincik\u201d, \u201cAlancik\u201d, \u201cAl\u0131nca\u201d, \u201cAlancuq\u201d kimi qeyd olunub. Bir \u00e7ox t\u0259dqiqat\u00e7\u0131lar bu qalan\u0131n ad\u0131n\u0131 q\u0259dim t\u00fcrk dilind\u0259 \u201cd\u00fcz\u0259nlik\u201d m\u0259nas\u0131nda i\u015fl\u0259dil\u0259n \u201calan\u201d s\u00f6z\u00fcn\u0259 aid edirl\u0259r ki, bu da qalan\u0131n yerl\u0259\u015fdiyi sah\u0259nin ki\u00e7ik meydan\u00e7aya b\u0259nz\u0259m\u0259si il\u0259 ba\u011fl\u0131d\u0131r. \u0130span diplomat\u0131, Kastiliya kral\u0131 III Enrikonun 1403-1406-c\u0131 ill\u0259rd\u0259 Teymuril\u0259r d\u00f6vl\u0259tind\u0259ki s\u0259firi R\u00fci Qonsales Klavixo \u018flinc\u0259qalan\u0131 bel\u0259 t\u0259svir etmi\u015fdir: \u201c\u018flinc\u0259qala y\u00fcks\u0259k v\u0259 s\u0131ld\u0131r\u0131m bir da\u011f \u00fcz\u0259rind\u0259 q\u0259rar tutaraq divar v\u0259 b\u00fcrcl\u0259rl\u0259 \u0259hat\u0259 olunmu\u015fdur. Divarlar\u0131n daxilind\u0259, da\u011f yamaclar\u0131n\u0131n a\u015fa\u011f\u0131 t\u0259r\u0259fl\u0259rind\u0259 \u00fcz\u00fcml\u00fckl\u0259r, ba\u011flar, z\u0259mil\u0259r, otlaqlar, bulaqlar v\u0259 hovuzlar vard\u0131r. Q\u0259sr v\u0259 ya qala da\u011f\u0131n zirv\u0259sind\u0259 yerl\u0259\u015fir\u201d. Xan\u0259gah k\u0259ndinin a\u011fsaqqal v\u0259 a\u011fbir\u00e7\u0259kl\u0259rinin yadda\u015f\u0131na ili\u015fib qalan ad is\u0259 daha maraq do\u011furur. El aras\u0131nda deyil\u0259nl\u0259r\u0259 g\u00f6r\u0259 q\u0259dim zamanlarda qalan\u0131n ad\u0131 \u201c\u018flinc\u0259k\u201d, y\u0259ni \u201c\u0259lini \u00e7\u0259k\u201d kimi yozulub. Bu da qalan\u0131n d\u00fc\u015fm\u0259n\u0259 yax\u015f\u0131 g\u00f6zda\u011f\u0131 olmas\u0131, al\u0131nmaz v\u0259 m\u0259\u011flubedilm\u0259zliyi il\u0259 ba\u011fl\u0131d\u0131r. Bir \u00e7ox m\u0259nb\u0259l\u0259rd\u0259 \u018flinc\u0259qalan\u0131n tikilm\u0259 tarixi haqq\u0131nda m\u00fcxt\u0259lif fikirl\u0259r\u0259 rast g\u0259linir. B\u0259zi t\u0259dqiqat\u00e7\u0131lar tarixi qaynaqlara \u0259saslanaraq qalan\u0131n tikilm\u0259sini t\u0259qrib\u0259n, 2 min il bundan \u0259vv\u0259l\u0259 aid edirl\u0259r. \u018fn q\u0259dim m\u0259nb\u0259l\u0259rimizd\u0259n olan \u201cKitabiD\u0259d\u0259 Qorqud\u201d dastan\u0131nda \u018flinc\u0259qala m\u00f6hk\u0259m istehkam kimi t\u0259svir olunur. Bundan ba\u015fqa, bir \u00e7ox tarix\u00e7il\u0259r qalan\u0131n yaranmas\u0131 v\u0259 uzun ill\u0259r m\u00f6hk\u0259m istehkam kimi istifad\u0259 olunmas\u0131 haqq\u0131nda m\u0259lumat veribl\u0259r.<\/p>\n<p><strong>Alt\u0131 il bundan \u00f6nc\u0259 yeni h\u0259yata qovu\u015fan \u018flinc\u0259qalam&#8230;<\/strong><\/p>\n<p>\u00d6lk\u0259mizin b\u00fct\u00fcn b\u00f6lg\u0259l\u0259rind\u0259 oldu\u011fu kimi, muxtar respublikam\u0131zda da ke\u00e7mi\u015fin \u015fahidi olan abid\u0259l\u0259rimiz\u0259 x\u00fcsusi diqq\u0259t g\u00f6st\u0259rilir. Bu h\u0259m d\u0259 \u00fcmummilli liderimizin tarixi ke\u00e7mi\u015fimizin ya\u015fad\u0131lmas\u0131 sah\u0259sind\u0259 g\u00f6rd\u00fcy\u00fc i\u015fl\u0259rin davam\u0131d\u0131r. Ulu \u00f6nd\u0259r Heyd\u0259r \u018fliyev \u00e7\u0131x\u0131\u015flar\u0131n\u0131n birind\u0259 bel\u0259 qeyd etmi\u015fdir: \u201c\u018flinc\u0259qala v\u0259 bir \u00e7ox bel\u0259 abid\u0259l\u0259r Nax\u00e7\u0131van\u0131n q\u0259dim Az\u0259rbaycan torpa\u011f\u0131 oldu\u011funu, az\u0259rbaycanl\u0131lar\u0131n burada \u0259srl\u0259rl\u0259, min ill\u0259rl\u0259 ya\u015fay\u0131b yaratd\u0131\u011f\u0131n\u0131 g\u00f6st\u0259rir\u201d.<\/p>\n<p>Q\u0259dim tariximiz\u0259 g\u00f6st\u0259ril\u0259n diqq\u0259t v\u0259 ehtiram\u0131n n\u0259tic\u0259sidir ki, muxtar diyar\u0131m\u0131zda m\u00f6vcud olan b\u00fct\u00fcn tarixi abid\u0259l\u0259r qorunur v\u0259 m\u00fchafiz\u0259 alt\u0131na al\u0131n\u0131r. Bu g\u00fcn g\u00f6st\u0259ril\u0259n qay\u011f\u0131 say\u0259sind\u0259 b\u00fct\u00fcn tarixi abid\u0259l\u0259rimiz\u0259 yeni h\u0259yat verilir, da\u015f yadda\u015f\u0131m\u0131z \u0259vv\u0259lki v\u0259ziyy\u0259tin\u0259, g\u00f6r\u00fcn\u00fc\u015f\u00fcn\u0259 qaytar\u0131lmaqla yenil\u0259nir. B\u00fct\u00fcn bunlar t\u0259kc\u0259 g\u00f6r\u00fcnt\u00fc olaraq deyil, tarixi yadda\u015f\u0131m\u0131z\u0131, ulu ke\u00e7mi\u015fimizi, milli-m\u0259n\u0259vi d\u0259y\u0259rl\u0259rimizi \u00f6z\u00fcm\u00fcz\u0259 geri qaytarmaq \u00fc\u00e7\u00fcnd\u00fcr. Eyni zamanda tariximizin qaranl\u0131q qalan h\u0259r bir s\u0259hif\u0259si yenid\u0259n v\u0259r\u0259ql\u0259nir, oxunur.<\/p>\n<p>Nax\u00e7\u0131van Muxtar Respublikas\u0131 Ali M\u0259clisi S\u0259drinin \u201cNax\u00e7\u0131van Muxtar Respublikas\u0131 \u0259razisind\u0259ki tarix v\u0259 m\u0259d\u0259niyy\u0259t abid\u0259l\u0259rinin qorunmas\u0131 v\u0259 pasportla\u015fd\u0131r\u0131lmas\u0131 i\u015finin t\u0259\u015fkili haqq\u0131nda\u201d 2005-ci il 6 dekabr tarixli S\u0259r\u0259ncam\u0131n\u0131n icras\u0131 il\u0259 \u0259laq\u0259dar muxtar respublika \u0259razisind\u0259ki tarix v\u0259 m\u0259d\u0259niyy\u0259t abid\u0259l\u0259ri qeyd\u0259 al\u0131n\u0131b pasportla\u015fd\u0131r\u0131lark\u0259n \u018flinc\u0259qala haqq\u0131nda da m\u0259lumatlar toplan\u0131lm\u0131\u015f, h\u0259m\u00e7inin bu abid\u0259 2007-ci ild\u0259 d\u00fcnya \u0259h\u0259miyy\u0259tli abid\u0259l\u0259rin siyah\u0131s\u0131na daxil edilmi\u015f, 2014-c\u00fc ilin 11 fevral tarixind\u0259 is\u0259 Nax\u00e7\u0131van Muxtar Respublikas\u0131 Ali M\u0259clisinin S\u0259dri \u201cCulfa rayonundak\u0131 \u201c\u018flinc\u0259qala\u201d tarixi abid\u0259sinin b\u0259rpa edilm\u0259si haqq\u0131nda\u201d S\u0259r\u0259ncam imzalam\u0131\u015fd\u0131r. H\u0259min S\u0259r\u0259ncam\u0131n icras\u0131 il\u0259 ba\u011fl\u0131 burada elmi \u0259saslarla b\u0259rpa i\u015fl\u0259ri apar\u0131lm\u0131\u015f v\u0259 2016-c\u0131 ilin 17 iyun tarixind\u0259 \u201c\u018flinc\u0259qala\u201d tarixi abid\u0259sinin v\u0259 muzeyinin a\u00e7\u0131l\u0131\u015f\u0131 olmu\u015fdur.<\/p>\n<p><strong>Burada yarad\u0131lanlar\u0131 g\u00f6r\u00fcb heyr\u0259tl\u0259nm\u0259m\u0259k m\u00fcmk\u00fcn deyil&#8230;<\/strong><\/p>\n<p>\u00d6z\u00fcn\u0259m\u0259xsus t\u0259bi\u0259ti, bu yerl\u0259rin \u0259z\u0259m\u0259t v\u0259 m\u00fcbarizliyinin r\u0259mzi olan \u018flinc\u0259qala, h\u0259r \u015feyd\u0259n \u0259vv\u0259l \u00f6z\u00fcn\u00fcn qeyri-adi g\u00f6r\u00fcn\u00fc\u015f\u00fc il\u0259 insan\u0131 heyr\u0259t\u0259 g\u0259tirir. Yuxar\u0131 baxd\u0131qca, o tarixi da\u015f-qayalar\u0131 izl\u0259dikc\u0259 sanki ovsunlan\u0131rsan&#8230; Qalan\u0131 g\u0259zdikd\u0259n sonra \u201c\u018flinc\u0259qala\u201d Tarix-M\u0259d\u0259niyy\u0259t Muzeyi il\u0259 tan\u0131\u015f olmaq \u00fc\u00e7\u00fcn muzey\u0259 daxil oluruq. Bizi qar\u015f\u0131layan muzeyin direktoru Kamal G\u00fclmal\u0131yev: &#8211; \u018flinc\u0259qala uzun ill\u0259rdir buraya g\u0259l\u0259n h\u0259r bir qona\u011f\u0131 heyr\u0259t\u0259 g\u0259tirir. Qalan\u0131n divarlar\u0131 \u018flinc\u0259 da\u011f\u0131n\u0131n \u0259t\u0259kl\u0259rind\u0259n ba\u015flayaraq pill\u0259l\u0259r \u015f\u0259klind\u0259 yuxar\u0131ya do\u011fru ucal\u0131r v\u0259 onun zirv\u0259sini tamamil\u0259 \u0259hat\u0259 edir. Qalada q\u0259dim b\u0259ndi yenid\u0259n yaratmaq \u00fc\u00e7\u00fcn \u0259traf k\u0259ndl\u0259rd\u0259n g\u0259tirilmi\u015f iri da\u015flar v\u0259 bi\u015fmi\u015f k\u0259rpicd\u0259n istifad\u0259 edil\u0259r\u0259k h\u00f6r\u00fclm\u00fc\u015fd\u00fcr. \u018flinc\u0259qalan\u0131n zirv\u0259sin\u0259 do\u011fru ged\u0259n yoldak\u0131 n\u0259h\u0259ng da\u015f \u00fcz\u0259rind\u0259 \u201cTarixi ya\u015fadanlar\u0131 tarix d\u0259 ya\u015fadacaqd\u0131r\u201d fikri \u0259ks olunub. G\u0259l\u0259n qonaqlar\u0131n \u00e7oxu bu yaz\u0131 qar\u015f\u0131s\u0131nda fotolar \u00e7\u0259kdirirl\u0259r. B\u0259rpa zaman\u0131 \u015eimal yamacda yar\u0131mdair\u0259vi b\u00fcrcl\u0259ri olan \u00fc\u00e7 divar\u0131n, q\u0259rb yamacda is\u0259 s\u0259kkiz divar\u0131n xarabal\u0131qlar\u0131n\u0131n qalmas\u0131 a\u015fkarlanm\u0131\u015fd\u0131r. \u018flinc\u0259qala \u0259sas\u0259n \u00fc\u00e7 geni\u015f &#8211; \u015fimal, \u015fimalq\u0259rb v\u0259 c\u0259nub-q\u0259rb sah\u0259sind\u0259n ibar\u0259tdir. \u015eimal sah\u0259sind\u0259n \u015fimal-q\u0259rb v\u0259 c\u0259nub-q\u0259rb sah\u0259l\u0259rin\u0259 qalxmaq \u00fc\u00e7\u00fcn da\u015f pill\u0259l\u0259r qoyulmu\u015fdur. Qalan\u0131n sars\u0131lmaz m\u00fcdafi\u0259 istehkam\u0131na \u00e7evrilm\u0259sinin \u0259sas s\u0259b\u0259bi d\u0259 m\u00f6hk\u0259m divarlar\u0131 v\u0259 qayan\u0131n s\u0131ld\u0131r\u0131m olmas\u0131d\u0131r. Ki\u00e7ik \u015f\u0259h\u0259rciyi xat\u0131rladan qalan\u0131n yuxar\u0131 hiss\u0259sind\u0259 bi\u015fmi\u015f k\u0259rpicd\u0259n tikilmi\u015f \u00e7oxlu ya\u015fay\u0131\u015f v\u0259 ictimai binalar\u0131n xarabal\u0131qlar\u0131 v\u0259 b\u00fcn\u00f6vr\u0259 da\u015flar\u0131 h\u0259r k\u0259sin diqq\u0259tini \u00e7\u0259kir. Bir \u00e7ox m\u0259nb\u0259l\u0259rd\u0259 qeyd edilir ki, qala r\u0259isl\u0259rinin v\u0259 iri feodallar\u0131n ya\u015fam\u0131\u015f oldu\u011fu bu sah\u0259 \u201c\u015fah taxt\u0131\u201d adlan\u0131r. Eyni zamanda qalada vaxtil\u0259 ilx\u0131 v\u0259 mal-qara saxlamaq, 600-\u0259 q\u0259d\u0259r d\u00f6y\u00fc\u015f\u00e7\u00fcn\u00fc at\u0131 v\u0259 ba\u015fqa h\u0259rbi sursat\u0131 il\u0259 birlikd\u0259 yerl\u0259\u015fdirm\u0259k m\u00fcmk\u00fcn olub.<\/p>\n<p>Onu da bildirim ki, tarixi m\u0259nb\u0259l\u0259rd\u0259 qeyd olunur ki, Az\u0259rbaycan Atab\u0259yl\u0259ri\u2013Eld\u0259nizl\u0259r d\u00f6vl\u0259tinin h\u00f6kmranl\u0131\u011f\u0131 d\u00f6vr\u00fcnd\u0259 \u018flinc\u0259qalan\u0131n \u0259h\u0259miyy\u0259ti x\u00fcsusil\u0259 artm\u0131\u015f, m\u00fch\u00fcm h\u0259rbi istehkam olan qala h\u00f6kmdar ail\u0259sinin t\u0259hl\u00fck\u0259sizliyini t\u0259min etm\u0259k \u00fc\u00e7\u00fcn s\u0131\u011f\u0131nacaq yerin\u0259 \u00e7evrilmi\u015fdir. Sonralar bir \u00e7ox h\u00fccumlara m\u0259ruz qalan \u018flinc\u0259qala XIII-XIV \u0259srl\u0259rd\u0259 H\u00fclak\u00fcl\u0259rin, XIV \u0259srin II yar\u0131s\u0131nda C\u0259lairil\u0259rin hakimiyy\u0259ti alt\u0131nda olmu\u015fdur. \u018fmir Teymur 1386-1401-ci ill\u0259rd\u0259 \u018flinc\u0259qalaya 4 d\u0259f\u0259 y\u00fcr\u00fc\u015f etmi\u015f, qala 14 il m\u00fcbariz\u0259d\u0259n sonra \u0259l\u0259 ke\u00e7irilmi\u015fdir. 1405-ci ild\u0259 \u018flinc\u0259qala yenid\u0259n C\u0259lairil\u0259rin, sonralar is\u0259 Qaraqoyunlular\u0131n hakimiyy\u0259tin\u0259 ke\u00e7mi\u015f, uzun m\u00fcdd\u0259t A\u011fqoyunlular\u0131n, sonralar is\u0259 S\u0259f\u0259vil\u0259rin hakimiyy\u0259tind\u0259 olan qala feodal \u00e7\u0259ki\u015fm\u0259l\u0259ri v\u0259 m\u00fcharib\u0259l\u0259r n\u0259tic\u0259sind\u0259 da\u011f\u0131d\u0131lm\u0131\u015fd\u0131r.<\/p>\n<p>Xalq\u0131m\u0131z\u0131n azadl\u0131q u\u011frunda m\u00fcbariz\u0259sinin, i\u015f\u011fal\u00e7\u0131lara qar\u015f\u0131 qanl\u0131 d\u00f6y\u00fc\u015fl\u0259rin \u015fahidi olan, tarixin ke\u015fm\u0259ke\u015fl\u0259rin\u0259 m\u0259tinlikl\u0259 sin\u0259 g\u0259r\u0259n bu qala min ill\u0259rdir, tarix \u00fcmman\u0131nda yol alanlara mayak olub. Bu g\u00fcn is\u0259 d\u00f6vl\u0259timizin tarixi ke\u00e7mi\u015fimiz\u0259 g\u00f6st\u0259rdiyi diqq\u0259t v\u0259 qay\u011f\u0131dan \u00f6z\u00fcn\u0259 pay alan \u018flinc\u0259qala o f\u00fcsunkar \u0259z\u0259m\u0259tliliyin\u0259 yenid\u0259n qovu\u015fub.<\/p>\n<p>Tarix t\u0259kc\u0259 q\u0259dim \u0259lyazmalardan ibar\u0259t deyil, h\u0259r da\u015f\u0131n da \u00f6z tarixi vard\u0131r. Odur ki, xalq\u0131m\u0131z\u0131n q\u0259dim tarixini \u00f6z\u00fcnd\u0259 \u0259ks etdir\u0259n \u018flinc\u0259qalan\u0131 qorumaq, t\u0259bli\u011f etm\u0259k v\u0259 \u00f6yr\u0259nm\u0259k h\u0259r birimizin borcudur.<\/p>\n<p><strong>S\u0259riyy\u0259 SALAHOVA,<br \/>\n\u201cAraz\u0131n s\u0259si\u201d q\u0259zetinin m\u0259sul katibi<\/strong><\/p>\n<div class=\"clearfix\"><\/div>\n<\/div>\n<div class=\"fotorama--hidden\"><\/div>\n<div id=\"galleryList\" class=\"fotorama fotorama1645637405453\" data-nav=\"thumbs\" data-width=\"100%\" data-thumbwidth=\"90\" data-thumbheight=\"60\" data-allowfullscreen=\"true\" data-autoplay=\"3000\" data-ratio=\"1.5\" data-keyboard=\"true\" data-fit=\"contain\">\n<div class=\"fotorama__wrap fotorama__wrap--css3 fotorama__wrap--slide fotorama__wrap--toggle-arrows fotorama__wrap--no-controls\">\n<div class=\"fotorama__stage\">\n<div class=\"fotorama__fullscreen-icon\" tabindex=\"0\" role=\"button\"><\/div>\n<div class=\"fotorama__stage__shaft\">\n<div class=\"fotorama__stage__frame fotorama__loaded fotorama__loaded--img fotorama__active\"><img class=\"fotorama__img\" src=\"https:\/\/ikisahil.az\/photo\/0x0_2\/upload\/gallery\/2022\/02\/23\/-512c5cad164562025477256798810813770.jpg\" \/><\/div>\n<div class=\"fotorama__stage__frame fotorama__loaded fotorama__loaded--img\"><img class=\"fotorama__img\" src=\"https:\/\/ikisahil.az\/photo\/0x0_2\/upload\/gallery\/2022\/02\/23\/-d2e9dd9d164562025469052021910538416.jpg\" \/><\/div>\n<\/div>\n<div class=\"fotorama__arr fotorama__arr--prev fotorama__arr--disabled\" tabindex=\"-1\" role=\"button\"><\/div>\n<div class=\"fotorama__arr fotorama__arr--next\" tabindex=\"0\" role=\"button\"><\/div>\n<div class=\"fotorama__video-close\"><\/div>\n<\/div>\n<div class=\"fotorama__nav-wrap\">\n<div class=\"fotorama__nav fotorama__nav--thumbs\">\n<div class=\"fotorama__nav__shaft\">\n<div class=\"fotorama__thumb-border\"><\/div>\n<div class=\"fotorama__nav__frame fotorama__nav__frame--thumb fotorama__active\" tabindex=\"0\" role=\"button\">\n<div class=\"fotorama__thumb fotorama__loaded fotorama__loaded--img\"><img class=\"fotorama__img\" src=\"https:\/\/ikisahil.az\/photo\/150x100_2\/upload\/gallery\/2022\/02\/23\/-512c5cad164562025477256798810813770.jpg\" \/><\/div>\n<\/div>\n<div class=\"fotorama__nav__frame fotorama__nav__frame--thumb\" tabindex=\"0\" role=\"button\">\n<div class=\"fotorama__thumb fotorama__loaded fotorama__loaded--img\"><img class=\"fotorama__img\" src=\"https:\/\/ikisahil.az\/photo\/150x100_2\/upload\/gallery\/2022\/02\/23\/-d2e9dd9d164562025469052021910538416.jpg\" \/><\/div>\n<\/div>\n<\/div>\n<\/div>\n<\/div>\n<\/div>\n<\/div>\n<div class=\"sharing my-2 row no-gutters d-print-none\">\n<div class=\"col-md-3\"><\/div>\n<\/div>\n","protected":false},"excerpt":{"rendered":"<p>\u018flinc\u0259 qalas\u0131n\u0131n zirv\u0259sind\u0259 olark\u0259n q\u0259lbimd\u0259n co\u015fan o h\u0259rar\u0259tli hissl\u0259r&#8230; H\u0259r da\u015f\u0131, qayas\u0131 tarix qoxan, ulu babam\u0131n q\u0259dim diyar\u0131, ke\u00e7mi\u015finin izini nax\u0131\u015f-nax\u0131\u015f qayalar\u0131nda saxlayan, sirli-sehirli, \u0259z\u0259m\u0259tl\u0259, v\u00fcqarla \u018flinc\u0259 torpa\u011f\u0131na m\u0259sk\u0259n salan \u018flinc\u0259qalam! Duru\u015fu\u011funa, \u0259z\u0259m\u0259tin\u0259 u\u015faq \u00e7a\u011flar\u0131mdan heyran qalm\u0131\u015fam. Azadl\u0131q u\u011frunda m\u00fcbariz\u0259mizin, i\u015f\u011fal\u00e7\u0131lara qar\u015f\u0131 qanl\u0131 d\u00f6y\u00fc\u015fl\u0259rin \u015fahidi olan, tarixin ke\u015fm\u0259ke\u015fl\u0259rin\u0259 m\u0259tinlikl\u0259 sin\u0259 g\u0259r\u0259n qalam&#8230; \u00c7oxdank\u0131 arzum idi s\u0259nin m\u0259\u011flubedilm\u0259zliyini yax\u0131ndan g\u00f6rm\u0259k, o minillik tarixi \u00f6z\u00fcnd\u0259 ya\u015fadan qayalar\u0131na toxunmaq, hiss etm\u0259k&#8230; N\u0259hay\u0259t, bu g\u00fcnl\u0259rd\u0259 bu arzuma \u00e7atd\u0131m. Tarix qoxulu o t\u0259miz havan\u0131 ciy\u0259rl\u0259rim\u0259 \u00e7\u0259kdim. Q\u00fcrurland\u0131m ulu ke\u00e7mi\u015fiml\u0259, yal\u00e7\u0131n qayalar\u0131n zirv\u0259sind\u0259 qartallar\u0131n yuva sald\u0131\u011f\u0131&hellip;<\/p>\n","protected":false},"author":2,"featured_media":443123,"comment_status":"closed","ping_status":"closed","sticky":false,"template":"","format":"standard","meta":{"om_disable_all_campaigns":false,"_monsterinsights_skip_tracking":false,"_monsterinsights_sitenote_active":false,"_monsterinsights_sitenote_note":"","_monsterinsights_sitenote_category":0},"categories":[1],"tags":[],"aioseo_notices":[],"gutentor_comment":0,"rttpg_featured_image_url":{"full":["https:\/\/arantv.az\/wp-content\/uploads\/2022\/02\/c5bbd980164562023927739068311066567.jpg",975,540,false],"landscape":["https:\/\/arantv.az\/wp-content\/uploads\/2022\/02\/c5bbd980164562023927739068311066567.jpg",975,540,false],"portraits":["https:\/\/arantv.az\/wp-content\/uploads\/2022\/02\/c5bbd980164562023927739068311066567.jpg",975,540,false],"thumbnail":["https:\/\/arantv.az\/wp-content\/uploads\/2022\/02\/c5bbd980164562023927739068311066567-500x280.jpg",500,280,true],"medium":["https:\/\/arantv.az\/wp-content\/uploads\/2022\/02\/c5bbd980164562023927739068311066567-660x365.jpg",660,365,true],"large":["https:\/\/arantv.az\/wp-content\/uploads\/2022\/02\/c5bbd980164562023927739068311066567-840x465.jpg",640,354,true],"1536x1536":["https:\/\/arantv.az\/wp-content\/uploads\/2022\/02\/c5bbd980164562023927739068311066567.jpg",975,540,false],"2048x2048":["https:\/\/arantv.az\/wp-content\/uploads\/2022\/02\/c5bbd980164562023927739068311066567.jpg",975,540,false],"post-thumbnail":["https:\/\/arantv.az\/wp-content\/uploads\/2022\/02\/c5bbd980164562023927739068311066567-240x172.jpg",240,172,true],"advps-thumb-one":["https:\/\/arantv.az\/wp-content\/uploads\/2022\/02\/c5bbd980164562023927739068311066567.jpg",975,540,false]},"rttpg_author":{"display_name":"V\u00fcsal Rafiqo\u011flu","author_link":"https:\/\/arantv.az\/?author=2"},"rttpg_comment":0,"rttpg_category":"<a href=\"https:\/\/arantv.az\/?cat=1\" rel=\"category\">C\u0259miyy\u0259t<\/a>","rttpg_excerpt":"\u018flinc\u0259 qalas\u0131n\u0131n zirv\u0259sind\u0259 olark\u0259n q\u0259lbimd\u0259n co\u015fan o h\u0259rar\u0259tli hissl\u0259r&#8230; H\u0259r da\u015f\u0131, qayas\u0131 tarix qoxan, ulu babam\u0131n q\u0259dim diyar\u0131, ke\u00e7mi\u015finin izini nax\u0131\u015f-nax\u0131\u015f qayalar\u0131nda saxlayan, sirli-sehirli, \u0259z\u0259m\u0259tl\u0259, v\u00fcqarla \u018flinc\u0259 torpa\u011f\u0131na m\u0259sk\u0259n salan \u018flinc\u0259qalam! Duru\u015fu\u011funa, \u0259z\u0259m\u0259tin\u0259 u\u015faq \u00e7a\u011flar\u0131mdan heyran qalm\u0131\u015fam. Azadl\u0131q u\u011frunda m\u00fcbariz\u0259mizin, i\u015f\u011fal\u00e7\u0131lara qar\u015f\u0131 qanl\u0131 d\u00f6y\u00fc\u015fl\u0259rin \u015fahidi olan, tarixin ke\u015fm\u0259ke\u015fl\u0259rin\u0259 m\u0259tinlikl\u0259 sin\u0259 g\u0259r\u0259n qalam&#8230; \u00c7oxdank\u0131 arzum idi&hellip;","_links":{"self":[{"href":"https:\/\/arantv.az\/index.php?rest_route=\/wp\/v2\/posts\/443122"}],"collection":[{"href":"https:\/\/arantv.az\/index.php?rest_route=\/wp\/v2\/posts"}],"about":[{"href":"https:\/\/arantv.az\/index.php?rest_route=\/wp\/v2\/types\/post"}],"author":[{"embeddable":true,"href":"https:\/\/arantv.az\/index.php?rest_route=\/wp\/v2\/users\/2"}],"replies":[{"embeddable":true,"href":"https:\/\/arantv.az\/index.php?rest_route=%2Fwp%2Fv2%2Fcomments&post=443122"}],"version-history":[{"count":0,"href":"https:\/\/arantv.az\/index.php?rest_route=\/wp\/v2\/posts\/443122\/revisions"}],"wp:featuredmedia":[{"embeddable":true,"href":"https:\/\/arantv.az\/index.php?rest_route=\/wp\/v2\/media\/443123"}],"wp:attachment":[{"href":"https:\/\/arantv.az\/index.php?rest_route=%2Fwp%2Fv2%2Fmedia&parent=443122"}],"wp:term":[{"taxonomy":"category","embeddable":true,"href":"https:\/\/arantv.az\/index.php?rest_route=%2Fwp%2Fv2%2Fcategories&post=443122"},{"taxonomy":"post_tag","embeddable":true,"href":"https:\/\/arantv.az\/index.php?rest_route=%2Fwp%2Fv2%2Ftags&post=443122"}],"curies":[{"name":"wp","href":"https:\/\/api.w.org\/{rel}","templated":true}]}}