{"id":443128,"date":"2022-02-23T20:33:22","date_gmt":"2022-02-23T17:33:22","guid":{"rendered":"http:\/\/arantv.az\/?p=443128"},"modified":"2022-02-23T20:33:22","modified_gmt":"2022-02-23T17:33:22","slug":"s%c9%99hidl%c9%99r-unudulmur-2","status":"publish","type":"post","link":"https:\/\/arantv.az\/?p=443128","title":{"rendered":"\u015e\u0259hidl\u0259r unudulmur"},"content":{"rendered":"<div class=\"content lead font-weight-normal\">\n<p>C\u0259lilabad \u00a0rayonundan da \u0130kinci Qaraba\u011f\u00a0 m\u00fcharib\u0259sind\u0259 torpaq u\u011frunda haqq sava\u015f\u0131m\u0131zda tarix yazan q\u0259hr\u0259manlar \u00e7ox oldu. Bu yurdun o\u011flu\u00a0 Camal Mehman o\u011flu \u00a0\u018fliyevd\u0259 V\u0259t\u0259n yolunda can\u0131n\u0131 qurban\u00a0 verdi. O, 2000-ci il dekabr\u0131n 17-d\u0259 C\u0259lilabad \u015f\u0259h\u0259rind\u0259 anadan olmu\u015fdu. Az\u0259rbaycan Ordusunun \u0259sg\u0259ri olan Camal \u018fliyev 2020-ci il sentyabr\u0131n 27-d\u0259 Az\u0259rbaycan Silahl\u0131 Q\u00fcvv\u0259l\u0259ri t\u0259r\u0259find\u0259n erm\u0259nil\u0259rin\u00a0 \u00a0i\u015f\u011fal\u0131 alt\u0131nda olan \u0259razil\u0259rin azad edilm\u0259si v\u0259 Az\u0259rbaycan\u0131n \u0259razi b\u00fct\u00f6vl\u00fcy\u00fcn\u00fcn b\u0259rpa olunmas\u0131 \u00fc\u00e7\u00fcn ba\u015flanan V\u0259t\u0259n m\u00fcharib\u0259si zaman\u0131 C\u0259bray\u0131l\u0131n v\u0259 F\u00fczulinin azadl\u0131\u011f\u0131 u\u011frunda ged\u0259n d\u00f6y\u00fc\u015fl\u0259rd\u0259 vuru\u015fub. Camal \u018fliyev oktyabr\u0131n 14-d\u0259 F\u00fczuli d\u00f6y\u00fc\u015fl\u0259ri zaman\u0131 \u015f\u0259hidlik zirv\u0259sin\u0259 ucal\u0131r v\u0259 rayonun P\u0259rdi k\u0259nd q\u0259biristanl\u0131\u011f\u0131nda d\u0259fn olunub.<\/p>\n<p>\u0130gid \u0259sg\u0259r Camal \u018fliyev \u00f6l\u00fcm\u00fcnd\u0259n sonra \u00a0d\u00f6vl\u0259t t\u0259r\u0259find\u0259n \u201cV\u0259t\u0259n u\u011frunda\u201d, \u201c\u0130gidliy\u0259 g\u00f6r\u0259\u201d, el\u0259c\u0259 C\u0259bray\u0131l\u0131n,\u00a0 Xocav\u0259ndin azad olmas\u0131na g\u00f6r\u0259 \u00a0medallar\u0131na layiq g\u00f6r\u00fcl\u00fcr.<\/p>\n<p>Bu g\u00fcnl\u0259r \u00a0C\u0259lilabad Rayon \u0130cra Hakimiyy\u0259tinin ba\u015f\u00e7\u0131s\u0131 Rafiq C\u0259lilov\u00a0 Az\u0259rbaycan\u0131n \u0259razi b\u00fct\u00f6vl\u00fcy\u00fc u\u011frunda ged\u0259n V\u0259t\u0259n m\u00fcharib\u0259sind\u0259 \u015f\u0259hid olmu\u015f Camal \u018fliyevin ail\u0259sin\u0259 ba\u015f \u00e7\u0259kib. Rafiq C\u0259lilov \u015f\u0259hid ail\u0259sin\u0259 ba\u015fsa\u011fl\u0131\u011f\u0131 verdikd\u0259n sonra deyib:<\/p>\n<p>&#8211; \u00a0Prezident, M\u00fcz\u0259ff\u0259r Ali Ba\u015f Komandan \u0130lham \u018fliyevin r\u0259hb\u0259rliyi alt\u0131nda \u015fanl\u0131 Az\u0259rbaycan Ordusu d\u00fc\u015fm\u0259ni diz \u00e7\u00f6kd\u00fcr\u0259r\u0259k \u00a030 il \u00a0\u0259sir d\u00fc\u015f\u0259n V\u0259t\u0259n torpaqlar\u0131n\u0131 \u00a0i\u015f\u011fal\u00e7\u0131lardan t\u0259mizl\u0259di v\u0259 \u00a0\u00f6lk\u0259nin \u0259razi b\u00fct\u00f6vl\u00fcy\u00fcn\u00fc b\u0259rpa etdi. V\u0259 \u00a0\u00a0xalq\u0131m\u0131z bu Z\u0259f\u0259rl\u0259 \u00a0tarix\u0259 q\u0131z\u0131l h\u0259rfl\u0259rl\u0259 yeni s\u0259hif\u0259 yazd\u0131. H\u0259m d\u0259 qazan\u0131lan z\u0259f\u0259r\u00a0 \u00a0xalq\u0131m\u0131z\u0131n \u00a0g\u00fcc\u00fcn\u00fc , milli birliyini, v\u0259hd\u0259tini, halal\u00a0 torpaq sevgisini\u00a0 b\u00fct\u00fcn d\u00fcnyaya\u00a0 bildirdi.. Az\u0259rbaycan h\u0259r zaman m\u00fcbariz o\u011ful v\u0259 q\u0131zlar\u0131n\u0131n \u015f\u00fcca\u0259tin\u0259 y\u00fcks\u0259k qiym\u0259t verir, b\u00fct\u00fcn \u015f\u0259hidl\u0259rin ruhuna ehtiram g\u00f6st\u0259rir, xatir\u0259sini uca tutur.<\/p>\n<p>G\u00f6r\u00fc\u015fd\u0259 V\u0259t\u0259nimizin \u0259razi b\u00fct\u00f6vl\u00fcy\u00fc u\u011frunda can\u0131ndan ke\u00e7mi\u015f, milyonlar\u0131n \u00fcr\u0259yind\u0259 \u00f6z\u00fcn\u0259 \u0259b\u0259di m\u0259kan quran \u00a0Camal \u018fliyevin \u00a0h\u0259yat\u0131, d\u00f6y\u00fc\u015f yolu bar\u0259d\u0259 s\u00f6hb\u0259t a\u00e7\u0131ld\u0131, onun q\u0259hr\u0259manl\u0131\u011f\u0131 q\u0259rin\u0259l\u0259r boyunca g\u0259l\u0259n n\u0259sill\u0259r\u0259 \u00f6rn\u0259k olaca\u011f\u0131 q\u00fcrurla dil\u0259 g\u0259tirildi.<\/p>\n<p><strong>Z\u0259f\u0259r Oruco\u011flu,<br \/>\nAz\u0259rbaycan Jurnalistl\u0259r Birliyinin\u00a0\u00fczv\u00fc<\/strong><\/p>\n<div class=\"clearfix\"><\/div>\n<\/div>\n<div class=\"fotorama--hidden\"><\/div>\n<div id=\"galleryList\" class=\"fotorama fotorama1645637539236\" data-nav=\"thumbs\" data-width=\"100%\" data-thumbwidth=\"90\" data-thumbheight=\"60\" data-allowfullscreen=\"true\" data-autoplay=\"3000\" data-ratio=\"1.5\" data-keyboard=\"true\" data-fit=\"contain\">\n<div class=\"fotorama__wrap fotorama__wrap--css3 fotorama__wrap--slide fotorama__wrap--toggle-arrows fotorama__wrap--no-controls\">\n<div class=\"fotorama__stage fotorama__pointer\">\n<div class=\"fotorama__fullscreen-icon\" tabindex=\"0\" role=\"button\"><\/div>\n<div class=\"fotorama__stage__shaft\">\n<div class=\"fotorama__stage__frame fotorama__loaded fotorama__loaded--img\"><img class=\"fotorama__img\" src=\"https:\/\/ikisahil.az\/photo\/0x0_2\/upload\/gallery\/2022\/02\/23\/-2b0f658c164561869533995093010181714.jpg\" \/><\/div>\n<div class=\"fotorama__stage__frame fotorama__loaded fotorama__loaded--img fotorama__active\"><img class=\"fotorama__img\" src=\"https:\/\/ikisahil.az\/photo\/0x0_2\/upload\/gallery\/2022\/02\/23\/-bb469043164561869641747783110221862.jpg\" \/><\/div>\n<\/div>\n<div class=\"fotorama__arr fotorama__arr--prev\" tabindex=\"0\" role=\"button\"><\/div>\n<div class=\"fotorama__arr fotorama__arr--next fotorama__arr--disabled\" tabindex=\"-1\" role=\"button\"><\/div>\n<div class=\"fotorama__video-close\"><\/div>\n<\/div>\n<div class=\"fotorama__nav-wrap\">\n<div class=\"fotorama__nav fotorama__nav--thumbs\">\n<div class=\"fotorama__nav__shaft\">\n<div class=\"fotorama__thumb-border\"><\/div>\n<div class=\"fotorama__nav__frame fotorama__nav__frame--thumb\" tabindex=\"0\" role=\"button\">\n<div class=\"fotorama__thumb fotorama__loaded fotorama__loaded--img\"><img class=\"fotorama__img\" src=\"https:\/\/ikisahil.az\/photo\/150x100_2\/upload\/gallery\/2022\/02\/23\/-2b0f658c164561869533995093010181714.jpg\" \/><\/div>\n<\/div>\n<div class=\"fotorama__nav__frame fotorama__nav__frame--thumb fotorama__active\" tabindex=\"0\" role=\"button\">\n<div class=\"fotorama__thumb fotorama__loaded fotorama__loaded--img\"><img class=\"fotorama__img\" src=\"https:\/\/ikisahil.az\/photo\/150x100_2\/upload\/gallery\/2022\/02\/23\/-bb469043164561869641747783110221862.jpg\" \/><\/div>\n<\/div>\n<\/div>\n<\/div>\n<\/div>\n<\/div>\n<\/div>\n<div class=\"sharing my-2 row no-gutters d-print-none\">\n<div class=\"col-md-3\"><\/div>\n<\/div>\n","protected":false},"excerpt":{"rendered":"<p>C\u0259lilabad \u00a0rayonundan da \u0130kinci Qaraba\u011f\u00a0 m\u00fcharib\u0259sind\u0259 torpaq u\u011frunda haqq sava\u015f\u0131m\u0131zda tarix yazan q\u0259hr\u0259manlar \u00e7ox oldu. Bu yurdun o\u011flu\u00a0 Camal Mehman o\u011flu \u00a0\u018fliyevd\u0259 V\u0259t\u0259n yolunda can\u0131n\u0131 qurban\u00a0 verdi. O, 2000-ci il dekabr\u0131n 17-d\u0259 C\u0259lilabad \u015f\u0259h\u0259rind\u0259 anadan olmu\u015fdu. Az\u0259rbaycan Ordusunun \u0259sg\u0259ri olan Camal \u018fliyev 2020-ci il sentyabr\u0131n 27-d\u0259 Az\u0259rbaycan Silahl\u0131 Q\u00fcvv\u0259l\u0259ri t\u0259r\u0259find\u0259n erm\u0259nil\u0259rin\u00a0 \u00a0i\u015f\u011fal\u0131 alt\u0131nda olan \u0259razil\u0259rin azad edilm\u0259si v\u0259 Az\u0259rbaycan\u0131n \u0259razi b\u00fct\u00f6vl\u00fcy\u00fcn\u00fcn b\u0259rpa olunmas\u0131 \u00fc\u00e7\u00fcn ba\u015flanan V\u0259t\u0259n m\u00fcharib\u0259si zaman\u0131 C\u0259bray\u0131l\u0131n v\u0259 F\u00fczulinin azadl\u0131\u011f\u0131 u\u011frunda ged\u0259n d\u00f6y\u00fc\u015fl\u0259rd\u0259 vuru\u015fub. Camal \u018fliyev oktyabr\u0131n 14-d\u0259 F\u00fczuli d\u00f6y\u00fc\u015fl\u0259ri zaman\u0131 \u015f\u0259hidlik zirv\u0259sin\u0259 ucal\u0131r v\u0259 rayonun P\u0259rdi k\u0259nd&hellip;<\/p>\n","protected":false},"author":2,"featured_media":443129,"comment_status":"closed","ping_status":"closed","sticky":false,"template":"","format":"standard","meta":{"om_disable_all_campaigns":false,"_monsterinsights_skip_tracking":false,"_monsterinsights_sitenote_active":false,"_monsterinsights_sitenote_note":"","_monsterinsights_sitenote_category":0},"categories":[2],"tags":[],"aioseo_notices":[],"gutentor_comment":0,"rttpg_featured_image_url":{"full":["https:\/\/arantv.az\/wp-content\/uploads\/2022\/02\/b571ecea164561868317274327210254035.jpg",975,540,false],"landscape":["https:\/\/arantv.az\/wp-content\/uploads\/2022\/02\/b571ecea164561868317274327210254035.jpg",975,540,false],"portraits":["https:\/\/arantv.az\/wp-content\/uploads\/2022\/02\/b571ecea164561868317274327210254035.jpg",975,540,false],"thumbnail":["https:\/\/arantv.az\/wp-content\/uploads\/2022\/02\/b571ecea164561868317274327210254035-500x280.jpg",500,280,true],"medium":["https:\/\/arantv.az\/wp-content\/uploads\/2022\/02\/b571ecea164561868317274327210254035-660x365.jpg",660,365,true],"large":["https:\/\/arantv.az\/wp-content\/uploads\/2022\/02\/b571ecea164561868317274327210254035-840x465.jpg",640,354,true],"1536x1536":["https:\/\/arantv.az\/wp-content\/uploads\/2022\/02\/b571ecea164561868317274327210254035.jpg",975,540,false],"2048x2048":["https:\/\/arantv.az\/wp-content\/uploads\/2022\/02\/b571ecea164561868317274327210254035.jpg",975,540,false],"post-thumbnail":["https:\/\/arantv.az\/wp-content\/uploads\/2022\/02\/b571ecea164561868317274327210254035-240x172.jpg",240,172,true],"advps-thumb-one":["https:\/\/arantv.az\/wp-content\/uploads\/2022\/02\/b571ecea164561868317274327210254035.jpg",975,540,false]},"rttpg_author":{"display_name":"V\u00fcsal Rafiqo\u011flu","author_link":"https:\/\/arantv.az\/?author=2"},"rttpg_comment":0,"rttpg_category":"<a href=\"https:\/\/arantv.az\/?cat=2\" rel=\"category\">Region X\u0259b\u0259rl\u0259ri<\/a>","rttpg_excerpt":"C\u0259lilabad \u00a0rayonundan da \u0130kinci Qaraba\u011f\u00a0 m\u00fcharib\u0259sind\u0259 torpaq u\u011frunda haqq sava\u015f\u0131m\u0131zda tarix yazan q\u0259hr\u0259manlar \u00e7ox oldu. Bu yurdun o\u011flu\u00a0 Camal Mehman o\u011flu \u00a0\u018fliyevd\u0259 V\u0259t\u0259n yolunda can\u0131n\u0131 qurban\u00a0 verdi. O, 2000-ci il dekabr\u0131n 17-d\u0259 C\u0259lilabad \u015f\u0259h\u0259rind\u0259 anadan olmu\u015fdu. Az\u0259rbaycan Ordusunun \u0259sg\u0259ri olan Camal \u018fliyev 2020-ci il sentyabr\u0131n 27-d\u0259 Az\u0259rbaycan Silahl\u0131 Q\u00fcvv\u0259l\u0259ri t\u0259r\u0259find\u0259n erm\u0259nil\u0259rin\u00a0 \u00a0i\u015f\u011fal\u0131 alt\u0131nda olan \u0259razil\u0259rin&hellip;","_links":{"self":[{"href":"https:\/\/arantv.az\/index.php?rest_route=\/wp\/v2\/posts\/443128"}],"collection":[{"href":"https:\/\/arantv.az\/index.php?rest_route=\/wp\/v2\/posts"}],"about":[{"href":"https:\/\/arantv.az\/index.php?rest_route=\/wp\/v2\/types\/post"}],"author":[{"embeddable":true,"href":"https:\/\/arantv.az\/index.php?rest_route=\/wp\/v2\/users\/2"}],"replies":[{"embeddable":true,"href":"https:\/\/arantv.az\/index.php?rest_route=%2Fwp%2Fv2%2Fcomments&post=443128"}],"version-history":[{"count":0,"href":"https:\/\/arantv.az\/index.php?rest_route=\/wp\/v2\/posts\/443128\/revisions"}],"wp:featuredmedia":[{"embeddable":true,"href":"https:\/\/arantv.az\/index.php?rest_route=\/wp\/v2\/media\/443129"}],"wp:attachment":[{"href":"https:\/\/arantv.az\/index.php?rest_route=%2Fwp%2Fv2%2Fmedia&parent=443128"}],"wp:term":[{"taxonomy":"category","embeddable":true,"href":"https:\/\/arantv.az\/index.php?rest_route=%2Fwp%2Fv2%2Fcategories&post=443128"},{"taxonomy":"post_tag","embeddable":true,"href":"https:\/\/arantv.az\/index.php?rest_route=%2Fwp%2Fv2%2Ftags&post=443128"}],"curies":[{"name":"wp","href":"https:\/\/api.w.org\/{rel}","templated":true}]}}