{"id":443147,"date":"2022-02-23T20:43:18","date_gmt":"2022-02-23T17:43:18","guid":{"rendered":"http:\/\/arantv.az\/?p=443147"},"modified":"2022-02-23T20:43:18","modified_gmt":"2022-02-23T17:43:18","slug":"erm%c9%99nistan-xin-moskva-baki-b%c9%99yannam%c9%99si-uct%c9%99r%c9%99fli-b%c9%99yanatlarin-h%c9%99yata-kecirilm%c9%99sin%c9%99-kom%c9%99k-ed%c9%99-bil%c9%99r","status":"publish","type":"post","link":"https:\/\/arantv.az\/?p=443147","title":{"rendered":"Erm\u0259nistan X\u0130N: \u201cMoskva &#8211; Bak\u0131 b\u0259yannam\u0259si \u00fc\u00e7t\u0259r\u0259fli b\u0259yanatlar\u0131n h\u0259yata ke\u00e7irilm\u0259sin\u0259 k\u00f6m\u0259k ed\u0259 bil\u0259r\u201d"},"content":{"rendered":"<p>Moskva il\u0259 Bak\u0131 aras\u0131nda qar\u015f\u0131l\u0131ql\u0131 m\u00fctt\u0259fiqlik \u0259m\u0259kda\u015fl\u0131\u011f\u0131 haqq\u0131nda b\u0259yannam\u0259nin imzalanmas\u0131 Rusiya, Erm\u0259nistan v\u0259 Az\u0259rbaycan liderl\u0259rinin \u00fc\u00e7t\u0259r\u0259fli b\u0259yanatlar\u0131n\u0131n h\u0259yata ke\u00e7irilm\u0259si \u00fc\u00e7\u00fcn \u0259lav\u0259 imkanlar yarada bil\u0259r.<\/p>\n<p>Bu fikri \u00e7\u0259r\u015f\u0259nb\u0259 g\u00fcn\u00fc TASS-a m\u00fcsahib\u0259sind\u0259 Erm\u0259nistan Xarici \u0130\u015fl\u0259r Nazirliyinin m\u0259tbuat katibi Vaan Hunanyan deyib.<\/p>\n<div class=\"AdviadNativeVideo\"><\/div>\n<p>\u201c\u00dcmid edirik ki, Rusiya v\u0259 Az\u0259rbaycan aras\u0131nda imzalanm\u0131\u015f b\u0259yannam\u0259 Erm\u0259nistan, Rusiya v\u0259 Az\u0259rbaycan liderl\u0259rinin imzalad\u0131\u011f\u0131 b\u0259yanatlar\u0131n b\u0259ndl\u0259rinin h\u0259yata ke\u00e7irilm\u0259si \u00fc\u00e7\u00fcn \u0259lav\u0259 imkanlar yaradacaq v\u0259 Qaraba\u011f m\u00fcnaqi\u015f\u0259sinin AT\u018fT-in Minsk Qrupunun himay\u0259si alt\u0131nda h\u0259rt\u0259r\u0259fli h\u0259llin\u0259 t\u00f6hf\u0259 ver\u0259c\u0259k\u201d, &#8211; Hunanyan bildirib.<\/p>\n<p>O \u0259lav\u0259 edib ki, Erm\u0259nistan\u0131n Rusiya il\u0259 m\u00fctt\u0259fiqlik m\u00fcnasib\u0259tl\u0259ri iki \u00f6lk\u0259 xalqlar\u0131 aras\u0131nda \u00e7ox\u0259srlik dostlu\u011fa \u0259saslan\u0131r.<\/p>\n<p>\u201c\u018fm\u0259kda\u015fl\u0131\u011f\u0131m\u0131z dig\u0259r \u00f6lk\u0259l\u0259rl\u0259 m\u00fcnasib\u0259tl\u0259rd\u0259n as\u0131l\u0131 deyil. O, \u015f\u0259rtl\u0259 ki, dig\u0259r \u00f6lk\u0259l\u0259r d\u0259 Rusiya il\u0259 \u0259m\u0259kda\u015fl\u0131\u011f\u0131n\u0131 Erm\u0259nistan &#8211; Rusiya ittifaq\u0131n\u0131n z\u0259r\u0259rin\u0259 inki\u015faf etdirm\u0259sin\u201d, &#8211; dey\u0259 o, izah edib.<\/p>\n<p>M\u0259nb\u0259: TASS<\/p>\n","protected":false},"excerpt":{"rendered":"<p>Moskva il\u0259 Bak\u0131 aras\u0131nda qar\u015f\u0131l\u0131ql\u0131 m\u00fctt\u0259fiqlik \u0259m\u0259kda\u015fl\u0131\u011f\u0131 haqq\u0131nda b\u0259yannam\u0259nin imzalanmas\u0131 Rusiya, Erm\u0259nistan v\u0259 Az\u0259rbaycan liderl\u0259rinin \u00fc\u00e7t\u0259r\u0259fli b\u0259yanatlar\u0131n\u0131n h\u0259yata ke\u00e7irilm\u0259si \u00fc\u00e7\u00fcn \u0259lav\u0259 imkanlar yarada bil\u0259r. Bu fikri \u00e7\u0259r\u015f\u0259nb\u0259 g\u00fcn\u00fc TASS-a m\u00fcsahib\u0259sind\u0259 Erm\u0259nistan Xarici \u0130\u015fl\u0259r Nazirliyinin m\u0259tbuat katibi Vaan Hunanyan deyib. \u201c\u00dcmid edirik ki, Rusiya v\u0259 Az\u0259rbaycan aras\u0131nda imzalanm\u0131\u015f b\u0259yannam\u0259 Erm\u0259nistan, Rusiya v\u0259 Az\u0259rbaycan liderl\u0259rinin imzalad\u0131\u011f\u0131 b\u0259yanatlar\u0131n b\u0259ndl\u0259rinin h\u0259yata ke\u00e7irilm\u0259si \u00fc\u00e7\u00fcn \u0259lav\u0259 imkanlar yaradacaq v\u0259 Qaraba\u011f m\u00fcnaqi\u015f\u0259sinin AT\u018fT-in Minsk Qrupunun himay\u0259si alt\u0131nda h\u0259rt\u0259r\u0259fli h\u0259llin\u0259 t\u00f6hf\u0259 ver\u0259c\u0259k\u201d, &#8211; Hunanyan bildirib. O \u0259lav\u0259 edib ki, Erm\u0259nistan\u0131n Rusiya il\u0259 m\u00fctt\u0259fiqlik m\u00fcnasib\u0259tl\u0259ri iki \u00f6lk\u0259 xalqlar\u0131 aras\u0131nda&hellip;<\/p>\n","protected":false},"author":2,"featured_media":443148,"comment_status":"closed","ping_status":"closed","sticky":false,"template":"","format":"standard","meta":{"om_disable_all_campaigns":false,"_monsterinsights_skip_tracking":false,"_monsterinsights_sitenote_active":false,"_monsterinsights_sitenote_note":"","_monsterinsights_sitenote_category":0},"categories":[4],"tags":[],"aioseo_notices":[],"gutentor_comment":0,"rttpg_featured_image_url":{"full":["https:\/\/arantv.az\/wp-content\/uploads\/2022\/02\/274095506_650230899581983_1349546910265705430_n.jpg",620,413,false],"landscape":["https:\/\/arantv.az\/wp-content\/uploads\/2022\/02\/274095506_650230899581983_1349546910265705430_n.jpg",620,413,false],"portraits":["https:\/\/arantv.az\/wp-content\/uploads\/2022\/02\/274095506_650230899581983_1349546910265705430_n.jpg",620,413,false],"thumbnail":["https:\/\/arantv.az\/wp-content\/uploads\/2022\/02\/274095506_650230899581983_1349546910265705430_n-500x280.jpg",500,280,true],"medium":["https:\/\/arantv.az\/wp-content\/uploads\/2022\/02\/274095506_650230899581983_1349546910265705430_n-548x365.jpg",548,365,true],"large":["https:\/\/arantv.az\/wp-content\/uploads\/2022\/02\/274095506_650230899581983_1349546910265705430_n.jpg",620,413,false],"1536x1536":["https:\/\/arantv.az\/wp-content\/uploads\/2022\/02\/274095506_650230899581983_1349546910265705430_n.jpg",620,413,false],"2048x2048":["https:\/\/arantv.az\/wp-content\/uploads\/2022\/02\/274095506_650230899581983_1349546910265705430_n.jpg",620,413,false],"post-thumbnail":["https:\/\/arantv.az\/wp-content\/uploads\/2022\/02\/274095506_650230899581983_1349546910265705430_n-240x172.jpg",240,172,true],"advps-thumb-one":["https:\/\/arantv.az\/wp-content\/uploads\/2022\/02\/274095506_650230899581983_1349546910265705430_n.jpg",620,413,false]},"rttpg_author":{"display_name":"V\u00fcsal Rafiqo\u011flu","author_link":"https:\/\/arantv.az\/?author=2"},"rttpg_comment":0,"rttpg_category":"<a href=\"https:\/\/arantv.az\/?cat=4\" rel=\"category\">Siyas\u0259t<\/a>","rttpg_excerpt":"Moskva il\u0259 Bak\u0131 aras\u0131nda qar\u015f\u0131l\u0131ql\u0131 m\u00fctt\u0259fiqlik \u0259m\u0259kda\u015fl\u0131\u011f\u0131 haqq\u0131nda b\u0259yannam\u0259nin imzalanmas\u0131 Rusiya, Erm\u0259nistan v\u0259 Az\u0259rbaycan liderl\u0259rinin \u00fc\u00e7t\u0259r\u0259fli b\u0259yanatlar\u0131n\u0131n h\u0259yata ke\u00e7irilm\u0259si \u00fc\u00e7\u00fcn \u0259lav\u0259 imkanlar yarada bil\u0259r. Bu fikri \u00e7\u0259r\u015f\u0259nb\u0259 g\u00fcn\u00fc TASS-a m\u00fcsahib\u0259sind\u0259 Erm\u0259nistan Xarici \u0130\u015fl\u0259r Nazirliyinin m\u0259tbuat katibi Vaan Hunanyan deyib. \u201c\u00dcmid edirik ki, Rusiya v\u0259 Az\u0259rbaycan aras\u0131nda imzalanm\u0131\u015f b\u0259yannam\u0259 Erm\u0259nistan, Rusiya v\u0259 Az\u0259rbaycan liderl\u0259rinin imzalad\u0131\u011f\u0131 b\u0259yanatlar\u0131n&hellip;","_links":{"self":[{"href":"https:\/\/arantv.az\/index.php?rest_route=\/wp\/v2\/posts\/443147"}],"collection":[{"href":"https:\/\/arantv.az\/index.php?rest_route=\/wp\/v2\/posts"}],"about":[{"href":"https:\/\/arantv.az\/index.php?rest_route=\/wp\/v2\/types\/post"}],"author":[{"embeddable":true,"href":"https:\/\/arantv.az\/index.php?rest_route=\/wp\/v2\/users\/2"}],"replies":[{"embeddable":true,"href":"https:\/\/arantv.az\/index.php?rest_route=%2Fwp%2Fv2%2Fcomments&post=443147"}],"version-history":[{"count":0,"href":"https:\/\/arantv.az\/index.php?rest_route=\/wp\/v2\/posts\/443147\/revisions"}],"wp:featuredmedia":[{"embeddable":true,"href":"https:\/\/arantv.az\/index.php?rest_route=\/wp\/v2\/media\/443148"}],"wp:attachment":[{"href":"https:\/\/arantv.az\/index.php?rest_route=%2Fwp%2Fv2%2Fmedia&parent=443147"}],"wp:term":[{"taxonomy":"category","embeddable":true,"href":"https:\/\/arantv.az\/index.php?rest_route=%2Fwp%2Fv2%2Fcategories&post=443147"},{"taxonomy":"post_tag","embeddable":true,"href":"https:\/\/arantv.az\/index.php?rest_route=%2Fwp%2Fv2%2Ftags&post=443147"}],"curies":[{"name":"wp","href":"https:\/\/api.w.org\/{rel}","templated":true}]}}