{"id":443151,"date":"2022-02-23T20:45:04","date_gmt":"2022-02-23T17:45:04","guid":{"rendered":"http:\/\/arantv.az\/?p=443151"},"modified":"2022-02-23T20:45:04","modified_gmt":"2022-02-23T17:45:04","slug":"deyirdil%c9%99r-%c9%99v%c9%99zin-basi-k%c9%99silib-%c9%99slind%c9%99-is%c9%99-video","status":"publish","type":"post","link":"https:\/\/arantv.az\/?p=443151","title":{"rendered":"Deyirdil\u0259r \u018fv\u0259zin ba\u015f\u0131 k\u0259silib, \u0259slind\u0259 is\u0259&#8230; &#8211; V\u0130DEO"},"content":{"rendered":"<p>D\u00fcn\u0259n saat 16 rad\u0259l\u0259rind\u0259 tan\u0131nm\u0131\u015f bloger, eyni zamanda s\u0259rb\u0259st jurnalist i\u015fl\u0259y\u0259n \u018fv\u0259z Hafizli Balaxan\u0131 q\u0259s\u0259b\u0259sind\u0259ki ya\u015fad\u0131\u011f\u0131 evd\u0259 q\u0259tl\u0259 yetirilib. Onu q\u0259tl\u0259 yetir\u0259n \u015f\u0259xs is\u0259 \u00f6z do\u011fma \u0259misi o\u011flu olub.<\/p>\n<p>APA TV x\u0259b\u0259r verir ki, hadis\u0259 il\u0259 ba\u011fl\u0131 Ba\u015f Prokurorluq v\u0259 Daxili \u0130\u015fl\u0259r Nazirliyi birg\u0259 m\u0259lumat yay\u0131b. M\u0259lumata g\u00f6r\u0259, \u018fmrulla G\u00fcl\u0259liyev \u0259misi o\u011flu, \u018fv\u0259z Hafizli kimi tan\u0131nan \u018fv\u0259z \u015e\u0131xm\u0259mm\u0259dovu b\u0131\u00e7aqla q\u0259tl\u0259 yetirib.<\/p>\n<div class=\"AdviadNativeVideo\"><\/div>\n<p>Hadis\u0259 yerind\u0259 olark\u0259n qon\u015fular bildirdil\u0259r ki, b\u0259zi x\u0259b\u0259r saytlar\u0131nda yay\u0131lan informasiyalarda yanl\u0131\u015f detallar var. Bel\u0259 ki, m\u0259rhumun cinsi azl\u0131q oldu\u011funa g\u00f6r\u0259 \u00f6ld\u00fcr\u00fclm\u0259si v\u0259 cinsiyy\u0259t orqan\u0131n\u0131n k\u0259silm\u0259si x\u0259b\u0259rl\u0259ri h\u0259qiq\u0259t deyil.<\/p>\n<p>\u018frazid\u0259 ya\u015fayanlar\u0131n fikrinc\u0259, \u018fv\u0259z Hafizlinin LGBT \u00fczv\u00fc olmas\u0131na g\u00f6r\u0259 \u00f6ld\u00fcr\u00fclm\u0259si c\u0259f\u0259ngiyyatd\u0131r. \u00c7\u00fcnki m\u0259rhumunun LGBT \u00fczv\u00fc olmas\u0131 haqq\u0131nda daha \u0259vv\u0259ld\u0259n h\u0259r k\u0259sin x\u0259b\u0259ri vard\u0131.<\/p>\n<p>Qon\u015fular deyir ki, hadis\u0259 ba\u015f ver\u0259n vaxt \u018fv\u0259z Hafizli evd\u0259 t\u0259k olub.<\/p>\n<p>\u0130lkin ara\u015fd\u0131rmalarla m\u00fc\u0259yy\u0259n edilib ki, \u018fmrulla G\u00fcl\u0259liyev cinay\u0259ti t\u00f6r\u0259d\u0259rk\u0259n s\u0259rxo\u015f v\u0259ziyy\u0259td\u0259 olub v\u0259 o, ifad\u0259sind\u0259 cinay\u0259ti aralar\u0131nda yaranm\u0131\u015f \u015f\u0259xsi m\u00fcbahis\u0259 z\u0259minind\u0259 t\u00f6r\u0259tdiyini etiraf edib.<\/p>\n<p>M\u0259rhum bu g\u00fcn saat 10 rad\u0259l\u0259rind\u0259 torpa\u011fa tap\u015f\u0131r\u0131l\u0131b.<\/p>\n<p>Faktla ba\u011fl\u0131 Sabun\u00e7u Rayon Prokurorlu\u011funda Cinay\u0259t M\u0259c\u0259ll\u0259sinin m\u00fcvafiq madd\u0259l\u0259ri il\u0259 cinay\u0259t i\u015fi ba\u015flay\u0131b. \u018fmrulla G\u00fcl\u0259liyev tutularaq istintaqa t\u0259hvil verilib.<\/p>\n<div><iframe loading=\"lazy\" src=\"https:\/\/player.baku.tv\/embed\/50804\" width=\"560\" height=\"315\" frameborder=\"0\" allowfullscreen=\"allowfullscreen\" data-mce-fragment=\"1\"><\/iframe><\/div>\n<p>&nbsp;<\/p>\n","protected":false},"excerpt":{"rendered":"<p>D\u00fcn\u0259n saat 16 rad\u0259l\u0259rind\u0259 tan\u0131nm\u0131\u015f bloger, eyni zamanda s\u0259rb\u0259st jurnalist i\u015fl\u0259y\u0259n \u018fv\u0259z Hafizli Balaxan\u0131 q\u0259s\u0259b\u0259sind\u0259ki ya\u015fad\u0131\u011f\u0131 evd\u0259 q\u0259tl\u0259 yetirilib. Onu q\u0259tl\u0259 yetir\u0259n \u015f\u0259xs is\u0259 \u00f6z do\u011fma \u0259misi o\u011flu olub. APA TV x\u0259b\u0259r verir ki, hadis\u0259 il\u0259 ba\u011fl\u0131 Ba\u015f Prokurorluq v\u0259 Daxili \u0130\u015fl\u0259r Nazirliyi birg\u0259 m\u0259lumat yay\u0131b. M\u0259lumata g\u00f6r\u0259, \u018fmrulla G\u00fcl\u0259liyev \u0259misi o\u011flu, \u018fv\u0259z Hafizli kimi tan\u0131nan \u018fv\u0259z \u015e\u0131xm\u0259mm\u0259dovu b\u0131\u00e7aqla q\u0259tl\u0259 yetirib. Hadis\u0259 yerind\u0259 olark\u0259n qon\u015fular bildirdil\u0259r ki, b\u0259zi x\u0259b\u0259r saytlar\u0131nda yay\u0131lan informasiyalarda yanl\u0131\u015f detallar var. Bel\u0259 ki, m\u0259rhumun cinsi azl\u0131q oldu\u011funa g\u00f6r\u0259 \u00f6ld\u00fcr\u00fclm\u0259si v\u0259 cinsiyy\u0259t orqan\u0131n\u0131n k\u0259silm\u0259si x\u0259b\u0259rl\u0259ri h\u0259qiq\u0259t deyil.&hellip;<\/p>\n","protected":false},"author":2,"featured_media":443152,"comment_status":"closed","ping_status":"closed","sticky":false,"template":"","format":"standard","meta":{"om_disable_all_campaigns":false,"_monsterinsights_skip_tracking":false,"_monsterinsights_sitenote_active":false,"_monsterinsights_sitenote_note":"","_monsterinsights_sitenote_category":0},"categories":[5],"tags":[],"aioseo_notices":[],"gutentor_comment":0,"rttpg_featured_image_url":{"full":["https:\/\/arantv.az\/wp-content\/uploads\/2022\/02\/FotoJet-51-3.jpg",620,413,false],"landscape":["https:\/\/arantv.az\/wp-content\/uploads\/2022\/02\/FotoJet-51-3.jpg",620,413,false],"portraits":["https:\/\/arantv.az\/wp-content\/uploads\/2022\/02\/FotoJet-51-3.jpg",620,413,false],"thumbnail":["https:\/\/arantv.az\/wp-content\/uploads\/2022\/02\/FotoJet-51-3-500x280.jpg",500,280,true],"medium":["https:\/\/arantv.az\/wp-content\/uploads\/2022\/02\/FotoJet-51-3-548x365.jpg",548,365,true],"large":["https:\/\/arantv.az\/wp-content\/uploads\/2022\/02\/FotoJet-51-3.jpg",620,413,false],"1536x1536":["https:\/\/arantv.az\/wp-content\/uploads\/2022\/02\/FotoJet-51-3.jpg",620,413,false],"2048x2048":["https:\/\/arantv.az\/wp-content\/uploads\/2022\/02\/FotoJet-51-3.jpg",620,413,false],"post-thumbnail":["https:\/\/arantv.az\/wp-content\/uploads\/2022\/02\/FotoJet-51-3-240x172.jpg",240,172,true],"advps-thumb-one":["https:\/\/arantv.az\/wp-content\/uploads\/2022\/02\/FotoJet-51-3.jpg",620,413,false]},"rttpg_author":{"display_name":"V\u00fcsal Rafiqo\u011flu","author_link":"https:\/\/arantv.az\/?author=2"},"rttpg_comment":0,"rttpg_category":"<a href=\"https:\/\/arantv.az\/?cat=5\" rel=\"category\">Hadis\u0259<\/a>","rttpg_excerpt":"D\u00fcn\u0259n saat 16 rad\u0259l\u0259rind\u0259 tan\u0131nm\u0131\u015f bloger, eyni zamanda s\u0259rb\u0259st jurnalist i\u015fl\u0259y\u0259n \u018fv\u0259z Hafizli Balaxan\u0131 q\u0259s\u0259b\u0259sind\u0259ki ya\u015fad\u0131\u011f\u0131 evd\u0259 q\u0259tl\u0259 yetirilib. Onu q\u0259tl\u0259 yetir\u0259n \u015f\u0259xs is\u0259 \u00f6z do\u011fma \u0259misi o\u011flu olub. APA TV x\u0259b\u0259r verir ki, hadis\u0259 il\u0259 ba\u011fl\u0131 Ba\u015f Prokurorluq v\u0259 Daxili \u0130\u015fl\u0259r Nazirliyi birg\u0259 m\u0259lumat yay\u0131b. M\u0259lumata g\u00f6r\u0259, \u018fmrulla G\u00fcl\u0259liyev \u0259misi o\u011flu, \u018fv\u0259z Hafizli kimi&hellip;","_links":{"self":[{"href":"https:\/\/arantv.az\/index.php?rest_route=\/wp\/v2\/posts\/443151"}],"collection":[{"href":"https:\/\/arantv.az\/index.php?rest_route=\/wp\/v2\/posts"}],"about":[{"href":"https:\/\/arantv.az\/index.php?rest_route=\/wp\/v2\/types\/post"}],"author":[{"embeddable":true,"href":"https:\/\/arantv.az\/index.php?rest_route=\/wp\/v2\/users\/2"}],"replies":[{"embeddable":true,"href":"https:\/\/arantv.az\/index.php?rest_route=%2Fwp%2Fv2%2Fcomments&post=443151"}],"version-history":[{"count":0,"href":"https:\/\/arantv.az\/index.php?rest_route=\/wp\/v2\/posts\/443151\/revisions"}],"wp:featuredmedia":[{"embeddable":true,"href":"https:\/\/arantv.az\/index.php?rest_route=\/wp\/v2\/media\/443152"}],"wp:attachment":[{"href":"https:\/\/arantv.az\/index.php?rest_route=%2Fwp%2Fv2%2Fmedia&parent=443151"}],"wp:term":[{"taxonomy":"category","embeddable":true,"href":"https:\/\/arantv.az\/index.php?rest_route=%2Fwp%2Fv2%2Fcategories&post=443151"},{"taxonomy":"post_tag","embeddable":true,"href":"https:\/\/arantv.az\/index.php?rest_route=%2Fwp%2Fv2%2Ftags&post=443151"}],"curies":[{"name":"wp","href":"https:\/\/api.w.org\/{rel}","templated":true}]}}