{"id":443154,"date":"2022-02-23T20:46:02","date_gmt":"2022-02-23T17:46:02","guid":{"rendered":"http:\/\/arantv.az\/?p=443154"},"modified":"2022-02-23T20:46:02","modified_gmt":"2022-02-23T17:46:02","slug":"ukrayna-xin-rusiya-hucum-ed%c9%99rs%c9%99-cavab-verm%c9%99y%c9%99-haziriq","status":"publish","type":"post","link":"https:\/\/arantv.az\/?p=443154","title":{"rendered":"Ukrayna X\u0130N: \u201cRusiya h\u00fccum ed\u0259rs\u0259, cavab verm\u0259y\u0259 haz\u0131r\u0131q\u201d"},"content":{"rendered":"<p>Birl\u0259\u015fmi\u015f Mill\u0259tl\u0259r T\u0259\u015fkilat\u0131n\u0131n Ba\u015f Assambleyas\u0131 Ukrayna m\u0259s\u0259l\u0259sin\u0259 dair x\u00fcsusi toplant\u0131 ke\u00e7irib.<\/p>\n<p>Ukraynan\u0131n xarici i\u015fl\u0259r naziri Dimitro Kuleba BMT-d\u0259 \u00e7\u0131x\u0131\u015f edib.<\/p>\n<div class=\"AdviadNativeVideo\"><\/div>\n<p>\u201cRusiyan\u0131 dayand\u0131rmaq \u00fc\u00e7\u00fcn sizin k\u00f6m\u0259yiniz\u0259 ehtiyac\u0131m\u0131z var. Diplomatiya \u00fc\u00e7\u00fcn h\u0259l\u0259 d\u0259 gec deyil\u201d, &#8211; dey\u0259 Kuleba bildirib.<\/p>\n<p>O, b\u0259yan edib ki, Ukrayna he\u00e7 vaxt he\u00e7 kimi t\u0259hdid etm\u0259yib v\u0259 he\u00e7 kim\u0259 h\u00fccum etm\u0259yib.<\/p>\n<p>\u201cUkrayna he\u00e7 vaxt Donbasda h\u0259rbi \u0259m\u0259liyyatlar planla\u015fd\u0131rmay\u0131b v\u0259 planla\u015fd\u0131rmayacaq. Bu c\u00fcr iddialar m\u0259ntiqin t\u0259m\u0259l prinsipl\u0259rini pozur. Ukraynan\u0131n niyy\u0259ti \u00f6z\u00fcn\u00fcn m\u00fcdafi\u0259 sistemini g\u00fccl\u0259ndirm\u0259kdir. Rusiya beyn\u0259lxalq s\u00fclh v\u0259 t\u0259hl\u00fck\u0259sizliyi t\u0259hdid edir. Biz \u0130kinci D\u00fcnya M\u00fcharib\u0259sind\u0259n b\u0259ri \u0259n b\u00f6y\u00fck t\u0259hl\u00fck\u0259 il\u0259 \u00fcz-\u00fcz\u0259yik. Rusiyan\u0131n Donbasla ba\u011fl\u0131 iddialar\u0131 \u0259sass\u0131zd\u0131r. Donbasla ba\u011fl\u0131 t\u0259xribat plan\u0131m\u0131z yox idi. Lakin Putin Ukraynan\u0131n suveren h\u00fcququnu pozdu. He\u00e7 kim bu b\u00f6hrandan qa\u00e7a bilm\u0259z. \u018fg\u0259r Putin Ukraynaya h\u00fccumu davam etdirs\u0259, h\u00f6kum\u0259tl\u0259riniz v\u0259 xalqlar\u0131n\u0131z biziml\u0259 eyni a\u011f\u0131r n\u0259tic\u0259l\u0259rl\u0259 \u00fczl\u0259\u015f\u0259c\u0259kl\u0259r. Ona g\u00f6r\u0259 d\u0259 biz Rusiyan\u0131 dayand\u0131rmal\u0131y\u0131q&#8230; Ukrayna beyn\u0259lxalq ictimaiyy\u0259td\u0259n q\u0259ti v\u0259 m\u00fct\u0259nasib add\u0131mlar g\u00f6zl\u0259yir. Sad\u0259c\u0259 q\u0131namaq kifay\u0259t deyil. Rusiyan\u0131 dayand\u0131rmaq \u00fc\u00e7\u00fcn indi sizin k\u00f6m\u0259yiniz\u0259 ehtiyac\u0131m\u0131z var. Biz\u0259 diplomatiya laz\u0131md\u0131r. Diplomatiya \u00fc\u00e7\u00fcn h\u0259l\u0259 d\u0259 gec deyil. Rusiya s\u0259rh\u0259dimiz\u0259 daha \u00e7ox \u0259sg\u0259r yerl\u0259\u015fdirib. Haz\u0131rda s\u0259rh\u0259dd\u0259 150 \u200b\u200bmind\u0259n \u00e7ox \u0259sg\u0259rin oldu\u011funu g\u00f6r\u00fcr\u00fck. Rusiyan\u0131n Qara d\u0259nizd\u0259 48 g\u0259misi var. Onlar Ukraynan\u0131n d\u0259niz\u0259 \u00e7\u0131x\u0131\u015f\u0131n\u0131 ba\u011flamaq ist\u0259yirl\u0259r. Bu, beyn\u0259lxalq h\u00fcququn pozulmas\u0131d\u0131r\u201d, &#8211; dey\u0259 Kuleba qeyd edib.<\/p>\n<p>Ukrayna X\u0130N ba\u015f\u00e7\u0131s\u0131 \u00f6lk\u0259sinin n\u00fcv\u0259 silah\u0131na sahib olma iddialar\u0131na da ayd\u0131nl\u0131q g\u0259tirib.<\/p>\n<p>\u201cBiz n\u00fcv\u0259 q\u00fcvv\u0259l\u0259rimizd\u0259n imtina etdik. Biz d\u00fcnyan\u0131n 3-c\u00fc \u0259n g\u00fccl\u00fc n\u00fcv\u0259 silah\u0131ndan imtina etdik. Bizim onu \u200b\u200bt\u0259krar istifad\u0259 etm\u0259k v\u0259 ya \u0259ld\u0259 etm\u0259k niyy\u0259timiz yoxdur. Biz Rusiyan\u0131 g\u0259rginliyi azaltma\u011fa v\u0259 diplomatik s\u0259yl\u0259ri g\u00fccl\u0259ndirm\u0259y\u0259 \u00e7a\u011f\u0131r\u0131r\u0131q. Biz beyn\u0259lxalq ictimaiyy\u0259td\u0259n xahi\u015f edirik ki, Avropan\u0131n m\u0259rk\u0259zind\u0259 artan yan\u011f\u0131nla m\u00fcbariz\u0259 aparmaq \u00fc\u00e7\u00fcn h\u0259r \u015feyi etsin. \u00a0M\u00fcvafiq add\u0131mlar\u0131n olmamas\u0131 indi ancaq g\u0259rginliyin artmas\u0131na s\u0259b\u0259b olur. Aktiv diplomatiya, g\u00fccl\u00fc iqtisadi sanksiyalar Moskvan\u0131n aqressiv planlar\u0131ndan \u0259l \u00e7\u0259km\u0259sin\u0259 s\u0259b\u0259b ola bil\u0259r. Rusiya h\u00fccum ed\u0259rs\u0259, cavab verm\u0259y\u0259 haz\u0131r\u0131q. Biz BMT-d\u0259 b\u0259yan edilmi\u015f \u00f6z\u00fcn\u00fcm\u00fcdafi\u0259\u00a0h\u00fcququmuzdan istifad\u0259 etm\u0259y\u0259 haz\u0131r\u0131q\u201d, &#8211; dey\u0259 o, vur\u011fulay\u0131b.<\/p>\n<p>M\u0259nb\u0259: TRT<\/p>\n","protected":false},"excerpt":{"rendered":"<p>Birl\u0259\u015fmi\u015f Mill\u0259tl\u0259r T\u0259\u015fkilat\u0131n\u0131n Ba\u015f Assambleyas\u0131 Ukrayna m\u0259s\u0259l\u0259sin\u0259 dair x\u00fcsusi toplant\u0131 ke\u00e7irib. Ukraynan\u0131n xarici i\u015fl\u0259r naziri Dimitro Kuleba BMT-d\u0259 \u00e7\u0131x\u0131\u015f edib. \u201cRusiyan\u0131 dayand\u0131rmaq \u00fc\u00e7\u00fcn sizin k\u00f6m\u0259yiniz\u0259 ehtiyac\u0131m\u0131z var. Diplomatiya \u00fc\u00e7\u00fcn h\u0259l\u0259 d\u0259 gec deyil\u201d, &#8211; dey\u0259 Kuleba bildirib. O, b\u0259yan edib ki, Ukrayna he\u00e7 vaxt he\u00e7 kimi t\u0259hdid etm\u0259yib v\u0259 he\u00e7 kim\u0259 h\u00fccum etm\u0259yib. \u201cUkrayna he\u00e7 vaxt Donbasda h\u0259rbi \u0259m\u0259liyyatlar planla\u015fd\u0131rmay\u0131b v\u0259 planla\u015fd\u0131rmayacaq. Bu c\u00fcr iddialar m\u0259ntiqin t\u0259m\u0259l prinsipl\u0259rini pozur. Ukraynan\u0131n niyy\u0259ti \u00f6z\u00fcn\u00fcn m\u00fcdafi\u0259 sistemini g\u00fccl\u0259ndirm\u0259kdir. Rusiya beyn\u0259lxalq s\u00fclh v\u0259 t\u0259hl\u00fck\u0259sizliyi t\u0259hdid edir. Biz \u0130kinci D\u00fcnya M\u00fcharib\u0259sind\u0259n b\u0259ri \u0259n b\u00f6y\u00fck t\u0259hl\u00fck\u0259&hellip;<\/p>\n","protected":false},"author":2,"featured_media":443155,"comment_status":"closed","ping_status":"closed","sticky":false,"template":"","format":"standard","meta":{"om_disable_all_campaigns":false,"_monsterinsights_skip_tracking":false,"_monsterinsights_sitenote_active":false,"_monsterinsights_sitenote_note":"","_monsterinsights_sitenote_category":0},"categories":[7],"tags":[],"aioseo_notices":[],"gutentor_comment":0,"rttpg_featured_image_url":{"full":["https:\/\/arantv.az\/wp-content\/uploads\/2022\/02\/E7SqJL-WQAA9j3H.jpg",620,413,false],"landscape":["https:\/\/arantv.az\/wp-content\/uploads\/2022\/02\/E7SqJL-WQAA9j3H.jpg",620,413,false],"portraits":["https:\/\/arantv.az\/wp-content\/uploads\/2022\/02\/E7SqJL-WQAA9j3H.jpg",620,413,false],"thumbnail":["https:\/\/arantv.az\/wp-content\/uploads\/2022\/02\/E7SqJL-WQAA9j3H-500x280.jpg",500,280,true],"medium":["https:\/\/arantv.az\/wp-content\/uploads\/2022\/02\/E7SqJL-WQAA9j3H-548x365.jpg",548,365,true],"large":["https:\/\/arantv.az\/wp-content\/uploads\/2022\/02\/E7SqJL-WQAA9j3H.jpg",620,413,false],"1536x1536":["https:\/\/arantv.az\/wp-content\/uploads\/2022\/02\/E7SqJL-WQAA9j3H.jpg",620,413,false],"2048x2048":["https:\/\/arantv.az\/wp-content\/uploads\/2022\/02\/E7SqJL-WQAA9j3H.jpg",620,413,false],"post-thumbnail":["https:\/\/arantv.az\/wp-content\/uploads\/2022\/02\/E7SqJL-WQAA9j3H-240x172.jpg",240,172,true],"advps-thumb-one":["https:\/\/arantv.az\/wp-content\/uploads\/2022\/02\/E7SqJL-WQAA9j3H.jpg",620,413,false]},"rttpg_author":{"display_name":"V\u00fcsal Rafiqo\u011flu","author_link":"https:\/\/arantv.az\/?author=2"},"rttpg_comment":0,"rttpg_category":"<a href=\"https:\/\/arantv.az\/?cat=7\" rel=\"category\">D\u00fcnya<\/a>","rttpg_excerpt":"Birl\u0259\u015fmi\u015f Mill\u0259tl\u0259r T\u0259\u015fkilat\u0131n\u0131n Ba\u015f Assambleyas\u0131 Ukrayna m\u0259s\u0259l\u0259sin\u0259 dair x\u00fcsusi toplant\u0131 ke\u00e7irib. Ukraynan\u0131n xarici i\u015fl\u0259r naziri Dimitro Kuleba BMT-d\u0259 \u00e7\u0131x\u0131\u015f edib. \u201cRusiyan\u0131 dayand\u0131rmaq \u00fc\u00e7\u00fcn sizin k\u00f6m\u0259yiniz\u0259 ehtiyac\u0131m\u0131z var. Diplomatiya \u00fc\u00e7\u00fcn h\u0259l\u0259 d\u0259 gec deyil\u201d, &#8211; dey\u0259 Kuleba bildirib. O, b\u0259yan edib ki, Ukrayna he\u00e7 vaxt he\u00e7 kimi t\u0259hdid etm\u0259yib v\u0259 he\u00e7 kim\u0259 h\u00fccum etm\u0259yib. \u201cUkrayna he\u00e7&hellip;","_links":{"self":[{"href":"https:\/\/arantv.az\/index.php?rest_route=\/wp\/v2\/posts\/443154"}],"collection":[{"href":"https:\/\/arantv.az\/index.php?rest_route=\/wp\/v2\/posts"}],"about":[{"href":"https:\/\/arantv.az\/index.php?rest_route=\/wp\/v2\/types\/post"}],"author":[{"embeddable":true,"href":"https:\/\/arantv.az\/index.php?rest_route=\/wp\/v2\/users\/2"}],"replies":[{"embeddable":true,"href":"https:\/\/arantv.az\/index.php?rest_route=%2Fwp%2Fv2%2Fcomments&post=443154"}],"version-history":[{"count":0,"href":"https:\/\/arantv.az\/index.php?rest_route=\/wp\/v2\/posts\/443154\/revisions"}],"wp:featuredmedia":[{"embeddable":true,"href":"https:\/\/arantv.az\/index.php?rest_route=\/wp\/v2\/media\/443155"}],"wp:attachment":[{"href":"https:\/\/arantv.az\/index.php?rest_route=%2Fwp%2Fv2%2Fmedia&parent=443154"}],"wp:term":[{"taxonomy":"category","embeddable":true,"href":"https:\/\/arantv.az\/index.php?rest_route=%2Fwp%2Fv2%2Fcategories&post=443154"},{"taxonomy":"post_tag","embeddable":true,"href":"https:\/\/arantv.az\/index.php?rest_route=%2Fwp%2Fv2%2Ftags&post=443154"}],"curies":[{"name":"wp","href":"https:\/\/api.w.org\/{rel}","templated":true}]}}