{"id":443163,"date":"2022-02-23T20:52:05","date_gmt":"2022-02-23T17:52:05","guid":{"rendered":"http:\/\/arantv.az\/?p=443163"},"modified":"2022-02-23T20:52:05","modified_gmt":"2022-02-23T17:52:05","slug":"xocali-soyqiriminin-30-cu-ildonumu-il%c9%99-bagli-t%c9%99dbir-kecirilib","status":"publish","type":"post","link":"https:\/\/arantv.az\/?p=443163","title":{"rendered":"Xocal\u0131 soyq\u0131r\u0131m\u0131n\u0131n 30-cu ild\u00f6n\u00fcm\u00fc il\u0259 ba\u011fl\u0131 t\u0259dbir ke\u00e7irilib"},"content":{"rendered":"<div id=\"printableArea\">\n<p>Fevral\u0131n 23-d\u0259 Xocal\u0131 \u015f\u0259h\u0259r 2 n\u00f6mr\u0259li tam orta m\u0259kt\u0259bd\u0259 Xocal\u0131 soyq\u0131r\u0131m\u0131n\u0131n 30-cu ild\u00f6n\u00fcm\u00fc il\u0259 \u0259laq\u0259dar t\u0259dbir ke\u00e7irilib.<\/p>\n<p>&nbsp;<\/p>\n<p>T\u0259dbird\u0259 t\u0259hsil nazirinin m\u00fcavini Firudin Qurbanov, mill\u0259t v\u0259kili, tarix elml\u0259ri doktoru Anar \u0130sg\u0259nd\u0259rov, B\u00f6y\u00fck Britaniya \u0259silli yaz\u0131\u00e7\u0131, ara\u015fd\u0131rma\u00e7\u0131 jurnalist \u0130an Pirt, Az\u0259rbaycan\u0131n Milli Q\u0259hr\u0259man\u0131 Polad\u00a0\u00a0H\u0259\u015fimovun h\u0259yat yolda\u015f\u0131 Ofeliya H\u0259\u015fimova, \u201cQanun&#8221; n\u0259\u015friyyat\u0131n\u0131n direktoru \u015eahbaz Xuduo\u011flu, \u00f6lk\u0259mizd\u0259 t\u0259hsil alan \u0259cn\u0259bi t\u0259l\u0259b\u0259l\u0259r v\u0259 K\u0130V n\u00fcmay\u0259nd\u0259l\u0259ri i\u015ftirak edibl\u0259r.<\/p>\n<p>&nbsp;<\/p>\n<p>T\u0259dbird\u0259n \u0259vv\u0259l s\u00f6z\u00fcged\u0259n m\u0259kt\u0259bin h\u0259y\u0259tind\u0259 44 g\u00fcnl\u00fck V\u0259t\u0259n m\u00fcharib\u0259sinin \u015f\u0259r\u0259fin\u0259 44 a\u011fac \u0259kilib.<\/p>\n<p>&nbsp;<\/p>\n<p>T\u0259dbir Az\u0259rbaycan Respublikas\u0131n\u0131n D\u00f6vl\u0259t Himninin s\u0259sl\u0259ndirilm\u0259si il\u0259 ba\u015flay\u0131b. Daha sonra Az\u0259rbaycan\u0131n \u0259razi b\u00fct\u00f6vl\u00fcy\u00fc v\u0259 suverenliyi u\u011frunda canlar\u0131n\u0131 f\u0259da etmi\u015f \u015f\u0259hidl\u0259rimizin \u0259ziz xatir\u0259si bir d\u0259qiq\u0259lik s\u00fckutla yad edilib.<\/p>\n<p>&nbsp;<\/p>\n<p>T\u0259dbird\u0259 \u00e7\u0131x\u0131\u015f ed\u0259n t\u0259hsil nazirinin m\u00fcavini Firudin Qurbanov Xocal\u0131 faci\u0259sinin v\u0259h\u015f\u0259tind\u0259n dan\u0131\u015f\u0131b. Nazir m\u00fcavini bildirib ki, erm\u0259nil\u0259rin insanl\u0131\u011fa s\u0131\u011fmayan d\u0259h\u015f\u0259tli cinay\u0259t \u0259m\u0259ll\u0259ri n\u0259tic\u0259sind\u0259 Xocal\u0131 \u015f\u0259h\u0259rind\u0259 14 m\u0259kt\u0259b da\u011f\u0131d\u0131l\u0131b,\u00a0613 n\u0259f\u0259r, o c\u00fcml\u0259d\u0259n 106 qad\u0131n, 63 u\u015faq, 70 qoca amans\u0131zcas\u0131na q\u0259tl\u0259 yetirilib. 487 n\u0259f\u0259r \u015fik\u0259st olub,\u00a01275 dinc sakin \u0259sir g\u00f6t\u00fcr\u00fcl\u00fcb, 150 n\u0259f\u0259r is\u0259 itkin d\u00fc\u015f\u00fcb.<\/p>\n<p>&nbsp;<\/p>\n<p>44 g\u00fcnl\u00fck\u00a0\u00a0V\u0259t\u0259n m\u00fcharib\u0259sind\u0259 qazan\u0131lan z\u0259f\u0259r\u0259 toxunan nazir m\u00fcavini bildirib ki, Az\u0259rbaycan xalq\u0131n\u0131n XX \u0259srd\u0259 \u00fczl\u0259\u015fdiyi d\u0259h\u015f\u0259tli Xocal\u0131 faci\u0259sini t\u00f6r\u0259tm\u0259kl\u0259 erm\u0259nil\u0259r xalq\u0131m\u0131z\u0131 qorxutmaq, m\u00fcbariz\u0259 \u0259zmini q\u0131rmaq, tarixi torpaqlar\u0131m\u0131z\u0131n bir qisminin itirilm\u0259si il\u0259 bar\u0131\u015fma\u011fa m\u0259cbur etm\u0259k ist\u0259yirdil\u0259r. Xalq\u0131m\u0131z \u00f6z d\u00f6vl\u0259tinin suverenliyi v\u0259 \u0259razi b\u00fct\u00f6vl\u00fcy\u00fc u\u011frunda\u00a0m\u00fcbariz\u0259d\u0259 daha da m\u0259tinl\u0259\u015fdi, q\u0259hr\u0259manl\u0131q v\u0259 d\u0259yan\u0259t g\u00f6st\u0259rdi. 30 ild\u0259n sonra Xalq\u0131m\u0131z 30 ild\u0259n sonra i\u015f\u011fal alt\u0131nda olan torpaqlar\u0131m\u0131z\u0131n azadl\u0131\u011f\u0131na nail olaraq m\u00fcbariz\u0259 \u0259zminin q\u0131r\u0131lmad\u0131\u011f\u0131n\u0131 bir daha n\u00fcmayi\u015f etdirdi. \u00d6lk\u0259 Prezidenti, Ali Ba\u015f Komandan c\u0259nab \u0130lham \u018fliyevin u\u011furlu siyas\u0259ti v\u0259 m\u00fcz\u0259ff\u0259r ordumuzun \u0259zmi say\u0259sind\u0259 44 g\u00fcnl\u00fck V\u0259t\u0259n M\u00fcharib\u0259si Az\u0259rbaycan\u0131n tam q\u0259l\u0259b\u0259si il\u0259 ba\u015fa \u00e7atd\u0131.<\/p>\n<p>&nbsp;<\/p>\n<p>\u00c7\u0131x\u0131\u015f\u0131n\u0131n sonunda Firudin Qurbanov g\u0259ncl\u0259r\u0259 \u00f6z t\u00f6vsiy\u0259l\u0259rini \u00e7atd\u0131r\u0131b.<\/p>\n<p>&nbsp;<\/p>\n<p>Daha sonra \u00e7\u0131x\u0131\u015f ed\u0259n mill\u0259t v\u0259kili, tarix elml\u0259ri doktoru Anar \u0130sg\u0259nd\u0259rov Az\u0259rbaycan tarixinin bir s\u0131ra\u00a0\u00a0faktlar\u0131n\u0131 diqq\u0259t\u0259 \u00e7atd\u0131r\u0131b. Anar \u0130sg\u0259nd\u0259rov Xocal\u0131n\u0131n t\u0259kc\u0259 g\u00f6z ya\u015f\u0131 deyil, eyni zamanda unudulmayacaq bir tarix oldu\u011funu qeyd edib. Mill\u0259t v\u0259kili 44 g\u00fcnl\u00fck V\u0259t\u0259n m\u00fcharib\u0259si n\u0259tic\u0259sind\u0259 qazan\u0131lan Z\u0259f\u0259rl\u0259 Xocal\u0131n\u0131n qisas\u0131n\u0131n al\u0131nd\u0131\u011f\u0131n\u0131 ifad\u0259 edib.<\/p>\n<p>&nbsp;<\/p>\n<p>T\u0259dbird\u0259 i\u015ftirak ed\u0259n B\u00f6y\u00fck Britaniya \u0259silli yaz\u0131\u00e7\u0131, ara\u015fd\u0131rma\u00e7\u0131 jurnalist \u0130an Pirt t\u0259rtib\u00e7isi oldu\u011fu \u201cM\u00fcharib\u0259 cinay\u0259tinin Xocal\u0131 \u015fahidi: Erm\u0259nistan m\u00fctt\u0259him k\u00fcrs\u00fcs\u00fcnd\u0259\u201d adl\u0131 kitab\u0131ndan dan\u0131\u015f\u0131b. \u0130an Pirt bildirib ki, kitabda Xocal\u0131 hadis\u0259l\u0259rinin \u015fahidl\u0259ri il\u0259 m\u00fcsahib\u0259l\u0259r, faci\u0259 il\u0259 ba\u011fl\u0131 beyn\u0259lxalq d\u00f6vri m\u0259tbuat\u0131n materiallar\u0131, xarici t\u0259dqiqat\u00e7\u0131lar\u0131n \u015f\u0259rhl\u0259ri, beyn\u0259lxalq t\u0259\u015fkilatlar\u0131n hesabatlar\u0131 v\u0259 \u0259cn\u0259bi fotoqraflar\u0131n \u00e7\u0259kdiyi nadir fotolar yer al\u0131b.<\/p>\n<p>&nbsp;<\/p>\n<p>T\u0259dbird\u0259 i\u015ftirak ed\u0259n, Xocal\u0131 sakini, Az\u0259rbaycan D\u00f6vl\u0259t \u0130qtisad Universitetinin (UNEC) m\u00fc\u0259llimi N\u0259rmin \u0130brahimova da \u00e7\u0131x\u0131\u015f ed\u0259r\u0259k xatir\u0259l\u0259rini b\u00f6l\u00fc\u015f\u00fcb.<\/p>\n<p>&nbsp;<\/p>\n<p>T\u0259dbirin sonunda Xocal\u0131 q\u0131r\u011f\u0131n\u0131ndan s\u00f6z a\u00e7an \u201cSonsuz d\u0259hliz\u201d filmi n\u00fcmayi\u015f etdirilib.<\/p>\n<p>&nbsp;<\/p>\n<div><\/div>\n<\/div>\n<div id=\"accordionExample\" class=\"accordion\"><\/div>\n<div id=\"galleria\" class=\"pt-4\">\n<div class=\"galleria-container notouch galleria-theme-classic\">\n<div class=\"galleria-stage\">\n<div class=\"galleria-images\">\n<div class=\"galleria-image\">\n<div class=\"galleria-layer\"><\/div>\n<\/div>\n<div class=\"galleria-image\"><img loading=\"lazy\" src=\"https:\/\/edu.gov.az\/uploads\/gallery\/2022\/2\/1645613771\/\/02-23.02.22-01.jpg\" width=\"409\" height=\"430\" \/><\/div>\n<\/div>\n<div class=\"galleria-counter\"><\/div>\n<div class=\"galleria-image-nav\">\n<div class=\"galleria-image-nav-right\"><\/div>\n<div class=\"galleria-image-nav-left\"><\/div>\n<\/div>\n<\/div>\n<div class=\"galleria-thumbnails-container galleria-carousel\">\n<div class=\"galleria-thumb-nav-left disabled\"><\/div>\n<div class=\"galleria-thumbnails-list\">\n<div class=\"galleria-thumbnails\">\n<div class=\"galleria-image active\"><img loading=\"lazy\" src=\"https:\/\/edu.gov.az\/uploads\/gallery\/2022\/2\/1645613771\/\/02-23.02.22-01.jpg\" width=\"38\" height=\"40\" \/><\/div>\n<div class=\"galleria-image\"><img loading=\"lazy\" src=\"https:\/\/edu.gov.az\/uploads\/gallery\/2022\/2\/1645613771\/\/02-23.02.22-02.jpg\" width=\"48\" height=\"40\" \/><\/div>\n<div class=\"galleria-image\"><img loading=\"lazy\" src=\"https:\/\/edu.gov.az\/uploads\/gallery\/2022\/2\/1645613771\/\/02-23.02.22-03.jpg\" width=\"60\" height=\"40\" \/><\/div>\n<div class=\"galleria-image\"><img loading=\"lazy\" src=\"https:\/\/edu.gov.az\/uploads\/gallery\/2022\/2\/1645613771\/\/02-23.02.22-04.jpg\" width=\"49\" height=\"40\" \/><\/div>\n<div class=\"galleria-image\"><img loading=\"lazy\" src=\"https:\/\/edu.gov.az\/uploads\/gallery\/2022\/2\/1645613771\/\/02-23.02.22-05.jpg\" width=\"55\" height=\"40\" \/><\/div>\n<div class=\"galleria-image\"><img loading=\"lazy\" src=\"https:\/\/edu.gov.az\/uploads\/gallery\/2022\/2\/1645613771\/\/02-23.02.22-06.jpg\" width=\"69\" height=\"40\" \/><\/div>\n<div class=\"galleria-image\"><img loading=\"lazy\" src=\"https:\/\/edu.gov.az\/uploads\/gallery\/2022\/2\/1645613771\/\/02-23.02.22-07.jpg\" width=\"64\" height=\"40\" \/><\/div>\n<div class=\"galleria-image\"><img loading=\"lazy\" src=\"https:\/\/edu.gov.az\/uploads\/gallery\/2022\/2\/1645613771\/\/02-23.02.22-08.jpg\" width=\"60\" height=\"40\" \/><\/div>\n<div class=\"galleria-image\"><img loading=\"lazy\" src=\"https:\/\/edu.gov.az\/uploads\/gallery\/2022\/2\/1645613771\/\/02-23.02.22-09.jpg\" width=\"72\" height=\"40\" \/><\/div>\n<div class=\"galleria-image\"><img loading=\"lazy\" src=\"https:\/\/edu.gov.az\/uploads\/gallery\/2022\/2\/1645613771\/\/02-23.02.22-010.jpg\" width=\"60\" height=\"40\" \/><\/div>\n<div class=\"galleria-image\"><img loading=\"lazy\" src=\"https:\/\/edu.gov.az\/uploads\/gallery\/2022\/2\/1645613771\/\/02-23.02.22-011.jpg\" width=\"63\" height=\"40\" \/><\/div>\n<div class=\"galleria-image\"><img loading=\"lazy\" src=\"https:\/\/edu.gov.az\/uploads\/gallery\/2022\/2\/1645613771\/\/02-23.02.22-012.jpg\" width=\"60\" height=\"40\" \/><\/div>\n<div class=\"galleria-image\"><img loading=\"lazy\" src=\"https:\/\/edu.gov.az\/uploads\/gallery\/2022\/2\/1645613771\/\/02-23.02.22-013.jpg\" width=\"57\" height=\"40\" \/><\/div>\n<div class=\"galleria-image\"><img loading=\"lazy\" src=\"https:\/\/edu.gov.az\/uploads\/gallery\/2022\/2\/1645613771\/\/02-23.02.22-014.jpg\" width=\"60\" height=\"40\" \/><\/div>\n<div class=\"galleria-image\"><img loading=\"lazy\" src=\"https:\/\/edu.gov.az\/uploads\/gallery\/2022\/2\/1645613771\/\/02-23.02.22-015.jpg\" width=\"55\" height=\"40\" \/><\/div>\n<div class=\"galleria-image\"><img loading=\"lazy\" src=\"https:\/\/edu.gov.az\/uploads\/gallery\/2022\/2\/1645613771\/\/02-23.02.22-016.jpg\" width=\"60\" height=\"40\" \/><\/div>\n<\/div>\n<\/div>\n<div class=\"galleria-thumb-nav-right\"><\/div>\n<\/div>\n<div class=\"galleria-info\">\n<div class=\"galleria-info-link\"><\/div>\n<\/div>\n<div class=\"galleria-tooltip\"><\/div>\n<\/div>\n<\/div>\n<h4 id=\"post_date\" class=\"title mt-2\"><\/h4>\n","protected":false},"excerpt":{"rendered":"<p>Fevral\u0131n 23-d\u0259 Xocal\u0131 \u015f\u0259h\u0259r 2 n\u00f6mr\u0259li tam orta m\u0259kt\u0259bd\u0259 Xocal\u0131 soyq\u0131r\u0131m\u0131n\u0131n 30-cu ild\u00f6n\u00fcm\u00fc il\u0259 \u0259laq\u0259dar t\u0259dbir ke\u00e7irilib. &nbsp; T\u0259dbird\u0259 t\u0259hsil nazirinin m\u00fcavini Firudin Qurbanov, mill\u0259t v\u0259kili, tarix elml\u0259ri doktoru Anar \u0130sg\u0259nd\u0259rov, B\u00f6y\u00fck Britaniya \u0259silli yaz\u0131\u00e7\u0131, ara\u015fd\u0131rma\u00e7\u0131 jurnalist \u0130an Pirt, Az\u0259rbaycan\u0131n Milli Q\u0259hr\u0259man\u0131 Polad\u00a0\u00a0H\u0259\u015fimovun h\u0259yat yolda\u015f\u0131 Ofeliya H\u0259\u015fimova, \u201cQanun&#8221; n\u0259\u015friyyat\u0131n\u0131n direktoru \u015eahbaz Xuduo\u011flu, \u00f6lk\u0259mizd\u0259 t\u0259hsil alan \u0259cn\u0259bi t\u0259l\u0259b\u0259l\u0259r v\u0259 K\u0130V n\u00fcmay\u0259nd\u0259l\u0259ri i\u015ftirak edibl\u0259r. &nbsp; T\u0259dbird\u0259n \u0259vv\u0259l s\u00f6z\u00fcged\u0259n m\u0259kt\u0259bin h\u0259y\u0259tind\u0259 44 g\u00fcnl\u00fck V\u0259t\u0259n m\u00fcharib\u0259sinin \u015f\u0259r\u0259fin\u0259 44 a\u011fac \u0259kilib. &nbsp; T\u0259dbir Az\u0259rbaycan Respublikas\u0131n\u0131n D\u00f6vl\u0259t Himninin s\u0259sl\u0259ndirilm\u0259si il\u0259 ba\u015flay\u0131b. Daha sonra Az\u0259rbaycan\u0131n \u0259razi b\u00fct\u00f6vl\u00fcy\u00fc&hellip;<\/p>\n","protected":false},"author":2,"featured_media":443165,"comment_status":"closed","ping_status":"closed","sticky":false,"template":"","format":"standard","meta":{"om_disable_all_campaigns":false,"_monsterinsights_skip_tracking":false,"_monsterinsights_sitenote_active":false,"_monsterinsights_sitenote_note":"","_monsterinsights_sitenote_category":0},"categories":[23],"tags":[],"aioseo_notices":[],"gutentor_comment":0,"rttpg_featured_image_url":{"full":["https:\/\/arantv.az\/wp-content\/uploads\/2022\/02\/02-23.02.22-07.jpg",2000,1253,false],"landscape":["https:\/\/arantv.az\/wp-content\/uploads\/2022\/02\/02-23.02.22-07.jpg",2000,1253,false],"portraits":["https:\/\/arantv.az\/wp-content\/uploads\/2022\/02\/02-23.02.22-07.jpg",2000,1253,false],"thumbnail":["https:\/\/arantv.az\/wp-content\/uploads\/2022\/02\/02-23.02.22-07-500x280.jpg",500,280,true],"medium":["https:\/\/arantv.az\/wp-content\/uploads\/2022\/02\/02-23.02.22-07-583x365.jpg",583,365,true],"large":["https:\/\/arantv.az\/wp-content\/uploads\/2022\/02\/02-23.02.22-07-840x526.jpg",640,401,true],"1536x1536":["https:\/\/arantv.az\/wp-content\/uploads\/2022\/02\/02-23.02.22-07-1536x962.jpg",1536,962,true],"2048x2048":["https:\/\/arantv.az\/wp-content\/uploads\/2022\/02\/02-23.02.22-07.jpg",2000,1253,false],"post-thumbnail":["https:\/\/arantv.az\/wp-content\/uploads\/2022\/02\/02-23.02.22-07-240x172.jpg",240,172,true],"advps-thumb-one":["https:\/\/arantv.az\/wp-content\/uploads\/2022\/02\/02-23.02.22-07-1200x620.jpg",1200,620,true]},"rttpg_author":{"display_name":"V\u00fcsal Rafiqo\u011flu","author_link":"https:\/\/arantv.az\/?author=2"},"rttpg_comment":0,"rttpg_category":"<a href=\"https:\/\/arantv.az\/?cat=23\" rel=\"category\">T\u0259hsil<\/a>","rttpg_excerpt":"Fevral\u0131n 23-d\u0259 Xocal\u0131 \u015f\u0259h\u0259r 2 n\u00f6mr\u0259li tam orta m\u0259kt\u0259bd\u0259 Xocal\u0131 soyq\u0131r\u0131m\u0131n\u0131n 30-cu ild\u00f6n\u00fcm\u00fc il\u0259 \u0259laq\u0259dar t\u0259dbir ke\u00e7irilib. &nbsp; T\u0259dbird\u0259 t\u0259hsil nazirinin m\u00fcavini Firudin Qurbanov, mill\u0259t v\u0259kili, tarix elml\u0259ri doktoru Anar \u0130sg\u0259nd\u0259rov, B\u00f6y\u00fck Britaniya \u0259silli yaz\u0131\u00e7\u0131, ara\u015fd\u0131rma\u00e7\u0131 jurnalist \u0130an Pirt, Az\u0259rbaycan\u0131n Milli Q\u0259hr\u0259man\u0131 Polad\u00a0\u00a0H\u0259\u015fimovun h\u0259yat yolda\u015f\u0131 Ofeliya H\u0259\u015fimova, \u201cQanun&#8221; n\u0259\u015friyyat\u0131n\u0131n direktoru \u015eahbaz Xuduo\u011flu, \u00f6lk\u0259mizd\u0259 t\u0259hsil alan&hellip;","_links":{"self":[{"href":"https:\/\/arantv.az\/index.php?rest_route=\/wp\/v2\/posts\/443163"}],"collection":[{"href":"https:\/\/arantv.az\/index.php?rest_route=\/wp\/v2\/posts"}],"about":[{"href":"https:\/\/arantv.az\/index.php?rest_route=\/wp\/v2\/types\/post"}],"author":[{"embeddable":true,"href":"https:\/\/arantv.az\/index.php?rest_route=\/wp\/v2\/users\/2"}],"replies":[{"embeddable":true,"href":"https:\/\/arantv.az\/index.php?rest_route=%2Fwp%2Fv2%2Fcomments&post=443163"}],"version-history":[{"count":0,"href":"https:\/\/arantv.az\/index.php?rest_route=\/wp\/v2\/posts\/443163\/revisions"}],"wp:featuredmedia":[{"embeddable":true,"href":"https:\/\/arantv.az\/index.php?rest_route=\/wp\/v2\/media\/443165"}],"wp:attachment":[{"href":"https:\/\/arantv.az\/index.php?rest_route=%2Fwp%2Fv2%2Fmedia&parent=443163"}],"wp:term":[{"taxonomy":"category","embeddable":true,"href":"https:\/\/arantv.az\/index.php?rest_route=%2Fwp%2Fv2%2Fcategories&post=443163"},{"taxonomy":"post_tag","embeddable":true,"href":"https:\/\/arantv.az\/index.php?rest_route=%2Fwp%2Fv2%2Ftags&post=443163"}],"curies":[{"name":"wp","href":"https:\/\/api.w.org\/{rel}","templated":true}]}}