{"id":443171,"date":"2022-02-23T21:10:53","date_gmt":"2022-02-23T18:10:53","guid":{"rendered":"http:\/\/arantv.az\/?p=443171"},"modified":"2022-02-23T21:10:53","modified_gmt":"2022-02-23T18:10:53","slug":"ai-ukraynaya-dair-fovq%c9%99lad%c9%99-sammit-kecir%c9%99c%c9%99k","status":"publish","type":"post","link":"https:\/\/arantv.az\/?p=443171","title":{"rendered":"A\u0130 Ukraynaya dair f\u00f6vq\u0259lad\u0259 sammit ke\u00e7ir\u0259c\u0259k"},"content":{"rendered":"<p>Fevral\u0131n 24-d\u0259 Br\u00fcsseld\u0259 Avropa \u0130ttifaq\u0131n\u0131n d\u00f6vl\u0259t v\u0259 h\u00f6kum\u0259t ba\u015f\u00e7\u0131lar\u0131n\u0131n f\u00f6vq\u0259lad\u0259 sammiti ke\u00e7iril\u0259c\u0259k.<\/p>\n<p>Bu bar\u0259d\u0259 \u00e7\u0259r\u015f\u0259nb\u0259 g\u00fcn\u00fc Avropa \u0130ttifaq\u0131 \u015euras\u0131n\u0131n prezidenti \u015earl Mi\u015felin \u0130ttifaq\u0131n 27 \u00f6lk\u0259sinin liderin\u0259 \u00fcnvanlad\u0131\u011f\u0131 m\u0259ktubda deyilir.<\/p>\n<p>\u201cRusiya Federasiyas\u0131n\u0131n t\u0259cav\u00fczkar h\u0259r\u0259k\u0259tl\u0259ri beyn\u0259lxalq h\u00fcququ, Ukraynan\u0131n \u0259razi b\u00fct\u00f6vl\u00fcy\u00fcn\u00fc v\u0259 suverenliyini pozur. Onlar h\u0259m d\u0259 Avropan\u0131n t\u0259hl\u00fck\u0259sizlik nizam\u0131n\u0131 t\u0259hdid edir. Vahid v\u0259 q\u0259tiyy\u0259tli qalma\u011f\u0131m\u0131z, kollektiv yana\u015fma v\u0259 f\u0259aliyy\u0259timizi birg\u0259 m\u00fc\u0259yy\u0259n etm\u0259yimiz vacibdir. Ona g\u00f6r\u0259 d\u0259 m\u0259n Sizi fevral\u0131n 24-d\u0259 Br\u00fcsseld\u0259 ke\u00e7iril\u0259c\u0259k v\u0259 saat 20:00-da (Bak\u0131 vaxt\u0131 il\u0259 23:00) ba\u015flayacaq Avropa \u015euras\u0131n\u0131n x\u00fcsusi iclas\u0131na d\u0259v\u0259t etm\u0259k ist\u0259rdim\u201d, &#8211; dey\u0259 m\u0259ktubda bildirilib.<\/p>\n<p>M\u0259nb\u0259: TASS<\/p>\n","protected":false},"excerpt":{"rendered":"<p>Fevral\u0131n 24-d\u0259 Br\u00fcsseld\u0259 Avropa \u0130ttifaq\u0131n\u0131n d\u00f6vl\u0259t v\u0259 h\u00f6kum\u0259t ba\u015f\u00e7\u0131lar\u0131n\u0131n f\u00f6vq\u0259lad\u0259 sammiti ke\u00e7iril\u0259c\u0259k. Bu bar\u0259d\u0259 \u00e7\u0259r\u015f\u0259nb\u0259 g\u00fcn\u00fc Avropa \u0130ttifaq\u0131 \u015euras\u0131n\u0131n prezidenti \u015earl Mi\u015felin \u0130ttifaq\u0131n 27 \u00f6lk\u0259sinin liderin\u0259 \u00fcnvanlad\u0131\u011f\u0131 m\u0259ktubda deyilir. \u201cRusiya Federasiyas\u0131n\u0131n t\u0259cav\u00fczkar h\u0259r\u0259k\u0259tl\u0259ri beyn\u0259lxalq h\u00fcququ, Ukraynan\u0131n \u0259razi b\u00fct\u00f6vl\u00fcy\u00fcn\u00fc v\u0259 suverenliyini pozur. Onlar h\u0259m d\u0259 Avropan\u0131n t\u0259hl\u00fck\u0259sizlik nizam\u0131n\u0131 t\u0259hdid edir. Vahid v\u0259 q\u0259tiyy\u0259tli qalma\u011f\u0131m\u0131z, kollektiv yana\u015fma v\u0259 f\u0259aliyy\u0259timizi birg\u0259 m\u00fc\u0259yy\u0259n etm\u0259yimiz vacibdir. Ona g\u00f6r\u0259 d\u0259 m\u0259n Sizi fevral\u0131n 24-d\u0259 Br\u00fcsseld\u0259 ke\u00e7iril\u0259c\u0259k v\u0259 saat 20:00-da (Bak\u0131 vaxt\u0131 il\u0259 23:00) ba\u015flayacaq Avropa \u015euras\u0131n\u0131n x\u00fcsusi iclas\u0131na d\u0259v\u0259t etm\u0259k ist\u0259rdim\u201d, &#8211; dey\u0259 m\u0259ktubda bildirilib. M\u0259nb\u0259:&hellip;<\/p>\n","protected":false},"author":2,"featured_media":443172,"comment_status":"closed","ping_status":"closed","sticky":false,"template":"","format":"standard","meta":{"om_disable_all_campaigns":false,"_monsterinsights_skip_tracking":false,"_monsterinsights_sitenote_active":false,"_monsterinsights_sitenote_note":"","_monsterinsights_sitenote_category":0},"categories":[7],"tags":[],"aioseo_notices":[],"gutentor_comment":0,"rttpg_featured_image_url":{"full":["https:\/\/arantv.az\/wp-content\/uploads\/2022\/02\/ee.jpg",620,413,false],"landscape":["https:\/\/arantv.az\/wp-content\/uploads\/2022\/02\/ee.jpg",620,413,false],"portraits":["https:\/\/arantv.az\/wp-content\/uploads\/2022\/02\/ee.jpg",620,413,false],"thumbnail":["https:\/\/arantv.az\/wp-content\/uploads\/2022\/02\/ee-500x280.jpg",500,280,true],"medium":["https:\/\/arantv.az\/wp-content\/uploads\/2022\/02\/ee-548x365.jpg",548,365,true],"large":["https:\/\/arantv.az\/wp-content\/uploads\/2022\/02\/ee.jpg",620,413,false],"1536x1536":["https:\/\/arantv.az\/wp-content\/uploads\/2022\/02\/ee.jpg",620,413,false],"2048x2048":["https:\/\/arantv.az\/wp-content\/uploads\/2022\/02\/ee.jpg",620,413,false],"post-thumbnail":["https:\/\/arantv.az\/wp-content\/uploads\/2022\/02\/ee-240x172.jpg",240,172,true],"advps-thumb-one":["https:\/\/arantv.az\/wp-content\/uploads\/2022\/02\/ee.jpg",620,413,false]},"rttpg_author":{"display_name":"V\u00fcsal Rafiqo\u011flu","author_link":"https:\/\/arantv.az\/?author=2"},"rttpg_comment":0,"rttpg_category":"<a href=\"https:\/\/arantv.az\/?cat=7\" rel=\"category\">D\u00fcnya<\/a>","rttpg_excerpt":"Fevral\u0131n 24-d\u0259 Br\u00fcsseld\u0259 Avropa \u0130ttifaq\u0131n\u0131n d\u00f6vl\u0259t v\u0259 h\u00f6kum\u0259t ba\u015f\u00e7\u0131lar\u0131n\u0131n f\u00f6vq\u0259lad\u0259 sammiti ke\u00e7iril\u0259c\u0259k. Bu bar\u0259d\u0259 \u00e7\u0259r\u015f\u0259nb\u0259 g\u00fcn\u00fc Avropa \u0130ttifaq\u0131 \u015euras\u0131n\u0131n prezidenti \u015earl Mi\u015felin \u0130ttifaq\u0131n 27 \u00f6lk\u0259sinin liderin\u0259 \u00fcnvanlad\u0131\u011f\u0131 m\u0259ktubda deyilir. \u201cRusiya Federasiyas\u0131n\u0131n t\u0259cav\u00fczkar h\u0259r\u0259k\u0259tl\u0259ri beyn\u0259lxalq h\u00fcququ, Ukraynan\u0131n \u0259razi b\u00fct\u00f6vl\u00fcy\u00fcn\u00fc v\u0259 suverenliyini pozur. Onlar h\u0259m d\u0259 Avropan\u0131n t\u0259hl\u00fck\u0259sizlik nizam\u0131n\u0131 t\u0259hdid edir. Vahid v\u0259 q\u0259tiyy\u0259tli qalma\u011f\u0131m\u0131z, kollektiv yana\u015fma&hellip;","_links":{"self":[{"href":"https:\/\/arantv.az\/index.php?rest_route=\/wp\/v2\/posts\/443171"}],"collection":[{"href":"https:\/\/arantv.az\/index.php?rest_route=\/wp\/v2\/posts"}],"about":[{"href":"https:\/\/arantv.az\/index.php?rest_route=\/wp\/v2\/types\/post"}],"author":[{"embeddable":true,"href":"https:\/\/arantv.az\/index.php?rest_route=\/wp\/v2\/users\/2"}],"replies":[{"embeddable":true,"href":"https:\/\/arantv.az\/index.php?rest_route=%2Fwp%2Fv2%2Fcomments&post=443171"}],"version-history":[{"count":0,"href":"https:\/\/arantv.az\/index.php?rest_route=\/wp\/v2\/posts\/443171\/revisions"}],"wp:featuredmedia":[{"embeddable":true,"href":"https:\/\/arantv.az\/index.php?rest_route=\/wp\/v2\/media\/443172"}],"wp:attachment":[{"href":"https:\/\/arantv.az\/index.php?rest_route=%2Fwp%2Fv2%2Fmedia&parent=443171"}],"wp:term":[{"taxonomy":"category","embeddable":true,"href":"https:\/\/arantv.az\/index.php?rest_route=%2Fwp%2Fv2%2Fcategories&post=443171"},{"taxonomy":"post_tag","embeddable":true,"href":"https:\/\/arantv.az\/index.php?rest_route=%2Fwp%2Fv2%2Ftags&post=443171"}],"curies":[{"name":"wp","href":"https:\/\/api.w.org\/{rel}","templated":true}]}}