{"id":443174,"date":"2022-02-23T21:11:48","date_gmt":"2022-02-23T18:11:48","guid":{"rendered":"http:\/\/arantv.az\/?p=443174"},"modified":"2022-02-23T21:11:48","modified_gmt":"2022-02-23T18:11:48","slug":"anadang%c9%99lm%c9%99-%c9%99lilin-pensiyasi-niy%c9%99-k%c9%99silib-video","status":"publish","type":"post","link":"https:\/\/arantv.az\/?p=443174","title":{"rendered":"Anadang\u0259lm\u0259 \u0259lilin pensiyas\u0131 niy\u0259 k\u0259silib ? \u2013 V\u0130DEO"},"content":{"rendered":"<article class=\"news\">\n<div class=\"news-inner\">\n<p>G\u0259nc\u0259 \u015f\u0259h\u0259r sakini 1965-ci il t\u0259v\u0259ll\u00fcdl\u00fc Abbas H\u00fcseynov \u0259lillik d\u0259r\u0259c\u0259si \u00fc\u00e7\u00fcn ona k\u0259sil\u0259n pensiyan\u0131n dayand\u0131r\u0131lmas\u0131ndan \u015fikay\u0259t edir.<\/p>\n<p>O deyir ki, b\u0259d\u0259nind\u0259 anadang\u0259lm\u0259 kifoskolyaz x\u0259st\u0259liyind\u0259n \u0259ziyy\u0259t \u00e7\u0259kir. H\u0259tta x\u0259st\u0259lik s\u0259b\u0259bind\u0259n sovet d\u00f6vr\u00fcnd\u0259 h\u0259rbi xidm\u0259t\u0259 yarars\u0131z oldu\u011fu \u00fc\u00e7\u00fcn orduya apar\u0131lmay\u0131b.<\/p>\n<div class=\"AdviadNativeVideo\"><\/div>\n<p>2000-ci ild\u0259n 2021-ci ilin iyun ay\u0131na q\u0259d\u0259r is\u0259 \u0259lillik d\u0259r\u0259c\u0259sin\u0259 g\u00f6r\u0259 pensiya al\u0131b.<\/p>\n<p>Abbas H\u00fcseynovun s\u00f6zl\u0259rin\u0259 g\u00f6r\u0259, ona ilk olaraq \u00fc\u00e7\u00fcnc\u00fc qrup \u00f6m\u00fcrl\u00fck pensiya t\u0259yin edilib, lakin ke\u00e7\u0259n zaman k\u0259siyind\u0259 s\u0259hh\u0259ti k\u0259skin a\u011f\u0131rla\u015fd\u0131\u011f\u0131ndan pensiya t\u0259yinat\u0131 5 illik olmaqla ikinci qrupa d\u0259yi\u015fdirilib.<\/p>\n<p>Daha \u0259trafl\u0131 Baku TV-nin s\u00fcjetind\u0259:<\/p>\n<p><iframe loading=\"lazy\" title=\"YouTube video player\" src=\"https:\/\/www.youtube.com\/embed\/Mw7ZOFT2mQs\" width=\"560\" height=\"315\" frameborder=\"0\" allowfullscreen=\"allowfullscreen\" data-mce-fragment=\"1\"><\/iframe><\/p>\n<\/div>\n<\/article>\n","protected":false},"excerpt":{"rendered":"<p>G\u0259nc\u0259 \u015f\u0259h\u0259r sakini 1965-ci il t\u0259v\u0259ll\u00fcdl\u00fc Abbas H\u00fcseynov \u0259lillik d\u0259r\u0259c\u0259si \u00fc\u00e7\u00fcn ona k\u0259sil\u0259n pensiyan\u0131n dayand\u0131r\u0131lmas\u0131ndan \u015fikay\u0259t edir. O deyir ki, b\u0259d\u0259nind\u0259 anadang\u0259lm\u0259 kifoskolyaz x\u0259st\u0259liyind\u0259n \u0259ziyy\u0259t \u00e7\u0259kir. H\u0259tta x\u0259st\u0259lik s\u0259b\u0259bind\u0259n sovet d\u00f6vr\u00fcnd\u0259 h\u0259rbi xidm\u0259t\u0259 yarars\u0131z oldu\u011fu \u00fc\u00e7\u00fcn orduya apar\u0131lmay\u0131b. 2000-ci ild\u0259n 2021-ci ilin iyun ay\u0131na q\u0259d\u0259r is\u0259 \u0259lillik d\u0259r\u0259c\u0259sin\u0259 g\u00f6r\u0259 pensiya al\u0131b. Abbas H\u00fcseynovun s\u00f6zl\u0259rin\u0259 g\u00f6r\u0259, ona ilk olaraq \u00fc\u00e7\u00fcnc\u00fc qrup \u00f6m\u00fcrl\u00fck pensiya t\u0259yin edilib, lakin ke\u00e7\u0259n zaman k\u0259siyind\u0259 s\u0259hh\u0259ti k\u0259skin a\u011f\u0131rla\u015fd\u0131\u011f\u0131ndan pensiya t\u0259yinat\u0131 5 illik olmaqla ikinci qrupa d\u0259yi\u015fdirilib. Daha \u0259trafl\u0131 Baku TV-nin s\u00fcjetind\u0259:<\/p>\n","protected":false},"author":2,"featured_media":443175,"comment_status":"closed","ping_status":"closed","sticky":false,"template":"","format":"standard","meta":{"om_disable_all_campaigns":false,"_monsterinsights_skip_tracking":false,"_monsterinsights_sitenote_active":false,"_monsterinsights_sitenote_note":"","_monsterinsights_sitenote_category":0},"categories":[1],"tags":[],"aioseo_notices":[],"gutentor_comment":0,"rttpg_featured_image_url":{"full":["https:\/\/arantv.az\/wp-content\/uploads\/2022\/02\/FotoJet-53-1.jpg",620,413,false],"landscape":["https:\/\/arantv.az\/wp-content\/uploads\/2022\/02\/FotoJet-53-1.jpg",620,413,false],"portraits":["https:\/\/arantv.az\/wp-content\/uploads\/2022\/02\/FotoJet-53-1.jpg",620,413,false],"thumbnail":["https:\/\/arantv.az\/wp-content\/uploads\/2022\/02\/FotoJet-53-1-500x280.jpg",500,280,true],"medium":["https:\/\/arantv.az\/wp-content\/uploads\/2022\/02\/FotoJet-53-1-548x365.jpg",548,365,true],"large":["https:\/\/arantv.az\/wp-content\/uploads\/2022\/02\/FotoJet-53-1.jpg",620,413,false],"1536x1536":["https:\/\/arantv.az\/wp-content\/uploads\/2022\/02\/FotoJet-53-1.jpg",620,413,false],"2048x2048":["https:\/\/arantv.az\/wp-content\/uploads\/2022\/02\/FotoJet-53-1.jpg",620,413,false],"post-thumbnail":["https:\/\/arantv.az\/wp-content\/uploads\/2022\/02\/FotoJet-53-1-240x172.jpg",240,172,true],"advps-thumb-one":["https:\/\/arantv.az\/wp-content\/uploads\/2022\/02\/FotoJet-53-1.jpg",620,413,false]},"rttpg_author":{"display_name":"V\u00fcsal Rafiqo\u011flu","author_link":"https:\/\/arantv.az\/?author=2"},"rttpg_comment":0,"rttpg_category":"<a href=\"https:\/\/arantv.az\/?cat=1\" rel=\"category\">C\u0259miyy\u0259t<\/a>","rttpg_excerpt":"G\u0259nc\u0259 \u015f\u0259h\u0259r sakini 1965-ci il t\u0259v\u0259ll\u00fcdl\u00fc Abbas H\u00fcseynov \u0259lillik d\u0259r\u0259c\u0259si \u00fc\u00e7\u00fcn ona k\u0259sil\u0259n pensiyan\u0131n dayand\u0131r\u0131lmas\u0131ndan \u015fikay\u0259t edir. O deyir ki, b\u0259d\u0259nind\u0259 anadang\u0259lm\u0259 kifoskolyaz x\u0259st\u0259liyind\u0259n \u0259ziyy\u0259t \u00e7\u0259kir. H\u0259tta x\u0259st\u0259lik s\u0259b\u0259bind\u0259n sovet d\u00f6vr\u00fcnd\u0259 h\u0259rbi xidm\u0259t\u0259 yarars\u0131z oldu\u011fu \u00fc\u00e7\u00fcn orduya apar\u0131lmay\u0131b. 2000-ci ild\u0259n 2021-ci ilin iyun ay\u0131na q\u0259d\u0259r is\u0259 \u0259lillik d\u0259r\u0259c\u0259sin\u0259 g\u00f6r\u0259 pensiya al\u0131b. Abbas H\u00fcseynovun s\u00f6zl\u0259rin\u0259 g\u00f6r\u0259,&hellip;","_links":{"self":[{"href":"https:\/\/arantv.az\/index.php?rest_route=\/wp\/v2\/posts\/443174"}],"collection":[{"href":"https:\/\/arantv.az\/index.php?rest_route=\/wp\/v2\/posts"}],"about":[{"href":"https:\/\/arantv.az\/index.php?rest_route=\/wp\/v2\/types\/post"}],"author":[{"embeddable":true,"href":"https:\/\/arantv.az\/index.php?rest_route=\/wp\/v2\/users\/2"}],"replies":[{"embeddable":true,"href":"https:\/\/arantv.az\/index.php?rest_route=%2Fwp%2Fv2%2Fcomments&post=443174"}],"version-history":[{"count":0,"href":"https:\/\/arantv.az\/index.php?rest_route=\/wp\/v2\/posts\/443174\/revisions"}],"wp:featuredmedia":[{"embeddable":true,"href":"https:\/\/arantv.az\/index.php?rest_route=\/wp\/v2\/media\/443175"}],"wp:attachment":[{"href":"https:\/\/arantv.az\/index.php?rest_route=%2Fwp%2Fv2%2Fmedia&parent=443174"}],"wp:term":[{"taxonomy":"category","embeddable":true,"href":"https:\/\/arantv.az\/index.php?rest_route=%2Fwp%2Fv2%2Fcategories&post=443174"},{"taxonomy":"post_tag","embeddable":true,"href":"https:\/\/arantv.az\/index.php?rest_route=%2Fwp%2Fv2%2Ftags&post=443174"}],"curies":[{"name":"wp","href":"https:\/\/api.w.org\/{rel}","templated":true}]}}