{"id":443180,"date":"2022-02-24T07:05:32","date_gmt":"2022-02-24T04:05:32","guid":{"rendered":"http:\/\/arantv.az\/?p=443180"},"modified":"2022-02-24T07:05:32","modified_gmt":"2022-02-24T04:05:32","slug":"cnn-kiyevd%c9%99n-partlayis-s%c9%99sl%c9%99ri-esidilir","status":"publish","type":"post","link":"https:\/\/arantv.az\/?p=443180","title":{"rendered":"CNN: \u201cKiyevd\u0259n partlay\u0131\u015f s\u0259sl\u0259ri e\u015fidilir\u201d"},"content":{"rendered":"<p>Ukraynan\u0131n Kiyev \u015f\u0259h\u0259rind\u0259n partlay\u0131\u015f s\u0259sl\u0259ri e\u015fidilir.<\/p>\n<p>Bunu CNN-in Kiyevd\u0259 olan m\u00fcxbiri Sara Reyinsford \u201cTwitter\u201d hesab\u0131nda yaz\u0131b:<\/p>\n<div class=\"AdviadNativeVideo\"><\/div>\n<p>\u201cKiyev \u015f\u0259h\u0259rind\u0259 silsil\u0259 partlay\u0131\u015flar e\u015fidilir\u201d.<\/p>\n<p>Eyni zamanda, CNN telekanal\u0131n\u0131n dig\u0259r m\u00fcxbiri Metyu \u00c7ens Ukraynan\u0131n paytaxt\u0131 Kiyevd\u0259n canl\u0131 yay\u0131m zaman\u0131 bir ne\u00e7\u0259 partlay\u0131\u015f s\u0259si e\u015fitdiyini bildirib.<\/p>\n<p>At\u0259\u015f a\u00e7\u0131lmas\u0131 \u015f\u0259h\u0259rin m\u0259rk\u0259zind\u0259ki M\u00fcq\u0259dd\u0259s Mixail kils\u0259si yax\u0131nl\u0131\u011f\u0131ndan verili\u015f aparan jurnalistin i\u015fini yar\u0131m\u00e7\u0131q qoyub.<\/p>\n<p>\u00c7ens v\u0259 operatoru zirehli g\u00f6d\u0259kc\u0259 v\u0259 d\u0259bilq\u0259 geyinibl\u0259r.<\/p>\n<p>Jurnalistin s\u00f6zl\u0259rin\u0259 g\u00f6r\u0259, o, uzaqdan yeddi-s\u0259kkiz partlay\u0131\u015f s\u0259si e\u015fidib.<\/p>\n<p>Onun h\u0259mkar\u0131 Klarissa Vard Xarkovdan canl\u0131 yay\u0131mda x\u0259b\u0259r verib ki, o, uzaqdan gurultu e\u015fidib.<\/p>\n<p>M\u0259nb\u0259: R\u0130A Novosti<\/p>\n","protected":false},"excerpt":{"rendered":"<p>Ukraynan\u0131n Kiyev \u015f\u0259h\u0259rind\u0259n partlay\u0131\u015f s\u0259sl\u0259ri e\u015fidilir. Bunu CNN-in Kiyevd\u0259 olan m\u00fcxbiri Sara Reyinsford \u201cTwitter\u201d hesab\u0131nda yaz\u0131b: \u201cKiyev \u015f\u0259h\u0259rind\u0259 silsil\u0259 partlay\u0131\u015flar e\u015fidilir\u201d. Eyni zamanda, CNN telekanal\u0131n\u0131n dig\u0259r m\u00fcxbiri Metyu \u00c7ens Ukraynan\u0131n paytaxt\u0131 Kiyevd\u0259n canl\u0131 yay\u0131m zaman\u0131 bir ne\u00e7\u0259 partlay\u0131\u015f s\u0259si e\u015fitdiyini bildirib. At\u0259\u015f a\u00e7\u0131lmas\u0131 \u015f\u0259h\u0259rin m\u0259rk\u0259zind\u0259ki M\u00fcq\u0259dd\u0259s Mixail kils\u0259si yax\u0131nl\u0131\u011f\u0131ndan verili\u015f aparan jurnalistin i\u015fini yar\u0131m\u00e7\u0131q qoyub. \u00c7ens v\u0259 operatoru zirehli g\u00f6d\u0259kc\u0259 v\u0259 d\u0259bilq\u0259 geyinibl\u0259r. Jurnalistin s\u00f6zl\u0259rin\u0259 g\u00f6r\u0259, o, uzaqdan yeddi-s\u0259kkiz partlay\u0131\u015f s\u0259si e\u015fidib. Onun h\u0259mkar\u0131 Klarissa Vard Xarkovdan canl\u0131 yay\u0131mda x\u0259b\u0259r verib ki, o, uzaqdan gurultu e\u015fidib. M\u0259nb\u0259: R\u0130A Novosti<\/p>\n","protected":false},"author":2,"featured_media":443181,"comment_status":"closed","ping_status":"closed","sticky":false,"template":"","format":"standard","meta":{"om_disable_all_campaigns":false,"_monsterinsights_skip_tracking":false,"_monsterinsights_sitenote_active":false,"_monsterinsights_sitenote_note":"","_monsterinsights_sitenote_category":0},"categories":[7],"tags":[],"aioseo_notices":[],"gutentor_comment":0,"rttpg_featured_image_url":{"full":["https:\/\/arantv.az\/wp-content\/uploads\/2022\/02\/FotoJet-3-8.jpg",620,416,false],"landscape":["https:\/\/arantv.az\/wp-content\/uploads\/2022\/02\/FotoJet-3-8.jpg",620,416,false],"portraits":["https:\/\/arantv.az\/wp-content\/uploads\/2022\/02\/FotoJet-3-8.jpg",620,416,false],"thumbnail":["https:\/\/arantv.az\/wp-content\/uploads\/2022\/02\/FotoJet-3-8-500x280.jpg",500,280,true],"medium":["https:\/\/arantv.az\/wp-content\/uploads\/2022\/02\/FotoJet-3-8-544x365.jpg",544,365,true],"large":["https:\/\/arantv.az\/wp-content\/uploads\/2022\/02\/FotoJet-3-8.jpg",620,416,false],"1536x1536":["https:\/\/arantv.az\/wp-content\/uploads\/2022\/02\/FotoJet-3-8.jpg",620,416,false],"2048x2048":["https:\/\/arantv.az\/wp-content\/uploads\/2022\/02\/FotoJet-3-8.jpg",620,416,false],"post-thumbnail":["https:\/\/arantv.az\/wp-content\/uploads\/2022\/02\/FotoJet-3-8-240x172.jpg",240,172,true],"advps-thumb-one":["https:\/\/arantv.az\/wp-content\/uploads\/2022\/02\/FotoJet-3-8.jpg",620,416,false]},"rttpg_author":{"display_name":"V\u00fcsal Rafiqo\u011flu","author_link":"https:\/\/arantv.az\/?author=2"},"rttpg_comment":0,"rttpg_category":"<a href=\"https:\/\/arantv.az\/?cat=7\" rel=\"category\">D\u00fcnya<\/a>","rttpg_excerpt":"Ukraynan\u0131n Kiyev \u015f\u0259h\u0259rind\u0259n partlay\u0131\u015f s\u0259sl\u0259ri e\u015fidilir. Bunu CNN-in Kiyevd\u0259 olan m\u00fcxbiri Sara Reyinsford \u201cTwitter\u201d hesab\u0131nda yaz\u0131b: \u201cKiyev \u015f\u0259h\u0259rind\u0259 silsil\u0259 partlay\u0131\u015flar e\u015fidilir\u201d. Eyni zamanda, CNN telekanal\u0131n\u0131n dig\u0259r m\u00fcxbiri Metyu \u00c7ens Ukraynan\u0131n paytaxt\u0131 Kiyevd\u0259n canl\u0131 yay\u0131m zaman\u0131 bir ne\u00e7\u0259 partlay\u0131\u015f s\u0259si e\u015fitdiyini bildirib. At\u0259\u015f a\u00e7\u0131lmas\u0131 \u015f\u0259h\u0259rin m\u0259rk\u0259zind\u0259ki M\u00fcq\u0259dd\u0259s Mixail kils\u0259si yax\u0131nl\u0131\u011f\u0131ndan verili\u015f aparan jurnalistin i\u015fini yar\u0131m\u00e7\u0131q qoyub.&hellip;","_links":{"self":[{"href":"https:\/\/arantv.az\/index.php?rest_route=\/wp\/v2\/posts\/443180"}],"collection":[{"href":"https:\/\/arantv.az\/index.php?rest_route=\/wp\/v2\/posts"}],"about":[{"href":"https:\/\/arantv.az\/index.php?rest_route=\/wp\/v2\/types\/post"}],"author":[{"embeddable":true,"href":"https:\/\/arantv.az\/index.php?rest_route=\/wp\/v2\/users\/2"}],"replies":[{"embeddable":true,"href":"https:\/\/arantv.az\/index.php?rest_route=%2Fwp%2Fv2%2Fcomments&post=443180"}],"version-history":[{"count":0,"href":"https:\/\/arantv.az\/index.php?rest_route=\/wp\/v2\/posts\/443180\/revisions"}],"wp:featuredmedia":[{"embeddable":true,"href":"https:\/\/arantv.az\/index.php?rest_route=\/wp\/v2\/media\/443181"}],"wp:attachment":[{"href":"https:\/\/arantv.az\/index.php?rest_route=%2Fwp%2Fv2%2Fmedia&parent=443180"}],"wp:term":[{"taxonomy":"category","embeddable":true,"href":"https:\/\/arantv.az\/index.php?rest_route=%2Fwp%2Fv2%2Fcategories&post=443180"},{"taxonomy":"post_tag","embeddable":true,"href":"https:\/\/arantv.az\/index.php?rest_route=%2Fwp%2Fv2%2Ftags&post=443180"}],"curies":[{"name":"wp","href":"https:\/\/api.w.org\/{rel}","templated":true}]}}