{"id":443184,"date":"2022-02-24T07:06:00","date_gmt":"2022-02-24T04:06:00","guid":{"rendered":"http:\/\/arantv.az\/?p=443184"},"modified":"2022-02-24T07:06:00","modified_gmt":"2022-02-24T04:06:00","slug":"putin-ukraynaya-muharib%c9%99-elan-etdi-t%c9%99cili","status":"publish","type":"post","link":"https:\/\/arantv.az\/?p=443184","title":{"rendered":"Putin Ukraynaya m\u00fcharib\u0259 elan etdi \u2013 T\u018fC\u0130L\u0130"},"content":{"rendered":"<p>Rusiya Prezidenti Vladimir Putin Ukraynan\u0131n Donbas vilay\u0259tind\u0259 t\u0259cili h\u0259rbi \u0259m\u0259liyyatlar ke\u00e7irm\u0259kl\u0259 ba\u011fl\u0131\u00a0xalq\u0131na m\u00fcraci\u0259t edib.<\/p>\n<div class=\"AdviadNativeVideo\"><\/div>\n<p>Onun s\u00f6zl\u0259rin\u0259 g\u00f6r\u0259, m\u00f6vcud \u015f\u0259rait Rusiyadan bu add\u0131m\u0131 atma\u011f\u0131\u00a0t\u0259l\u0259b edir.<\/p>\n<p>O qeyd edib ki, Rusiya Federasiyas\u0131n\u0131n planlar\u0131na Ukraynan\u0131n i\u015f\u011fal\u0131 daxil deyil:<\/p>\n<p>\u201cUkrayna h\u0259rb\u00e7il\u0259rin\u0259 m\u00fcraci\u0259t etm\u0259liy\u0259m, siz xalqa and i\u00e7diniz, sizi d\u0259rhal silahlar\u0131n\u0131z\u0131 yer\u0259 qoyma\u011fa \u00e7a\u011f\u0131r\u0131ram\u201d.<\/p>\n<p>M\u0259nb\u0259: R\u0130A Novosti<\/p>\n","protected":false},"excerpt":{"rendered":"<p>Rusiya Prezidenti Vladimir Putin Ukraynan\u0131n Donbas vilay\u0259tind\u0259 t\u0259cili h\u0259rbi \u0259m\u0259liyyatlar ke\u00e7irm\u0259kl\u0259 ba\u011fl\u0131\u00a0xalq\u0131na m\u00fcraci\u0259t edib. Onun s\u00f6zl\u0259rin\u0259 g\u00f6r\u0259, m\u00f6vcud \u015f\u0259rait Rusiyadan bu add\u0131m\u0131 atma\u011f\u0131\u00a0t\u0259l\u0259b edir. O qeyd edib ki, Rusiya Federasiyas\u0131n\u0131n planlar\u0131na Ukraynan\u0131n i\u015f\u011fal\u0131 daxil deyil: \u201cUkrayna h\u0259rb\u00e7il\u0259rin\u0259 m\u00fcraci\u0259t etm\u0259liy\u0259m, siz xalqa and i\u00e7diniz, sizi d\u0259rhal silahlar\u0131n\u0131z\u0131 yer\u0259 qoyma\u011fa \u00e7a\u011f\u0131r\u0131ram\u201d. M\u0259nb\u0259: R\u0130A Novosti<\/p>\n","protected":false},"author":2,"featured_media":443185,"comment_status":"closed","ping_status":"closed","sticky":false,"template":"","format":"standard","meta":{"om_disable_all_campaigns":false,"_monsterinsights_skip_tracking":false,"_monsterinsights_sitenote_active":false,"_monsterinsights_sitenote_note":"","_monsterinsights_sitenote_category":0},"categories":[7],"tags":[],"aioseo_notices":[],"gutentor_comment":0,"rttpg_featured_image_url":{"full":["https:\/\/arantv.az\/wp-content\/uploads\/2022\/02\/FotoJet-80.jpg",620,413,false],"landscape":["https:\/\/arantv.az\/wp-content\/uploads\/2022\/02\/FotoJet-80.jpg",620,413,false],"portraits":["https:\/\/arantv.az\/wp-content\/uploads\/2022\/02\/FotoJet-80.jpg",620,413,false],"thumbnail":["https:\/\/arantv.az\/wp-content\/uploads\/2022\/02\/FotoJet-80-500x280.jpg",500,280,true],"medium":["https:\/\/arantv.az\/wp-content\/uploads\/2022\/02\/FotoJet-80-548x365.jpg",548,365,true],"large":["https:\/\/arantv.az\/wp-content\/uploads\/2022\/02\/FotoJet-80.jpg",620,413,false],"1536x1536":["https:\/\/arantv.az\/wp-content\/uploads\/2022\/02\/FotoJet-80.jpg",620,413,false],"2048x2048":["https:\/\/arantv.az\/wp-content\/uploads\/2022\/02\/FotoJet-80.jpg",620,413,false],"post-thumbnail":["https:\/\/arantv.az\/wp-content\/uploads\/2022\/02\/FotoJet-80-240x172.jpg",240,172,true],"advps-thumb-one":["https:\/\/arantv.az\/wp-content\/uploads\/2022\/02\/FotoJet-80.jpg",620,413,false]},"rttpg_author":{"display_name":"V\u00fcsal Rafiqo\u011flu","author_link":"https:\/\/arantv.az\/?author=2"},"rttpg_comment":0,"rttpg_category":"<a href=\"https:\/\/arantv.az\/?cat=7\" rel=\"category\">D\u00fcnya<\/a>","rttpg_excerpt":"Rusiya Prezidenti Vladimir Putin Ukraynan\u0131n Donbas vilay\u0259tind\u0259 t\u0259cili h\u0259rbi \u0259m\u0259liyyatlar ke\u00e7irm\u0259kl\u0259 ba\u011fl\u0131\u00a0xalq\u0131na m\u00fcraci\u0259t edib. Onun s\u00f6zl\u0259rin\u0259 g\u00f6r\u0259, m\u00f6vcud \u015f\u0259rait Rusiyadan bu add\u0131m\u0131 atma\u011f\u0131\u00a0t\u0259l\u0259b edir. O qeyd edib ki, Rusiya Federasiyas\u0131n\u0131n planlar\u0131na Ukraynan\u0131n i\u015f\u011fal\u0131 daxil deyil: \u201cUkrayna h\u0259rb\u00e7il\u0259rin\u0259 m\u00fcraci\u0259t etm\u0259liy\u0259m, siz xalqa and i\u00e7diniz, sizi d\u0259rhal silahlar\u0131n\u0131z\u0131 yer\u0259 qoyma\u011fa \u00e7a\u011f\u0131r\u0131ram\u201d. M\u0259nb\u0259: R\u0130A Novosti","_links":{"self":[{"href":"https:\/\/arantv.az\/index.php?rest_route=\/wp\/v2\/posts\/443184"}],"collection":[{"href":"https:\/\/arantv.az\/index.php?rest_route=\/wp\/v2\/posts"}],"about":[{"href":"https:\/\/arantv.az\/index.php?rest_route=\/wp\/v2\/types\/post"}],"author":[{"embeddable":true,"href":"https:\/\/arantv.az\/index.php?rest_route=\/wp\/v2\/users\/2"}],"replies":[{"embeddable":true,"href":"https:\/\/arantv.az\/index.php?rest_route=%2Fwp%2Fv2%2Fcomments&post=443184"}],"version-history":[{"count":0,"href":"https:\/\/arantv.az\/index.php?rest_route=\/wp\/v2\/posts\/443184\/revisions"}],"wp:featuredmedia":[{"embeddable":true,"href":"https:\/\/arantv.az\/index.php?rest_route=\/wp\/v2\/media\/443185"}],"wp:attachment":[{"href":"https:\/\/arantv.az\/index.php?rest_route=%2Fwp%2Fv2%2Fmedia&parent=443184"}],"wp:term":[{"taxonomy":"category","embeddable":true,"href":"https:\/\/arantv.az\/index.php?rest_route=%2Fwp%2Fv2%2Fcategories&post=443184"},{"taxonomy":"post_tag","embeddable":true,"href":"https:\/\/arantv.az\/index.php?rest_route=%2Fwp%2Fv2%2Ftags&post=443184"}],"curies":[{"name":"wp","href":"https:\/\/api.w.org\/{rel}","templated":true}]}}