{"id":443190,"date":"2022-02-24T07:07:38","date_gmt":"2022-02-24T04:07:38","guid":{"rendered":"http:\/\/arantv.az\/?p=443190"},"modified":"2022-02-24T07:07:38","modified_gmt":"2022-02-24T04:07:38","slug":"beyn%c9%99lxalq-valyuta-fondunun-az%c9%99rbaycan-uzr%c9%99-icraci-direktoru-agdama-s%c9%99f%c9%99r-edib-foto","status":"publish","type":"post","link":"https:\/\/arantv.az\/?p=443190","title":{"rendered":"Beyn\u0259lxalq Valyuta Fondunun Az\u0259rbaycan \u00fczr\u0259 icra\u00e7\u0131 direktoru A\u011fdama s\u0259f\u0259r edib &#8211; FOTO"},"content":{"rendered":"<p>Beyn\u0259lxalq Valyuta Fondunun Az\u0259rbaycan \u00fczr\u0259\u00a0icra\u00e7\u0131 direktoru Piotr Trabinski A\u011fdama s\u0259f\u0259r edib.<\/p>\n<p>Bu bar\u0259d\u0259 Qaraba\u011f iqtisadi rayonuna daxil olan i\u015f\u011faldan azad edilmi\u015f \u0259razil\u0259rd\u0259 (\u015eu\u015fa rayonu istisna olmaqla) Az\u0259rbaycan Respublikas\u0131 Prezidentinin x\u00fcsusi n\u00fcmay\u0259nd\u0259si Emin H\u00fcseynov \u00f6z\u00fcn\u00fcn &#8220;Twitter&#8221; s\u0259hif\u0259sind\u0259 m\u0259lumat verib.<\/p>\n<p>\u201cBu g\u00fcn Beyn\u0259lxalq Valyuta Fondunun Az\u0259rbaycan \u00fczr\u0259 icra\u00e7\u0131 direktoru c\u0259nab Piotr Trabinski A\u011fdama s\u0259f\u0259r edib. S\u0259f\u0259r zaman\u0131 c\u0259nab Piotr Trabinskini i\u015f\u011fal d\u00f6vr\u00fcnd\u0259 da\u011f\u0131d\u0131lm\u0131\u015f A\u011fdam abid\u0259l\u0259ri v\u0259 A\u011fdamdak\u0131 yenid\u0259nqurma i\u015fl\u0259ri il\u0259 tan\u0131\u015f etdik\u201d, &#8211; E.H\u00fcseynov qeyd edib.<\/p>\n<div>\n<div class=\"twitter-tweet twitter-tweet-rendered\"><iframe id=\"twitter-widget-0\" class=\"\" title=\"Twitter Tweet\" src=\"https:\/\/platform.twitter.com\/embed\/Tweet.html?creatorScreenName=oxuaz&amp;dnt=false&amp;embedId=twitter-widget-0&amp;features=eyJ0ZndfZXhwZXJpbWVudHNfY29va2llX2V4cGlyYXRpb24iOnsiYnVja2V0IjoxMjA5NjAwLCJ2ZXJzaW9uIjpudWxsfSwidGZ3X2hvcml6b25fdHdlZXRfZW1iZWRfOTU1NSI6eyJidWNrZXQiOiJodGUiLCJ2ZXJzaW9uIjpudWxsfSwidGZ3X3NwYWNlX2NhcmQiOnsiYnVja2V0Ijoib2ZmIiwidmVyc2lvbiI6bnVsbH19&amp;frame=false&amp;hideCard=false&amp;hideThread=false&amp;id=1496537226293002253&amp;lang=en&amp;origin=https%3A%2F%2Foxu.az%2Fpolitics%2F576213&amp;sessionId=db2b69d8f90ff9e55f7ea09f832fffb393907143&amp;siteScreenName=oxuaz&amp;theme=light&amp;widgetsVersion=2582c61%3A1645036219416&amp;width=550px\" frameborder=\"0\" scrolling=\"no\" allowfullscreen=\"allowfullscreen\" data-tweet-id=\"1496537226293002253\" data-mce-fragment=\"1\"><\/iframe><\/div>\n<\/div>\n<p>&nbsp;<\/p>\n","protected":false},"excerpt":{"rendered":"<p>Beyn\u0259lxalq Valyuta Fondunun Az\u0259rbaycan \u00fczr\u0259\u00a0icra\u00e7\u0131 direktoru Piotr Trabinski A\u011fdama s\u0259f\u0259r edib. Bu bar\u0259d\u0259 Qaraba\u011f iqtisadi rayonuna daxil olan i\u015f\u011faldan azad edilmi\u015f \u0259razil\u0259rd\u0259 (\u015eu\u015fa rayonu istisna olmaqla) Az\u0259rbaycan Respublikas\u0131 Prezidentinin x\u00fcsusi n\u00fcmay\u0259nd\u0259si Emin H\u00fcseynov \u00f6z\u00fcn\u00fcn &#8220;Twitter&#8221; s\u0259hif\u0259sind\u0259 m\u0259lumat verib. \u201cBu g\u00fcn Beyn\u0259lxalq Valyuta Fondunun Az\u0259rbaycan \u00fczr\u0259 icra\u00e7\u0131 direktoru c\u0259nab Piotr Trabinski A\u011fdama s\u0259f\u0259r edib. S\u0259f\u0259r zaman\u0131 c\u0259nab Piotr Trabinskini i\u015f\u011fal d\u00f6vr\u00fcnd\u0259 da\u011f\u0131d\u0131lm\u0131\u015f A\u011fdam abid\u0259l\u0259ri v\u0259 A\u011fdamdak\u0131 yenid\u0259nqurma i\u015fl\u0259ri il\u0259 tan\u0131\u015f etdik\u201d, &#8211; E.H\u00fcseynov qeyd edib. &nbsp;<\/p>\n","protected":false},"author":2,"featured_media":443191,"comment_status":"closed","ping_status":"closed","sticky":false,"template":"","format":"standard","meta":{"om_disable_all_campaigns":false,"_monsterinsights_skip_tracking":false,"_monsterinsights_sitenote_active":false,"_monsterinsights_sitenote_note":"","_monsterinsights_sitenote_category":0},"categories":[4],"tags":[],"aioseo_notices":[],"gutentor_comment":0,"rttpg_featured_image_url":{"full":["https:\/\/arantv.az\/wp-content\/uploads\/2022\/02\/FMTEo3eWQAADi_F.jpg",620,413,false],"landscape":["https:\/\/arantv.az\/wp-content\/uploads\/2022\/02\/FMTEo3eWQAADi_F.jpg",620,413,false],"portraits":["https:\/\/arantv.az\/wp-content\/uploads\/2022\/02\/FMTEo3eWQAADi_F.jpg",620,413,false],"thumbnail":["https:\/\/arantv.az\/wp-content\/uploads\/2022\/02\/FMTEo3eWQAADi_F-500x280.jpg",500,280,true],"medium":["https:\/\/arantv.az\/wp-content\/uploads\/2022\/02\/FMTEo3eWQAADi_F-548x365.jpg",548,365,true],"large":["https:\/\/arantv.az\/wp-content\/uploads\/2022\/02\/FMTEo3eWQAADi_F.jpg",620,413,false],"1536x1536":["https:\/\/arantv.az\/wp-content\/uploads\/2022\/02\/FMTEo3eWQAADi_F.jpg",620,413,false],"2048x2048":["https:\/\/arantv.az\/wp-content\/uploads\/2022\/02\/FMTEo3eWQAADi_F.jpg",620,413,false],"post-thumbnail":["https:\/\/arantv.az\/wp-content\/uploads\/2022\/02\/FMTEo3eWQAADi_F-240x172.jpg",240,172,true],"advps-thumb-one":["https:\/\/arantv.az\/wp-content\/uploads\/2022\/02\/FMTEo3eWQAADi_F.jpg",620,413,false]},"rttpg_author":{"display_name":"V\u00fcsal Rafiqo\u011flu","author_link":"https:\/\/arantv.az\/?author=2"},"rttpg_comment":0,"rttpg_category":"<a href=\"https:\/\/arantv.az\/?cat=4\" rel=\"category\">Siyas\u0259t<\/a>","rttpg_excerpt":"Beyn\u0259lxalq Valyuta Fondunun Az\u0259rbaycan \u00fczr\u0259\u00a0icra\u00e7\u0131 direktoru Piotr Trabinski A\u011fdama s\u0259f\u0259r edib. Bu bar\u0259d\u0259 Qaraba\u011f iqtisadi rayonuna daxil olan i\u015f\u011faldan azad edilmi\u015f \u0259razil\u0259rd\u0259 (\u015eu\u015fa rayonu istisna olmaqla) Az\u0259rbaycan Respublikas\u0131 Prezidentinin x\u00fcsusi n\u00fcmay\u0259nd\u0259si Emin H\u00fcseynov \u00f6z\u00fcn\u00fcn &#8220;Twitter&#8221; s\u0259hif\u0259sind\u0259 m\u0259lumat verib. \u201cBu g\u00fcn Beyn\u0259lxalq Valyuta Fondunun Az\u0259rbaycan \u00fczr\u0259 icra\u00e7\u0131 direktoru c\u0259nab Piotr Trabinski A\u011fdama s\u0259f\u0259r edib. S\u0259f\u0259r zaman\u0131&hellip;","_links":{"self":[{"href":"https:\/\/arantv.az\/index.php?rest_route=\/wp\/v2\/posts\/443190"}],"collection":[{"href":"https:\/\/arantv.az\/index.php?rest_route=\/wp\/v2\/posts"}],"about":[{"href":"https:\/\/arantv.az\/index.php?rest_route=\/wp\/v2\/types\/post"}],"author":[{"embeddable":true,"href":"https:\/\/arantv.az\/index.php?rest_route=\/wp\/v2\/users\/2"}],"replies":[{"embeddable":true,"href":"https:\/\/arantv.az\/index.php?rest_route=%2Fwp%2Fv2%2Fcomments&post=443190"}],"version-history":[{"count":0,"href":"https:\/\/arantv.az\/index.php?rest_route=\/wp\/v2\/posts\/443190\/revisions"}],"wp:featuredmedia":[{"embeddable":true,"href":"https:\/\/arantv.az\/index.php?rest_route=\/wp\/v2\/media\/443191"}],"wp:attachment":[{"href":"https:\/\/arantv.az\/index.php?rest_route=%2Fwp%2Fv2%2Fmedia&parent=443190"}],"wp:term":[{"taxonomy":"category","embeddable":true,"href":"https:\/\/arantv.az\/index.php?rest_route=%2Fwp%2Fv2%2Fcategories&post=443190"},{"taxonomy":"post_tag","embeddable":true,"href":"https:\/\/arantv.az\/index.php?rest_route=%2Fwp%2Fv2%2Ftags&post=443190"}],"curies":[{"name":"wp","href":"https:\/\/api.w.org\/{rel}","templated":true}]}}