{"id":443193,"date":"2022-02-24T07:08:45","date_gmt":"2022-02-24T04:08:45","guid":{"rendered":"http:\/\/arantv.az\/?p=443193"},"modified":"2022-02-24T07:08:45","modified_gmt":"2022-02-24T04:08:45","slug":"tarixi-q%c9%99l%c9%99b%c9%99mizl%c9%99-xocali-q%c9%99tliaminin-gunahsiz-qurbanlarinin-qisasi-alindi","status":"publish","type":"post","link":"https:\/\/arantv.az\/?p=443193","title":{"rendered":"Tarixi q\u0259l\u0259b\u0259mizl\u0259 Xocal\u0131 q\u0259tliam\u0131n\u0131n g\u00fcnahs\u0131z qurbanlar\u0131n\u0131n qisas\u0131 al\u0131nd\u0131"},"content":{"rendered":"<p>Bu il Xocali faci\u0259sinin t\u00f6r\u0259dilm\u0259sind\u0259n 30 il ke\u00e7ir. Bu tarix xalq\u0131m\u0131z\u0131n qan yadda\u015f\u0131 \u00a0tarixidir. Xocal\u0131 soyq\u0131r\u0131m\u0131 t\u0259k Az\u0259rbaycan tarixind\u0259 deyil ,\u00a0 b\u00fct\u00fcn d\u00fcnya tarixind\u0259 insanl\u0131\u011fa qar\u015f\u0131 t\u00f6r\u0259dilmi\u015f \u0259n ac\u0131mas\u0131z k\u00fctl\u0259vi q\u0131r\u011f\u0131nlardan biridir.<\/p>\n<p>Q\u0259dim tarix\u0259 malik olan \u00f6lk\u0259miz tarixind\u0259 d\u0259f\u0259l\u0259rl\u0259 bu c\u00fcr faci\u0259l\u0259rl\u0259 \u00fczl\u0259\u015fmi\u015fdir. Bu ya\u015fay\u0131\u015f m\u0259nt\u0259q\u0259si d\u0259f\u0259l\u0259rl\u0259 h\u00fccumlara m\u0259ruz qalm\u0131\u015fd\u0131r.<\/p>\n<p>1992-ci il 26 fevral gec\u0259 saatlar\u0131nda erm\u0259ni silahl\u0131 birl\u0259\u015fm\u0259l\u0259ri v\u0259 Sovet ittifaq\u0131n\u0131n 366-c\u0131 motoat\u0131c\u0131 alay\u0131 \u015f\u0259h\u0259ri m\u00fchasir\u0259y\u0259 al\u0131r. Silahs\u0131z \u0259hali \u015f\u0259h\u0259ri t\u0259rk etm\u0259y\u0259 \u00e7al\u0131\u015f\u0131r. 600 n\u0259f\u0259rd\u0259n art\u0131q Xocal\u0131 sakini q\u0259tl\u0259 yetirlir. Mind\u0259n art\u0131q insan \u0259sir g\u00f6t\u00fcr\u00fcl\u00fcr.<\/p>\n<p>Hadis\u0259nin \u0259n d\u0259h\u015f\u0259tli t\u0259r\u0259fl\u0259ri ondan ibar\u0259tdir ki, insanlar q\u0259tl\u0259 yetiril\u0259rk\u0259n, g\u00fcll\u0259l\u0259n\u0259rk\u0259n onlar\u0131n ya\u015f\u0131,cinsi, silahl\u0131 olub olmama\u011f\u0131 n\u0259z\u0259r\u0259 al\u0131nm\u0131rd\u0131. Xocal\u0131 faci\u0259sind\u0259 63 u\u015faq, 106 qad\u0131n, 70 ya\u015fl\u0131 insan q\u0259tl\u0259 yetilib. Q\u0259tl\u0259 yetiril\u0259n bu insanlar\u0131n c\u0259s\u0259dl\u0259ri \u00fcz\u0259rind\u0259 bel\u0259 insanl\u0131qdan uzaq v\u0259h\u015filikl\u0259r t\u00f6r\u0259dilib. Minl\u0259rl\u0259 m\u00fclki \u015f\u0259xs \u0259sir g\u00f6t\u00fcr\u00fcl\u00fcb. \u018fsirlikd\u0259 olan bu insanlar a\u011f\u0131las\u0131\u011fmaz i\u015fg\u0259nc\u0259l\u0259r\u0259 m\u0259ruz qal\u0131blar. Bir \u00e7ox ail\u0259l\u0259r b\u00fct\u00fcn \u00fczvl\u0259ri q\u0259tl\u0259 yetiril\u0259r\u0259k tamamil\u0259 m\u0259hv edilmi\u015fdir.<\/p>\n<p>Xocal\u0131 faci\u0259sind\u0259n 3-4 g\u00fcn sonra, 1-3 mart 1992-ci ild\u0259 200-\u0259 yax\u0131n az\u0259rbaycanl\u0131 \u0259sir erm\u0259nil\u0259r t\u0259r\u0259find\u0259n d\u0259h\u015f\u0259tli \u015f\u0259kild\u0259 q\u0259tl\u0259 yetirilmi\u015fdir. Xocal\u0131 q\u0259tliam\u0131n\u0131n icra\u00e7\u0131lar\u0131ndan biri olan David Xeyreyan \u00f6z kitab\u0131nda etiraf etmi\u015fdir ki, \u201cfevral\u0131n 26-da meyitl\u0259ri da\u015f\u0131y\u0131b Da\u015fbulaq yax\u0131nl\u0131\u011f\u0131ndak\u0131 bataql\u0131\u011fa t\u00f6kd\u00fcl\u0259r v\u0259 c\u0259s\u0259dl\u0259rd\u0259n ke\u00e7id k\u00f6rp\u00fc d\u00fcz\u0259ltdil\u0259r. M\u0259n \u00f6l\u00fcl\u0259rin \u00fcz\u0259rind\u0259n ke\u00e7m\u0259y\u0259 qorxurdum. T\u0259r\u0259dd\u00fcd etdiyimi g\u00f6r\u0259n polkovnik Ohanyan m\u0259n\u0259 dedi: \u201cQorxma, \u00fcr\u0259kl\u0259 ke\u00e7! Bu hal m\u00fcharib\u0259nin qanunlar\u0131ndan biridir\u201d. M\u0259n qana bula\u015fm\u0131\u015f 9-11 ya\u015fl\u0131 u\u015fa\u011f\u0131n v\u0259 dig\u0259r meyitl\u0259rin \u00fcz\u0259rind\u0259n adlay\u0131b bataql\u0131\u011f\u0131 ke\u00e7dim&#8230; Ayaqlar\u0131m v\u0259 fotokameram qana batm\u0131\u015fd\u0131\u201d.<\/p>\n<p>O zamanlar Az\u0259rbaycana r\u0259hb\u0259rlik ed\u0259nl\u0259r Xocal\u0131 soyq\u0131r\u0131m\u0131na bigan\u0259 m\u00fcnasib\u0259t g\u00f6st\u0259r\u0259n, xalq\u0131m\u0131za qar\u015f\u0131 t\u00f6r\u0259dil\u0259n cinay\u0259ti \u00f6rt-basd\u0131r etm\u0259y\u0259 \u00e7al\u0131\u015fm\u0131\u015flar. Lakin h\u0259min d\u00f6vrd\u0259 Nax\u00e7\u0131van Muxtar Respublikas\u0131 Ali M\u0259clisinin S\u0259dri v\u0259zif\u0259sind\u0259 i\u015fl\u0259y\u0259n \u00fcmummilli liderimiz Heyd\u0259r \u018fliyev ilk d\u0259f\u0259 Nax\u00e7\u0131vanda Xocal\u0131 soyq\u0131r\u0131m\u0131 haqq\u0131nda x\u00fcsusi b\u0259yanat vermi\u015f, faci\u0259ni t\u00f6r\u0259d\u0259nl\u0259ri m\u0259suliyy\u0259t\u0259 c\u0259lb olunmas\u0131n\u0131 q\u0259ti \u015f\u0259kild\u0259 t\u0259l\u0259b etmi\u015fdir.<\/p>\n<p>Ulu \u00f6nd\u0259rin 1993-c\u00fc ild\u0259 Az\u0259rbaycanda hakimiyy\u0259t\u0259 g\u0259li\u015find\u0259n sonra Xocal\u0131 faci\u0259si Az\u0259rbaycan xalq\u0131na qar\u015f\u0131 t\u00f6r\u0259dilmi\u015f soyq\u0131r\u0131m kimi h\u00fcquqi-siyasi qiym\u0259t verilmi\u015f, bu soyq\u0131r\u0131m\u0131 haqq\u0131nda h\u0259qiq\u0259tl\u0259rin beyn\u0259lxalq ictimaiyy\u0259t\u0259 \u00e7atd\u0131r\u0131lmas\u0131 \u00fc\u00e7\u00fcn t\u0259sirli t\u0259dbirl\u0259r g\u00f6r\u00fclm\u00fc\u015fd\u00fcr. Bu g\u00fcn \u00f6lk\u0259 ba\u015f\u00e7\u0131s\u0131 c\u0259nab \u0130lham \u018fliyevin r\u0259hb\u0259rliyi il\u0259 haqq s\u0259simizin d\u00fcnya ictimaiyy\u0259tin\u0259 \u00e7atd\u0131r\u0131lmas\u0131, Xocal\u0131 soyq\u0131r\u0131m\u0131n\u0131n tan\u0131nmas\u0131 istiqam\u0259tind\u0259 ard\u0131c\u0131l i\u015f apar\u0131l\u0131r. Bu bar\u0259d\u0259 n\u0259yinki \u00f6lk\u0259 daxilind\u0259 eyni zamanda d\u00fcnyan\u0131n bir \u00e7ox yerl\u0259rind\u0259 faci\u0259ni d\u00fcnya ictimay\u0259tin\u0259 geni\u015f \u015f\u0259kild\u0259 \u00e7atd\u0131rmaq \u00fc\u00e7\u00fcn t\u0259bli\u011fatlar apar\u0131l\u0131r.<\/p>\n<p>Heyd\u0259r \u018fliyev Xocal\u0131 sakinl\u0259ri il\u0259 g\u00f6r\u00fc\u015f\u00fcnd\u0259 demi\u015fdir:\u00a0\u201c&#8230; biz topla\u015f\u0131b Xocal\u0131 faci\u0259sinin cavab\u0131n\u0131 ver\u0259k, \u015f\u0259hidl\u0259rin qan\u0131n\u0131n yerd\u0259 qalmamas\u0131 g\u00fcn\u00fcn\u00fc g\u00f6r\u0259k. Az\u0259rbaycan\u0131n \u0259razi b\u00fct\u00f6vl\u00fcy\u00fcn\u00fc t\u0259min ed\u0259k. M\u00fcst\u0259qil Az\u0259rbaycan\u0131n h\u00fcdudlar\u0131n\u0131 tamamil\u0259 b\u0259rpa ed\u0259k. \u0130nan\u0131ram ki, Az\u0259rbaycan xalq\u0131 bel\u0259 q\u00fcdr\u0259t\u0259 malikdir\u201d.<\/p>\n<p>Ata v\u0259siyy\u0259ti 30 il sonra reall\u0131\u011fa \u00e7evrildi. 44 g\u00fcn davam ed\u0259n h\u0259rbi \u0259m\u0259liyyatlar \u00e7\u0259r\u00e7iv\u0259sind\u0259 u\u011furlu strategiyan\u0131n t\u0259tbiqi il\u0259 \u0259n m\u00fcasir silahlardan istifad\u0259 n\u0259tic\u0259sind\u0259 ordumuzun b\u00f6lm\u0259l\u0259ri i\u015f\u011fal alt\u0131ndak\u0131 \u0259razil\u0259rimizi ya\u011f\u0131lardan t\u0259mizl\u0259di, d\u00fc\u015fm\u0259nin komanda-idar\u0259etm\u0259 m\u0259nt\u0259q\u0259l\u0259ri, raket v\u0259 artilleriya vasit\u0259l\u0259ri, d\u00f6y\u00fc\u015f texnikalar\u0131 v\u0259 t\u0259minat\u0131 s\u0131radan \u00e7\u0131xar\u0131ld\u0131, d\u00fc\u015fm\u0259n faktiki olaraq iflic v\u0259ziyy\u0259tin\u0259 g\u0259tirildi. Bununla da beyn\u0259lxalq t\u0259\u015fkilatlar\u0131n 30 il \u0259rzind\u0259 ed\u0259 bilm\u0259dikl\u0259rini Az\u0259rbaycan Ordusu M\u00fcz\u0259ff\u0259r Ali Ba\u015f Komandan\u0131n r\u0259hb\u0259rliyi il\u0259 ger\u00e7\u0259kl\u0259\u015fdir\u0259r\u0259k h\u0259rb tarixin\u0259 q\u0131sa zamanda b\u00f6y\u00fck nailiyy\u0259t kimi yenilik g\u0259tirdi. V\u0259t\u0259n m\u00fcharib\u0259si n\u0259tic\u0259sind\u0259 torpaqlar\u0131m\u0131z\u0131n b\u00f6y\u00fck bir qismi i\u015f\u011faldan azad olundu. \u00dcmumilikd\u0259, 20 Yanvar, Qaraba\u011f \u015f\u0259hidl\u0259rinin, el\u0259c\u0259 d\u0259 h\u0259m Xocal\u0131n\u0131n, h\u0259m d\u0259 xocal\u0131lar\u0131n qisas\u0131 al\u0131nd\u0131. Az\u0259rbaycan Ordusunun h\u00fccumuna, V\u0259t\u0259n o\u011fullar\u0131n\u0131n q\u0259tiyy\u0259ti qar\u015f\u0131s\u0131nda davam g\u0259tir\u0259 bilm\u0259y\u0259n d\u00fc\u015fm\u0259n noyabr\u0131n 10-da kapitulyasiya haqq\u0131nda B\u0259yanat\u0131 imzalad\u0131. B\u0259yanata uy\u011fun olaraq noyabr\u0131n 20-d\u0259 A\u011fdam, noyabr\u0131n 25-d\u0259 K\u0259lb\u0259c\u0259r, dekabr\u0131n 1-d\u0259 is\u0259 La\u00e7\u0131n rayonu i\u015f\u011faldan azad edildi. D\u00f6y\u00fc\u015f meydan\u0131nda m\u0259\u011flubiyy\u0259ti il\u0259 bar\u0131\u015fmayan Erm\u0259nistan hakimiyy\u0259tinin g\u00f6st\u0259ri\u015fi \u0259sas\u0131nda erm\u0259ni silahl\u0131 q\u00fcvv\u0259l\u0259rinin ya\u015fay\u0131\u015f m\u0259nt\u0259q\u0259l\u0259rimizi at\u0259\u015f\u0259 tutmas\u0131, 44 g\u00fcnd\u0259 100-\u0259 yax\u0131n m\u00fclki \u015f\u0259xsin \u00f6l\u00fcm\u00fcn\u0259, 400-d\u0259n art\u0131q insan\u0131n yaralanmas\u0131na s\u0259b\u0259b olan terror aktlar\u0131n\u0131 t\u00f6r\u0259dm\u0259sin\u0259, eyni zamanda 10 noyabr raz\u0131la\u015fmas\u0131na uy\u011fun olaraq A\u011fdam, K\u0259lb\u0259c\u0259r v\u0259 La\u00e7\u0131n\u0131 bo\u015faldark\u0259n edil\u0259n v\u0259h\u015filikl\u0259r\u0259 qar\u015f\u0131 b\u0259zi \u00f6lk\u0259l\u0259rin bigan\u0259 m\u00fcnasib\u0259ti Da\u011fl\u0131q Qaraba\u011f m\u00fcnaqi\u015f\u0259sinin h\u0259lli prosesinin 30 il uzanmas\u0131n\u0131n s\u0259b\u0259bl\u0259rini b\u00fct\u00fcn ayd\u0131nl\u0131\u011f\u0131 il\u0259 \u00fcz\u0259 \u00e7\u0131xard\u0131.<\/p>\n<p>G\u00fcnahs\u0131z, \u0259liyal\u0131n, bir gec\u0259nin qurban\u0131 olan, \u015faxtal\u0131 bir gec\u0259d\u0259 evind\u0259n \u00e7\u0131xar\u0131lan, da\u011flarda, me\u015f\u0259l\u0259rd\u0259 h\u0259ft\u0259l\u0259rl\u0259 qalan Xocal\u0131lara qar\u015f\u0131 t\u00f6r\u0259dil\u0259n soyq\u0131r\u0131m\u0131, g\u00f6zl\u0259rinin \u00f6n\u00fcnd\u0259 \u0259zizl\u0259rinin v\u0259 ata-baba yurdlar\u0131n\u0131n \u015f\u0259hid edilm\u0259si b\u00fct\u00fcn xalq\u0131m\u0131za, \u00fcmumilikd\u0259 b\u0259\u015f\u0259riyy\u0259t\u0259, insan amilin\u0259 qar\u015f\u0131 t\u00f6r\u0259dil\u0259n faci\u0259dir. Bu faci\u0259 he\u00e7 vaxt unudula bilm\u0259z. Az\u0259rbaycan xalq\u0131 Xocal\u0131da q\u0259tl\u0259 yetirilmi\u015f y\u00fczl\u0259rl\u0259 h\u0259mv\u0259t\u0259nimizin xatir\u0259sini daim \u0259ziz tutur, torpaqlar\u0131m\u0131z\u0131n \u0259razi b\u00fct\u00f6vl\u00fcy\u00fc u\u011frunda \u015f\u0259hid olanlar\u0131 ehtiramla yad edir. \u018fminik ki, zaman g\u0259l\u0259c\u0259k ki, b\u00fct\u00fcn d\u00fcnya erm\u0259ni q\u0259ddarl\u0131\u011f\u0131n\u0131, v\u0259h\u015filiyini l\u0259n\u0259tl\u0259y\u0259c\u0259k, \u015f\u0259hid \u015f\u0259h\u0259r Xocal\u0131n\u0131n m\u0259ruz qald\u0131\u011f\u0131 v\u0259h\u015filiy\u0259 h\u00fcquqi qiym\u0259t ver\u0259c\u0259k.<\/p>\n<p><strong>B\u0259xtiyar N\u0259biyev,<br \/>\nYAP Yasamal rayon t\u0259\u015fkilat\u0131n\u0131n s\u0259dri<\/strong><\/p>\n","protected":false},"excerpt":{"rendered":"<p>Bu il Xocali faci\u0259sinin t\u00f6r\u0259dilm\u0259sind\u0259n 30 il ke\u00e7ir. Bu tarix xalq\u0131m\u0131z\u0131n qan yadda\u015f\u0131 \u00a0tarixidir. Xocal\u0131 soyq\u0131r\u0131m\u0131 t\u0259k Az\u0259rbaycan tarixind\u0259 deyil ,\u00a0 b\u00fct\u00fcn d\u00fcnya tarixind\u0259 insanl\u0131\u011fa qar\u015f\u0131 t\u00f6r\u0259dilmi\u015f \u0259n ac\u0131mas\u0131z k\u00fctl\u0259vi q\u0131r\u011f\u0131nlardan biridir. Q\u0259dim tarix\u0259 malik olan \u00f6lk\u0259miz tarixind\u0259 d\u0259f\u0259l\u0259rl\u0259 bu c\u00fcr faci\u0259l\u0259rl\u0259 \u00fczl\u0259\u015fmi\u015fdir. Bu ya\u015fay\u0131\u015f m\u0259nt\u0259q\u0259si d\u0259f\u0259l\u0259rl\u0259 h\u00fccumlara m\u0259ruz qalm\u0131\u015fd\u0131r. 1992-ci il 26 fevral gec\u0259 saatlar\u0131nda erm\u0259ni silahl\u0131 birl\u0259\u015fm\u0259l\u0259ri v\u0259 Sovet ittifaq\u0131n\u0131n 366-c\u0131 motoat\u0131c\u0131 alay\u0131 \u015f\u0259h\u0259ri m\u00fchasir\u0259y\u0259 al\u0131r. Silahs\u0131z \u0259hali \u015f\u0259h\u0259ri t\u0259rk etm\u0259y\u0259 \u00e7al\u0131\u015f\u0131r. 600 n\u0259f\u0259rd\u0259n art\u0131q Xocal\u0131 sakini q\u0259tl\u0259 yetirlir. Mind\u0259n art\u0131q insan \u0259sir g\u00f6t\u00fcr\u00fcl\u00fcr. Hadis\u0259nin \u0259n d\u0259h\u015f\u0259tli t\u0259r\u0259fl\u0259ri&hellip;<\/p>\n","protected":false},"author":2,"featured_media":443194,"comment_status":"closed","ping_status":"closed","sticky":false,"template":"","format":"standard","meta":{"om_disable_all_campaigns":false,"_monsterinsights_skip_tracking":false,"_monsterinsights_sitenote_active":false,"_monsterinsights_sitenote_note":"","_monsterinsights_sitenote_category":0},"categories":[19],"tags":[],"aioseo_notices":[],"gutentor_comment":0,"rttpg_featured_image_url":{"full":["https:\/\/arantv.az\/wp-content\/uploads\/2022\/02\/e1ab840a164562182429849373610119983.jpg",975,540,false],"landscape":["https:\/\/arantv.az\/wp-content\/uploads\/2022\/02\/e1ab840a164562182429849373610119983.jpg",975,540,false],"portraits":["https:\/\/arantv.az\/wp-content\/uploads\/2022\/02\/e1ab840a164562182429849373610119983.jpg",975,540,false],"thumbnail":["https:\/\/arantv.az\/wp-content\/uploads\/2022\/02\/e1ab840a164562182429849373610119983-500x280.jpg",500,280,true],"medium":["https:\/\/arantv.az\/wp-content\/uploads\/2022\/02\/e1ab840a164562182429849373610119983-660x365.jpg",660,365,true],"large":["https:\/\/arantv.az\/wp-content\/uploads\/2022\/02\/e1ab840a164562182429849373610119983-840x465.jpg",640,354,true],"1536x1536":["https:\/\/arantv.az\/wp-content\/uploads\/2022\/02\/e1ab840a164562182429849373610119983.jpg",975,540,false],"2048x2048":["https:\/\/arantv.az\/wp-content\/uploads\/2022\/02\/e1ab840a164562182429849373610119983.jpg",975,540,false],"post-thumbnail":["https:\/\/arantv.az\/wp-content\/uploads\/2022\/02\/e1ab840a164562182429849373610119983-240x172.jpg",240,172,true],"advps-thumb-one":["https:\/\/arantv.az\/wp-content\/uploads\/2022\/02\/e1ab840a164562182429849373610119983.jpg",975,540,false]},"rttpg_author":{"display_name":"V\u00fcsal Rafiqo\u011flu","author_link":"https:\/\/arantv.az\/?author=2"},"rttpg_comment":0,"rttpg_category":"<a href=\"https:\/\/arantv.az\/?cat=19\" rel=\"category\">G\u00fcnd\u0259m<\/a>","rttpg_excerpt":"Bu il Xocali faci\u0259sinin t\u00f6r\u0259dilm\u0259sind\u0259n 30 il ke\u00e7ir. Bu tarix xalq\u0131m\u0131z\u0131n qan yadda\u015f\u0131 \u00a0tarixidir. Xocal\u0131 soyq\u0131r\u0131m\u0131 t\u0259k Az\u0259rbaycan tarixind\u0259 deyil ,\u00a0 b\u00fct\u00fcn d\u00fcnya tarixind\u0259 insanl\u0131\u011fa qar\u015f\u0131 t\u00f6r\u0259dilmi\u015f \u0259n ac\u0131mas\u0131z k\u00fctl\u0259vi q\u0131r\u011f\u0131nlardan biridir. Q\u0259dim tarix\u0259 malik olan \u00f6lk\u0259miz tarixind\u0259 d\u0259f\u0259l\u0259rl\u0259 bu c\u00fcr faci\u0259l\u0259rl\u0259 \u00fczl\u0259\u015fmi\u015fdir. Bu ya\u015fay\u0131\u015f m\u0259nt\u0259q\u0259si d\u0259f\u0259l\u0259rl\u0259 h\u00fccumlara m\u0259ruz qalm\u0131\u015fd\u0131r. 1992-ci il 26 fevral gec\u0259&hellip;","_links":{"self":[{"href":"https:\/\/arantv.az\/index.php?rest_route=\/wp\/v2\/posts\/443193"}],"collection":[{"href":"https:\/\/arantv.az\/index.php?rest_route=\/wp\/v2\/posts"}],"about":[{"href":"https:\/\/arantv.az\/index.php?rest_route=\/wp\/v2\/types\/post"}],"author":[{"embeddable":true,"href":"https:\/\/arantv.az\/index.php?rest_route=\/wp\/v2\/users\/2"}],"replies":[{"embeddable":true,"href":"https:\/\/arantv.az\/index.php?rest_route=%2Fwp%2Fv2%2Fcomments&post=443193"}],"version-history":[{"count":0,"href":"https:\/\/arantv.az\/index.php?rest_route=\/wp\/v2\/posts\/443193\/revisions"}],"wp:featuredmedia":[{"embeddable":true,"href":"https:\/\/arantv.az\/index.php?rest_route=\/wp\/v2\/media\/443194"}],"wp:attachment":[{"href":"https:\/\/arantv.az\/index.php?rest_route=%2Fwp%2Fv2%2Fmedia&parent=443193"}],"wp:term":[{"taxonomy":"category","embeddable":true,"href":"https:\/\/arantv.az\/index.php?rest_route=%2Fwp%2Fv2%2Fcategories&post=443193"},{"taxonomy":"post_tag","embeddable":true,"href":"https:\/\/arantv.az\/index.php?rest_route=%2Fwp%2Fv2%2Ftags&post=443193"}],"curies":[{"name":"wp","href":"https:\/\/api.w.org\/{rel}","templated":true}]}}