{"id":443196,"date":"2022-02-24T07:09:18","date_gmt":"2022-02-24T04:09:18","guid":{"rendered":"http:\/\/arantv.az\/?p=443196"},"modified":"2022-02-24T07:09:18","modified_gmt":"2022-02-24T04:09:18","slug":"milli-maraqlarimizi-t%c9%99min-ed%c9%99n-tarixi-z%c9%99f%c9%99r","status":"publish","type":"post","link":"https:\/\/arantv.az\/?p=443196","title":{"rendered":"Milli maraqlar\u0131m\u0131z\u0131 t\u0259min ed\u0259n tarixi z\u0259f\u0259r"},"content":{"rendered":"<p>Bir filosofun fikridir: Sava\u015f nifr\u0259t etdikl\u0259rimizi \u00f6ld\u00fcr\u0259r\u0259k deyil, sevdikl\u0259rimizi qurtararaq qazan\u0131l\u0131r. Bu fikrin \u0259n bariz n\u00fcmun\u0259si Az\u0259rbaycan xalq\u0131d\u0131r. Biz \u00f6ld\u00fcrm\u0259yi, da\u011f\u0131tma\u011f\u0131, qan t\u00f6km\u0259yi sev\u0259n xalq deyilik, amma sevdikl\u0259rimizi can\u0131m\u0131zla, qan\u0131m\u0131zla qoruma\u011f\u0131, qurtarma\u011f\u0131 bacar\u0131r\u0131q. V\u0259 bacard\u0131q.<\/p>\n<p>2020-ci ilin pay\u0131z\u0131nda son 200 illik tariximizin yeni s\u0259hif\u0259sini a\u00e7d\u0131q. Yenid\u0259n d\u00f6nd\u00fck h\u0259yata, Az\u0259rbaycan\u0131n \u015eu\u015fa d\u00f6vr\u00fc ba\u015flad\u0131, La\u00e7\u0131n d\u00f6vr\u00fc ba\u015flad\u0131, Qaraba\u011f d\u00f6vr\u00fc ba\u015flad\u0131. M\u00fcz\u0259ff\u0259r Ali Ba\u015f Komandan\u0131m\u0131z\u0131n r\u0259hb\u0259rliyi il\u0259 qalib xalq kimi, D\u0259mir Yumruq kimi. Z\u0259f\u0259rimizin boyu, \u00f6l\u00e7\u00fcs\u00fc o q\u0259d\u0259r b\u00f6y\u00fck idi ki, inanmaq bel\u0259 \u00e7\u0259tindi.<\/p>\n<p>Az\u0259rbaycan Respublikas\u0131n\u0131n Prezidenti \u0130lham \u018fliyev c\u0259nablar\u0131n\u0131n yeni s\u0259f\u0259ri, burada q\u0259bul edil\u0259n \u00abAz\u0259rbaycan Respublikas\u0131 il\u0259 Rusiya Federasiyas\u0131 aras\u0131nda m\u00fctt\u0259fiqlik qar\u015f\u0131l\u0131ql\u0131 f\u0259aliyy\u0259ti haqq\u0131nda\u00bb B\u0259yannam\u0259 m\u0259n\u0259, Ulu \u00d6nd\u0259rin: \u201c\u0130nan\u0131ram ki, m\u0259nim ax\u0131ra \u00e7atd\u0131ra bilm\u0259diyim taley\u00fckl\u00fc m\u0259s\u0259l\u0259l\u0259ri, planlar\u0131, i\u015fl\u0259ri \u0130lham \u018fliyev ba\u015fa \u00e7atd\u0131ra bil\u0259c\u0259k!\u201d fikrini xat\u0131rlatd\u0131. \u00c7\u00fcnki \u0130lham \u018fliyev, Ulu \u00d6nd\u0259rin n\u0259tic\u0259l\u0259rini ayd\u0131n g\u00f6rd\u00fcy\u00fc, lakin sona \u00e7atd\u0131ra bilm\u0259diyi i\u015fl\u0259ri tamamlay\u0131r.<\/p>\n<p>Rusiya Federasiyas\u0131n\u0131n Prezidenti Vladimir Putinin d\u0259v\u0259ti il\u0259 Rusiyada r\u0259smi s\u0259f\u0259rd\u0259 olan Az\u0259rbaycan Respublikas\u0131n\u0131n Prezidenti \u0130lham \u018fliyevin fevral\u0131n 22-d\u0259 olan g\u00f6r\u00fc\u015fl\u0259rind\u0259 \u00e7ox m\u0259tl\u0259bl\u0259r\u0259 ayd\u0131nl\u0131q g\u0259tirildi. G\u00f6r\u00fc\u015f zaman\u0131 V.Putin Rusiya il\u0259 Az\u0259rbaycan aras\u0131nda iqtisadi \u0259laq\u0259l\u0259rin \u00e7ox\u015fax\u0259li olmas\u0131ndan s\u00f6hb\u0259t a\u00e7d\u0131. Az\u0259rbaycanda rus dilinin inki\u015faf\u0131na veril\u0259n d\u0259st\u0259y\u0259 g\u00f6r\u0259 d\u0259 \u0130lham \u018fliyev\u0259 t\u0259\u015f\u0259kk\u00fcr etm\u0259yi unutmad\u0131. H\u0259m\u00e7inin regional \u0259laq\u0259l\u0259rin aktiv \u015f\u0259kild\u0259 inki\u015faf etdiyini vur\u011fulad\u0131. Qeyd etdi ki, ist\u0259nil\u0259n halda t\u0259kc\u0259 orada ya\u015fayan b\u00fct\u00fcn insanlar\u0131n t\u0259hl\u00fck\u0259sizliyinin t\u0259minat\u0131 bax\u0131m\u0131ndan deyil, h\u0259m d\u0259 iqtisadi-ticar\u0259t \u0259laq\u0259l\u0259rin inki\u015faf\u0131, n\u0259qliyyat \u0259laq\u0259l\u0259rinin a\u00e7\u0131lmas\u0131 bax\u0131m\u0131ndan raz\u0131la\u015fmalar var. Bilir\u0259m ki, m\u00fcbahis\u0259li m\u0259qamlar var, \u00fcz\u0259rind\u0259 i\u015fl\u0259n\u0259si m\u0259s\u0259l\u0259l\u0259r var. Amma biz \u00f6z t\u0259r\u0259fimizd\u0259n h\u0259r \u015feyi ed\u0259c\u0259yik ki, bu proses s\u00fclh vasit\u0259si il\u0259, s\u00fclh yolu il\u0259 inki\u015faf etsin. V\u0259 h\u0259m\u00e7inin proses\u0259 qo\u015fulan b\u00fct\u00fcn t\u0259r\u0259fl\u0259rin raz\u0131 qalmas\u0131na \u00e7al\u0131\u015faca\u011f\u0131q.<\/p>\n<p>Yeni q\u0259bul edilmi\u015f b\u0259yannam\u0259 haqq\u0131nda dan\u0131\u015fan Rusiya lideri vur\u011fulad\u0131 ki, bu, tam ayd\u0131nd\u0131r ki, bizim m\u00fcnasib\u0259timizin inki\u015faf\u0131nda yeni m\u0259rh\u0259l\u0259dir.<\/p>\n<p>Rusiyaya r\u0259smi s\u0259f\u0259r\u0259 d\u0259v\u0259t\u0259 g\u00f6r\u0259 Vladimir Putin\u0259 minn\u0259tdarl\u0131q ed\u0259n Az\u0259rbaycan Respublikas\u0131n\u0131n Prezidenti \u0130lham \u018fliyev iki \u00f6lk\u0259 aras\u0131nda olan m\u00fcnasib\u0259tl\u0259rin \u00e7ox dinamik \u015f\u0259kild\u0259 inki\u015faf etdiyini qeyd etdi. Q\u0259bul olunan b\u0259yannam\u0259ni \u00f6lk\u0259l\u0259rimiz, qar\u015f\u0131l\u0131ql\u0131 \u0259laq\u0259l\u0259rimiz, h\u0259m\u00e7inin regional t\u0259hl\u00fck\u0259sizlik \u00fc\u00e7\u00fcn birm\u0259nal\u0131 olaraq \u00e7ox m\u00fcsb\u0259t \u0259h\u0259miyy\u0259t k\u0259sb ed\u0259c\u0259yini bildirdi. \u00d6lk\u0259 Ba\u015f\u00e7\u0131m\u0131z dedi: &#8211; Qar\u015f\u0131l\u0131ql\u0131 m\u00fctt\u0259fiqlik haqq\u0131nda b\u0259yannam\u0259nin imzalanmas\u0131 son ill\u0259rd\u0259 bizim nec\u0259 f\u0259al i\u015fl\u0259diyimizi v\u0259 qar\u015f\u0131l\u0131ql\u0131 \u0259m\u0259kda\u015fl\u0131\u011f\u0131n potensial\u0131n\u0131 art\u0131rma\u011f\u0131m\u0131z\u0131 \u00e7ox yax\u015f\u0131 ill\u00fcstrasiya edir. Bu, sad\u0259c\u0259 s\u00f6zl\u0259r, sad\u0259c\u0259 niyy\u0259t deyil. H\u0259m d\u0259 konkret i\u015fl\u0259r olub. B\u0259yannam\u0259 yet\u0259rinc\u0259 geni\u015fdir.<\/p>\n<p>S\u0259n\u0259dd\u0259 g\u00f6st\u0259ril\u0259n \u00f6hd\u0259likl\u0259r daha \u00e7ox Rusiyaya aiddir v\u0259 Az\u0259rbaycan d\u00f6vl\u0259tinin, xalq\u0131n\u0131n maraqlar\u0131na tam uy\u011fundur. Bir s\u00f6zl\u0259 Rusiya il\u0259 Az\u0259rbaycan aras\u0131nda m\u00fctt\u0259fiqlik f\u0259aliyy\u0259ti haqq\u0131nda b\u0259yannam\u0259 Az\u0259rbaycan\u0131n m\u00fcst\u0259qil siyas\u0259tini t\u0259sbit edir. G\u00f6rm\u0259m\u0259k m\u00fcmk\u00fcn deyil ki, s\u0259n\u0259din mahiyy\u0259tin\u0259 \u0259sas\u0259n Rusiyan\u0131n Az\u0259rbaycana t\u0259sir imkanlar\u0131 azal\u0131r, \u00f6lk\u0259miz \u0259lav\u0259 t\u0259minatlar almaqla daha da g\u00fccl\u0259nir.<\/p>\n<p>Moskva \u015f\u0259h\u0259rind\u0259 iki \u00f6lk\u0259 ba\u015f\u00e7\u0131s\u0131 aras\u0131nda ba\u015f tutan bu g\u00f6r\u00fc\u015f ulu \u00f6nd\u0259r Heyd\u0259r \u018fliyevin \u0259n layiqli siyasi davam\u00e7\u0131s\u0131 m\u00f6ht\u0259r\u0259m Prezident \u0130lham \u018fliyevin art\u0131q t\u0259kc\u0259 regionumuzda deyil, d\u00fcnyada say\u0131l\u0131b-se\u00e7il\u0259n siyasi liderl\u0259rd\u0259n oldu\u011funu bir daha s\u00fcbut etdi.<\/p>\n<p>Qar\u015f\u0131dan g\u00f6z\u0259l g\u00fcnl\u0259rimiz g\u0259lir. He\u00e7 birimizin \u015f\u00fcbh\u0259si yoxdur ki, XXI \u0259sr bizim \u0259srimiz olacaq. Ba\u015f\u0131m\u0131zda M\u00fcz\u0259ff\u0259r Ali Ba\u015f Komandan\u0131m\u0131z \u0130lham \u018fliyevin r\u0259hb\u0259rliyi il\u0259 yurdumuzu yenid\u0259n tik\u0259c\u0259k, quracaq, yaradacaq, Az\u0259rbaycan\u0131 d\u00fcnyan\u0131n lider d\u00f6vl\u0259tin\u0259 \u00e7evir\u0259c\u0259yik.<\/p>\n<p><strong>\u018fmin\u0259 YUS\u0130FQIZI,<br \/>\n\u018fm\u0259kdar jurnalist,<br \/>\nHeyd\u0259r \u018fliyev prospekti 47 \u0259razi partiya t\u0259\u015fkilat\u0131n\u0131n s\u0259dri<br \/>\nYevlax<\/strong><\/p>\n","protected":false},"excerpt":{"rendered":"<p>Bir filosofun fikridir: Sava\u015f nifr\u0259t etdikl\u0259rimizi \u00f6ld\u00fcr\u0259r\u0259k deyil, sevdikl\u0259rimizi qurtararaq qazan\u0131l\u0131r. Bu fikrin \u0259n bariz n\u00fcmun\u0259si Az\u0259rbaycan xalq\u0131d\u0131r. Biz \u00f6ld\u00fcrm\u0259yi, da\u011f\u0131tma\u011f\u0131, qan t\u00f6km\u0259yi sev\u0259n xalq deyilik, amma sevdikl\u0259rimizi can\u0131m\u0131zla, qan\u0131m\u0131zla qoruma\u011f\u0131, qurtarma\u011f\u0131 bacar\u0131r\u0131q. V\u0259 bacard\u0131q. 2020-ci ilin pay\u0131z\u0131nda son 200 illik tariximizin yeni s\u0259hif\u0259sini a\u00e7d\u0131q. Yenid\u0259n d\u00f6nd\u00fck h\u0259yata, Az\u0259rbaycan\u0131n \u015eu\u015fa d\u00f6vr\u00fc ba\u015flad\u0131, La\u00e7\u0131n d\u00f6vr\u00fc ba\u015flad\u0131, Qaraba\u011f d\u00f6vr\u00fc ba\u015flad\u0131. M\u00fcz\u0259ff\u0259r Ali Ba\u015f Komandan\u0131m\u0131z\u0131n r\u0259hb\u0259rliyi il\u0259 qalib xalq kimi, D\u0259mir Yumruq kimi. Z\u0259f\u0259rimizin boyu, \u00f6l\u00e7\u00fcs\u00fc o q\u0259d\u0259r b\u00f6y\u00fck idi ki, inanmaq bel\u0259 \u00e7\u0259tindi. Az\u0259rbaycan Respublikas\u0131n\u0131n Prezidenti \u0130lham \u018fliyev c\u0259nablar\u0131n\u0131n yeni s\u0259f\u0259ri, burada&hellip;<\/p>\n","protected":false},"author":2,"featured_media":443197,"comment_status":"closed","ping_status":"closed","sticky":false,"template":"","format":"standard","meta":{"om_disable_all_campaigns":false,"_monsterinsights_skip_tracking":false,"_monsterinsights_sitenote_active":false,"_monsterinsights_sitenote_note":"","_monsterinsights_sitenote_category":0},"categories":[19],"tags":[],"aioseo_notices":[],"gutentor_comment":0,"rttpg_featured_image_url":{"full":["https:\/\/arantv.az\/wp-content\/uploads\/2022\/02\/0a66e17d164562220716943725110056335.jpg",975,540,false],"landscape":["https:\/\/arantv.az\/wp-content\/uploads\/2022\/02\/0a66e17d164562220716943725110056335.jpg",975,540,false],"portraits":["https:\/\/arantv.az\/wp-content\/uploads\/2022\/02\/0a66e17d164562220716943725110056335.jpg",975,540,false],"thumbnail":["https:\/\/arantv.az\/wp-content\/uploads\/2022\/02\/0a66e17d164562220716943725110056335-500x280.jpg",500,280,true],"medium":["https:\/\/arantv.az\/wp-content\/uploads\/2022\/02\/0a66e17d164562220716943725110056335-660x365.jpg",660,365,true],"large":["https:\/\/arantv.az\/wp-content\/uploads\/2022\/02\/0a66e17d164562220716943725110056335-840x465.jpg",640,354,true],"1536x1536":["https:\/\/arantv.az\/wp-content\/uploads\/2022\/02\/0a66e17d164562220716943725110056335.jpg",975,540,false],"2048x2048":["https:\/\/arantv.az\/wp-content\/uploads\/2022\/02\/0a66e17d164562220716943725110056335.jpg",975,540,false],"post-thumbnail":["https:\/\/arantv.az\/wp-content\/uploads\/2022\/02\/0a66e17d164562220716943725110056335-240x172.jpg",240,172,true],"advps-thumb-one":["https:\/\/arantv.az\/wp-content\/uploads\/2022\/02\/0a66e17d164562220716943725110056335.jpg",975,540,false]},"rttpg_author":{"display_name":"V\u00fcsal Rafiqo\u011flu","author_link":"https:\/\/arantv.az\/?author=2"},"rttpg_comment":0,"rttpg_category":"<a href=\"https:\/\/arantv.az\/?cat=19\" rel=\"category\">G\u00fcnd\u0259m<\/a>","rttpg_excerpt":"Bir filosofun fikridir: Sava\u015f nifr\u0259t etdikl\u0259rimizi \u00f6ld\u00fcr\u0259r\u0259k deyil, sevdikl\u0259rimizi qurtararaq qazan\u0131l\u0131r. Bu fikrin \u0259n bariz n\u00fcmun\u0259si Az\u0259rbaycan xalq\u0131d\u0131r. Biz \u00f6ld\u00fcrm\u0259yi, da\u011f\u0131tma\u011f\u0131, qan t\u00f6km\u0259yi sev\u0259n xalq deyilik, amma sevdikl\u0259rimizi can\u0131m\u0131zla, qan\u0131m\u0131zla qoruma\u011f\u0131, qurtarma\u011f\u0131 bacar\u0131r\u0131q. V\u0259 bacard\u0131q. 2020-ci ilin pay\u0131z\u0131nda son 200 illik tariximizin yeni s\u0259hif\u0259sini a\u00e7d\u0131q. Yenid\u0259n d\u00f6nd\u00fck h\u0259yata, Az\u0259rbaycan\u0131n \u015eu\u015fa d\u00f6vr\u00fc ba\u015flad\u0131, La\u00e7\u0131n d\u00f6vr\u00fc ba\u015flad\u0131,&hellip;","_links":{"self":[{"href":"https:\/\/arantv.az\/index.php?rest_route=\/wp\/v2\/posts\/443196"}],"collection":[{"href":"https:\/\/arantv.az\/index.php?rest_route=\/wp\/v2\/posts"}],"about":[{"href":"https:\/\/arantv.az\/index.php?rest_route=\/wp\/v2\/types\/post"}],"author":[{"embeddable":true,"href":"https:\/\/arantv.az\/index.php?rest_route=\/wp\/v2\/users\/2"}],"replies":[{"embeddable":true,"href":"https:\/\/arantv.az\/index.php?rest_route=%2Fwp%2Fv2%2Fcomments&post=443196"}],"version-history":[{"count":0,"href":"https:\/\/arantv.az\/index.php?rest_route=\/wp\/v2\/posts\/443196\/revisions"}],"wp:featuredmedia":[{"embeddable":true,"href":"https:\/\/arantv.az\/index.php?rest_route=\/wp\/v2\/media\/443197"}],"wp:attachment":[{"href":"https:\/\/arantv.az\/index.php?rest_route=%2Fwp%2Fv2%2Fmedia&parent=443196"}],"wp:term":[{"taxonomy":"category","embeddable":true,"href":"https:\/\/arantv.az\/index.php?rest_route=%2Fwp%2Fv2%2Fcategories&post=443196"},{"taxonomy":"post_tag","embeddable":true,"href":"https:\/\/arantv.az\/index.php?rest_route=%2Fwp%2Fv2%2Ftags&post=443196"}],"curies":[{"name":"wp","href":"https:\/\/api.w.org\/{rel}","templated":true}]}}