{"id":443199,"date":"2022-02-24T07:09:54","date_gmt":"2022-02-24T04:09:54","guid":{"rendered":"http:\/\/arantv.az\/?p=443199"},"modified":"2022-02-24T07:09:54","modified_gmt":"2022-02-24T04:09:54","slug":"az%c9%99rbaycan-rusiya-munasib%c9%99tl%c9%99ri-yeni-m%c9%99rh%c9%99l%c9%99y%c9%99-q%c9%99d%c9%99m-qoyur","status":"publish","type":"post","link":"https:\/\/arantv.az\/?p=443199","title":{"rendered":"Az\u0259rbaycan-Rusiya m\u00fcnasib\u0259tl\u0259ri yeni m\u0259rh\u0259l\u0259y\u0259 q\u0259d\u0259m qoyur"},"content":{"rendered":"<p>Az\u0259rbaycan Prezidenti c\u0259nab \u0130lham \u018fliyevin Rusiyaya r\u0259smi s\u0259f\u0259ri zaman\u0131 Prezident Vladimir Putinl\u0259 imzalad\u0131\u011f\u0131\u00a0 \u201cAz\u0259rbaycan Respublikas\u0131 il\u0259 Rusiya Federasiyas\u0131 aras\u0131nda m\u00fctt\u0259fiqlik qar\u015f\u0131l\u0131ql\u0131 f\u0259aliyy\u0259ti haqq\u0131nda\u201d B\u0259yannam\u0259 iki d\u00f6vl\u0259t aras\u0131nda m\u00fcnasib\u0259tl\u0259rin daha da d\u0259rinl\u0259\u015fm\u0259si bax\u0131m\u0131ndan b\u00f6y\u00fck \u0259h\u0259miyy\u0259t k\u0259sb edir. Az\u0259rbaycan-Rusiya m\u00fcnasib\u0259tl\u0259rinin b\u00fct\u00fcn spektri \u00fczr\u0259 xarakterik olan y\u00fcks\u0259k s\u0259viyy\u0259li qar\u015f\u0131l\u0131ql\u0131 siyasi anla\u015fma v\u0259 strateji \u0259m\u0259kda\u015fl\u0131q ruhu ikit\u0259r\u0259fli iqtisadi \u0259laq\u0259l\u0259rin inki\u015faf\u0131 \u00fc\u00e7\u00fcn \u0259lveri\u015fli \u015f\u0259rait yarad\u0131r. \u0130kit\u0259r\u0259fli \u0259laq\u0259l\u0259rin inki\u015faf dinamikas\u0131 olduqca m\u00fcsb\u0259tdir. Bel\u0259 ki, 30 il\u0259 yax\u0131n m\u00fcdd\u0259tdir ki, t\u0259r\u0259fl\u0259r qar\u015f\u0131l\u0131ql\u0131 \u0259laq\u0259l\u0259rin b\u00fct\u00fcn istiqam\u0259tl\u0259r \u00fczr\u0259 inki\u015faf s\u0259viyy\u0259sinin y\u00fcks\u0259ldilm\u0259sind\u0259 maraql\u0131d\u0131r. \u0130qtisadi, siyasi, m\u0259d\u0259ni sah\u0259l\u0259rd\u0259 \u0259laq\u0259l\u0259rin inki\u015faf s\u0259viyy\u0259si g\u00fcn\u00fc-g\u00fcnd\u0259n y\u00fcks\u0259lir. H\u0259m\u00e7inin \u00f6lk\u0259l\u0259r aras\u0131nda ticar\u0259t d\u00f6vriyy\u0259si y\u00fcks\u0259kdir. Bu bax\u0131mdan \u0130lham \u018fliyevin Prezident kimi Rusiyaya 48-ci s\u0259f\u0259ri v\u0259 M\u00fctt\u0259fiqlik s\u0259n\u0259dinin haz\u0131rlanmas\u0131, eyni zamanda t\u0259r\u0259fl\u0259r aras\u0131nda raz\u0131la\u015fd\u0131r\u0131lmas\u0131 uzun s\u00fcr\u0259n proses oldu\u011funu g\u00f6st\u0259rir.<\/p>\n<p>Az\u0259rbaycanla Rusiya aras\u0131nda r\u0259smi diplomatik \u0259laq\u0259l\u0259rin qurulmas\u0131n\u0131n 30-cu ild\u00f6n\u00fcm\u00fcnd\u0259 bel\u0259 bir s\u0259n\u0259din imzalanmas\u0131 onu dem\u0259y\u0259 \u0259sas verir ki, bundan sonrak\u0131 m\u00fcdd\u0259td\u0259 Az\u0259rbaycan v\u0259 Rusiya m\u00fcnasib\u0259tl\u0259ri keyfiyy\u0259tc\u0259 yeni m\u0259rh\u0259l\u0259y\u0259 q\u0259d\u0259m qoyur. V\u0259t\u0259n m\u00fcharib\u0259sind\u0259n sonra &#8211; 2021-ci ilin iyun ay\u0131n\u0131n 15-d\u0259\u00a0qarda\u015f T\u00fcrkiy\u0259 il\u0259 m\u00fctt\u0259fiqlik\u00a0 m\u00fcnasib\u0259tl\u0259ti haqq\u0131nda B\u0259yannam\u0259nin imzalanmas\u0131, bu g\u00fcn is\u0259 n\u00f6vb\u0259ti diplomatik q\u0259l\u0259b\u0259miz olan Az\u0259rbaycan\u0131n milli maraqlar\u0131na xidm\u0259t ed\u0259n s\u0259n\u0259din imzalanmas\u0131 Az\u0259rbaycan\u0131n regionda yaratd\u0131\u011f\u0131 yeni reall\u0131\u011f\u0131n tam olaraq q\u0259bul edilm\u0259sidir. C\u0259nab Prezident \u0130lham \u018fliyevin qeyd etdiyi kimi, \u201cQar\u015f\u0131l\u0131ql\u0131 m\u00fctt\u0259fiqlik haqq\u0131nda b\u0259yannam\u0259nin imzalanmas\u0131 son ill\u0259rd\u0259 bizim nec\u0259 f\u0259al i\u015fl\u0259diyimizi v\u0259 qar\u015f\u0131l\u0131ql\u0131 \u0259m\u0259kda\u015fl\u0131\u011f\u0131n potensial\u0131n\u0131 art\u0131rma\u011f\u0131m\u0131z\u0131 \u00e7ox yax\u015f\u0131 ill\u00fcstrasiya edir. Bu, sad\u0259c\u0259 s\u00f6zl\u0259r, sad\u0259c\u0259 niyy\u0259tl\u0259r deyil, h\u0259m d\u0259 konkret i\u015fl\u0259r olub. B\u0259yannam\u0259 yet\u0259rinc\u0259 geni\u015fdir. Onun 40-dan \u00e7ox b\u0259ndi var. Bizim qar\u015f\u0131l\u0131ql\u0131 f\u0259aliyy\u0259timizin \u0259n m\u00fch\u00fcm sah\u0259l\u0259rini \u0259hat\u0259 edir v\u0259 art\u0131q dediyim kimi, bizim ikit\u0259r\u0259fli m\u00fcnasib\u0259tl\u0259rin g\u0259l\u0259c\u0259yi \u00fc\u00e7\u00fcn \u00e7ox b\u00f6y\u00fck \u0259h\u0259miyy\u0259t k\u0259sb ed\u0259c\u0259k\u201d.<\/p>\n<p>B\u0259yannam\u0259nin birinci b\u0259ndin\u0259 \u0259sas\u0259n, Rusiya v\u0259 Az\u0259rbaycan \u00f6z m\u00fcnasib\u0259tl\u0259rini m\u00fctt\u0259fiqlik qar\u015f\u0131l\u0131ql\u0131 f\u0259aliyy\u0259ti, iki \u00f6lk\u0259nin m\u00fcst\u0259qilliyin\u0259, d\u00f6vl\u0259t suverenliyin\u0259, \u0259razi b\u00fct\u00f6vl\u00fcy\u00fcn\u0259 v\u0259 d\u00f6vl\u0259t s\u0259rh\u0259dl\u0259rinin toxunulmazl\u0131\u011f\u0131na qar\u015f\u0131l\u0131ql\u0131 h\u00f6rm\u0259t, el\u0259c\u0259 d\u0259 bir-birinin daxili i\u015fl\u0259rin\u0259 qar\u0131\u015fmamaq, h\u00fcquq b\u0259rab\u0259rliyi v\u0259 qar\u015f\u0131l\u0131ql\u0131 fayda, m\u00fcbahis\u0259l\u0259rin dinc yolla h\u0259lli v\u0259 g\u00fcc t\u0259tbiq etm\u0259m\u0259k v\u0259 ya g\u00fccl\u0259 h\u0259d\u0259l\u0259m\u0259m\u0259k prinsipl\u0259rin\u0259 sadiqlik \u0259sas\u0131nda qururlar. \u0130kinci b\u0259ndd\u0259 deyilir ki, Rusiya v\u0259 Az\u0259rbaycan \u00f6z milli maraqlar\u0131n\u0131n m\u00fcdafi\u0259sin\u0259 y\u00f6n\u0259lmi\u015f m\u00fcst\u0259qil xarici siyas\u0259t y\u00fcr\u00fcd\u00fcrl\u0259r. Rusiya Federasiyas\u0131 v\u0259 Az\u0259rbaycan Respublikas\u0131 T\u0259r\u0259fl\u0259rd\u0259n birinin fikrinc\u0259 iki d\u00f6vl\u0259tin strateji t\u0259r\u0259fda\u015fl\u0131\u011f\u0131na v\u0259 m\u00fctt\u0259fiqlik m\u00fcnasib\u0259tl\u0259rin\u0259 x\u0259l\u0259l g\u0259tir\u0259n h\u0259r hans\u0131 h\u0259r\u0259k\u0259tl\u0259rd\u0259n \u00e7\u0259kinirl\u0259r. Bu m\u0259qs\u0259dl\u0259 onlar iki \u00f6lk\u0259nin Xarici \u0130\u015fl\u0259r nazirlikl\u0259ri x\u0259tti il\u0259 daimi f\u0259aliyy\u0259t g\u00f6st\u0259r\u0259n m\u0259sl\u0259h\u0259tl\u0259\u015fm\u0259l\u0259r mexanizmini yarad\u0131rlar. B\u0259yannam\u0259d\u0259 Az\u0259rbaycan-Erm\u0259nistan m\u00fcnasib\u0259tl\u0259rinin nizamlanmas\u0131 m\u0259s\u0259l\u0259si d\u0259 \u00f6z \u0259ksini tap\u0131b. Bel\u0259 ki, 9-cu b\u0259nd\u0259 \u0259sas\u0259n, Rusiya v\u0259 Az\u0259rbaycan regionda sabitlik v\u0259 t\u0259hl\u00fck\u0259sizliyin m\u00f6hk\u0259ml\u0259ndirilm\u0259si, b\u00fct\u00fcn iqtisadi v\u0259 n\u0259qliyyat \u0259laq\u0259l\u0259rinin b\u0259rpas\u0131 v\u0259 Az\u0259rbaycan il\u0259 Erm\u0259nistan aras\u0131nda m\u00fcnasib\u0259tl\u0259rin normalla\u015fd\u0131r\u0131lmas\u0131 \u00fc\u00e7\u00fcn \u0259sas kimi \u00e7\u0131x\u0131\u015f etmi\u015f 9\/10 noyabr 2020-ci il tarixli, 11 yanvar 2021-ci il tarixli v\u0259 26 noyabr 2021-ci il tarixli b\u0259yanatlar\u0131n\u0131n m\u00fcdd\u0259alar\u0131n\u0131n h\u0259yata ke\u00e7irilm\u0259si \u00fczr\u0259 s\u0259yl\u0259r\u0259 bundan sonra da h\u0259r c\u00fcr d\u0259st\u0259k ver\u0259c\u0259kl\u0259r\u201d.<\/p>\n<p>B\u00fct\u00fcn bunlar Az\u0259rbaycan-Rusiya m\u00fcnasib\u0259tl\u0259rinin qar\u015f\u0131s\u0131al\u0131nmaz v\u0259 gerid\u00f6nm\u0259z xarakter ald\u0131\u011f\u0131n\u0131 bir daha t\u0259sdiql\u0259yir v\u0259 s\u00fcbut edir ki, bu m\u00fcnasib\u0259tl\u0259r y\u00fcks\u0259l\u0259n \u00a0x\u0259tl\u0259 inki\u015faf etm\u0259kd\u0259dir.<\/p>\n<p><strong>Nihad P\u0259nahov,<br \/>\nYeni Az\u0259rbaycan Partiyas\u0131 Tovuz rayon t\u0259\u015fkilat\u0131n\u0131n s\u0259dri<\/strong><\/p>\n","protected":false},"excerpt":{"rendered":"<p>Az\u0259rbaycan Prezidenti c\u0259nab \u0130lham \u018fliyevin Rusiyaya r\u0259smi s\u0259f\u0259ri zaman\u0131 Prezident Vladimir Putinl\u0259 imzalad\u0131\u011f\u0131\u00a0 \u201cAz\u0259rbaycan Respublikas\u0131 il\u0259 Rusiya Federasiyas\u0131 aras\u0131nda m\u00fctt\u0259fiqlik qar\u015f\u0131l\u0131ql\u0131 f\u0259aliyy\u0259ti haqq\u0131nda\u201d B\u0259yannam\u0259 iki d\u00f6vl\u0259t aras\u0131nda m\u00fcnasib\u0259tl\u0259rin daha da d\u0259rinl\u0259\u015fm\u0259si bax\u0131m\u0131ndan b\u00f6y\u00fck \u0259h\u0259miyy\u0259t k\u0259sb edir. Az\u0259rbaycan-Rusiya m\u00fcnasib\u0259tl\u0259rinin b\u00fct\u00fcn spektri \u00fczr\u0259 xarakterik olan y\u00fcks\u0259k s\u0259viyy\u0259li qar\u015f\u0131l\u0131ql\u0131 siyasi anla\u015fma v\u0259 strateji \u0259m\u0259kda\u015fl\u0131q ruhu ikit\u0259r\u0259fli iqtisadi \u0259laq\u0259l\u0259rin inki\u015faf\u0131 \u00fc\u00e7\u00fcn \u0259lveri\u015fli \u015f\u0259rait yarad\u0131r. \u0130kit\u0259r\u0259fli \u0259laq\u0259l\u0259rin inki\u015faf dinamikas\u0131 olduqca m\u00fcsb\u0259tdir. Bel\u0259 ki, 30 il\u0259 yax\u0131n m\u00fcdd\u0259tdir ki, t\u0259r\u0259fl\u0259r qar\u015f\u0131l\u0131ql\u0131 \u0259laq\u0259l\u0259rin b\u00fct\u00fcn istiqam\u0259tl\u0259r \u00fczr\u0259 inki\u015faf s\u0259viyy\u0259sinin y\u00fcks\u0259ldilm\u0259sind\u0259 maraql\u0131d\u0131r. \u0130qtisadi, siyasi, m\u0259d\u0259ni sah\u0259l\u0259rd\u0259 \u0259laq\u0259l\u0259rin inki\u015faf s\u0259viyy\u0259si&hellip;<\/p>\n","protected":false},"author":2,"featured_media":443200,"comment_status":"closed","ping_status":"closed","sticky":false,"template":"","format":"standard","meta":{"om_disable_all_campaigns":false,"_monsterinsights_skip_tracking":false,"_monsterinsights_sitenote_active":false,"_monsterinsights_sitenote_note":"","_monsterinsights_sitenote_category":0},"categories":[19],"tags":[],"aioseo_notices":[],"gutentor_comment":0,"rttpg_featured_image_url":{"full":["https:\/\/arantv.az\/wp-content\/uploads\/2022\/02\/ab541d87164562140293153865410565968.jpg",975,540,false],"landscape":["https:\/\/arantv.az\/wp-content\/uploads\/2022\/02\/ab541d87164562140293153865410565968.jpg",975,540,false],"portraits":["https:\/\/arantv.az\/wp-content\/uploads\/2022\/02\/ab541d87164562140293153865410565968.jpg",975,540,false],"thumbnail":["https:\/\/arantv.az\/wp-content\/uploads\/2022\/02\/ab541d87164562140293153865410565968-500x280.jpg",500,280,true],"medium":["https:\/\/arantv.az\/wp-content\/uploads\/2022\/02\/ab541d87164562140293153865410565968-660x365.jpg",660,365,true],"large":["https:\/\/arantv.az\/wp-content\/uploads\/2022\/02\/ab541d87164562140293153865410565968-840x465.jpg",640,354,true],"1536x1536":["https:\/\/arantv.az\/wp-content\/uploads\/2022\/02\/ab541d87164562140293153865410565968.jpg",975,540,false],"2048x2048":["https:\/\/arantv.az\/wp-content\/uploads\/2022\/02\/ab541d87164562140293153865410565968.jpg",975,540,false],"post-thumbnail":["https:\/\/arantv.az\/wp-content\/uploads\/2022\/02\/ab541d87164562140293153865410565968-240x172.jpg",240,172,true],"advps-thumb-one":["https:\/\/arantv.az\/wp-content\/uploads\/2022\/02\/ab541d87164562140293153865410565968.jpg",975,540,false]},"rttpg_author":{"display_name":"V\u00fcsal Rafiqo\u011flu","author_link":"https:\/\/arantv.az\/?author=2"},"rttpg_comment":0,"rttpg_category":"<a href=\"https:\/\/arantv.az\/?cat=19\" rel=\"category\">G\u00fcnd\u0259m<\/a>","rttpg_excerpt":"Az\u0259rbaycan Prezidenti c\u0259nab \u0130lham \u018fliyevin Rusiyaya r\u0259smi s\u0259f\u0259ri zaman\u0131 Prezident Vladimir Putinl\u0259 imzalad\u0131\u011f\u0131\u00a0 \u201cAz\u0259rbaycan Respublikas\u0131 il\u0259 Rusiya Federasiyas\u0131 aras\u0131nda m\u00fctt\u0259fiqlik qar\u015f\u0131l\u0131ql\u0131 f\u0259aliyy\u0259ti haqq\u0131nda\u201d B\u0259yannam\u0259 iki d\u00f6vl\u0259t aras\u0131nda m\u00fcnasib\u0259tl\u0259rin daha da d\u0259rinl\u0259\u015fm\u0259si bax\u0131m\u0131ndan b\u00f6y\u00fck \u0259h\u0259miyy\u0259t k\u0259sb edir. Az\u0259rbaycan-Rusiya m\u00fcnasib\u0259tl\u0259rinin b\u00fct\u00fcn spektri \u00fczr\u0259 xarakterik olan y\u00fcks\u0259k s\u0259viyy\u0259li qar\u015f\u0131l\u0131ql\u0131 siyasi anla\u015fma v\u0259 strateji \u0259m\u0259kda\u015fl\u0131q ruhu ikit\u0259r\u0259fli iqtisadi \u0259laq\u0259l\u0259rin&hellip;","_links":{"self":[{"href":"https:\/\/arantv.az\/index.php?rest_route=\/wp\/v2\/posts\/443199"}],"collection":[{"href":"https:\/\/arantv.az\/index.php?rest_route=\/wp\/v2\/posts"}],"about":[{"href":"https:\/\/arantv.az\/index.php?rest_route=\/wp\/v2\/types\/post"}],"author":[{"embeddable":true,"href":"https:\/\/arantv.az\/index.php?rest_route=\/wp\/v2\/users\/2"}],"replies":[{"embeddable":true,"href":"https:\/\/arantv.az\/index.php?rest_route=%2Fwp%2Fv2%2Fcomments&post=443199"}],"version-history":[{"count":0,"href":"https:\/\/arantv.az\/index.php?rest_route=\/wp\/v2\/posts\/443199\/revisions"}],"wp:featuredmedia":[{"embeddable":true,"href":"https:\/\/arantv.az\/index.php?rest_route=\/wp\/v2\/media\/443200"}],"wp:attachment":[{"href":"https:\/\/arantv.az\/index.php?rest_route=%2Fwp%2Fv2%2Fmedia&parent=443199"}],"wp:term":[{"taxonomy":"category","embeddable":true,"href":"https:\/\/arantv.az\/index.php?rest_route=%2Fwp%2Fv2%2Fcategories&post=443199"},{"taxonomy":"post_tag","embeddable":true,"href":"https:\/\/arantv.az\/index.php?rest_route=%2Fwp%2Fv2%2Ftags&post=443199"}],"curies":[{"name":"wp","href":"https:\/\/api.w.org\/{rel}","templated":true}]}}