{"id":443202,"date":"2022-02-24T07:10:49","date_gmt":"2022-02-24T04:10:49","guid":{"rendered":"http:\/\/arantv.az\/?p=443202"},"modified":"2022-02-24T07:10:49","modified_gmt":"2022-02-24T04:10:49","slug":"moskva-b%c9%99yannam%c9%99si-az%c9%99rbaycanin-regionda-yaratdigi-yeni-realliqlarin-t%c9%99minati-ucun-etibarli-bazadir","status":"publish","type":"post","link":"https:\/\/arantv.az\/?p=443202","title":{"rendered":"Moskva B\u0259yannam\u0259si Az\u0259rbaycan\u0131n regionda yaratd\u0131\u011f\u0131 yeni reall\u0131qlar\u0131n t\u0259minat\u0131 \u00fc\u00e7\u00fcn etibarl\u0131 bazad\u0131r"},"content":{"rendered":"<p><em><strong>\u00abAz\u0259rbaycan Respublikas\u0131 il\u0259 Rusiya Federasiyas\u0131 aras\u0131nda \u00a0m\u00fctt\u0259fiqlik qar\u015f\u0131l\u0131ql\u0131\u00a0 f\u0259aliyy\u0259ti haqq\u0131nda\u00bb B\u0259yannam\u0259nin \u00a0imzalanmas\u0131 Qafqazda s\u00fclh\u00fcn, X\u0259z\u0259r regionunda v\u0259 Avrasiya m\u0259kan\u0131nda \u0259m\u0259kda\u015fl\u0131\u011f\u0131n m\u00f6hk\u0259ml\u0259ndirilm\u0259sin\u0259\u00a0 sanball\u0131, h\u0259lledici t\u00f6hf\u0259dir<\/strong><\/em><\/p>\n<p>\u0130kinci Qaraba\u011f m\u00fcharib\u0259sini Z\u0259f\u0259rl\u0259 ba\u015fa vuran Az\u0259rbaycan \u00a0Erm\u0259nistan \u00fcz\u0259rind\u0259ki Q\u0259l\u0259b\u0259si il\u0259 b\u00f6lg\u0259d\u0259 siyasi, iqtisadi q\u00fcdr\u0259ti, diplomatik u\u011furlar\u0131, h\u0259rbi \u00fcst\u00fcnl\u00fcy\u00fc \u00a0il\u0259 se\u00e7il\u0259n \u00f6lk\u0259 oldu\u011funu t\u0259sdiql\u0259di.\u00a0 10 noyabr 2020-cild\u0259 Az\u0259rbaycan v\u0259 Rusiya prezidentl\u0259rinin, Erm\u0259nistan\u0131n ba\u015f nazirinin\u00a0\u00a0 imzalad\u0131qlar\u0131 \u00fc\u00e7t\u0259r\u0259fli B\u0259yanatda Az\u0259rbaycan\u0131n maraqlar\u0131n\u0131 \u0259ks etdir\u0259n m\u0259s\u0259l\u0259l\u0259rin yer almas\u0131\u00a0\u00a0 b\u00f6lg\u0259d\u0259\u00a0 sabitliyi t\u0259min ed\u0259n yeni reall\u0131qlar\u0131n yaranmas\u0131nda\u00a0 x\u00fcsusi xidm\u0259tl\u0259ri olan \u00f6lk\u0259mizin u\u011furlar\u0131n\u0131n t\u0259zah\u00fcr\u00fcd\u00fcr.\u00a0 Xarici siyas\u0259tin\u0259 uy\u011fun olaraq b\u00fct\u00fcn \u00f6lk\u0259l\u0259rl\u0259 \u00a0m\u00fcnasib\u0259tl\u0259rini qar\u015f\u0131l\u0131ql\u0131 h\u00f6rm\u0259t v\u0259 etimad prinsipl\u0259rin\u0259 uy\u011fun \u00a0inki\u015faf etdir\u0259n Az\u0259rbaycan\u0131n bu sah\u0259d\u0259ki s\u0259yl\u0259rinin bariz n\u00fcmun\u0259si\u00a0 \u00f6lk\u0259mizin tolerant, multikultural d\u00f6vl\u0259t kimi tan\u0131nmas\u0131d\u0131r. V\u0259t\u0259n m\u00fcharib\u0259sind\u0259n sonra\u00a0 Az\u0259rbaycana h\u0259r zaman qarda\u015f d\u0259st\u0259yi g\u00f6st\u0259r\u0259n T\u00fcrkiy\u0259 il\u0259 Az\u0259rbaycan aras\u0131nda\u00a0 m\u00fctt\u0259fiqlik m\u00fcnasib\u0259tl\u0259rini \u0259ks etdir\u0259n \u015eu\u015fa B\u0259yannam\u0259sinin, daha sonra\u00a0 \u00a0T\u00fcrkiy\u0259, Az\u0259rbaycan v\u0259 Pakistan parlamentl\u0259ri s\u0259drl\u0259rinin i\u015ftirak\u0131 il\u0259 \u00a0\u00a0Bak\u0131 B\u0259yannam\u0259sinin imzalanmas\u0131 d\u00fcnya siyas\u0259tind\u0259\u00a0 s\u00f6z sahibi olan Az\u0259rbaycana beyn\u0259lxalq s\u0259viyy\u0259d\u0259 artan maraqdan qaynaqlan\u0131r. \u0130mzalanan s\u0259n\u0259dl\u0259rd\u0259 qeyd olunan b\u0259ndl\u0259r\u0259 uy\u011fun \u00a0d\u00f6vl\u0259tl\u0259raras\u0131 n\u0259qliyyat, ticar\u0259t, energetika, xalqlararas\u0131 t\u0259mas, t\u0259hsil, sosial v\u0259 m\u0259d\u0259niyy\u0259t m\u00fcbadil\u0259si, turizm, informasiya- kommunikasiya texnologiyalar\u0131 sah\u0259sind\u0259 regional \u0259m\u0259kda\u015fl\u0131q \u00fc\u00e7\u00fcn \u00a0\u0259laq\u0259l\u0259rin inki\u015faf\u0131 b\u00fct\u00fcnl\u00fckd\u0259 d\u00fcnya siyas\u0259tin\u0259 t\u0259sir ed\u0259c\u0259k amill\u0259rd\u0259ndir.<\/p>\n<p>Bu g\u00fcnl\u0259rd\u0259 \u00a0Moskvada Az\u0259rbaycan v\u0259 Rusiya prezidentl\u0259ri \u00a0\u0130lham \u018fliyevin v\u0259 Vladimir Putinin imzalad\u0131qlar\u0131 43 b\u0259ndd\u0259n ibar\u0259t \u00abAz\u0259rbaycan Respublikas\u0131 il\u0259 Rusiya Federasiyas\u0131 aras\u0131nda m\u00fctt\u0259f\u0259iklik qar\u015f\u0131l\u0131ql\u0131 f\u0259aliyy\u0259ti haqq\u0131nda\u00bb B\u0259yannam\u0259\u201dd\u0259 iki \u00f6lk\u0259 aras\u0131ndak\u0131 m\u00fcnasib\u0259tl\u0259rin \u00a0perspektivl\u0259ri yeni reall\u0131qlar bax\u0131m\u0131ndan t\u0259nziml\u0259nir. \u00a0S\u0259n\u0259dd\u0259 m\u00fctt\u0259fiqliyin m\u00f6hk\u0259ml\u0259nm\u0259si il\u0259 ba\u011fl\u0131 aktual m\u0259s\u0259l\u0259l\u0259r\u0259 x\u00fcsusi diqq\u0259tl\u0259 yana\u015f\u0131lm\u0131\u015fd\u0131r. Rusiya il\u0259 Az\u0259rbaycan\u00a0 aras\u0131nda dostluq v\u0259 mehriban qon\u015fuluq m\u00fcnasib\u0259tl\u0259rinin \u00a0tarixin\u0259,\u00a0 m\u0259d\u0259ni v\u0259 humanitar \u0259laq\u0259l\u0259rin, \u00a0xalqlar\u0131m\u0131z\u0131n maraqlar\u0131na \u00a0uy\u011fun haz\u0131rlanan s\u0259n\u0259d \u00a0regional v\u0259 beyn\u0259lxalq t\u0259hl\u00fck\u0259sizliyin v\u0259 sabitliyin t\u0259min edilm\u0259sin\u0259 v\u0259 m\u00f6hk\u0259ml\u0259ndirilm\u0259sin\u0259 t\u00f6hf\u0259 ver\u0259c\u0259k. \u00a0B\u0259y\u0259nnam\u0259 t\u0259r\u0259fda\u015fl\u0131\u011f\u0131n \u00a0keyfiyy\u0259tc\u0259 yeni, m\u00fctt\u0259fiqlik s\u0259viyy\u0259sin\u0259 \u00a0\u00e7atd\u0131r\u0131lmas\u0131 imkanlar\u0131n\u0131 art\u0131racaq. H\u0259r iki \u00f6lk\u0259nin siyasi, iqtisadi, m\u00fcdafi\u0259, m\u0259d\u0259ni, humanitar, t\u0259hsil, sosial,\u00a0 el\u0259c\u0259 d\u0259 s\u0259hiyy\u0259, g\u0259ncl\u0259r aras\u0131nda \u0259m\u0259kda\u015fl\u0131q v\u0259 idman sah\u0259sind\u0259 yax\u0131nla\u015fmas\u0131n\u0131n vacibliyi \u0259sas amil kimi n\u0259z\u0259rd\u0259 tutulur.\u00a0 T\u0259r\u0259fda\u015f \u00f6lk\u0259l\u0259rin qar\u015f\u0131l\u0131ql\u0131 h\u00f6rm\u0259t v\u0259 etimad prinsipl\u0259rin\u0259 \u0259saslanan h\u0259rt\u0259r\u0259fli v\u0259 b\u0259rab\u0259rh\u00fcquqlu \u0259m\u0259kda\u015fl\u0131\u011f\u0131n\u0131n geni\u015fl\u0259ndirilm\u0259sin\u0259 sadiqliyi \u0259ks etdir\u0259n B\u0259yannam\u0259d\u0259 \u00a0\u0259srl\u0259r\u0259 s\u00f6yk\u0259n\u0259n qon\u015fuluq m\u00fcnasib\u0259tl\u0259rinin \u0259n\u0259n\u0259l\u0259ri d\u0259 \u00a0ifad\u0259 olunur. Beyn\u0259lxalq h\u00fcquq \u0259sas\u0131nda \u00e7oxq\u00fctbl\u00fc d\u00fcnyan\u0131n formala\u015fd\u0131r\u0131lmas\u0131nda,\u00a0 s\u00fclh\u00fcn v\u0259 t\u0259hl\u00fck\u0259sizliyin qorunub-saxlanmas\u0131nda BMT-nin rolunun vacibliyinin qeyd olundu\u011fu Moskva B\u0259yannam\u0259sind\u0259 h\u0259r \u00a0iki \u00f6lk\u0259nin m\u00fcst\u0259qilliyin\u0259, d\u00f6vl\u0259t suverenliyin\u0259, \u0259razi b\u00fct\u00f6vl\u00fcy\u00fcn\u0259 v\u0259 d\u00f6vl\u0259t s\u0259rh\u0259dl\u0259rinin toxunulmazl\u0131\u011f\u0131na qar\u015f\u0131l\u0131ql\u0131 h\u00f6rm\u0259t\u00a0 \u0259sas prinsipl\u0259r kimi g\u00f6st\u0259rilir. \u00a0El\u0259c\u0259 d\u0259 regional miqyasda s\u00fclh\u00fcn m\u00f6hk\u0259ml\u0259ndirilm\u0259si, sabitliyin v\u0259 t\u0259hl\u00fck\u0259sizliyin t\u0259min edilm\u0259si \u00a0m\u0259qs\u0259dil\u0259 qar\u015f\u0131l\u0131ql\u0131 f\u0259aliyy\u0259tin \u00a0g\u00fccl\u0259ndirilm\u0259si \u00a0konstruktiv \u0259m\u0259kda\u015fl\u0131\u011fa t\u00f6hf\u0259 kimi d\u0259y\u0259rl\u0259ndirilir. B\u0259yannam\u0259d\u0259 qeyd olunur ki, \u00a0qar\u015f\u0131l\u0131ql\u0131 maraq k\u0259sb ed\u0259n m\u0259s\u0259l\u0259l\u0259r \u00fczr\u0259 BMT, AT\u018fT, MDB, dig\u0259r beyn\u0259lxalq t\u0259\u015fkilat v\u0259 forumlar \u00e7\u0259r\u00e7iv\u0259sind\u0259 qar\u015f\u0131l\u0131ql\u0131 f\u0259aliyy\u0259t g\u00fccl\u0259ndiril\u0259c\u0259k. T\u0259r\u0259fl\u0259r Qafqaz v\u0259 X\u0259z\u0259r regionlar\u0131nda sabitlik v\u0259 t\u0259hl\u00fck\u0259sizliyin t\u0259min edilm\u0259si, \u00a0b\u00f6lg\u0259 d\u00f6vl\u0259tl\u0259ri aras\u0131nda uzunm\u00fcdd\u0259tli s\u00fclh\u00fcn yarad\u0131lmas\u0131nda birg\u0259 \u0259m\u0259kda\u015fl\u0131q imkanlar\u0131 geni\u015fl\u0259ndir\u0259c\u0259kl\u0259r.\u00a0 \u018fsas madd\u0259l\u0259rd\u0259n biri d\u0259 \u00a0X\u0259z\u0259r d\u0259nizind\u0259 sahilyan\u0131 d\u00f6vl\u0259tl\u0259rin suverenliyinin,\u00a0 m\u00fcst\u0259sna h\u00fcquqlar\u0131n\u0131n realiz\u0259si, el\u0259c\u0259 d\u0259 onlar\u0131n yurisdiksiyalar\u0131n\u0131n h\u0259yata ke\u00e7irilm\u0259si \u00fc\u00e7\u00fcn X\u0259z\u0259r d\u0259nizinin h\u00fcquqi statusu haqq\u0131nda Konvensiyada n\u0259z\u0259rd\u0259 tutulmu\u015f b\u00fct\u00fcn f\u0259aliyy\u0259t prinsipl\u0259rin\u0259 sadiqlikdir. \u00a0Qeyd olundu\u011fu kimi, \u00a0\u015eimal-C\u0259nub\u201d beyn\u0259lxalq n\u0259qliyyat d\u0259hlizinin davaml\u0131 v\u0259 tammiqyasl\u0131 f\u0259aliyy\u0259ti \u00fc\u00e7\u00fcn texniki v\u0259 iqtisadi \u015f\u0259raitin t\u0259min edilm\u0259si, iki \u00f6lk\u0259 \u0259razisind\u0259n ke\u00e7\u0259n beyn\u0259lxalq n\u0259qliyyat d\u0259hlizl\u0259rinin t\u0259hl\u00fck\u0259sizliyinin v\u0259 fasil\u0259siz f\u0259aliyy\u0259tinin t\u0259min edilm\u0259si qlobal enerji \u0259m\u0259kda\u015fl\u0131\u011f\u0131n\u0131 da \u00a0stimulla\u015fd\u0131racaq. \u00a0Enerji resurslar\u0131n\u0131n n\u0259qli , el\u0259c\u0259 d\u0259 alternativ v\u0259 b\u0259rpa olunan enerji m\u0259nb\u0259l\u0259ri, \u00a0informasiya t\u0259hl\u00fck\u0259sizliyi sah\u0259sind\u0259 \u0259m\u0259kda\u015fl\u0131\u011f\u0131n geni\u015fl\u0259ndirilm\u0259si \u0259sas h\u0259d\u0259f olan \u00a0regional sabitliyi t\u0259min ed\u0259c\u0259k .<\/p>\n<p>\u0130mzalanma m\u0259rasimind\u0259n sonra m\u0259tbuata verdikl\u0259ri b\u0259yanatlar\u0131 il\u0259\u00a0 tarixi s\u0259n\u0259din \u0259h\u0259miyy\u0259tind\u0259n b\u0259hs ed\u0259n prezidentl\u0259rin a\u00e7\u0131qlamalar\u0131 maraqla qar\u015f\u0131land\u0131.<\/p>\n<p>\u00abM\u00fctt\u0259fiqlik qar\u015f\u0131l\u0131ql\u0131 f\u0259aliyy\u0259ti haqq\u0131nda B\u0259yannam\u0259nin Rusiya il\u0259 Az\u0259rbaycan aras\u0131nda r\u0259smi diplomatik \u0259laq\u0259l\u0259rin 30 illiyinin tamam oldu\u011fu ild\u0259 imzalanmas\u0131 \u00e7ox r\u0259mzi xarakter da\u015f\u0131y\u0131r. \u00d6t\u0259n onillikl\u0259r \u0259rzind\u0259 Rusiya-Az\u0259rbaycan \u0259m\u0259kda\u015fl\u0131\u011f\u0131 n\u0259z\u0259r\u0259\u00e7arpacaq d\u0259r\u0259c\u0259d\u0259 m\u00f6hk\u0259ml\u0259nib v\u0259 geni\u015fl\u0259nib, siyasi, iqtisadi v\u0259 humanitar sah\u0259l\u0259rd\u0259 \u00e7oxsayl\u0131 konkret qar\u015f\u0131l\u0131ql\u0131 faydal\u0131 layih\u0259l\u0259rl\u0259 z\u0259nginl\u0259\u015fib. Biz, s\u00f6zs\u00fcz ki, m\u00f6hk\u0259m dostluq, mehriban qon\u015fuluq, qar\u015f\u0131l\u0131ql\u0131 h\u00f6rm\u0259t v\u0259 bir-birinin maraqlar\u0131n\u0131n n\u0259z\u0259r\u0259 al\u0131nmas\u0131 \u0259n\u0259n\u0259l\u0259rin\u0259 \u0259saslanmaqla \u0259sl s\u0131x qar\u015f\u0131l\u0131ql\u0131 m\u00fctt\u0259fiqlik m\u00fcnasib\u0259tl\u0259rini bundan sonra da h\u0259rt\u0259r\u0259fli inki\u015faf etdirm\u0259k \u0259zmind\u0259yik\u00bb s\u00f6yl\u0259y\u0259n \u00a0Prezident Vladimir Putin B\u0259yannam\u0259d\u0259\u00a0 biri-birind\u0259n \u0259h\u0259miyy\u0259tli aktual m\u0259s\u0259l\u0259l\u0259rin kompleks halda\u00a0 n\u0259z\u0259rd\u0259n ke\u00e7irilm\u0259sini perspektiv \u00fc\u00e7\u00fcn \u00abyol x\u0259rit\u0259si\u00bb kimi d\u0259y\u0259rl\u0259ndirdi. Qar\u015f\u0131l\u0131ql\u0131 ticari-iqtisadi \u0259laq\u0259l\u0259rin, s\u0259nayed\u0259, aqrar sah\u0259d\u0259 s\u0259m\u0259r\u0259li t\u0259r\u0259fda\u015fl\u0131\u011f\u0131n h\u0259r iki d\u00f6vl\u0259t \u00fc\u00e7\u00fcn faydal\u0131 olaca\u011f\u0131n\u0131 bildirdi. Respublikada rus dili v\u0259 m\u0259d\u0259niyy\u0259tinin d\u0259st\u0259kl\u0259nm\u0259si v\u0259 t\u0259\u015fviqin\u0259 g\u00f6r\u0259 Az\u0259rbaycan r\u0259hb\u0259rliyin\u0259 minn\u0259tdarl\u0131\u011f\u0131n\u0131 \u00e7atd\u0131rd\u0131. Vladimir Putin \u00a0Az\u0259rbaycan v\u0259 Erm\u0259nistan aras\u0131nda m\u00fcnasib\u0259tl\u0259rin normalla\u015fd\u0131r\u0131lmas\u0131 \u00fc\u00e7\u00fcn imzalanan \u00fc\u00e7t\u0259r\u0259fli B\u0259yanatda qeyd olunan \u00a0raz\u0131la\u015fmalar\u0131n tam h\u0259cmd\u0259 icras\u0131n\u0131n vacibliyini d\u0259 vur\u011fulad\u0131. \u00a0Rusiya s\u00fclhm\u0259raml\u0131lar\u0131n\u0131n\u00a0 i\u015f\u011faldan azad edilmi\u015f \u0259razil\u0259rin \u00a0minalardan t\u0259mizl\u0259nm\u0259sind\u0259ki f\u0259aliyy\u0259tind\u0259n, \u00a0humanitar aksiyalarda i\u015ftirak\u0131ndan b\u0259hs ed\u0259n Rusiya Prezidentinin\u00a0\u00abDaha bir prioritet m\u0259s\u0259l\u0259 Az\u0259rbaycan-Erm\u0259nistan s\u0259rh\u0259dinin delimitasiyas\u0131 v\u0259 demarkasiyas\u0131 prosesinin i\u015f\u0259 sal\u0131nmas\u0131d\u0131r. Rusiya \u00f6z t\u0259r\u0259find\u0259n, yuxar\u0131da adlar\u0131 \u00e7\u0259kil\u0259n b\u00fct\u00fcn h\u0259d\u0259f v\u0259 m\u0259s\u0259l\u0259l\u0259r\u0259 nail olmaq \u00fc\u00e7\u00fcn \u00e7ox i\u015f g\u00f6r\u00fcb v\u0259 g\u00f6r\u0259c\u0259k\u2026\u00dcmumiyy\u0259tl\u0259, bug\u00fcnk\u00fc dan\u0131\u015f\u0131qlar ayd\u0131n g\u00f6st\u0259rdi ki, Qafqaz v\u0259 X\u0259z\u0259r regionlar\u0131nda sabitlik v\u0259 t\u0259hl\u00fck\u0259sizliyin t\u0259minat\u0131nda, b\u00fct\u00fcn Avrasiya m\u0259kan\u0131nda inteqrasiya prosesl\u0259rinin inki\u015faf\u0131nda Rusiya v\u0259 Az\u0259rbaycan\u0131n \u00fcmumi maraqlar\u0131 var\u00bb s\u00f6zl\u0259ri regionda \u0259m\u0259kda\u015fl\u0131\u011f\u0131n t\u0259minat\u0131na g\u00f6st\u0259ril\u0259n etimadd\u0131r.<\/p>\n<p>Rusiya il\u0259 Az\u0259rbaycan\u0131n m\u00fcnasib\u0259tl\u0259rinin \u00a0m\u00fctt\u0259fiqlik s\u0259viyy\u0259sin\u0259 \u00e7atd\u0131r\u0131lmas\u0131n\u0131 b\u00f6y\u00fck \u00a0imtiyaz v\u0259 \u00a0m\u0259suliyy\u0259t adland\u0131ran Prezident \u0130lham \u018fliyev bildirdi ki, uzunm\u00fcdd\u0259tli \u0259m\u0259kda\u015fl\u0131\u011fa, mehriban qon\u015fulu\u011fa, praqmatizm\u0259 \u0259saslanan t\u0259m\u0259l \u00fcz\u0259rind\u0259\u00a0 m\u0259hk\u0259ml\u0259n\u0259n m\u00fcnasib\u0259tl\u0259rin m\u0259ntiqi n\u0259tic\u0259si \u0259m\u0259kda\u015fl\u0131\u011f\u0131n \u00a0m\u00fctt\u0259fiqlik m\u00fcnasib\u0259tl\u0259ri \u00a0s\u0259viyy\u0259sin\u0259 qald\u0131r\u0131lmas\u0131d\u0131r: \u00abOna g\u00f6r\u0259 ki, bu s\u0259n\u0259d t\u0259kc\u0259 \u00e7oxillik birg\u0259 i\u015f\u0259 yekun vurmaqla kifay\u0259tl\u0259nm\u0259yib, h\u0259m d\u0259 g\u0259l\u0259c\u0259k \u00fc\u00e7\u00fcn b\u00f6y\u00fck perspektivl\u0259r a\u00e7\u0131r. Biz qar\u015f\u0131l\u0131ql\u0131 siyasi f\u0259aliyy\u0259ti art\u0131racaq, \u0259vv\u0259l oldu\u011fu kimi, yen\u0259 bir-birimizi beyn\u0259lxalq qurumlarda d\u0259st\u0259kl\u0259y\u0259c\u0259k, qar\u015f\u0131l\u0131ql\u0131 ticar\u0259tin h\u0259cmini art\u0131racaq v\u0259 g\u00fcnd\u0259likd\u0259ki b\u00fct\u00fcn m\u0259s\u0259l\u0259l\u0259ri h\u0259ll ed\u0259c\u0259yik.\u00bb<\/p>\n<p>Bu ilin aprel ay\u0131nda \u00a0qeyd olunacaq Rusiya il\u0259\u00a0 Az\u0259rbaycan aras\u0131nda \u00a0diplomatik m\u00fcnasib\u0259tl\u0259rin yarad\u0131lmas\u0131n\u0131n 30 illiyi tarixin\u0259 \u00a0t\u0259sad\u00fcf ed\u0259n Moskva B\u0259yannam\u0259sinin imzalanmas\u0131 t\u0259r\u0259fda\u015f \u00f6lk\u0259l\u0259rin \u0259m\u0259kda\u015fl\u0131\u011f\u0131nda\u00a0 m\u00fcsb\u0259t meyill\u0259ri daha da art\u0131racaq. \u00a0\u0130nvestisiyalar\u0131n art\u0131r\u0131lmas\u0131 il\u0259 \u00a0regionda yaranan yeni v\u0259ziyy\u0259t,\u00a0 geosiyasi reall\u0131qlar \u00e7oxt\u0259r\u0259fli \u00a0\u0259m\u0259kda\u015fl\u0131\u011f\u0131n d\u0259rinl\u0259\u015fdirilm\u0259si imkanlar\u0131 \u015fax\u0259l\u0259n\u0259c\u0259k.<\/p>\n<p>Ba\u015fqa s\u00f6zl\u0259 deyils\u0259,\u00a0 Moskva B\u0259yannam\u0259si Az\u0259rbaycan\u0131n regionda yaratd\u0131\u011f\u0131 yeni reall\u0131qlar\u0131n t\u0259minat\u0131 \u00fc\u00e7\u00fcn etibarl\u0131 bazad\u0131r. \u00abArt\u0131q \u00ab3+3\u201d\u00bb deyil\u0259n \u0259m\u0259kda\u015fl\u0131q platformas\u0131 m\u00f6vcuddur. \u018fmin\u0259m ki, bu platforman\u0131n i\u015ftirak\u00e7\u0131lar\u0131 olan t\u0259r\u0259fl\u0259r ilk add\u0131m\u0131 atandan sonra, o c\u00fcml\u0259d\u0259n bu sah\u0259d\u0259 d\u0259 \u0259m\u0259kda\u015fl\u0131q ed\u0259c\u0259kl\u0259r. Bu g\u00fcn regionda kommunikasiyalar\u0131n a\u00e7\u0131lmas\u0131 m\u0259s\u0259l\u0259si d\u0259 m\u00fczakir\u0259 edildi v\u0259 d\u00fc\u015f\u00fcn\u00fcr\u0259m ki, bu m\u0259s\u0259l\u0259nin \u00e7ox yax\u015f\u0131 perspektivi var\u00bb s\u00f6zl\u0259ri il\u0259 qlobal n\u0259qliyyat\u00a0 infrastrukturunun \u00a0b\u00f6lg\u0259d\u0259 yaradaca\u011f\u0131 sabitliyin \u0259h\u0259miyy\u0259tini diqq\u0259t\u0259 \u00e7atd\u0131ran Prezident \u0130lham \u018fliyev h\u0259r iki \u00f6lk\u0259 aras\u0131nda\u00a0 humanitar \u0259laq\u0259l\u0259rin m\u00f6hk\u0259ml\u0259nm\u0259sini,\u00a0 Bak\u0131 Humanitar Forumunun \u00a0b\u0259rpas\u0131 il\u0259 ba\u011fl\u0131 perspektivl\u0259rin m\u00fc\u0259yy\u0259nl\u0259\u015fdirilm\u0259sini\u00a0 tolerantl\u0131q \u00a0\u0259laq\u0259l\u0259rin\u0259 d\u0259st\u0259k adland\u0131rd\u0131. \u00a0\u00a0D\u00f6vl\u0259t ba\u015f\u00e7\u0131m\u0131z\u0131n vur\u011fulad\u0131\u011f\u0131 kimi, i\u015f\u011faldan azad edilmi\u015f \u0259razil\u0259rd\u0259 Rusiya \u015firk\u0259tl\u0259rinin i\u015ftirak\u0131 iqtisadi m\u00fcnasib\u0259tl\u0259ri \u00a0qar\u015f\u0131l\u0131ql\u0131 maraqlar bax\u0131m\u0131ndan t\u0259nziml\u0259yir. \u00abBu g\u00fcn biz i\u015f\u011faldan azad edilmi\u015f \u0259razil\u0259rd\u0259 apar\u0131lan i\u015fl\u0259rd\u0259 Rusiya \u015firk\u0259tl\u0259rinin i\u015ftirak\u0131 il\u0259 ba\u011fl\u0131 m\u0259s\u0259l\u0259l\u0259ri d\u0259 m\u00fczakir\u0259 etdik, bu i\u015f\u0259 b\u00f6y\u00fck maraq var. Bu g\u00fcn\u0259 q\u0259d\u0259r art\u0131q Rusiya \u015firk\u0259tl\u0259rind\u0259n 14 sifari\u015f al\u0131n\u0131b v\u0259 biz h\u0259min sifari\u015fl\u0259ri diqq\u0259tl\u0259 n\u0259z\u0259rd\u0259n ke\u00e7iririk. Hesab edir\u0259m ki, bu sah\u0259 bizim \u0259m\u0259kda\u015fl\u0131\u011f\u0131m\u0131z\u0131n yeni sah\u0259sidir. O, h\u0259m praktiki bax\u0131mdan faydal\u0131 olacaq, h\u0259m d\u0259 bizim qar\u015f\u0131l\u0131ql\u0131 f\u0259aliyy\u0259timizin s\u0259viyy\u0259sini art\u0131racaq\u00bb s\u00f6yl\u0259y\u0259n Prezident \u0130lham \u018fliyev bildirmi\u015fdi ki, \u00a0Rusiya, T\u00fcrkiy\u0259, \u0130ran, Az\u0259rbaycan v\u0259 Erm\u0259nistan\u0131n daxil oldu\u011fu\u00a0 \u00ab3+3\u00bb\u00a0platformas\u0131 \u00a0Az\u0259rbaycan\u0131n\u00a0 s\u00fclh v\u0259 sabitliy\u0259\u00a0 y\u00f6n\u0259l\u0259n\u00a0 xo\u015f niyy\u0259tl\u0259rinin g\u00f6st\u0259ricisidir. \u00ab \u018flb\u0259tt\u0259, biz g\u00f6zl\u0259yirik ki, Erm\u0259nistan t\u0259r\u0259fi \u00a09-10 noyabr 2020-ci il tarixli B\u0259yannat\u0131n b\u00fct\u00fcn erm\u0259ni silahl\u0131 q\u00fcvv\u0259l\u0259rinin Az\u0259rbaycan \u0259razisind\u0259n \u00e7\u0131xar\u0131lmas\u0131, habel\u0259 Az\u0259rbaycan\u0131n \u0259sas hiss\u0259si il\u0259 Nax\u00e7\u0131van Muxtar Respublikas\u0131 aras\u0131nda kommunikasiyalar\u0131n a\u00e7\u0131lmas\u0131 bar\u0259d\u0259 b\u00fct\u00fcn b\u0259ndl\u0259ri tamamil\u0259 yerin\u0259 yetir\u0259c\u0259k. Bu, erm\u0259ni t\u0259r\u0259fin h\u00fcquqi \u00f6hd\u0259liyidir, lakin t\u0259\u0259ss\u00fcf ki, bu istiqam\u0259td\u0259 i\u015f \u00e7ox l\u0259ng gedir\u00bb s\u00f6yl\u0259y\u0259n Prezident \u0130lham \u018fliyevin vur\u011fulad\u0131\u011f\u0131 kimi, \u00a0\u00a0\u00a0\u00a0Az\u0259rbaycan il\u0259 Erm\u0259nistan aras\u0131nda m\u00fcnasib\u0259tl\u0259rin normalla\u015fmas\u0131, s\u0259rh\u0259dl\u0259rin delimitasiyas\u0131 v\u0259 demarkasiyas\u0131 il\u0259 ba\u011fl\u0131 probleml\u0259rin h\u0259llind\u0259\u00a0 Rusiyan\u0131n i\u015ftirak\u0131 \u00f6n\u0259mlidir. \u00a0S\u00fclh m\u00fcqavil\u0259si \u00fcz\u0259rind\u0259 i\u015f\u0259 ba\u015flama\u011fa haz\u0131r oldu\u011funu d\u0259f\u0259l\u0259rl\u0259 b\u0259yan ed\u0259n Az\u0259rbaycandan f\u0259rqli olaraq Erm\u0259nistan\u0131n bu sah\u0259d\u0259 g\u00f6st\u0259rdiyi qeyri-m\u00fc\u0259yy\u0259nliyi diqq\u0259t\u0259 \u00e7atd\u0131ran d\u00f6vl\u0259t ba\u015f\u00e7\u0131m\u0131z bildirdi ki, bu m\u00fcqavil\u0259nin imzalanmas\u0131 \u00a0\u00a0m\u00fcnasib\u0259tl\u0259rin t\u0259nziml\u0259nm\u0259si, regional \u0259m\u0259kda\u015fl\u0131\u011f\u0131n g\u00fccl\u0259ndirilm\u0259si bax\u0131m\u0131ndan \u0259h\u0259miyy\u0259tlidir.<\/p>\n<p>\u00abM\u0259n \u0259min\u0259m, regionda yeni reall\u0131qlar yeni imkanlar yaradacaq. Az\u0259rbaycan dinc g\u0259l\u0259c\u0259k \u0259zmind\u0259dir. Biz\u0259 m\u00fcharib\u0259 laz\u0131m deyil. O, biz\u0259 he\u00e7 vaxt laz\u0131m olmay\u0131b. Az\u0259rbaycan \u0259razil\u0259rinin azad edilm\u0259si, \u0259razi b\u00fct\u00f6vl\u00fcy\u00fcn\u00fcn h\u0259rbi yolla b\u0259rpa olunmas\u0131 m\u0259cburi t\u0259dbir idi v\u0259 m\u00fcharib\u0259d\u0259n sonrak\u0131 m\u0259rh\u0259l\u0259d\u0259 bu m\u0259s\u0259l\u0259ni siyasi metodlarla h\u0259ll etm\u0259y\u0259 haz\u0131r olma\u011f\u0131m\u0131z bizim niyy\u0259tl\u0259rimizin daha bir t\u0259sdiqidir\u00bb s\u00f6yl\u0259y\u0259n Prezident \u0130lham \u018fliyev bildirir ki, Rusiya il\u0259 \u00a0Az\u0259rbaycan\u0131n birg\u0259 s\u0259yl\u0259rini \u0259ks etdir\u0259n Moskva B\u0259yannam\u0259sinin imzalanmas\u0131 Qafqazda s\u00fclh\u00fcn, X\u0259z\u0259r regionunda v\u0259 Avrasiya m\u0259kan\u0131nda \u0259m\u0259kda\u015fl\u0131\u011f\u0131n m\u00f6hk\u0259ml\u0259ndirilm\u0259sin\u0259\u00a0 sanball\u0131, h\u0259lledici t\u00f6hf\u0259dir.<\/p>\n","protected":false},"excerpt":{"rendered":"<p>\u00abAz\u0259rbaycan Respublikas\u0131 il\u0259 Rusiya Federasiyas\u0131 aras\u0131nda \u00a0m\u00fctt\u0259fiqlik qar\u015f\u0131l\u0131ql\u0131\u00a0 f\u0259aliyy\u0259ti haqq\u0131nda\u00bb B\u0259yannam\u0259nin \u00a0imzalanmas\u0131 Qafqazda s\u00fclh\u00fcn, X\u0259z\u0259r regionunda v\u0259 Avrasiya m\u0259kan\u0131nda \u0259m\u0259kda\u015fl\u0131\u011f\u0131n m\u00f6hk\u0259ml\u0259ndirilm\u0259sin\u0259\u00a0 sanball\u0131, h\u0259lledici t\u00f6hf\u0259dir \u0130kinci Qaraba\u011f m\u00fcharib\u0259sini Z\u0259f\u0259rl\u0259 ba\u015fa vuran Az\u0259rbaycan \u00a0Erm\u0259nistan \u00fcz\u0259rind\u0259ki Q\u0259l\u0259b\u0259si il\u0259 b\u00f6lg\u0259d\u0259 siyasi, iqtisadi q\u00fcdr\u0259ti, diplomatik u\u011furlar\u0131, h\u0259rbi \u00fcst\u00fcnl\u00fcy\u00fc \u00a0il\u0259 se\u00e7il\u0259n \u00f6lk\u0259 oldu\u011funu t\u0259sdiql\u0259di.\u00a0 10 noyabr 2020-cild\u0259 Az\u0259rbaycan v\u0259 Rusiya prezidentl\u0259rinin, Erm\u0259nistan\u0131n ba\u015f nazirinin\u00a0\u00a0 imzalad\u0131qlar\u0131 \u00fc\u00e7t\u0259r\u0259fli B\u0259yanatda Az\u0259rbaycan\u0131n maraqlar\u0131n\u0131 \u0259ks etdir\u0259n m\u0259s\u0259l\u0259l\u0259rin yer almas\u0131\u00a0\u00a0 b\u00f6lg\u0259d\u0259\u00a0 sabitliyi t\u0259min ed\u0259n yeni reall\u0131qlar\u0131n yaranmas\u0131nda\u00a0 x\u00fcsusi xidm\u0259tl\u0259ri olan \u00f6lk\u0259mizin u\u011furlar\u0131n\u0131n t\u0259zah\u00fcr\u00fcd\u00fcr.\u00a0 Xarici siyas\u0259tin\u0259 uy\u011fun olaraq b\u00fct\u00fcn \u00f6lk\u0259l\u0259rl\u0259 \u00a0m\u00fcnasib\u0259tl\u0259rini qar\u015f\u0131l\u0131ql\u0131 h\u00f6rm\u0259t&hellip;<\/p>\n","protected":false},"author":2,"featured_media":443203,"comment_status":"closed","ping_status":"closed","sticky":false,"template":"","format":"standard","meta":{"om_disable_all_campaigns":false,"_monsterinsights_skip_tracking":false,"_monsterinsights_sitenote_active":false,"_monsterinsights_sitenote_note":"","_monsterinsights_sitenote_category":0},"categories":[8],"tags":[],"aioseo_notices":[],"gutentor_comment":0,"rttpg_featured_image_url":{"full":["https:\/\/arantv.az\/wp-content\/uploads\/2022\/02\/3210ddbe164562713529486355411093869.jpg",975,540,false],"landscape":["https:\/\/arantv.az\/wp-content\/uploads\/2022\/02\/3210ddbe164562713529486355411093869.jpg",975,540,false],"portraits":["https:\/\/arantv.az\/wp-content\/uploads\/2022\/02\/3210ddbe164562713529486355411093869.jpg",975,540,false],"thumbnail":["https:\/\/arantv.az\/wp-content\/uploads\/2022\/02\/3210ddbe164562713529486355411093869-500x280.jpg",500,280,true],"medium":["https:\/\/arantv.az\/wp-content\/uploads\/2022\/02\/3210ddbe164562713529486355411093869-660x365.jpg",660,365,true],"large":["https:\/\/arantv.az\/wp-content\/uploads\/2022\/02\/3210ddbe164562713529486355411093869-840x465.jpg",640,354,true],"1536x1536":["https:\/\/arantv.az\/wp-content\/uploads\/2022\/02\/3210ddbe164562713529486355411093869.jpg",975,540,false],"2048x2048":["https:\/\/arantv.az\/wp-content\/uploads\/2022\/02\/3210ddbe164562713529486355411093869.jpg",975,540,false],"post-thumbnail":["https:\/\/arantv.az\/wp-content\/uploads\/2022\/02\/3210ddbe164562713529486355411093869-240x172.jpg",240,172,true],"advps-thumb-one":["https:\/\/arantv.az\/wp-content\/uploads\/2022\/02\/3210ddbe164562713529486355411093869.jpg",975,540,false]},"rttpg_author":{"display_name":"V\u00fcsal Rafiqo\u011flu","author_link":"https:\/\/arantv.az\/?author=2"},"rttpg_comment":0,"rttpg_category":"<a href=\"https:\/\/arantv.az\/?cat=8\" rel=\"category\">\u018fsas s\u0259hif\u0259<\/a>","rttpg_excerpt":"\u00abAz\u0259rbaycan Respublikas\u0131 il\u0259 Rusiya Federasiyas\u0131 aras\u0131nda \u00a0m\u00fctt\u0259fiqlik qar\u015f\u0131l\u0131ql\u0131\u00a0 f\u0259aliyy\u0259ti haqq\u0131nda\u00bb B\u0259yannam\u0259nin \u00a0imzalanmas\u0131 Qafqazda s\u00fclh\u00fcn, X\u0259z\u0259r regionunda v\u0259 Avrasiya m\u0259kan\u0131nda \u0259m\u0259kda\u015fl\u0131\u011f\u0131n m\u00f6hk\u0259ml\u0259ndirilm\u0259sin\u0259\u00a0 sanball\u0131, h\u0259lledici t\u00f6hf\u0259dir \u0130kinci Qaraba\u011f m\u00fcharib\u0259sini Z\u0259f\u0259rl\u0259 ba\u015fa vuran Az\u0259rbaycan \u00a0Erm\u0259nistan \u00fcz\u0259rind\u0259ki Q\u0259l\u0259b\u0259si il\u0259 b\u00f6lg\u0259d\u0259 siyasi, iqtisadi q\u00fcdr\u0259ti, diplomatik u\u011furlar\u0131, h\u0259rbi \u00fcst\u00fcnl\u00fcy\u00fc \u00a0il\u0259 se\u00e7il\u0259n \u00f6lk\u0259 oldu\u011funu t\u0259sdiql\u0259di.\u00a0 10 noyabr 2020-cild\u0259 Az\u0259rbaycan v\u0259 Rusiya prezidentl\u0259rinin,&hellip;","_links":{"self":[{"href":"https:\/\/arantv.az\/index.php?rest_route=\/wp\/v2\/posts\/443202"}],"collection":[{"href":"https:\/\/arantv.az\/index.php?rest_route=\/wp\/v2\/posts"}],"about":[{"href":"https:\/\/arantv.az\/index.php?rest_route=\/wp\/v2\/types\/post"}],"author":[{"embeddable":true,"href":"https:\/\/arantv.az\/index.php?rest_route=\/wp\/v2\/users\/2"}],"replies":[{"embeddable":true,"href":"https:\/\/arantv.az\/index.php?rest_route=%2Fwp%2Fv2%2Fcomments&post=443202"}],"version-history":[{"count":0,"href":"https:\/\/arantv.az\/index.php?rest_route=\/wp\/v2\/posts\/443202\/revisions"}],"wp:featuredmedia":[{"embeddable":true,"href":"https:\/\/arantv.az\/index.php?rest_route=\/wp\/v2\/media\/443203"}],"wp:attachment":[{"href":"https:\/\/arantv.az\/index.php?rest_route=%2Fwp%2Fv2%2Fmedia&parent=443202"}],"wp:term":[{"taxonomy":"category","embeddable":true,"href":"https:\/\/arantv.az\/index.php?rest_route=%2Fwp%2Fv2%2Fcategories&post=443202"},{"taxonomy":"post_tag","embeddable":true,"href":"https:\/\/arantv.az\/index.php?rest_route=%2Fwp%2Fv2%2Ftags&post=443202"}],"curies":[{"name":"wp","href":"https:\/\/api.w.org\/{rel}","templated":true}]}}