{"id":443206,"date":"2022-02-24T07:11:46","date_gmt":"2022-02-24T04:11:46","guid":{"rendered":"http:\/\/arantv.az\/?p=443206"},"modified":"2022-02-24T07:11:46","modified_gmt":"2022-02-24T04:11:46","slug":"az%c9%99rbaycan-xarici-siyas%c9%99tind%c9%99-qlobal-h%c9%99mr%c9%99yliy%c9%99-v%c9%99-beyn%c9%99lxalq-%c9%99m%c9%99kdasliga-muhum-%c9%99h%c9%99miyy%c9%99t-verir","status":"publish","type":"post","link":"https:\/\/arantv.az\/?p=443206","title":{"rendered":"Az\u0259rbaycan xarici siyas\u0259tind\u0259 qlobal h\u0259mr\u0259yliy\u0259 v\u0259 beyn\u0259lxalq \u0259m\u0259kda\u015fl\u0131\u011fa m\u00fch\u00fcm \u0259h\u0259miyy\u0259t verir"},"content":{"rendered":"<p><em><strong>Rusiya il\u0259 m\u00fctt\u0259fiqlik B\u0259yannam\u0259sinin imzalanmas\u0131, Avropa \u0130ttifaq\u0131 v\u0259 NATO il\u0259 \u0259laq\u0259l\u0259rin y\u00fcks\u0259l\u0259n x\u0259tl\u0259 inki\u015faf\u0131\u00a0 postm\u00fcnaqi\u015f\u0259 d\u00f6vr\u00fcn\u00fcn reall\u0131qlar\u0131n\u0131n q\u0259bulu v\u0259 t\u0259sdiqidir<\/strong><\/em><\/p>\n<p>Beyn\u0259lxalq m\u00fcnasib\u0259tl\u0259r sistemind\u0259 yeri v\u0259 rolunu\u00a0 \u00a0balansla\u015fd\u0131r\u0131lm\u0131\u015f siyas\u0259ti il\u0259 m\u00f6hk\u0259ml\u0259ndir\u0259n,\u00a0 d\u0259yi\u015f\u0259n d\u00fcnyada\u00a0\u00a0 yeni \u00e7a\u011f\u0131r\u0131\u015flar\u0131\u00a0 beyn\u0259lxalq\u00a0 \u0259h\u0259miyy\u0259tli t\u0259\u015f\u0259bb\u00fcsl\u0259ri il\u0259 \u00a0cavabland\u0131ran Az\u0259rbaycan\u0131n diplomatik u\u011furlar\u0131 xalq\u0131n milli m\u0259nafel\u0259rin\u0259, d\u00f6vl\u0259t\u00e7iliyin m\u00f6hk\u0259ml\u0259nm\u0259sin\u0259 xidm\u0259t edir. D\u00f6vl\u0259tl\u0259r, xalqlar aras\u0131nda k\u00f6rp\u00fc rolunu oynayan \u00a0Az\u0259rbaycana artan maraq,\u00a0 d\u00fcnya ictimaiyy\u0259tini narahat ed\u0259n m\u0259s\u0259l\u0259l\u0259rin h\u0259lli yollar\u0131n\u0131 \u0259ks etdir\u0259n h\u0259d\u0259fl\u0259rin \u00f6lk\u0259mizd\u0259 m\u00fc\u0259yy\u0259nl\u0259\u015fdirilm\u0259si, NATO-nun, A\u015ePA-n\u0131n, AT\u018fT-in t\u0259dbirl\u0259rinin \u00f6lk\u0259mizd\u0259 ke\u00e7irilm\u0259si \u00a0daxild\u0259 sabitliyin m\u00f6vcudlu\u011funa v\u0259 \u00a0xarici siyas\u0259td\u0259 qazan\u0131lan u\u011furlara s\u00f6yk\u0259nir. Tarixi Z\u0259f\u0259rimizin yarat\u0131d\u0131\u011f\u0131 reall\u0131qlar fonunda d\u00fcnya g\u00fccl\u0259rinin Az\u0259rbaycan\u0131n \u0259dal\u0259tli, haql\u0131 m\u00f6vqeyini d\u0259st\u0259kl\u0259m\u0259si d\u0259 bir \u00e7ox m\u0259qamlar\u0131n ayd\u0131n m\u0259nz\u0259r\u0259sini yarad\u0131r. Az\u0259rbaycanla \u00a0\u0259m\u0259kda\u015fl\u0131q etm\u0259k ist\u0259y\u0259n,\u00a0 \u00f6lk\u0259mizin t\u0259\u015f\u0259bb\u00fcs\u00fc il\u0259\u00a0 realla\u015fan enerji, n\u0259qliyyat layih\u0259l\u0259rin\u0259 maraq g\u00f6st\u0259r\u0259n d\u00f6vl\u0259tl\u0259rin say\u0131n\u0131n artmas\u0131,\u00a0 Az\u0259rbaycan\u0131n d\u00fcnyan\u0131n \u0259n n\u00fcfuzlu qurumlar\u0131ndan \u00a0olan Qo\u015fulmama H\u0259r\u0259kat\u0131na s\u0259drlik etm\u0259si,\u00a0 beyn\u0259lxalq t\u0259\u015fkilatlarda, \u015e\u0259rq T\u0259r\u0259fda\u015fl\u0131\u011f\u0131 proqramlar\u0131nda layiqinc\u0259 t\u0259msil olunmas\u0131 xarici siyas\u0259timizin d\u00fcnya birliyi t\u0259r\u0259find\u0259n d\u0259st\u0259kl\u0259nm\u0259sidir. \u00d6t\u0259n il \u00a0\u00a0\u00a0dekabr\u0131n 14-d\u0259 Avropa \u0130ttifaq\u0131n\u0131n \u015e\u0259rq T\u0259r\u0259fda\u015fl\u0131\u011f\u0131n\u0131n VI Sammiti \u00e7\u0259r\u00e7iv\u0259sind\u0259 d\u00f6vl\u0259t ba\u015f\u00e7\u0131s\u0131 \u0130lham \u018fliyevin ke\u00e7irdiyi ikit\u0259r\u0259fli g\u00f6r\u00fc\u015fl\u0259r, m\u00fczakir\u0259 olunan m\u0259s\u0259l\u0259l\u0259r, Avropa \u0130ttifaq\u0131n\u0131n v\u0259 NATO-nun\u00a0 regionda dayan\u0131ql\u0131 s\u00fclh\u00fcn v\u0259 t\u0259hl\u00fck\u0259sizliyin t\u0259min olunmas\u0131na d\u0259st\u0259k g\u00f6st\u0259rm\u0259y\u0259 haz\u0131r olmalar\u0131 Az\u0259rbaycan\u0131n m\u00f6vqeyinin m\u00f6hk\u0259ml\u0259nm\u0259sinin g\u00f6st\u0259ricisidir.\u00a0 \u00a0Br\u00fcsseld\u0259 d\u00f6vl\u0259t ba\u015f\u00e7\u0131s\u0131 \u00a0NATO-nun Ba\u015f katibi Yens Stoltenberq il\u0259 d\u0259 \u00a0g\u00f6r\u00fc\u015fm\u00fc\u015fd\u00fcr. Bu ilin \u00a0fevral\u0131n 15-d\u0259 \u00a0Yens Stoltenberq Prezident \u0130lham \u018fliyev\u0259 z\u0259ng ed\u0259r\u0259k \u00a0\u00a0Avropan\u0131n etibarl\u0131 qaz t\u0259chizat\u00e7\u0131 olmas\u0131na v\u0259 qaz ixrac\u0131n\u0131 art\u0131rmas\u0131na g\u00f6r\u0259 Az\u0259rbaycana t\u0259\u015f\u0259kk\u00fcr\u00fcn\u00fc ifad\u0259 etmi\u015fdir.\u00a0 Az\u0259rbaycan\u0131n regional inki\u015faf\u0131n apar\u0131c\u0131 q\u00fcvv\u0259si v\u0259 d\u00fcnyan\u0131n enerji t\u0259hl\u00fck\u0259sizliyinin t\u0259minat\u00e7\u0131s\u0131 kimi artan m\u00f6vqeyi d\u0259 m\u00fcst\u0259qil siyas\u0259tinin u\u011furlar\u0131 s\u0131ras\u0131ndad\u0131r. Bel\u0259 ki, 1994-c\u00fc ild\u0259 \u00ab\u018fsrin m\u00fcqavil\u0259si\u00bbnin imzalanmas\u0131 zaman\u0131 edil\u0259n t\u0259zyiql\u0259ri yada salmaq kifay\u0259tdir. Bak\u0131-Tbilisi-Ceyhan neft k\u0259m\u0259rinin mar\u015frutu il\u0259 ba\u011fl\u0131 n\u0259 q\u0259d\u0259r qeyri-ciddi\u00a0 fikirl\u0259r s\u0259sl\u0259ndirildi, t\u0259zyiql\u0259r g\u00f6st\u0259rildi. Amma Az\u0259rbaycan d\u00f6vl\u0259ti, ulu \u00f6nd\u0259r Heyd\u0259r \u018fliyev neft k\u0259m\u0259rinin\u00a0 m\u0259hz bu \u00f6lk\u0259l\u0259rd\u0259n ke\u00e7\u0259c\u0259yini bildirdi v\u0259 bunu \u0259m\u0259ld\u0259\u00a0 t\u0259sdiql\u0259di. \u00a0Bu g\u00fcn ulu \u00f6nd\u0259r Heyd\u0259r \u018fliyevin m\u00fc\u0259llifi oldu\u011fu neft strategiyas\u0131n\u0131n u\u011furlar\u0131n\u0131 ya\u015fay\u0131r\u0131q. Art\u0131q \u0259m\u0259kda\u015fl\u0131q regional \u00e7\u0259r\u00e7iv\u0259d\u0259n \u00e7\u0131xaraq beyn\u0259lxalq s\u0259viyy\u0259y\u0259 y\u00fcks\u0259lib. Bel\u0259 ki, \u00e7oxt\u0259r\u0259fli \u0259m\u0259kda\u015fl\u0131\u011f\u0131n bariz n\u00fcmun\u0259si olan C\u0259nub Qaz D\u0259hlizi layih\u0259sinin icras\u0131 u\u011furla ba\u015fa \u00e7at\u0131b.\u00a0 Qeyd ed\u0259k ki, Az\u0259rbaycanla Avropa \u0130ttifaq\u0131 aras\u0131nda imzalanan \u00abT\u0259r\u0259fda\u015fl\u0131q prioritetl\u0259ri\u00bb s\u0259n\u0259dind\u0259 d\u0259 C\u0259nub Qaz D\u0259hlizi layih\u0259sinin perspektivl\u0259ri \u00f6z \u0259ksini tapm\u0131\u015fd\u0131r. Bu s\u0259n\u0259d Az\u0259rbaycan\u0131n beyn\u0259lxalq m\u00fcnasib\u0259tl\u0259r sistemind\u0259 yeri v\u0259 rolunun t\u0259qdimat\u0131nda \u0259h\u0259miyy\u0259tli rol oynad\u0131. Prezident \u0130lham \u018fliyevin\u00a0 v\u0259\u00a0 Avropa \u0130ttifaq\u0131\u00a0 \u015euras\u0131n\u0131n Prezidentinin \u00a0m\u0259tbuata a\u00e7\u0131qlamalar\u0131nda da bu fikir x\u00fcsusi qeyd edilir ki, bu kimi m\u00fch\u00fcm add\u0131mlar \u00a0t\u0259r\u0259fda\u015fl\u0131q m\u00fcnasib\u0259tl\u0259rini m\u00f6hk\u0259ml\u0259ndirir.\u00a0 \u00abT\u0259r\u0259fda\u015fl\u0131q prioritetl\u0259ri\u00bb s\u0259n\u0259dind\u0259 d\u0259 Az\u0259rbaycan\u0131n \u0259razi b\u00fct\u00f6vl\u00fcy\u00fc, suverenliyi v\u0259 s\u0259rh\u0259dl\u0259rinin toxunulmazl\u0131\u011f\u0131na d\u0259st\u0259k ifad\u0259 olunur.<br \/>\nAz\u0259rbaycan v\u0259 Avropa \u0130ttifaq\u0131n\u0131n\u00a0 konstruktiv \u0259m\u0259kda\u015fl\u0131\u011f\u0131 region\u00a0 d\u00f6vl\u0259tl\u0259rinin maraqlar\u0131na uy\u011fundur. Avropa \u0130ttifaq\u0131 il\u0259 Az\u0259rbaycan aras\u0131nda\u00a0 strateji \u0259m\u0259kda\u015fl\u0131\u011f\u0131n\u00a0 g\u00fccl\u0259ndirilm\u0259sini\u00a0 regional sabitliy\u0259 \u0259n yax\u015f\u0131 t\u00f6hf\u0259 adland\u0131ran c\u0259nab \u0130lham \u018fliyevin vur\u011fulad\u0131\u011f\u0131 kimi, \u00f6lk\u0259mizin d\u00fcnya\u00a0 birliyind\u0259 m\u00f6hk\u0259ml\u0259n\u0259n m\u00f6vqeyi say\u0259sind\u0259\u00a0 diplomatik u\u011furlar\u0131n da say\u0131 art\u0131r.<\/p>\n<p>\u201cAz\u0259rbaycan \u00e7ox nadirdir. \u00d6lk\u0259niz \u00f6z\u00fcnd\u0259 \u0259n\u0259n\u0259 v\u0259 m\u00fcasirliyi birl\u0259\u015fdirir\u201d s\u00f6yl\u0259y\u0259n,\u00a0 Avropa \u0130ttifaq\u0131 il\u0259\u00a0 Az\u0259rbaycan aras\u0131ndak\u0131 m\u00fcnasib\u0259tl\u0259ri qar\u015f\u0131l\u0131ql\u0131\u00a0 \u0259laq\u0259l\u0259rin n\u00fcmun\u0259si adland\u0131ran \u00a0Avropa \u0130ttifaq\u0131n\u0131n r\u0259smil\u0259ri \u00a0bildirirl\u0259r ki,\u00a0 Avropa t\u0259sisatlar\u0131 m\u00fcr\u0259kk\u0259b co\u011frafi land\u015faft\u0131ndak\u0131 strateji m\u00f6vqeyin\u0259 g\u00f6r\u0259 f\u0259rql\u0259n\u0259n Az\u0259rbaycan\u0131n suverenliyini, m\u00fcst\u0259qilliyini v\u0259 \u0259razi b\u00fct\u00f6vl\u00fcy\u00fcn\u00fc d\u0259st\u0259kl\u0259yir. Avropa \u0130ttifaq\u0131 v\u0259 Az\u0259rbaycan h\u0259r il bir-birin\u0259 daha da yax\u0131nla\u015f\u0131r.<\/p>\n<p>Bu g\u00fcn Az\u0259rbaycan \u00f6z\u00fcn\u00fc regionun n\u0259qliyyat v\u0259 logistika qovu\u015fu\u011funa \u00e7evirm\u0259k \u00fc\u00e7\u00fcn m\u00fch\u00fcm add\u0131mlar at\u0131r. Az\u0259rbaycan\u0131n \u015e\u0259rq v\u0259 Q\u0259rb, eyni zamanda, \u015eimal v\u0259 C\u0259nub t\u0259r\u0259fda\u015flar\u0131 il\u0259 \u00e7ox\u015fax\u0259li \u0259m\u0259kda\u015fl\u0131\u011f\u0131 b\u00fct\u00fcnl\u00fckd\u0259\u00a0 regionda v\u0259\u00a0 d\u00fcnyada s\u00fclh\u00fcn v\u0259 \u0259min-amanl\u0131\u011f\u0131n\u00a0 b\u0259rq\u0259rar olmas\u0131na \u00a0xidm\u0259t edir. Az\u0259rbaycanla \u0259m\u0259kda\u015fl\u0131\u011f\u0131 daha da d\u0259rinl\u0259\u015fdirm\u0259kd\u0259 maraql\u0131 olan Avropa \u0130ttifaq\u0131 hesab edir ki, h\u0259qiq\u0259t\u0259n\u00a0 d\u00fcnyaya a\u00e7\u0131q olan Az\u0259rbaycan\u0131n daxili v\u0259 xarici siyas\u0259ti uzunm\u00fcdd\u0259tli sabitliyin \u0259n g\u00f6z\u0259l t\u0259minat\u0131d\u0131r. \u201cBiz enerji diplomatiyam\u0131z\u0131 apar\u0131r\u0131q. Biz m\u0259d\u0259niyy\u0259t diplomatiyam\u0131z\u0131 apar\u0131r\u0131q\u201d s\u00f6yl\u0259y\u0259n Prezident \u0130lham \u018fliyev eyni zamanda vur\u011fulay\u0131r ki, co\u011frafi v\u0259ziyy\u0259timiz el\u0259dir ki, bizim raz\u0131l\u0131\u011f\u0131m\u0131z olmadan bu b\u00f6lg\u0259d\u0259 he\u00e7 bir qlobal layih\u0259nin realla\u015fmas\u0131 m\u00fcmk\u00fcn deyil.<\/p>\n<p>Avropa \u0130ttifaq\u0131n\u0131n \u201cYax\u0131n qon\u015fuluq siyas\u0259ti\u201d proqram\u0131ndan ir\u0259li g\u0259l\u0259n v\u0259zif\u0259l\u0259rin\u00a0 daim diqq\u0259td\u0259 saxlan\u0131lmas\u0131, qit\u0259 d\u00f6vl\u0259tl\u0259rinin enerji t\u0259hl\u00fck\u0259sizliyinin t\u0259minat\u0131ndak\u0131 \u0259v\u0259zsiz xidm\u0259tl\u0259ri, regionda ba\u015f ver\u0259n\u00a0 hadis\u0259l\u0259r g\u00f6st\u0259rir ki,\u00a0 Az\u0259rbaycan\u0131n maraqlar\u0131 n\u0259z\u0259r\u0259 al\u0131nmadan he\u00e7 bir t\u0259\u015f\u0259bb\u00fcs realla\u015fa bilm\u0259z.<\/p>\n<p>Prezident \u0130lham \u018fliyev fevral\u0131n 21-d\u0259 Avropa \u0130ttifaq\u0131n\u0131n C\u0259nubi Qafqaz \u00fczr\u0259 x\u00fcsusi n\u00fcmay\u0259nd\u0259si Toivo Klaar\u0131n ba\u015f\u00e7\u0131l\u0131q etdiyi n\u00fcmay\u0259nd\u0259 hey\u0259tini q\u0259bul ed\u0259rk\u0259n d\u0259 bu fikri x\u00fcsusi qeyd etmi\u015fdir ki,\u00a0 Az\u0259rbaycan il\u0259 Avropa \u0130ttifaq\u0131 aras\u0131nda \u0259laq\u0259l\u0259r u\u011furla inki\u015faf edir.\u00a0 Avropa \u0130ttifaq\u0131 il\u0259 Az\u0259rbaycan aras\u0131nda konstruktiv dialoqun m\u00f6vcud oldu\u011funu s\u00f6yl\u0259y\u0259n d\u00f6vl\u0259t ba\u015f\u00e7\u0131s\u0131 Avropa \u0130ttifaq\u0131 \u015euras\u0131n\u0131n Prezidenti \u015earl Mi\u015fel il\u0259 m\u00fcnt\u0259z\u0259m dialoq apard\u0131\u011f\u0131n\u0131 xat\u0131rlatd\u0131. Prezident \u0130lham \u018fliyev Prezident \u015earl Mi\u015felin Az\u0259rbaycan-Avropa \u0130ttifaq\u0131 m\u00fcnasib\u0259tl\u0259rin\u0259, h\u0259m\u00e7inin Erm\u0259nistan-Az\u0259rbaycan \u0259laq\u0259l\u0259rinin normalla\u015fmas\u0131na t\u00f6hf\u0259sini m\u00fcsb\u0259t qiym\u0259tl\u0259ndirdiyini vur\u011fulam\u0131\u015fd\u0131r.<\/p>\n<p>C\u0259nub Qaz D\u0259hlizi M\u0259\u015fv\u0259r\u0259t \u015euras\u0131n\u0131n iclas\u0131nda i\u015ftirak etm\u0259k v\u0259 Az\u0259rbaycan-Avropa \u0130ttifaq\u0131 \u0259laq\u0259l\u0259rin\u0259 dair m\u00fczakir\u0259l\u0259r aparmaq \u00fc\u00e7\u00fcn A\u0130-nin iki komissar\u0131n\u0131n bu yax\u0131nlarda Az\u0259rbaycana s\u0259f\u0259r etdiyini xat\u0131rladan x\u00fcsusi n\u00fcmay\u0259nd\u0259 s\u0259f\u0259r \u00e7\u0259r\u00e7iv\u0259sind\u0259 \u00e7ox s\u0259m\u0259r\u0259li m\u00fczakir\u0259l\u0259rin apar\u0131ld\u0131\u011f\u0131n\u0131 bildirmi\u015fdir.<\/p>\n<p>D\u00f6vl\u0259t ba\u015f\u00e7\u0131s\u0131 Az\u0259rbaycan-Avropa \u0130ttifaq\u0131 \u0259laq\u0259l\u0259rinin \u015fax\u0259l\u0259ndirilmi\u015f xarakter ald\u0131\u011f\u0131n\u0131 v\u0259 bir \u00e7ox sah\u0259l\u0259ri \u0259hat\u0259 etdiyini \u00f6n\u0259 \u00e7\u0259k\u0259r\u0259k qurumun\u00a0 qon\u015fuluq v\u0259 geni\u015fl\u0259nm\u0259 \u00fczr\u0259 komissar\u0131 Oliver Varhelyinin b\u0259yan etdiyi kimi, Az\u0259rbaycana m\u00fcxt\u0259lif layih\u0259l\u0259rin d\u0259st\u0259kl\u0259nm\u0259si \u00fc\u00e7\u00fcn iki milyard avro d\u0259y\u0259rind\u0259 g\u00fcz\u0259\u015ftli kredit x\u0259ttinin ayr\u0131lmas\u0131n\u0131n da \u0259laq\u0259l\u0259rimizin m\u00fcsb\u0259t inki\u015faf\u0131n\u0131n g\u00f6st\u0259ricisi oldu\u011funu diqq\u0259t\u0259 \u00e7atd\u0131rm\u0131\u015fd\u0131r.<\/p>\n<p>Xarici siyas\u0259tind\u0259 qon\u015fu d\u00f6vl\u0259tl\u0259rl\u0259 \u0259m\u0259kda\u015fl\u0131\u011fa x\u00fcsusi \u00f6n\u0259m ver\u0259n Az\u0259rbaycanla Rusiya aras\u0131nda son zamanlar \u0259laq\u0259l\u0259rin inki\u015faf istiqam\u0259tl\u0259rinin geni\u015fl\u0259nm\u0259si ist\u0259r qar\u015f\u0131l\u0131ql\u0131 s\u0259f\u0259rl\u0259rd\u0259n, ist\u0259rs\u0259 d\u0259 imzalanan s\u0259n\u0259dl\u0259rd\u0259n, h\u0259m\u00e7inin iki d\u00f6vl\u0259t aras\u0131nda m\u00fcnasib\u0259tl\u0259rin inki\u015faf\u0131na xidm\u0259t ed\u0259n forumlar\u0131n ke\u00e7irilm\u0259sind\u0259n d\u0259 daha ayd\u0131n g\u00f6r\u00fcn\u00fcr. D\u00f6vl\u0259timizin ba\u015f\u00e7\u0131s\u0131 \u0130lham \u018fliyevin Rusiya Prezidenti d\u0259v\u0259ti il\u0259 \u00a0Rusiyaya r\u0259smi \u00a0s\u0259f\u0259ri v\u0259 s\u0259f\u0259r \u00e7\u0259r\u00e7iv\u0259sind\u0259 m\u00fctt\u0259fiqlik B\u0259yann\u0259m\u0259sinin imzalanmas\u0131 da \u0259laq\u0259l\u0259rin inki\u015faf s\u0259viyy\u0259sinin g\u00f6st\u0259ricil\u0259rind\u0259ndir.<\/p>\n<p>Qar\u015f\u0131l\u0131ql\u0131 s\u0259f\u0259rl\u0259r fonunda bu \u0259laq\u0259l\u0259r daha da m\u00f6hk\u0259ml\u0259nir, yeni \u0259lav\u0259l\u0259r olunur.\u00a0 Prezident \u0130lham \u018fliyev daim vur\u011fulay\u0131r ki, s\u0259f\u0259rl\u0259r, ke\u00e7iril\u0259n g\u00f6r\u00fc\u015fl\u0259r ikit\u0259r\u0259fli m\u00fcnasib\u0259tl\u0259rimizin inki\u015faf\u0131na yax\u015f\u0131 impuls verir. M\u00fcnasib\u0259tl\u0259rimizin s\u0259viyy\u0259sind\u0259n m\u0259mnunlu\u011funu ifad\u0259 ed\u0259n \u00f6lk\u0259 Prezidenti \u0130lham \u018fliyev vur\u011fulay\u0131r ki, siyasi, ticari-iqtisadi, humanitar sah\u0259l\u0259rd\u0259 f\u0259al \u0259m\u0259kda\u015fl\u0131q edirik.<\/p>\n<p>Realla\u015fan h\u0259r s\u0259f\u0259rin, ke\u00e7iril\u0259n h\u0259r g\u00f6r\u00fc\u015f\u00fcn, beyn\u0259lxalq s\u0259viyy\u0259li t\u0259dbirl\u0259rin \u0259sas m\u00fczakir\u0259 m\u00f6vzusu \u00a0art\u0131q tarix\u0259 qovu\u015fan Da\u011fl\u0131q Qaraba\u011f m\u00fcnaqi\u015f\u0259si olur. Rusiyan\u0131n m\u00fcnaqi\u015f\u0259nin h\u0259llind\u0259 vasit\u0259\u00e7ilik missiyas\u0131n\u0131 yerin\u0259 yetir\u0259n AT\u018fT-in Minsk qrupunun h\u0259ms\u0259dr d\u00f6vl\u0259ti kimi m\u00f6vqeyi daim maraql\u0131d\u0131r. Uzun ill\u0259r idi ki, \u00a0Az\u0259rbaycan\u0131n beyn\u0259lxalq miqyasda tan\u0131nm\u0131\u015f \u0259razil\u0259ri erm\u0259ni i\u015f\u011fal\u0131 alt\u0131nda idi. \u00a0Bu m\u00fcnaqi\u015f\u0259 n\u0259tic\u0259sind\u0259 bir milyondan \u00e7ox az\u0259rbaycanl\u0131 qa\u00e7q\u0131n v\u0259 m\u0259cburi k\u00f6\u00e7k\u00fcn v\u0259ziyy\u0259tin\u0259 d\u00fc\u015f\u00fcb. Tarixi Q\u0259l\u0259b\u0259miz \u00a0v\u0259t\u0259nda\u015flar\u0131m\u0131z\u0131n \u00f6z tarixi torpaqlar\u0131na qay\u0131d\u0131\u015f\u0131n\u0131 t\u0259min edir.<\/p>\n<p>Hadis\u0259l\u0259rin inki\u015faf\u0131ndan da g\u00f6r\u00fcnd\u00fcy\u00fc kimi, art\u0131q d\u00fcnya g\u00fccl\u0259ri postm\u00fcnaqi\u015f\u0259 d\u00f6vr\u00fcn\u00fcn reall\u0131qlar\u0131n\u0131 q\u0259bul edir. \u00a0Bunun t\u0259sdiqi kimi \u00a010 noyabr 2020-ci il tarixd\u0259 imzalanan \u00fc\u00e7t\u0259r\u0259fli B\u0259yanatdan sonra ke\u00e7iril\u0259n Moskva, So\u00e7i v\u0259 Br\u00fcssel g\u00f6r\u00fc\u015fl\u0259rini qeyd ed\u0259 bil\u0259rik. Rusiyan\u0131n son zamanlardak\u0131 m\u00f6vqeyi il\u0259 \u0259vv\u0259lki ill\u0259rd\u0259ki\u00a0yana\u015fmas\u0131n\u0131 m\u00fcqayis\u0259 etm\u0259k kifay\u0259tdir.<\/p>\n<p>Qar\u015f\u0131l\u0131ql\u0131 s\u0259f\u0259rl\u0259rin \u00f6n\u0259mini n\u0259z\u0259r\u0259 alsaq, bu \u00fcmumil\u0259\u015fdirm\u0259ni apara bil\u0259rik ki, b\u00fct\u00fcn sah\u0259l\u0259r \u00fczr\u0259 Az\u0259rbaycan-Rusiya \u0259m\u0259kda\u015fl\u0131\u011f\u0131n\u0131n, strateji t\u0259r\u0259fda\u015fl\u0131q m\u00fcnasib\u0259tl\u0259rinin daha da d\u0259rinl\u0259\u015fm\u0259si \u00fc\u00e7\u00fcn geni\u015f imkanlar m\u00f6vcuddur.\u00a0 Az\u0259rbaycan v\u0259 Rusiya aras\u0131nda iqtisadi \u0259m\u0259kda\u015fl\u0131\u011f\u0131n prioritet istiqam\u0259tl\u0259ri haqq\u0131nda Birg\u0259 B\u0259yanat\u0131n, eyni zamanda \u201cAz\u0259rbaycan Respublikas\u0131 H\u00f6kum\u0259ti il\u0259 Rusiya Federasiyas\u0131 H\u00f6kum\u0259ti aras\u0131nda 2024-c\u00fc il\u0259d\u0259k \u0259m\u0259kda\u015fl\u0131q Proqram\u0131\u201dn\u0131n, \u201cRusiya-Az\u0259rbaycan \u0259m\u0259kda\u015fl\u0131\u011f\u0131n\u0131n \u0259sas istiqam\u0259tl\u0259rinin inki\u015faf\u0131 \u00fczr\u0259 f\u0259aliyy\u0259t plan\u0131 (5 \u201cyol x\u0259rit\u0259si\u201d)n\u0131n s\u0131ras\u0131na\u00a0\u00a0 m\u00fctt\u0259fiqlik B\u0259yannam\u0259sinin \u00a0d\u0259 \u0259lav\u0259 olunmas\u0131 qar\u015f\u0131dak\u0131 ill\u0259rd\u0259 iki \u00f6lk\u0259 aras\u0131nda \u0259laq\u0259l\u0259rin inki\u015faf s\u0259viyy\u0259si bar\u0259d\u0259 ayd\u0131n t\u0259s\u0259vv\u00fcr yarad\u0131r.<\/p>\n<p>Rusiyaya s\u0259f\u0259ri \u00e7\u0259r\u00e7iv\u0259sind\u0259 m\u0259tbuata b\u0259yanat\u0131nda \u201c\u00d6lk\u0259l\u0259rimiz aras\u0131nda \u00e7ox geni\u015f m\u00fcqavil\u0259-h\u00fcquq bazas\u0131 vard\u0131r, 245 s\u0259n\u0259d imzalan\u0131b. Lakin onlar\u0131n aras\u0131nda bu g\u00fcn imzalanm\u0131\u015f B\u0259yannam\u0259 x\u00fcsusi \u0259h\u0259miyy\u0259t k\u0259sb edir. Bu B\u0259yannam\u0259 bizim m\u00fcnasib\u0259tl\u0259rimizi m\u00fctt\u0259fiqlik s\u0259viyy\u0259sin\u0259 \u00e7\u0131xar\u0131r. Bu, h\u0259m b\u00f6y\u00fck imtiyaz, h\u0259m d\u0259 b\u00f6y\u00fck m\u0259suliyy\u0259tdir\u00bb s\u00f6yl\u0259y\u0259n d\u00f6vl\u0259t ba\u015f\u00e7\u0131s\u0131 \u0130lham \u018fliyev, eyni zamanda, bildirir ki, biz bu g\u00fcn\u0259 t\u0259kidl\u0259, uzun m\u00fcdd\u0259t \u0259m\u0259kda\u015fl\u0131q potensial\u0131n\u0131 art\u0131rmaqla, s\u0259mimiyy\u0259t\u0259, mehriban qon\u015fulu\u011fa, praqmatizm\u0259, qar\u015f\u0131l\u0131ql\u0131 maraqlar\u0131n n\u0259z\u0259r\u0259 al\u0131nmas\u0131na \u0259saslanan m\u00fcnasib\u0259tl\u0259r qurmaqla g\u0259lib \u00e7atm\u0131\u015f\u0131q. Qar\u015f\u0131l\u0131ql\u0131 m\u00fctt\u0259fiqlik qar\u015f\u0131l\u0131ql\u0131 f\u0259aliyy\u0259ti haqq\u0131nda B\u0259yannam\u0259 \u00fcz\u0259rind\u0259 praktiki i\u015f bir ild\u0259n bir q\u0259d\u0259r art\u0131q bundan \u0259vv\u0259l ba\u015flan\u0131b. Bu m\u00fcdd\u0259td\u0259 \u00f6lk\u0259l\u0259rimizin m\u00fcvafiq ekspert qruplar\u0131 t\u0259r\u0259find\u0259n 43 b\u0259ndd\u0259n ibar\u0259t olan v\u0259 praktiki olaraq f\u0259aliyy\u0259timizin b\u00fct\u00fcn \u0259sas sah\u0259l\u0259rini \u0259hat\u0259 ed\u0259n \u00e7ox geni\u015f s\u0259n\u0259d raz\u0131la\u015fd\u0131r\u0131l\u0131b. B\u0259yannam\u0259nin birinci b\u0259ndind\u0259 deyilir ki, t\u0259r\u0259fl\u0259r \u00f6z m\u00fcnasib\u0259tl\u0259rini m\u00fcst\u0259qilliy\u0259, d\u00f6vl\u0259t suverenliyin\u0259, \u0259razi b\u00fct\u00f6vl\u00fcy\u00fcn\u0259, s\u0259rh\u0259dl\u0259rin toxunulmazl\u0131\u011f\u0131na qar\u015f\u0131l\u0131ql\u0131 h\u00f6rm\u0259t v\u0259 bir-birinin daxili i\u015fl\u0259rin\u0259 qar\u0131\u015fmamaq \u0259sas\u0131nda quracaqlar. Bu b\u0259nd bizim m\u00fcnasib\u0259tl\u0259rimizin xarakterin\u0259\u00a0 d\u0259lal\u0259t edir ki, bu m\u00fcnasib\u0259tl\u0259r zaman\u0131n s\u0131na\u011f\u0131ndan \u00e7\u0131x\u0131b v\u0259 art\u0131q\u00a0 dostluq hissl\u0259rin\u0259, qar\u015f\u0131l\u0131ql\u0131 maraqlara v\u0259 g\u0259l\u0259c\u0259y\u0259 y\u00f6n\u0259lm\u0259y\u0259 \u0259saslan\u0131r: \u00abOna g\u00f6r\u0259 ki, bu s\u0259n\u0259d t\u0259kc\u0259 \u00e7oxillik birg\u0259 i\u015f\u0259 yekun vurmaqla kifay\u0259tl\u0259nm\u0259yib, h\u0259m d\u0259 g\u0259l\u0259c\u0259k \u00fc\u00e7\u00fcn b\u00f6y\u00fck perspektivl\u0259r a\u00e7\u0131r. Biz qar\u015f\u0131l\u0131ql\u0131 siyasi f\u0259aliyy\u0259ti art\u0131racaq, \u0259vv\u0259l oldu\u011fu kimi, yen\u0259 bir-birimizi beyn\u0259lxalq qurumlarda d\u0259st\u0259kl\u0259y\u0259c\u0259k, qar\u015f\u0131l\u0131ql\u0131 ticar\u0259tin h\u0259cmini art\u0131racaq v\u0259 g\u00fcnd\u0259likd\u0259ki b\u00fct\u00fcn m\u0259s\u0259l\u0259l\u0259ri h\u0259ll ed\u0259c\u0259yik.\u00bb<\/p>\n<p>Q\u0131sa t\u0259hlil \u0259sas\u0131nda bu g\u00fcn Az\u0259rbaycan\u0131n d\u00fcnya birliyind\u0259 yeri v\u0259 rolunun t\u0259qdimat\u0131n\u0131 etdik. Az\u0259rbaycan xarici siyas\u0259tind\u0259\u00a0 qlobal h\u0259mr\u0259yliy\u0259 v\u0259 beyn\u0259lxalq \u0259m\u0259kda\u015fl\u0131\u011fa\u00a0 m\u00fch\u00fcm \u0259h\u0259miyy\u0259t verir. Bir s\u00f6zl\u0259,\u00a0 m\u00fcst\u0259qil, \u00f6z milli maraqlar\u0131na\u00a0 \u0259saslanan\u00a0 \u00e7ox\u015fax\u0259li siyas\u0259t az\u0259rbaycan\u0131n beyn\u0259lxalq arenada\u00a0 rolunun v\u0259 n\u00fcfuzunun y\u00fcks\u0259lm\u0259sin\u0259, region \u00f6lk\u0259l\u0259ri, d\u00fcnyan\u0131n g\u00fcc m\u0259rk\u0259zl\u0259ri\u00a0 il\u0259 etibarl\u0131 v\u0259 qar\u015f\u0131l\u0131ql\u0131\u00a0 h\u00f6rm\u0259t\u0259\u00a0 \u0259saslanan\u00a0 m\u00fcnasib\u0259tl\u0259r qurmas\u0131na \u00a0v\u0259 onu inki\u015faf etdirm\u0259sin\u0259\u00a0 stimul verib.<\/p>\n","protected":false},"excerpt":{"rendered":"<p>Rusiya il\u0259 m\u00fctt\u0259fiqlik B\u0259yannam\u0259sinin imzalanmas\u0131, Avropa \u0130ttifaq\u0131 v\u0259 NATO il\u0259 \u0259laq\u0259l\u0259rin y\u00fcks\u0259l\u0259n x\u0259tl\u0259 inki\u015faf\u0131\u00a0 postm\u00fcnaqi\u015f\u0259 d\u00f6vr\u00fcn\u00fcn reall\u0131qlar\u0131n\u0131n q\u0259bulu v\u0259 t\u0259sdiqidir Beyn\u0259lxalq m\u00fcnasib\u0259tl\u0259r sistemind\u0259 yeri v\u0259 rolunu\u00a0 \u00a0balansla\u015fd\u0131r\u0131lm\u0131\u015f siyas\u0259ti il\u0259 m\u00f6hk\u0259ml\u0259ndir\u0259n,\u00a0 d\u0259yi\u015f\u0259n d\u00fcnyada\u00a0\u00a0 yeni \u00e7a\u011f\u0131r\u0131\u015flar\u0131\u00a0 beyn\u0259lxalq\u00a0 \u0259h\u0259miyy\u0259tli t\u0259\u015f\u0259bb\u00fcsl\u0259ri il\u0259 \u00a0cavabland\u0131ran Az\u0259rbaycan\u0131n diplomatik u\u011furlar\u0131 xalq\u0131n milli m\u0259nafel\u0259rin\u0259, d\u00f6vl\u0259t\u00e7iliyin m\u00f6hk\u0259ml\u0259nm\u0259sin\u0259 xidm\u0259t edir. D\u00f6vl\u0259tl\u0259r, xalqlar aras\u0131nda k\u00f6rp\u00fc rolunu oynayan \u00a0Az\u0259rbaycana artan maraq,\u00a0 d\u00fcnya ictimaiyy\u0259tini narahat ed\u0259n m\u0259s\u0259l\u0259l\u0259rin h\u0259lli yollar\u0131n\u0131 \u0259ks etdir\u0259n h\u0259d\u0259fl\u0259rin \u00f6lk\u0259mizd\u0259 m\u00fc\u0259yy\u0259nl\u0259\u015fdirilm\u0259si, NATO-nun, A\u015ePA-n\u0131n, AT\u018fT-in t\u0259dbirl\u0259rinin \u00f6lk\u0259mizd\u0259 ke\u00e7irilm\u0259si \u00a0daxild\u0259 sabitliyin m\u00f6vcudlu\u011funa v\u0259 \u00a0xarici siyas\u0259td\u0259 qazan\u0131lan u\u011furlara s\u00f6yk\u0259nir. Tarixi Z\u0259f\u0259rimizin yarat\u0131d\u0131\u011f\u0131 reall\u0131qlar fonunda&hellip;<\/p>\n","protected":false},"author":2,"featured_media":443207,"comment_status":"closed","ping_status":"closed","sticky":false,"template":"","format":"standard","meta":{"om_disable_all_campaigns":false,"_monsterinsights_skip_tracking":false,"_monsterinsights_sitenote_active":false,"_monsterinsights_sitenote_note":"","_monsterinsights_sitenote_category":0},"categories":[4],"tags":[],"aioseo_notices":[],"gutentor_comment":0,"rttpg_featured_image_url":{"full":["https:\/\/arantv.az\/wp-content\/uploads\/2022\/02\/14678db8164563238942086797210829360.jpg",975,540,false],"landscape":["https:\/\/arantv.az\/wp-content\/uploads\/2022\/02\/14678db8164563238942086797210829360.jpg",975,540,false],"portraits":["https:\/\/arantv.az\/wp-content\/uploads\/2022\/02\/14678db8164563238942086797210829360.jpg",975,540,false],"thumbnail":["https:\/\/arantv.az\/wp-content\/uploads\/2022\/02\/14678db8164563238942086797210829360-500x280.jpg",500,280,true],"medium":["https:\/\/arantv.az\/wp-content\/uploads\/2022\/02\/14678db8164563238942086797210829360-660x365.jpg",660,365,true],"large":["https:\/\/arantv.az\/wp-content\/uploads\/2022\/02\/14678db8164563238942086797210829360-840x465.jpg",640,354,true],"1536x1536":["https:\/\/arantv.az\/wp-content\/uploads\/2022\/02\/14678db8164563238942086797210829360.jpg",975,540,false],"2048x2048":["https:\/\/arantv.az\/wp-content\/uploads\/2022\/02\/14678db8164563238942086797210829360.jpg",975,540,false],"post-thumbnail":["https:\/\/arantv.az\/wp-content\/uploads\/2022\/02\/14678db8164563238942086797210829360-240x172.jpg",240,172,true],"advps-thumb-one":["https:\/\/arantv.az\/wp-content\/uploads\/2022\/02\/14678db8164563238942086797210829360.jpg",975,540,false]},"rttpg_author":{"display_name":"V\u00fcsal Rafiqo\u011flu","author_link":"https:\/\/arantv.az\/?author=2"},"rttpg_comment":0,"rttpg_category":"<a href=\"https:\/\/arantv.az\/?cat=4\" rel=\"category\">Siyas\u0259t<\/a>","rttpg_excerpt":"Rusiya il\u0259 m\u00fctt\u0259fiqlik B\u0259yannam\u0259sinin imzalanmas\u0131, Avropa \u0130ttifaq\u0131 v\u0259 NATO il\u0259 \u0259laq\u0259l\u0259rin y\u00fcks\u0259l\u0259n x\u0259tl\u0259 inki\u015faf\u0131\u00a0 postm\u00fcnaqi\u015f\u0259 d\u00f6vr\u00fcn\u00fcn reall\u0131qlar\u0131n\u0131n q\u0259bulu v\u0259 t\u0259sdiqidir Beyn\u0259lxalq m\u00fcnasib\u0259tl\u0259r sistemind\u0259 yeri v\u0259 rolunu\u00a0 \u00a0balansla\u015fd\u0131r\u0131lm\u0131\u015f siyas\u0259ti il\u0259 m\u00f6hk\u0259ml\u0259ndir\u0259n,\u00a0 d\u0259yi\u015f\u0259n d\u00fcnyada\u00a0\u00a0 yeni \u00e7a\u011f\u0131r\u0131\u015flar\u0131\u00a0 beyn\u0259lxalq\u00a0 \u0259h\u0259miyy\u0259tli t\u0259\u015f\u0259bb\u00fcsl\u0259ri il\u0259 \u00a0cavabland\u0131ran Az\u0259rbaycan\u0131n diplomatik u\u011furlar\u0131 xalq\u0131n milli m\u0259nafel\u0259rin\u0259, d\u00f6vl\u0259t\u00e7iliyin m\u00f6hk\u0259ml\u0259nm\u0259sin\u0259 xidm\u0259t edir. D\u00f6vl\u0259tl\u0259r, xalqlar aras\u0131nda k\u00f6rp\u00fc rolunu oynayan&hellip;","_links":{"self":[{"href":"https:\/\/arantv.az\/index.php?rest_route=\/wp\/v2\/posts\/443206"}],"collection":[{"href":"https:\/\/arantv.az\/index.php?rest_route=\/wp\/v2\/posts"}],"about":[{"href":"https:\/\/arantv.az\/index.php?rest_route=\/wp\/v2\/types\/post"}],"author":[{"embeddable":true,"href":"https:\/\/arantv.az\/index.php?rest_route=\/wp\/v2\/users\/2"}],"replies":[{"embeddable":true,"href":"https:\/\/arantv.az\/index.php?rest_route=%2Fwp%2Fv2%2Fcomments&post=443206"}],"version-history":[{"count":0,"href":"https:\/\/arantv.az\/index.php?rest_route=\/wp\/v2\/posts\/443206\/revisions"}],"wp:featuredmedia":[{"embeddable":true,"href":"https:\/\/arantv.az\/index.php?rest_route=\/wp\/v2\/media\/443207"}],"wp:attachment":[{"href":"https:\/\/arantv.az\/index.php?rest_route=%2Fwp%2Fv2%2Fmedia&parent=443206"}],"wp:term":[{"taxonomy":"category","embeddable":true,"href":"https:\/\/arantv.az\/index.php?rest_route=%2Fwp%2Fv2%2Fcategories&post=443206"},{"taxonomy":"post_tag","embeddable":true,"href":"https:\/\/arantv.az\/index.php?rest_route=%2Fwp%2Fv2%2Ftags&post=443206"}],"curies":[{"name":"wp","href":"https:\/\/api.w.org\/{rel}","templated":true}]}}