{"id":443213,"date":"2022-02-24T07:20:00","date_gmt":"2022-02-24T04:20:00","guid":{"rendered":"http:\/\/arantv.az\/?p=443213"},"modified":"2022-02-24T07:20:00","modified_gmt":"2022-02-24T04:20:00","slug":"prezident-ilham-%c9%99liyev-moskvada-rusiya-il%c9%99-%c9%99m%c9%99kdasliga-h%c9%99sr-edil%c9%99n-s%c9%99rgi-il%c9%99-tanis-olub-foto-video","status":"publish","type":"post","link":"https:\/\/arantv.az\/?p=443213","title":{"rendered":"Prezident \u0130lham \u018fliyev Moskvada Rusiya il\u0259 \u0259m\u0259kda\u015fl\u0131\u011fa h\u0259sr edil\u0259n s\u0259rgi il\u0259 tan\u0131\u015f olub FOTO V\u0130DEO"},"content":{"rendered":"<p><strong>Fevral\u0131n 23-d\u0259 Az\u0259rbaycan Respublikas\u0131n\u0131n Prezidenti \u0130lham \u018fliyev v\u0259 birinci xan\u0131m Mehriban \u018fliyeva Moskvada TASS agentliyinin m\u0259nzil-q\u0259rargah\u0131nda \u201cRusiya v\u0259 Az\u0259rbaycan\u0131n diplomatik m\u00fcnasib\u0259tl\u0259rinin 30 ili TASS v\u0259 AZ\u018fRTAC-\u0131n fotolar\u0131nda\u201d adl\u0131 ekspozisiya il\u0259 tan\u0131\u015f olublar. Bu, TASS v\u0259 AZ\u018fRTAC-\u0131n birg\u0259 layih\u0259sidir.<\/strong><\/p>\n<p><strong>ARANTV.AZ<\/strong>\u00a0x\u0259b\u0259r verir ki, iyirmi foto\u015f\u0259kild\u0259n ibar\u0259t olan ekspozisiyada Rusiya v\u0259 Az\u0259rbaycan xalqlar\u0131n\u0131n siyasi, iqtisadi, h\u0259rbi, m\u0259d\u0259ni v\u0259 dig\u0259r sah\u0259l\u0259rd\u0259 dostlu\u011funun v\u0259 \u0259m\u0259kda\u015fl\u0131\u011f\u0131n\u0131n tarixinin \u0259n yeni d\u00f6vr\u00fc bar\u0259d\u0259 s\u00f6hb\u0259t a\u00e7\u0131l\u0131r.<\/p>\n<p>TASS agentliyinin ba\u015f direktorunun birinci m\u00fcavini Mixail Qusman ekspozisiyada t\u0259qdim edil\u0259n \u015f\u0259kill\u0259r bar\u0259d\u0259 qonaqlara m\u0259lumat verib. TASS-\u0131n fotoqraflar\u0131 1997-ci ild\u0259 Az\u0259rbaycan Prezidenti Heyd\u0259r \u018fliyev v\u0259 Rusiya Prezidenti Boris Yeltsin t\u0259r\u0259find\u0259n Dostluq, \u018fm\u0259kda\u015fl\u0131q v\u0259 T\u0259hl\u00fck\u0259sizlik haqq\u0131nda M\u00fcqavil\u0259nin, 2001-ci ild\u0259 Heyd\u0259r \u018fliyev v\u0259 Vladimir Putin t\u0259r\u0259find\u0259n X\u0259z\u0259r d\u0259nizind\u0259 \u0259m\u0259kda\u015fl\u0131\u011f\u0131n prinsipl\u0259ri haqq\u0131nda Birg\u0259 B\u0259yanat\u0131n v\u0259 Qafqazda t\u0259hl\u00fck\u0259sizliyin t\u0259min edilm\u0259si v\u0259 \u0259m\u0259kda\u015fl\u0131\u011f\u0131n inki\u015faf\u0131 prinsipl\u0259ri haqq\u0131nda Bak\u0131 B\u0259yannam\u0259sinin imzalanmas\u0131 anlar\u0131n\u0131 \u0259b\u0259dil\u0259\u015fdiribl\u0259r.<\/p>\n<p>Ekspozisiyada Rusiya Prezidenti Vladimir Putinin, RF xarici i\u015fl\u0259r naziri Sergey Lavrovun, Moskvan\u0131n v\u0259 B\u00fct\u00fcn Rusiyan\u0131n Patriarx\u0131 Kirillin Az\u0259rbaycana r\u0259smi s\u0259f\u0259rl\u0259rind\u0259n \u00e7\u0259kilmi\u015f foto\u015f\u0259kill\u0259r n\u00fcmayi\u015f etdirilir.<\/p>\n<p>Xalq T\u0259s\u0259rr\u00fcfat\u0131 Nailiyy\u0259tl\u0259ri S\u0259rgisind\u0259 \u201cAz\u0259rbaycan\u201d pavilyonunun a\u00e7\u0131l\u0131\u015f\u0131 v\u0259 Rusiya Prezidenti Vladimir Putin t\u0259r\u0259find\u0259n Az\u0259rbaycan\u0131n Birinci vitse-prezidenti Mehriban \u018fliyevaya Rusiya-Az\u0259rbaycan m\u00fcnasib\u0259tl\u0259rinin inki\u015faf\u0131nda v\u0259 m\u00f6hk\u0259ml\u0259ndirilm\u0259sind\u0259 xidm\u0259tl\u0259rin\u0259 g\u00f6r\u0259 \u201dDostluq\u201d ordeninin t\u0259qdim edilm\u0259si m\u0259rasiml\u0259rind\u0259n \u00e7\u0259kilmi\u015f kadrlar Mehriban \u018fliyevan\u0131n Rusiyaya s\u0259f\u0259rl\u0259rini \u0259ks etdirir.<\/p>\n<p>2021-ci ild\u0259 C\u0259bray\u0131lda \u201cKamAZ\u201d A\u00e7\u0131q S\u0259hmdar C\u0259miyy\u0259tinin servis m\u0259rk\u0259zinin v\u0259 \u201cG\u0259nc\u0259 Avtomobil M\u0259rk\u0259zi\u201d \u0130stehsalat Birliyinin t\u0259m\u0259linin qoyulmas\u0131n\u0131 \u0259ks etdir\u0259n, AZ\u018fRTAC-\u0131n fotom\u00fcxbirinin \u00e7\u0259kdiyi foto\u015f\u0259kil iqtisadiyyat sah\u0259sind\u0259 \u0259m\u0259kda\u015fl\u0131q n\u00fcmun\u0259sidir. Az\u0259rbaycan\u0131n X\u0259z\u0259r G\u0259mi\u00e7iliyi \u00fc\u00e7\u00fcn tikilmi\u015f \u201cPrezident Heyd\u0259r \u018fliyev\u201d neftda\u015f\u0131yan tankerinin \u201cKrasnoye Sormovo\u201d zavodunun stapell\u0259rind\u0259n suya burax\u0131lmas\u0131 m\u0259rasimind\u0259n \u00e7\u0259kilmi\u015f foto\u015f\u0259kli TASS agentliyi t\u0259qdim edib.<\/p>\n<p>Sankt-Peterburqda dahi Az\u0259rbaycan \u015fairi Nizami G\u0259nc\u0259vinin abid\u0259sinin a\u00e7\u0131l\u0131\u015f\u0131ndan, Rusiyan\u0131n v\u0259 Az\u0259rbaycan\u0131n Xalq artisti Lyudmila Z\u0131kinan\u0131n konsertind\u0259n sonra Heyd\u0259r \u018fliyevin onunla s\u00f6hb\u0259ti zaman\u0131 AZ\u018fRTAC-\u0131n fotom\u00fcxbirinin \u00e7\u0259kdiyi kadrlar m\u0259d\u0259niyy\u0259t sah\u0259sind\u0259 qar\u015f\u0131l\u0131ql\u0131 m\u00fcnasib\u0259tl\u0259rd\u0259n b\u0259hs edir.<\/p>\n<p>Ekspozisiyada Rusiya Prezidenti Vladimir Putin il\u0259 Az\u0259rbaycan Prezidenti \u0130lham \u018fliyevin g\u00f6r\u00fc\u015fl\u0259ri h\u0259m r\u0259smi foto\u015f\u0259kill\u0259rl\u0259, h\u0259m d\u0259 onlar\u0131n Bak\u0131 sakinl\u0259ri il\u0259 qeyri-formal g\u00f6r\u00fc\u015f\u00fcnd\u0259n \u00e7\u0259kilmi\u015f kadrlarla n\u00fcmayi\u015f etdirilir.<\/p>\n<p>Prezident \u0130lham \u018fliyev s\u0259rgi il\u0259 tan\u0131\u015fl\u0131qdan sonra TASS agentliyinin m\u0259nzil-q\u0259rargah\u0131nda Rusiyan\u0131n apar\u0131c\u0131 k\u00fctl\u0259vi informasiya vasit\u0259l\u0259rinin r\u0259hb\u0259rl\u0259ri il\u0259 g\u00f6r\u00fc\u015f\u00fcb.<\/p>\n<p>&nbsp;<\/p>\n<p><img src=\"https:\/\/baku.ws\/uploads\/posts\/2022-02\/1645615127_pr.jpg\" alt=\"\" \/><\/p>\n<div class=\"element\"><iframe loading=\"lazy\" id=\"instagram-embed-0\" class=\"instagram-media instagram-media-rendered\" src=\"https:\/\/www.instagram.com\/tv\/CaUNKsUKdpW\/embed\/captioned\/?cr=1&amp;v=14&amp;wp=675&amp;rd=https%3A%2F%2Fbaku.ws&amp;rp=%2Fpolitics%2F142373#%7B%22ci%22%3A0%2C%22os%22%3A1821.2999999970198%2C%22ls%22%3A1676.2999999970198%2C%22le%22%3A1688.3999999985099%7D\" width=\"300\" height=\"923\" frameborder=\"0\" scrolling=\"no\" allowfullscreen=\"allowfullscreen\" data-instgrm-payload-id=\"instagram-media-payload-0\" data-mce-fragment=\"1\"><\/iframe><\/div>\n","protected":false},"excerpt":{"rendered":"<p>Fevral\u0131n 23-d\u0259 Az\u0259rbaycan Respublikas\u0131n\u0131n Prezidenti \u0130lham \u018fliyev v\u0259 birinci xan\u0131m Mehriban \u018fliyeva Moskvada TASS agentliyinin m\u0259nzil-q\u0259rargah\u0131nda \u201cRusiya v\u0259 Az\u0259rbaycan\u0131n diplomatik m\u00fcnasib\u0259tl\u0259rinin 30 ili TASS v\u0259 AZ\u018fRTAC-\u0131n fotolar\u0131nda\u201d adl\u0131 ekspozisiya il\u0259 tan\u0131\u015f olublar. Bu, TASS v\u0259 AZ\u018fRTAC-\u0131n birg\u0259 layih\u0259sidir. ARANTV.AZ\u00a0x\u0259b\u0259r verir ki, iyirmi foto\u015f\u0259kild\u0259n ibar\u0259t olan ekspozisiyada Rusiya v\u0259 Az\u0259rbaycan xalqlar\u0131n\u0131n siyasi, iqtisadi, h\u0259rbi, m\u0259d\u0259ni v\u0259 dig\u0259r sah\u0259l\u0259rd\u0259 dostlu\u011funun v\u0259 \u0259m\u0259kda\u015fl\u0131\u011f\u0131n\u0131n tarixinin \u0259n yeni d\u00f6vr\u00fc bar\u0259d\u0259 s\u00f6hb\u0259t a\u00e7\u0131l\u0131r. TASS agentliyinin ba\u015f direktorunun birinci m\u00fcavini Mixail Qusman ekspozisiyada t\u0259qdim edil\u0259n \u015f\u0259kill\u0259r bar\u0259d\u0259 qonaqlara m\u0259lumat verib. TASS-\u0131n fotoqraflar\u0131 1997-ci ild\u0259 Az\u0259rbaycan Prezidenti Heyd\u0259r&hellip;<\/p>\n","protected":false},"author":2,"featured_media":443214,"comment_status":"closed","ping_status":"closed","sticky":false,"template":"","format":"standard","meta":{"om_disable_all_campaigns":false,"_monsterinsights_skip_tracking":false,"_monsterinsights_sitenote_active":false,"_monsterinsights_sitenote_note":"","_monsterinsights_sitenote_category":0},"categories":[4],"tags":[],"aioseo_notices":[],"gutentor_comment":0,"rttpg_featured_image_url":{"full":["https:\/\/arantv.az\/wp-content\/uploads\/2022\/02\/e2da8d188d7945ad84dd2e6c38176b48.jpg",450,300,false],"landscape":["https:\/\/arantv.az\/wp-content\/uploads\/2022\/02\/e2da8d188d7945ad84dd2e6c38176b48.jpg",450,300,false],"portraits":["https:\/\/arantv.az\/wp-content\/uploads\/2022\/02\/e2da8d188d7945ad84dd2e6c38176b48.jpg",450,300,false],"thumbnail":["https:\/\/arantv.az\/wp-content\/uploads\/2022\/02\/e2da8d188d7945ad84dd2e6c38176b48-450x280.jpg",450,280,true],"medium":["https:\/\/arantv.az\/wp-content\/uploads\/2022\/02\/e2da8d188d7945ad84dd2e6c38176b48.jpg",450,300,false],"large":["https:\/\/arantv.az\/wp-content\/uploads\/2022\/02\/e2da8d188d7945ad84dd2e6c38176b48.jpg",450,300,false],"1536x1536":["https:\/\/arantv.az\/wp-content\/uploads\/2022\/02\/e2da8d188d7945ad84dd2e6c38176b48.jpg",450,300,false],"2048x2048":["https:\/\/arantv.az\/wp-content\/uploads\/2022\/02\/e2da8d188d7945ad84dd2e6c38176b48.jpg",450,300,false],"post-thumbnail":["https:\/\/arantv.az\/wp-content\/uploads\/2022\/02\/e2da8d188d7945ad84dd2e6c38176b48-240x172.jpg",240,172,true],"advps-thumb-one":["https:\/\/arantv.az\/wp-content\/uploads\/2022\/02\/e2da8d188d7945ad84dd2e6c38176b48.jpg",450,300,false]},"rttpg_author":{"display_name":"V\u00fcsal Rafiqo\u011flu","author_link":"https:\/\/arantv.az\/?author=2"},"rttpg_comment":0,"rttpg_category":"<a href=\"https:\/\/arantv.az\/?cat=4\" rel=\"category\">Siyas\u0259t<\/a>","rttpg_excerpt":"Fevral\u0131n 23-d\u0259 Az\u0259rbaycan Respublikas\u0131n\u0131n Prezidenti \u0130lham \u018fliyev v\u0259 birinci xan\u0131m Mehriban \u018fliyeva Moskvada TASS agentliyinin m\u0259nzil-q\u0259rargah\u0131nda \u201cRusiya v\u0259 Az\u0259rbaycan\u0131n diplomatik m\u00fcnasib\u0259tl\u0259rinin 30 ili TASS v\u0259 AZ\u018fRTAC-\u0131n fotolar\u0131nda\u201d adl\u0131 ekspozisiya il\u0259 tan\u0131\u015f olublar. Bu, TASS v\u0259 AZ\u018fRTAC-\u0131n birg\u0259 layih\u0259sidir. ARANTV.AZ\u00a0x\u0259b\u0259r verir ki, iyirmi foto\u015f\u0259kild\u0259n ibar\u0259t olan ekspozisiyada Rusiya v\u0259 Az\u0259rbaycan xalqlar\u0131n\u0131n siyasi, iqtisadi, h\u0259rbi, m\u0259d\u0259ni v\u0259&hellip;","_links":{"self":[{"href":"https:\/\/arantv.az\/index.php?rest_route=\/wp\/v2\/posts\/443213"}],"collection":[{"href":"https:\/\/arantv.az\/index.php?rest_route=\/wp\/v2\/posts"}],"about":[{"href":"https:\/\/arantv.az\/index.php?rest_route=\/wp\/v2\/types\/post"}],"author":[{"embeddable":true,"href":"https:\/\/arantv.az\/index.php?rest_route=\/wp\/v2\/users\/2"}],"replies":[{"embeddable":true,"href":"https:\/\/arantv.az\/index.php?rest_route=%2Fwp%2Fv2%2Fcomments&post=443213"}],"version-history":[{"count":0,"href":"https:\/\/arantv.az\/index.php?rest_route=\/wp\/v2\/posts\/443213\/revisions"}],"wp:featuredmedia":[{"embeddable":true,"href":"https:\/\/arantv.az\/index.php?rest_route=\/wp\/v2\/media\/443214"}],"wp:attachment":[{"href":"https:\/\/arantv.az\/index.php?rest_route=%2Fwp%2Fv2%2Fmedia&parent=443213"}],"wp:term":[{"taxonomy":"category","embeddable":true,"href":"https:\/\/arantv.az\/index.php?rest_route=%2Fwp%2Fv2%2Fcategories&post=443213"},{"taxonomy":"post_tag","embeddable":true,"href":"https:\/\/arantv.az\/index.php?rest_route=%2Fwp%2Fv2%2Ftags&post=443213"}],"curies":[{"name":"wp","href":"https:\/\/api.w.org\/{rel}","templated":true}]}}