{"id":443229,"date":"2022-02-24T07:27:57","date_gmt":"2022-02-24T04:27:57","guid":{"rendered":"http:\/\/arantv.az\/?p=443229"},"modified":"2022-02-24T07:27:57","modified_gmt":"2022-02-24T04:27:57","slug":"sakinl%c9%99rin-qaldirdigi-probleml%c9%99r%c9%99-h%c9%99ssasliqla-yanasilmalidir-icra-bascisi-novb%c9%99ti-q%c9%99bul-kecirdi","status":"publish","type":"post","link":"https:\/\/arantv.az\/?p=443229","title":{"rendered":"&#8220;Sakinl\u0259rin qald\u0131rd\u0131\u011f\u0131 probleml\u0259r\u0259 h\u0259ssasl\u0131qla yana\u015f\u0131lmal\u0131d\u0131r&#8221; &#8211; \u0130cra ba\u015f\u00e7\u0131s\u0131 n\u00f6vb\u0259ti q\u0259bul ke\u00e7irdi"},"content":{"rendered":"<p>Prezident c\u0259nab \u0130lham \u018fliyev \u00f6z\u00fc ba\u015fda olmaqla b\u00fct\u00fcn d\u00f6vl\u0259t orqanlar\u0131ndan, v\u0259zif\u0259li \u015f\u0259xsl\u0259rd\u0259n, h\u0259r bir m\u0259murdan Az\u0259rbaycan d\u00f6vl\u0259tinin \u0259sas daya\u011f\u0131 olan Az\u0259rbaycan xalq\u0131n\u0131n h\u00fcquq v\u0259 azadl\u0131qlar\u0131n\u0131n qarant\u0131 kimi bu h\u00fcquqlar\u0131n t\u0259min edilm\u0259sini, onlar\u0131n d\u00f6vl\u0259t orqanlar\u0131na etdiyi h\u0259r bir m\u00fcraci\u0259t\u0259 qanun \u00e7\u0259r\u00e7iv\u0259sind\u0259, h\u00fcquqi m\u00fcst\u0259vid\u0259 bax\u0131lmas\u0131n\u0131 \u00e7ox ciddi t\u0259l\u0259b edir.<\/p>\n<p>Karantin qaydalar\u0131n\u0131n t\u0259l\u0259bl\u0259rin\u0259 \u0259m\u0259l etm\u0259kl\u0259 \u015e\u0259mkir R\u0130H ba\u015f\u00e7\u0131s\u0131 R\u0259\u015fad Ta\u011f\u0131yev t\u0259r\u0259find\u0259n ist\u0259r v\u0259t\u0259nda\u015flarla m\u00fctamadi yerl\u0259rd\u0259 ke\u00e7iril\u0131n g\u00f6r\u00fc\u015fl\u0259r, ist\u0259rs\u0259 d\u0259 Rayon \u0130cra Hakimiyy\u0259ti ba\u015f\u00e7\u0131s\u0131 Aparat\u0131n\u0131n inzibati binas\u0131ndak\u0131 f\u0259rdi q\u0259bullar qrafik\u0259 uy\u011fun olaraq davam etdirilir v\u0259 bu q\u0259bullar sakinl\u0259rimiz aras\u0131nda getdikc\u0259 daha b\u00f6y\u00fck maraq v\u0259 r\u0259\u011fb\u0259tl\u0259 qar\u015f\u0131lan\u0131r.<\/p>\n<p>Fevral\u0131n 22-d\u0259 R\u0259\u015fad Ta\u011f\u0131yev n\u00f6vb\u0259ti d\u0259f\u0259 rayon sakinl\u0259rini f\u0259rdi q\u0259bul edib, m\u00fcraci\u0259tl\u0259rini dinl\u0259yib.<\/p>\n<p>Q\u0259bul zaman\u0131 icra ba\u015f\u00e7\u0131s\u0131 bildirib ki, k\u0259nd v\u0259 q\u0259s\u0259b\u0259l\u0259rd\u0259 ke\u00e7irdiyi s\u0259yyar g\u00f6r\u00fc\u015fl\u0259r, ist\u0259rs\u0259 d\u0259 v\u0259t\u0259nda\u015flar\u0131 f\u0259rdi \u015f\u0259kild\u0259 q\u0259bul etm\u0259si v\u0259t\u0259nda\u015f m\u0259mnunlu\u011funa nail olunmas\u0131na xidm\u0259t edir.<\/p>\n<p>\u015e\u0259hid ail\u0259l\u0259ri, qazil\u0259r n\u00f6vb\u0259d\u0259nk\u0259nar q\u0259bul edilib, icra hakimiyy\u0259tinin s\u0259lahiyy\u0259tl\u0259ri \u00e7\u0259r\u00e7iv\u0259sind\u0259 b\u0259zi probleml\u0259r yerind\u0259 h\u0259ll olunub, b\u0259zil\u0259rinin h\u0259lli \u00fc\u00e7\u00fcn m\u00fcvafiq tap\u015f\u0131r\u0131qlar verilib.<\/p>\n<p>Dig\u0259r v\u0259t\u0259nda\u015flar is\u0259 n\u00f6vb\u0259lilik \u0259sas\u0131nda q\u0259bul edilibl\u0259r.<\/p>\n<p>Q\u0259bulda i\u015ftirak ed\u0259n sakinl\u0259rin h\u0259r birini ayr\u0131l\u0131qda dinl\u0259y\u0259n icra ba\u015f\u00e7\u0131s\u0131 qald\u0131rd\u0131qlar\u0131 b\u00fct\u00fcn m\u0259s\u0259l\u0259l\u0259rin h\u0259lli \u00fc\u00e7\u00fcn t\u0259dbirl\u0259r g\u00f6r\u00fcl\u0259c\u0259yini diqq\u0259t\u0259 \u00e7atd\u0131r\u0131b v\u0259 q\u0259bulda i\u015ftirk ed\u0259n R\u0130H-in struktur b\u00f6lm\u0259l\u0259ri r\u0259hb\u0259rl\u0259rin\u0259 sakinl\u0259rin qald\u0131rd\u0131qlar\u0131 probleml\u0259r\u0259 operativ yana\u015f\u0131lmas\u0131n\u0131n vacib oldu\u011funu bildirilib.<\/p>\n<p><img loading=\"lazy\" src=\"http:\/\/shamkir-ih.gov.az\/userfiles\/images\/2309-2(1).jpg\" alt=\"\" width=\"650\" height=\"433\" \/><\/p>\n<p><img loading=\"lazy\" src=\"http:\/\/shamkir-ih.gov.az\/userfiles\/images\/2309-3.jpg\" alt=\"\" width=\"650\" height=\"433\" \/><\/p>\n<p><img loading=\"lazy\" src=\"http:\/\/shamkir-ih.gov.az\/userfiles\/images\/2309-4.jpg\" alt=\"\" width=\"650\" height=\"433\" \/><\/p>\n<p><img loading=\"lazy\" src=\"http:\/\/shamkir-ih.gov.az\/userfiles\/images\/2309-7.jpg\" alt=\"\" width=\"650\" height=\"433\" \/><\/p>\n<p><img loading=\"lazy\" src=\"http:\/\/shamkir-ih.gov.az\/userfiles\/images\/2309-6.jpg\" alt=\"\" width=\"650\" height=\"433\" \/><\/p>\n","protected":false},"excerpt":{"rendered":"<p>Prezident c\u0259nab \u0130lham \u018fliyev \u00f6z\u00fc ba\u015fda olmaqla b\u00fct\u00fcn d\u00f6vl\u0259t orqanlar\u0131ndan, v\u0259zif\u0259li \u015f\u0259xsl\u0259rd\u0259n, h\u0259r bir m\u0259murdan Az\u0259rbaycan d\u00f6vl\u0259tinin \u0259sas daya\u011f\u0131 olan Az\u0259rbaycan xalq\u0131n\u0131n h\u00fcquq v\u0259 azadl\u0131qlar\u0131n\u0131n qarant\u0131 kimi bu h\u00fcquqlar\u0131n t\u0259min edilm\u0259sini, onlar\u0131n d\u00f6vl\u0259t orqanlar\u0131na etdiyi h\u0259r bir m\u00fcraci\u0259t\u0259 qanun \u00e7\u0259r\u00e7iv\u0259sind\u0259, h\u00fcquqi m\u00fcst\u0259vid\u0259 bax\u0131lmas\u0131n\u0131 \u00e7ox ciddi t\u0259l\u0259b edir. Karantin qaydalar\u0131n\u0131n t\u0259l\u0259bl\u0259rin\u0259 \u0259m\u0259l etm\u0259kl\u0259 \u015e\u0259mkir R\u0130H ba\u015f\u00e7\u0131s\u0131 R\u0259\u015fad Ta\u011f\u0131yev t\u0259r\u0259find\u0259n ist\u0259r v\u0259t\u0259nda\u015flarla m\u00fctamadi yerl\u0259rd\u0259 ke\u00e7iril\u0131n g\u00f6r\u00fc\u015fl\u0259r, ist\u0259rs\u0259 d\u0259 Rayon \u0130cra Hakimiyy\u0259ti ba\u015f\u00e7\u0131s\u0131 Aparat\u0131n\u0131n inzibati binas\u0131ndak\u0131 f\u0259rdi q\u0259bullar qrafik\u0259 uy\u011fun olaraq davam etdirilir v\u0259 bu q\u0259bullar sakinl\u0259rimiz aras\u0131nda getdikc\u0259 daha b\u00f6y\u00fck maraq v\u0259&hellip;<\/p>\n","protected":false},"author":2,"featured_media":443230,"comment_status":"closed","ping_status":"closed","sticky":false,"template":"","format":"standard","meta":{"om_disable_all_campaigns":false,"_monsterinsights_skip_tracking":false,"_monsterinsights_sitenote_active":false,"_monsterinsights_sitenote_note":"","_monsterinsights_sitenote_category":0},"categories":[2],"tags":[],"aioseo_notices":[],"gutentor_comment":0,"rttpg_featured_image_url":{"full":["https:\/\/arantv.az\/wp-content\/uploads\/2022\/02\/2309-1.jpg",1600,1066,false],"landscape":["https:\/\/arantv.az\/wp-content\/uploads\/2022\/02\/2309-1.jpg",1600,1066,false],"portraits":["https:\/\/arantv.az\/wp-content\/uploads\/2022\/02\/2309-1.jpg",1600,1066,false],"thumbnail":["https:\/\/arantv.az\/wp-content\/uploads\/2022\/02\/2309-1-500x280.jpg",500,280,true],"medium":["https:\/\/arantv.az\/wp-content\/uploads\/2022\/02\/2309-1-548x365.jpg",548,365,true],"large":["https:\/\/arantv.az\/wp-content\/uploads\/2022\/02\/2309-1-840x560.jpg",640,427,true],"1536x1536":["https:\/\/arantv.az\/wp-content\/uploads\/2022\/02\/2309-1-1536x1023.jpg",1536,1023,true],"2048x2048":["https:\/\/arantv.az\/wp-content\/uploads\/2022\/02\/2309-1.jpg",1600,1066,false],"post-thumbnail":["https:\/\/arantv.az\/wp-content\/uploads\/2022\/02\/2309-1-240x172.jpg",240,172,true],"advps-thumb-one":["https:\/\/arantv.az\/wp-content\/uploads\/2022\/02\/2309-1-1200x620.jpg",1200,620,true]},"rttpg_author":{"display_name":"V\u00fcsal Rafiqo\u011flu","author_link":"https:\/\/arantv.az\/?author=2"},"rttpg_comment":0,"rttpg_category":"<a href=\"https:\/\/arantv.az\/?cat=2\" rel=\"category\">Region X\u0259b\u0259rl\u0259ri<\/a>","rttpg_excerpt":"Prezident c\u0259nab \u0130lham \u018fliyev \u00f6z\u00fc ba\u015fda olmaqla b\u00fct\u00fcn d\u00f6vl\u0259t orqanlar\u0131ndan, v\u0259zif\u0259li \u015f\u0259xsl\u0259rd\u0259n, h\u0259r bir m\u0259murdan Az\u0259rbaycan d\u00f6vl\u0259tinin \u0259sas daya\u011f\u0131 olan Az\u0259rbaycan xalq\u0131n\u0131n h\u00fcquq v\u0259 azadl\u0131qlar\u0131n\u0131n qarant\u0131 kimi bu h\u00fcquqlar\u0131n t\u0259min edilm\u0259sini, onlar\u0131n d\u00f6vl\u0259t orqanlar\u0131na etdiyi h\u0259r bir m\u00fcraci\u0259t\u0259 qanun \u00e7\u0259r\u00e7iv\u0259sind\u0259, h\u00fcquqi m\u00fcst\u0259vid\u0259 bax\u0131lmas\u0131n\u0131 \u00e7ox ciddi t\u0259l\u0259b edir. Karantin qaydalar\u0131n\u0131n t\u0259l\u0259bl\u0259rin\u0259 \u0259m\u0259l etm\u0259kl\u0259 \u015e\u0259mkir R\u0130H ba\u015f\u00e7\u0131s\u0131&hellip;","_links":{"self":[{"href":"https:\/\/arantv.az\/index.php?rest_route=\/wp\/v2\/posts\/443229"}],"collection":[{"href":"https:\/\/arantv.az\/index.php?rest_route=\/wp\/v2\/posts"}],"about":[{"href":"https:\/\/arantv.az\/index.php?rest_route=\/wp\/v2\/types\/post"}],"author":[{"embeddable":true,"href":"https:\/\/arantv.az\/index.php?rest_route=\/wp\/v2\/users\/2"}],"replies":[{"embeddable":true,"href":"https:\/\/arantv.az\/index.php?rest_route=%2Fwp%2Fv2%2Fcomments&post=443229"}],"version-history":[{"count":0,"href":"https:\/\/arantv.az\/index.php?rest_route=\/wp\/v2\/posts\/443229\/revisions"}],"wp:featuredmedia":[{"embeddable":true,"href":"https:\/\/arantv.az\/index.php?rest_route=\/wp\/v2\/media\/443230"}],"wp:attachment":[{"href":"https:\/\/arantv.az\/index.php?rest_route=%2Fwp%2Fv2%2Fmedia&parent=443229"}],"wp:term":[{"taxonomy":"category","embeddable":true,"href":"https:\/\/arantv.az\/index.php?rest_route=%2Fwp%2Fv2%2Fcategories&post=443229"},{"taxonomy":"post_tag","embeddable":true,"href":"https:\/\/arantv.az\/index.php?rest_route=%2Fwp%2Fv2%2Ftags&post=443229"}],"curies":[{"name":"wp","href":"https:\/\/api.w.org\/{rel}","templated":true}]}}