{"id":443236,"date":"2022-02-24T07:30:20","date_gmt":"2022-02-24T04:30:20","guid":{"rendered":"http:\/\/arantv.az\/?p=443236"},"modified":"2022-02-24T07:30:20","modified_gmt":"2022-02-24T04:30:20","slug":"xocali-faci%c9%99sinin-30-cu-ildonumun%c9%99-h%c9%99sr-olunmus-rayon-cempionati-kecirilib","status":"publish","type":"post","link":"https:\/\/arantv.az\/?p=443236","title":{"rendered":"\u201cXocal\u0131 faci\u0259si\u201dnin 30-cu ild\u00f6n\u00fcm\u00fcn\u0259 h\u0259sr olunmu\u015f rayon \u00e7empionat\u0131 ke\u00e7irilib"},"content":{"rendered":"<p>23 yanvar 2022-ci il tarixd\u0259 \u201cXocal\u0131 faci\u0259si\u201dnin 30-cu ild\u00f6n\u00fcm\u00fc il\u0259 \u0259laq\u0259dar T\u0259rt\u0259r Rayon \u0130cra Hakimiyy\u0259tinin t\u0259sdiq etdiyi t\u0259dbirl\u0259r plan\u0131na uy\u011fun olaraq T\u0259rt\u0259r Rayon \u0130cra Hakimiyy\u0259tinin, Yeni Az\u0259rbaycan Partiyas\u0131 T\u0259rt\u0259r rayon t\u0259\u015fkilat\u0131n\u0131n, T\u0259rt\u0259r rayon T\u0259hsil \u015f\u00f6b\u0259sinin birg\u0259 t\u0259\u015fkilat\u00e7\u0131l\u0131\u011f\u0131 il\u0259 rayonun \u00fcmumt\u0259hsil m\u0259kt\u0259bl\u0259rinin \u015fagirdl\u0259ri aras\u0131nda T\u0259rt\u0259r U\u015faq G\u0259ncl\u0259r \u0130dman \u015eahmat m\u0259kt\u0259bind\u0259 \u00fcmumt\u0259hsil m\u0259kt\u0259bbl\u0259rinin \u015fagirdl\u0259ri aras\u0131nda \u015fahmat \u00fczr\u0259 rayon \u00e7empionat\u0131 ke\u00e7irilmi\u015fdir. Yar\u0131\u015fa 8-10, 10-12, 12-14, 14-16 ya\u015f qruplar\u0131 \u00fczr\u0259 66 \u015fagird qat\u0131lm\u0131\u015fd\u0131r.<\/p>\n<p>T\u0259dbird\u0259 \u0259vv\u0259lc\u0259 azadl\u0131\u011f\u0131m\u0131z, m\u00fcst\u0259qilliyimiz v\u0259 \u0259razi b\u00fct\u00f6vl\u00fcy\u00fcm\u00fcz u\u011frunda can\u0131ndan ke\u00e7\u0259n \u015f\u0259hidl\u0259rimizin \u0259ziz xatir\u0259si bir d\u0259qiq\u0259lik s\u00fckutla an\u0131l\u0131b.\u00a0 Sonra T\u0259rt\u0259r Rayon \u0130cra Hakimiyy\u0259tinin \u0259m\u0259kda\u015f\u0131 R\u0259van H\u0259s\u0259nov , Yeni Az\u0259rbaycan Partiyas\u0131n\u0131n T\u0259rt\u0259r rayon t\u0259\u015fkilat\u0131n\u0131n \u0259m\u0259kda\u015f\u0131 Kamil M\u0259mm\u0259dov v\u0259 U\u015faq G\u0259ncl\u0259r \u0130dman v\u0259 \u015eahmat m\u0259kt\u0259binin direktoru Emin Quliyev \u00e7\u0131x\u0131\u015f ed\u0259r\u0259k xalq\u0131m\u0131za qar\u015f\u0131 t\u00f6r\u0259dil\u0259n erm\u0259ni q\u0259tliam\u0131ndan, amans\u0131z soyq\u0131r\u0131mdan dan\u0131\u015faraq bu faci\u0259l\u0259rin ba\u015f\u0131nda xalq\u0131n demokratiya u\u011frunda olan h\u0259v\u0259sini, azadl\u0131q m\u0259fkur\u0259sini q\u0131rmaq , xalq\u0131m\u0131za m\u0259n\u0259vi z\u0259rb\u0259 vurmaq m\u0259qs\u0259di durdu\u011funu qeyd edib.<\/p>\n<p>Sonra turnir\u0259 start verilib v\u0259 yar\u0131\u015f Olimpiya sistemi \u0259sas\u0131nda h\u0259yata ke\u00e7irilib. Sonda 27 n\u0259f\u0259r qalibl\u0259r T\u0259rt\u0259r rayon T\u0259hsil \u015f\u00f6b\u0259sinin diplomlar\u0131 il\u0259 t\u0259ltif olunublar.<\/p>\n<p><img loading=\"lazy\" src=\"http:\/\/terter-ih.gov.az\/userfiles\/images\/PHOTO-2022-02-23-13-23-25.jpg\" alt=\"\" width=\"250\" height=\"188\" \/><img loading=\"lazy\" src=\"http:\/\/terter-ih.gov.az\/userfiles\/images\/PHOTO-2022-02-23-13-25-18.jpg\" alt=\"\" width=\"250\" height=\"188\" \/><\/p>\n<p><img loading=\"lazy\" src=\"http:\/\/terter-ih.gov.az\/userfiles\/images\/PHOTO-2022-02-23-13-23-58.jpg\" alt=\"\" width=\"250\" height=\"188\" \/><img loading=\"lazy\" src=\"http:\/\/terter-ih.gov.az\/userfiles\/images\/PHOTO-2022-02-23-13-24-32.jpg\" alt=\"\" width=\"250\" height=\"188\" \/><\/p>\n<p><img loading=\"lazy\" src=\"http:\/\/terter-ih.gov.az\/userfiles\/images\/PHOTO-2022-02-23-13-27-33.jpg\" alt=\"\" width=\"250\" height=\"188\" \/><img loading=\"lazy\" src=\"http:\/\/terter-ih.gov.az\/userfiles\/images\/PHOTO-2022-02-23-13-22-39.jpg\" alt=\"\" width=\"250\" height=\"188\" \/><\/p>\n<p><img loading=\"lazy\" src=\"http:\/\/terter-ih.gov.az\/userfiles\/images\/PHOTO-2022-02-23-13-19-39.jpg\" alt=\"\" width=\"250\" height=\"188\" \/><img loading=\"lazy\" src=\"http:\/\/terter-ih.gov.az\/userfiles\/images\/PHOTO-2022-02-23-13-22-20.jpg\" alt=\"\" width=\"250\" height=\"188\" \/><\/p>\n<p><img loading=\"lazy\" src=\"http:\/\/terter-ih.gov.az\/userfiles\/images\/PHOTO-2022-02-23-13-20-58.jpg\" alt=\"\" width=\"250\" height=\"188\" \/><\/p>\n","protected":false},"excerpt":{"rendered":"<p>23 yanvar 2022-ci il tarixd\u0259 \u201cXocal\u0131 faci\u0259si\u201dnin 30-cu ild\u00f6n\u00fcm\u00fc il\u0259 \u0259laq\u0259dar T\u0259rt\u0259r Rayon \u0130cra Hakimiyy\u0259tinin t\u0259sdiq etdiyi t\u0259dbirl\u0259r plan\u0131na uy\u011fun olaraq T\u0259rt\u0259r Rayon \u0130cra Hakimiyy\u0259tinin, Yeni Az\u0259rbaycan Partiyas\u0131 T\u0259rt\u0259r rayon t\u0259\u015fkilat\u0131n\u0131n, T\u0259rt\u0259r rayon T\u0259hsil \u015f\u00f6b\u0259sinin birg\u0259 t\u0259\u015fkilat\u00e7\u0131l\u0131\u011f\u0131 il\u0259 rayonun \u00fcmumt\u0259hsil m\u0259kt\u0259bl\u0259rinin \u015fagirdl\u0259ri aras\u0131nda T\u0259rt\u0259r U\u015faq G\u0259ncl\u0259r \u0130dman \u015eahmat m\u0259kt\u0259bind\u0259 \u00fcmumt\u0259hsil m\u0259kt\u0259bbl\u0259rinin \u015fagirdl\u0259ri aras\u0131nda \u015fahmat \u00fczr\u0259 rayon \u00e7empionat\u0131 ke\u00e7irilmi\u015fdir. Yar\u0131\u015fa 8-10, 10-12, 12-14, 14-16 ya\u015f qruplar\u0131 \u00fczr\u0259 66 \u015fagird qat\u0131lm\u0131\u015fd\u0131r. T\u0259dbird\u0259 \u0259vv\u0259lc\u0259 azadl\u0131\u011f\u0131m\u0131z, m\u00fcst\u0259qilliyimiz v\u0259 \u0259razi b\u00fct\u00f6vl\u00fcy\u00fcm\u00fcz u\u011frunda can\u0131ndan ke\u00e7\u0259n \u015f\u0259hidl\u0259rimizin \u0259ziz xatir\u0259si bir d\u0259qiq\u0259lik s\u00fckutla an\u0131l\u0131b.\u00a0 Sonra T\u0259rt\u0259r Rayon \u0130cra&hellip;<\/p>\n","protected":false},"author":2,"featured_media":443237,"comment_status":"closed","ping_status":"closed","sticky":false,"template":"","format":"standard","meta":{"om_disable_all_campaigns":false,"_monsterinsights_skip_tracking":false,"_monsterinsights_sitenote_active":false,"_monsterinsights_sitenote_note":"","_monsterinsights_sitenote_category":0},"categories":[2],"tags":[],"aioseo_notices":[],"gutentor_comment":0,"rttpg_featured_image_url":{"full":["https:\/\/arantv.az\/wp-content\/uploads\/2022\/02\/c667b35398d469ed0af3d58588d32f7e.jpg",1040,780,false],"landscape":["https:\/\/arantv.az\/wp-content\/uploads\/2022\/02\/c667b35398d469ed0af3d58588d32f7e.jpg",1040,780,false],"portraits":["https:\/\/arantv.az\/wp-content\/uploads\/2022\/02\/c667b35398d469ed0af3d58588d32f7e.jpg",1040,780,false],"thumbnail":["https:\/\/arantv.az\/wp-content\/uploads\/2022\/02\/c667b35398d469ed0af3d58588d32f7e-500x280.jpg",500,280,true],"medium":["https:\/\/arantv.az\/wp-content\/uploads\/2022\/02\/c667b35398d469ed0af3d58588d32f7e-487x365.jpg",487,365,true],"large":["https:\/\/arantv.az\/wp-content\/uploads\/2022\/02\/c667b35398d469ed0af3d58588d32f7e-840x630.jpg",640,480,true],"1536x1536":["https:\/\/arantv.az\/wp-content\/uploads\/2022\/02\/c667b35398d469ed0af3d58588d32f7e.jpg",1040,780,false],"2048x2048":["https:\/\/arantv.az\/wp-content\/uploads\/2022\/02\/c667b35398d469ed0af3d58588d32f7e.jpg",1040,780,false],"post-thumbnail":["https:\/\/arantv.az\/wp-content\/uploads\/2022\/02\/c667b35398d469ed0af3d58588d32f7e-240x172.jpg",240,172,true],"advps-thumb-one":["https:\/\/arantv.az\/wp-content\/uploads\/2022\/02\/c667b35398d469ed0af3d58588d32f7e-1040x620.jpg",1040,620,true]},"rttpg_author":{"display_name":"V\u00fcsal Rafiqo\u011flu","author_link":"https:\/\/arantv.az\/?author=2"},"rttpg_comment":0,"rttpg_category":"<a href=\"https:\/\/arantv.az\/?cat=2\" rel=\"category\">Region X\u0259b\u0259rl\u0259ri<\/a>","rttpg_excerpt":"23 yanvar 2022-ci il tarixd\u0259 \u201cXocal\u0131 faci\u0259si\u201dnin 30-cu ild\u00f6n\u00fcm\u00fc il\u0259 \u0259laq\u0259dar T\u0259rt\u0259r Rayon \u0130cra Hakimiyy\u0259tinin t\u0259sdiq etdiyi t\u0259dbirl\u0259r plan\u0131na uy\u011fun olaraq T\u0259rt\u0259r Rayon \u0130cra Hakimiyy\u0259tinin, Yeni Az\u0259rbaycan Partiyas\u0131 T\u0259rt\u0259r rayon t\u0259\u015fkilat\u0131n\u0131n, T\u0259rt\u0259r rayon T\u0259hsil \u015f\u00f6b\u0259sinin birg\u0259 t\u0259\u015fkilat\u00e7\u0131l\u0131\u011f\u0131 il\u0259 rayonun \u00fcmumt\u0259hsil m\u0259kt\u0259bl\u0259rinin \u015fagirdl\u0259ri aras\u0131nda T\u0259rt\u0259r U\u015faq G\u0259ncl\u0259r \u0130dman \u015eahmat m\u0259kt\u0259bind\u0259 \u00fcmumt\u0259hsil m\u0259kt\u0259bbl\u0259rinin \u015fagirdl\u0259ri aras\u0131nda \u015fahmat \u00fczr\u0259&hellip;","_links":{"self":[{"href":"https:\/\/arantv.az\/index.php?rest_route=\/wp\/v2\/posts\/443236"}],"collection":[{"href":"https:\/\/arantv.az\/index.php?rest_route=\/wp\/v2\/posts"}],"about":[{"href":"https:\/\/arantv.az\/index.php?rest_route=\/wp\/v2\/types\/post"}],"author":[{"embeddable":true,"href":"https:\/\/arantv.az\/index.php?rest_route=\/wp\/v2\/users\/2"}],"replies":[{"embeddable":true,"href":"https:\/\/arantv.az\/index.php?rest_route=%2Fwp%2Fv2%2Fcomments&post=443236"}],"version-history":[{"count":0,"href":"https:\/\/arantv.az\/index.php?rest_route=\/wp\/v2\/posts\/443236\/revisions"}],"wp:featuredmedia":[{"embeddable":true,"href":"https:\/\/arantv.az\/index.php?rest_route=\/wp\/v2\/media\/443237"}],"wp:attachment":[{"href":"https:\/\/arantv.az\/index.php?rest_route=%2Fwp%2Fv2%2Fmedia&parent=443236"}],"wp:term":[{"taxonomy":"category","embeddable":true,"href":"https:\/\/arantv.az\/index.php?rest_route=%2Fwp%2Fv2%2Fcategories&post=443236"},{"taxonomy":"post_tag","embeddable":true,"href":"https:\/\/arantv.az\/index.php?rest_route=%2Fwp%2Fv2%2Ftags&post=443236"}],"curies":[{"name":"wp","href":"https:\/\/api.w.org\/{rel}","templated":true}]}}