{"id":443239,"date":"2022-02-24T07:32:03","date_gmt":"2022-02-24T04:32:03","guid":{"rendered":"http:\/\/arantv.az\/?p=443239"},"modified":"2022-02-24T07:32:03","modified_gmt":"2022-02-24T04:32:03","slug":"tovuzda-xocali-soyqiriminin-30-cu-ildonumun%c9%99-h%c9%99sr-olunmus-t%c9%99dbir-kecirilib","status":"publish","type":"post","link":"https:\/\/arantv.az\/?p=443239","title":{"rendered":"Tovuzda Xocal\u0131 soyq\u0131r\u0131m\u0131n\u0131n 30-cu ild\u00f6n\u00fcm\u00fcn\u0259 h\u0259sr olunmu\u015f t\u0259dbir ke\u00e7irilib"},"content":{"rendered":"<p>Tovuzda \u201cNizami\u201d ad\u0131na M\u0259d\u0259niyy\u0259t evind\u0259 Tovuz rayon \u0130cra Hakimiyy\u0259tinin v\u0259 A\u011fstafa Regional M\u0259d\u0259niyy\u0259t idar\u0259sinin birg\u0259 t\u0259\u015fkilat\u00e7\u0131l\u0131\u011f\u0131 il\u0259 Xocal\u0131 soyq\u0131r\u0131m\u0131n\u0131n 30-cu ild\u00f6n\u00fcm\u00fcn\u0259 h\u0259sr olunmu\u015f t\u0259dbir ke\u00e7irilib.<\/p>\n<p>T\u0259dbird\u0259 Tovuz rayon \u0130cra Hakimiyy\u0259tinin ba\u015f\u00e7\u0131s\u0131, h\u00fcquq m\u00fchafiz\u0259 orqanlar\u0131n\u0131n r\u0259hb\u0259rl\u0259ri, A\u011fstafa Regional M\u0259d\u0259niyy\u0259t idar\u0259sinin m\u00fcdiri, idar\u0259, m\u00fc\u0259ssis\u0259 r\u0259hb\u0259rl\u0259ri, qazil\u0259r, h\u0259rbi\u00e7il\u0259r v\u0259 rayon ictimaiyy\u0259tinin n\u00fcmay\u0259nd\u0259l\u0259ri i\u015ftirak edibl\u0259r.<\/p>\n<p>T\u0259dbir i\u015ftirak\u00e7\u0131lar\u0131 \u0259vv\u0259lc\u0259 M\u0259d\u0259niyy\u0259t evinin foesind\u0259 Xocal\u0131 faci\u0259sin\u0259 h\u0259sr olunmu\u015f r\u0259sm v\u0259 kitab s\u0259rgisi il\u0259 tan\u0131\u015f olublar.<\/p>\n<p>\u015e\u0259hidl\u0259rimizin \u0259ziz xatir\u0259si bir d\u0259qiq\u0259lik s\u00fckutla yad edildikd\u0259n sonra Tovuz rayon xalq teatr\u0131n\u0131n v\u0259 inc\u0259s\u0259n\u0259t ustalar\u0131n\u0131n haz\u0131rlad\u0131\u011f\u0131 \u201cXocal\u0131 Sa\u011falmaz Yaram\u201d adl\u0131 \u0259d\u0259bi-b\u0259dii kompazisiyas\u0131 tama\u015fa\u00e7\u0131lara t\u0259qdim edilib.<\/p>\n<p>T\u0259dbirin sonunda \u201cXocal\u0131-bir mill\u0259tin k\u0259d\u0259ri\u201d adl\u0131 film n\u00fcmay\u0131\u015f olunub.<\/p>\n<p>&nbsp;<\/p>\n<p><input alt=\"\" src=\"http:\/\/tovuz-ih.gov.az\/userfiles\/files\/5(75).JPG\" type=\"image\" \/><\/p>\n<p><input alt=\"\" src=\"http:\/\/tovuz-ih.gov.az\/userfiles\/files\/2(89).JPG\" type=\"image\" \/><\/p>\n<p><input alt=\"\" src=\"http:\/\/tovuz-ih.gov.az\/userfiles\/files\/4(92).JPG\" type=\"image\" \/><\/p>\n<p><input alt=\"\" src=\"http:\/\/tovuz-ih.gov.az\/userfiles\/files\/6(65).JPG\" type=\"image\" \/><br \/>\n<input alt=\"\" src=\"http:\/\/tovuz-ih.gov.az\/userfiles\/files\/1(114).JPG\" type=\"image\" \/><\/p>\n<p><input alt=\"\" src=\"http:\/\/tovuz-ih.gov.az\/userfiles\/files\/7(55).JPG\" type=\"image\" \/><\/p>\n<p><input alt=\"\" src=\"http:\/\/tovuz-ih.gov.az\/userfiles\/files\/8(47).JPG\" type=\"image\" \/><\/p>\n<p><input alt=\"\" src=\"http:\/\/tovuz-ih.gov.az\/userfiles\/files\/10(37).JPG\" type=\"image\" \/><\/p>\n<p><input alt=\"\" src=\"http:\/\/tovuz-ih.gov.az\/userfiles\/files\/12(21).JPG\" type=\"image\" \/><\/p>\n<p><input alt=\"\" src=\"http:\/\/tovuz-ih.gov.az\/userfiles\/files\/15(11).JPG\" type=\"image\" \/><\/p>\n<p><input alt=\"\" src=\"http:\/\/tovuz-ih.gov.az\/userfiles\/files\/17(8).JPG\" type=\"image\" \/><\/p>\n<p><input alt=\"\" src=\"http:\/\/tovuz-ih.gov.az\/userfiles\/files\/18(8).JPG\" type=\"image\" \/><\/p>\n<p><input alt=\"\" src=\"http:\/\/tovuz-ih.gov.az\/userfiles\/files\/19(7).JPG\" type=\"image\" \/><\/p>\n<p><input alt=\"\" src=\"http:\/\/tovuz-ih.gov.az\/userfiles\/files\/21(3).JPG\" type=\"image\" \/><\/p>\n<p><input alt=\"\" src=\"http:\/\/tovuz-ih.gov.az\/userfiles\/files\/22(4).JPG\" type=\"image\" \/><\/p>\n","protected":false},"excerpt":{"rendered":"<p>Tovuzda \u201cNizami\u201d ad\u0131na M\u0259d\u0259niyy\u0259t evind\u0259 Tovuz rayon \u0130cra Hakimiyy\u0259tinin v\u0259 A\u011fstafa Regional M\u0259d\u0259niyy\u0259t idar\u0259sinin birg\u0259 t\u0259\u015fkilat\u00e7\u0131l\u0131\u011f\u0131 il\u0259 Xocal\u0131 soyq\u0131r\u0131m\u0131n\u0131n 30-cu ild\u00f6n\u00fcm\u00fcn\u0259 h\u0259sr olunmu\u015f t\u0259dbir ke\u00e7irilib. T\u0259dbird\u0259 Tovuz rayon \u0130cra Hakimiyy\u0259tinin ba\u015f\u00e7\u0131s\u0131, h\u00fcquq m\u00fchafiz\u0259 orqanlar\u0131n\u0131n r\u0259hb\u0259rl\u0259ri, A\u011fstafa Regional M\u0259d\u0259niyy\u0259t idar\u0259sinin m\u00fcdiri, idar\u0259, m\u00fc\u0259ssis\u0259 r\u0259hb\u0259rl\u0259ri, qazil\u0259r, h\u0259rbi\u00e7il\u0259r v\u0259 rayon ictimaiyy\u0259tinin n\u00fcmay\u0259nd\u0259l\u0259ri i\u015ftirak edibl\u0259r. T\u0259dbir i\u015ftirak\u00e7\u0131lar\u0131 \u0259vv\u0259lc\u0259 M\u0259d\u0259niyy\u0259t evinin foesind\u0259 Xocal\u0131 faci\u0259sin\u0259 h\u0259sr olunmu\u015f r\u0259sm v\u0259 kitab s\u0259rgisi il\u0259 tan\u0131\u015f olublar. \u015e\u0259hidl\u0259rimizin \u0259ziz xatir\u0259si bir d\u0259qiq\u0259lik s\u00fckutla yad edildikd\u0259n sonra Tovuz rayon xalq teatr\u0131n\u0131n v\u0259 inc\u0259s\u0259n\u0259t ustalar\u0131n\u0131n haz\u0131rlad\u0131\u011f\u0131 \u201cXocal\u0131 Sa\u011falmaz Yaram\u201d adl\u0131 \u0259d\u0259bi-b\u0259dii&hellip;<\/p>\n","protected":false},"author":2,"featured_media":443240,"comment_status":"closed","ping_status":"closed","sticky":false,"template":"","format":"standard","meta":{"om_disable_all_campaigns":false,"_monsterinsights_skip_tracking":false,"_monsterinsights_sitenote_active":false,"_monsterinsights_sitenote_note":"","_monsterinsights_sitenote_category":0},"categories":[2],"tags":[],"aioseo_notices":[],"gutentor_comment":0,"rttpg_featured_image_url":{"full":["https:\/\/arantv.az\/wp-content\/uploads\/2022\/02\/8bfc0c826863252960861ddd75a26b17.jpg",800,532,false],"landscape":["https:\/\/arantv.az\/wp-content\/uploads\/2022\/02\/8bfc0c826863252960861ddd75a26b17.jpg",800,532,false],"portraits":["https:\/\/arantv.az\/wp-content\/uploads\/2022\/02\/8bfc0c826863252960861ddd75a26b17.jpg",800,532,false],"thumbnail":["https:\/\/arantv.az\/wp-content\/uploads\/2022\/02\/8bfc0c826863252960861ddd75a26b17-500x280.jpg",500,280,true],"medium":["https:\/\/arantv.az\/wp-content\/uploads\/2022\/02\/8bfc0c826863252960861ddd75a26b17-549x365.jpg",549,365,true],"large":["https:\/\/arantv.az\/wp-content\/uploads\/2022\/02\/8bfc0c826863252960861ddd75a26b17.jpg",640,426,false],"1536x1536":["https:\/\/arantv.az\/wp-content\/uploads\/2022\/02\/8bfc0c826863252960861ddd75a26b17.jpg",800,532,false],"2048x2048":["https:\/\/arantv.az\/wp-content\/uploads\/2022\/02\/8bfc0c826863252960861ddd75a26b17.jpg",800,532,false],"post-thumbnail":["https:\/\/arantv.az\/wp-content\/uploads\/2022\/02\/8bfc0c826863252960861ddd75a26b17-240x172.jpg",240,172,true],"advps-thumb-one":["https:\/\/arantv.az\/wp-content\/uploads\/2022\/02\/8bfc0c826863252960861ddd75a26b17.jpg",800,532,false]},"rttpg_author":{"display_name":"V\u00fcsal Rafiqo\u011flu","author_link":"https:\/\/arantv.az\/?author=2"},"rttpg_comment":0,"rttpg_category":"<a href=\"https:\/\/arantv.az\/?cat=2\" rel=\"category\">Region X\u0259b\u0259rl\u0259ri<\/a>","rttpg_excerpt":"Tovuzda \u201cNizami\u201d ad\u0131na M\u0259d\u0259niyy\u0259t evind\u0259 Tovuz rayon \u0130cra Hakimiyy\u0259tinin v\u0259 A\u011fstafa Regional M\u0259d\u0259niyy\u0259t idar\u0259sinin birg\u0259 t\u0259\u015fkilat\u00e7\u0131l\u0131\u011f\u0131 il\u0259 Xocal\u0131 soyq\u0131r\u0131m\u0131n\u0131n 30-cu ild\u00f6n\u00fcm\u00fcn\u0259 h\u0259sr olunmu\u015f t\u0259dbir ke\u00e7irilib. T\u0259dbird\u0259 Tovuz rayon \u0130cra Hakimiyy\u0259tinin ba\u015f\u00e7\u0131s\u0131, h\u00fcquq m\u00fchafiz\u0259 orqanlar\u0131n\u0131n r\u0259hb\u0259rl\u0259ri, A\u011fstafa Regional M\u0259d\u0259niyy\u0259t idar\u0259sinin m\u00fcdiri, idar\u0259, m\u00fc\u0259ssis\u0259 r\u0259hb\u0259rl\u0259ri, qazil\u0259r, h\u0259rbi\u00e7il\u0259r v\u0259 rayon ictimaiyy\u0259tinin n\u00fcmay\u0259nd\u0259l\u0259ri i\u015ftirak edibl\u0259r. T\u0259dbir i\u015ftirak\u00e7\u0131lar\u0131 \u0259vv\u0259lc\u0259 M\u0259d\u0259niyy\u0259t&hellip;","_links":{"self":[{"href":"https:\/\/arantv.az\/index.php?rest_route=\/wp\/v2\/posts\/443239"}],"collection":[{"href":"https:\/\/arantv.az\/index.php?rest_route=\/wp\/v2\/posts"}],"about":[{"href":"https:\/\/arantv.az\/index.php?rest_route=\/wp\/v2\/types\/post"}],"author":[{"embeddable":true,"href":"https:\/\/arantv.az\/index.php?rest_route=\/wp\/v2\/users\/2"}],"replies":[{"embeddable":true,"href":"https:\/\/arantv.az\/index.php?rest_route=%2Fwp%2Fv2%2Fcomments&post=443239"}],"version-history":[{"count":0,"href":"https:\/\/arantv.az\/index.php?rest_route=\/wp\/v2\/posts\/443239\/revisions"}],"wp:featuredmedia":[{"embeddable":true,"href":"https:\/\/arantv.az\/index.php?rest_route=\/wp\/v2\/media\/443240"}],"wp:attachment":[{"href":"https:\/\/arantv.az\/index.php?rest_route=%2Fwp%2Fv2%2Fmedia&parent=443239"}],"wp:term":[{"taxonomy":"category","embeddable":true,"href":"https:\/\/arantv.az\/index.php?rest_route=%2Fwp%2Fv2%2Fcategories&post=443239"},{"taxonomy":"post_tag","embeddable":true,"href":"https:\/\/arantv.az\/index.php?rest_route=%2Fwp%2Fv2%2Ftags&post=443239"}],"curies":[{"name":"wp","href":"https:\/\/api.w.org\/{rel}","templated":true}]}}