{"id":443248,"date":"2022-02-24T07:37:12","date_gmt":"2022-02-24T04:37:12","guid":{"rendered":"http:\/\/arantv.az\/?p=443248"},"modified":"2022-02-24T07:37:12","modified_gmt":"2022-02-24T04:37:12","slug":"s%c9%99hid-cavid-k%c9%99rimovun-ad-gunu-qeyd-edilib","status":"publish","type":"post","link":"https:\/\/arantv.az\/?p=443248","title":{"rendered":"\u015e\u0259hid Cavid K\u0259rimovun ad g\u00fcn\u00fc qeyd edilib"},"content":{"rendered":"<p>Yevlax \u015e\u0259h\u0259r \u0130cra Hakimiyy\u0259tinin t\u0259\u015fkilat\u00e7\u0131l\u0131\u011f\u0131 il\u0259 \u015e\u0259h\u0259r \u0130cra Hakimiyy\u0259ti Ba\u015f\u00e7\u0131s\u0131 aparat\u0131n\u0131n ,YAP Yevlax rayon t\u0259\u015fkilat\u0131n\u0131n, Yevlax \u015f\u0259h\u0259r T\u0259hsil \u015f\u00f6b\u0259sinin, Rayon G\u0259ncl\u0259r v\u0259 \u0130dman idar\u0259sinin, \u015e\u0259h\u0259r U\u015faq G\u0259ncl\u0259r \u0130dman \u015eahmat M\u0259kt\u0259binin, Qaraba\u011f M\u00fcharib\u0259si \u018flill\u0259ri v\u0259 \u015e\u0259hid Ail\u0259l\u0259ri \u0130ctimai Birliyinin Yevlax rayon filial\u0131n\u0131n m\u0259sul \u015f\u0259xsl\u0259ri v\u0259 \u0259m\u0259kda\u015flar\u0131 V\u0259t\u0259n M\u00fcharib\u0259si qazil\u0259ri V\u0259t\u0259n m\u00fcharib\u0259si \u015f\u0259hidi K\u0259rimov Cavid M\u0259rdan o\u011flunun do\u011fum g\u00fcn\u00fc m\u00fcnasib\u0259til\u0259 \u015e\u0259hidl\u0259r xiyaban\u0131nda m\u0259zar\u0131n\u0131 ziyar\u0259t edib, \u00f6n\u00fcn\u0259 g\u00fcl d\u0259st\u0259l\u0259ri d\u00fcz\u0259r\u0259k, \u0259ziz xatir\u0259sini b\u00f6y\u00fck ehtiramla yad edibl\u0259r. \u015e\u0259hid ail\u0259sinin n\u00fcmay\u0259nd\u0259l\u0259rinin, qazil\u0259rin, ictimaiyy\u0259t n\u00fcmay\u0259nd\u0259l\u0259rinin i\u015ftirak etdiyi m\u0259rasimd\u0259, \u015f\u0259hidin ruhuna dualar oxunub, \u015f\u0259hidin m\u0259zun oldu\u011fu Xaldan k\u0259nd tam orta m\u0259kt\u0259bin \u015fagirdl\u0259ri t\u0259r\u0259find\u0259n onun xatir\u0259sin\u0259 haz\u0131rlad\u0131\u011f\u0131 b\u0259dii kompozisiya n\u00fcmayi\u015f etdirilib.<br \/>\nT\u0259dbir \u00e7\u0259r\u00e7iv\u0259sind\u0259 \u0259n\u0259n\u0259y\u0259 sadiq olaraq Yevlax \u015f\u0259h\u0259r U\u015faq G\u0259ncl\u0259r \u0130dman \u015eahmat M\u0259kt\u0259binin \u015f\u0259hidin xatir\u0259sin\u0259 h\u0259sr etdiyi idman\u0131n\u00a0 futbol n\u00f6v\u00fc \u00fczr\u0259 rayon turnirinin qalibl\u0259rin\u0259 F\u0259xri f\u0259rmanlar \u015e\u0259hidin ail\u0259 \u00fczvl\u0259ri t\u0259r\u0259find\u0259n t\u0259qdim olunub.<br \/>\n\u015e\u0259hidin ail\u0259 \u00fczvl\u0259ri \u015f\u0259hid ail\u0259l\u0259rin\u0259 g\u00f6st\u0259ril\u0259n diqq\u0259t, qay\u011f\u0131ya g\u00f6r\u0259 M\u00f6ht\u0259r\u0259m Prezident, M\u00fcz\u0259ff\u0259r Ali Ba\u015f Komandan C\u0259nab \u0130lham \u018fliyev\u0259 v\u0259 Birinci Vitse-Prezident h\u00f6rm\u0259tli Mehriban xan\u0131m \u018fliyevaya minn\u0259tdarl\u0131qlar\u0131n\u0131 bildiribl\u0259r<\/p>\n<p><img loading=\"lazy\" src=\"http:\/\/yevlax-ih.gov.az\/userfiles\/images\/9fd50961-1b0e-40a3-9924-fcb8d285a618.jpg\" alt=\"\" width=\"656\" height=\"492\" \/><\/p>\n<p><img loading=\"lazy\" src=\"http:\/\/yevlax-ih.gov.az\/userfiles\/images\/fda56523-90c7-419d-bbb6-e7a8f82cee56.jpg\" alt=\"\" width=\"656\" height=\"492\" \/><\/p>\n","protected":false},"excerpt":{"rendered":"<p>Yevlax \u015e\u0259h\u0259r \u0130cra Hakimiyy\u0259tinin t\u0259\u015fkilat\u00e7\u0131l\u0131\u011f\u0131 il\u0259 \u015e\u0259h\u0259r \u0130cra Hakimiyy\u0259ti Ba\u015f\u00e7\u0131s\u0131 aparat\u0131n\u0131n ,YAP Yevlax rayon t\u0259\u015fkilat\u0131n\u0131n, Yevlax \u015f\u0259h\u0259r T\u0259hsil \u015f\u00f6b\u0259sinin, Rayon G\u0259ncl\u0259r v\u0259 \u0130dman idar\u0259sinin, \u015e\u0259h\u0259r U\u015faq G\u0259ncl\u0259r \u0130dman \u015eahmat M\u0259kt\u0259binin, Qaraba\u011f M\u00fcharib\u0259si \u018flill\u0259ri v\u0259 \u015e\u0259hid Ail\u0259l\u0259ri \u0130ctimai Birliyinin Yevlax rayon filial\u0131n\u0131n m\u0259sul \u015f\u0259xsl\u0259ri v\u0259 \u0259m\u0259kda\u015flar\u0131 V\u0259t\u0259n M\u00fcharib\u0259si qazil\u0259ri V\u0259t\u0259n m\u00fcharib\u0259si \u015f\u0259hidi K\u0259rimov Cavid M\u0259rdan o\u011flunun do\u011fum g\u00fcn\u00fc m\u00fcnasib\u0259til\u0259 \u015e\u0259hidl\u0259r xiyaban\u0131nda m\u0259zar\u0131n\u0131 ziyar\u0259t edib, \u00f6n\u00fcn\u0259 g\u00fcl d\u0259st\u0259l\u0259ri d\u00fcz\u0259r\u0259k, \u0259ziz xatir\u0259sini b\u00f6y\u00fck ehtiramla yad edibl\u0259r. \u015e\u0259hid ail\u0259sinin n\u00fcmay\u0259nd\u0259l\u0259rinin, qazil\u0259rin, ictimaiyy\u0259t n\u00fcmay\u0259nd\u0259l\u0259rinin i\u015ftirak etdiyi m\u0259rasimd\u0259, \u015f\u0259hidin ruhuna dualar oxunub, \u015f\u0259hidin m\u0259zun oldu\u011fu Xaldan&hellip;<\/p>\n","protected":false},"author":2,"featured_media":443249,"comment_status":"closed","ping_status":"closed","sticky":false,"template":"","format":"standard","meta":{"om_disable_all_campaigns":false,"_monsterinsights_skip_tracking":false,"_monsterinsights_sitenote_active":false,"_monsterinsights_sitenote_note":"","_monsterinsights_sitenote_category":0},"categories":[2],"tags":[],"aioseo_notices":[],"gutentor_comment":0,"rttpg_featured_image_url":{"full":["https:\/\/arantv.az\/wp-content\/uploads\/2022\/02\/be7231f8c658b99e1d64f6d20ad22ae6.jpg",1024,768,false],"landscape":["https:\/\/arantv.az\/wp-content\/uploads\/2022\/02\/be7231f8c658b99e1d64f6d20ad22ae6.jpg",1024,768,false],"portraits":["https:\/\/arantv.az\/wp-content\/uploads\/2022\/02\/be7231f8c658b99e1d64f6d20ad22ae6.jpg",1024,768,false],"thumbnail":["https:\/\/arantv.az\/wp-content\/uploads\/2022\/02\/be7231f8c658b99e1d64f6d20ad22ae6-500x280.jpg",500,280,true],"medium":["https:\/\/arantv.az\/wp-content\/uploads\/2022\/02\/be7231f8c658b99e1d64f6d20ad22ae6-487x365.jpg",487,365,true],"large":["https:\/\/arantv.az\/wp-content\/uploads\/2022\/02\/be7231f8c658b99e1d64f6d20ad22ae6-840x630.jpg",640,480,true],"1536x1536":["https:\/\/arantv.az\/wp-content\/uploads\/2022\/02\/be7231f8c658b99e1d64f6d20ad22ae6.jpg",1024,768,false],"2048x2048":["https:\/\/arantv.az\/wp-content\/uploads\/2022\/02\/be7231f8c658b99e1d64f6d20ad22ae6.jpg",1024,768,false],"post-thumbnail":["https:\/\/arantv.az\/wp-content\/uploads\/2022\/02\/be7231f8c658b99e1d64f6d20ad22ae6-240x172.jpg",240,172,true],"advps-thumb-one":["https:\/\/arantv.az\/wp-content\/uploads\/2022\/02\/be7231f8c658b99e1d64f6d20ad22ae6-1024x620.jpg",1024,620,true]},"rttpg_author":{"display_name":"V\u00fcsal Rafiqo\u011flu","author_link":"https:\/\/arantv.az\/?author=2"},"rttpg_comment":0,"rttpg_category":"<a href=\"https:\/\/arantv.az\/?cat=2\" rel=\"category\">Region X\u0259b\u0259rl\u0259ri<\/a>","rttpg_excerpt":"Yevlax \u015e\u0259h\u0259r \u0130cra Hakimiyy\u0259tinin t\u0259\u015fkilat\u00e7\u0131l\u0131\u011f\u0131 il\u0259 \u015e\u0259h\u0259r \u0130cra Hakimiyy\u0259ti Ba\u015f\u00e7\u0131s\u0131 aparat\u0131n\u0131n ,YAP Yevlax rayon t\u0259\u015fkilat\u0131n\u0131n, Yevlax \u015f\u0259h\u0259r T\u0259hsil \u015f\u00f6b\u0259sinin, Rayon G\u0259ncl\u0259r v\u0259 \u0130dman idar\u0259sinin, \u015e\u0259h\u0259r U\u015faq G\u0259ncl\u0259r \u0130dman \u015eahmat M\u0259kt\u0259binin, Qaraba\u011f M\u00fcharib\u0259si \u018flill\u0259ri v\u0259 \u015e\u0259hid Ail\u0259l\u0259ri \u0130ctimai Birliyinin Yevlax rayon filial\u0131n\u0131n m\u0259sul \u015f\u0259xsl\u0259ri v\u0259 \u0259m\u0259kda\u015flar\u0131 V\u0259t\u0259n M\u00fcharib\u0259si qazil\u0259ri V\u0259t\u0259n m\u00fcharib\u0259si \u015f\u0259hidi K\u0259rimov Cavid M\u0259rdan o\u011flunun&hellip;","_links":{"self":[{"href":"https:\/\/arantv.az\/index.php?rest_route=\/wp\/v2\/posts\/443248"}],"collection":[{"href":"https:\/\/arantv.az\/index.php?rest_route=\/wp\/v2\/posts"}],"about":[{"href":"https:\/\/arantv.az\/index.php?rest_route=\/wp\/v2\/types\/post"}],"author":[{"embeddable":true,"href":"https:\/\/arantv.az\/index.php?rest_route=\/wp\/v2\/users\/2"}],"replies":[{"embeddable":true,"href":"https:\/\/arantv.az\/index.php?rest_route=%2Fwp%2Fv2%2Fcomments&post=443248"}],"version-history":[{"count":0,"href":"https:\/\/arantv.az\/index.php?rest_route=\/wp\/v2\/posts\/443248\/revisions"}],"wp:featuredmedia":[{"embeddable":true,"href":"https:\/\/arantv.az\/index.php?rest_route=\/wp\/v2\/media\/443249"}],"wp:attachment":[{"href":"https:\/\/arantv.az\/index.php?rest_route=%2Fwp%2Fv2%2Fmedia&parent=443248"}],"wp:term":[{"taxonomy":"category","embeddable":true,"href":"https:\/\/arantv.az\/index.php?rest_route=%2Fwp%2Fv2%2Fcategories&post=443248"},{"taxonomy":"post_tag","embeddable":true,"href":"https:\/\/arantv.az\/index.php?rest_route=%2Fwp%2Fv2%2Ftags&post=443248"}],"curies":[{"name":"wp","href":"https:\/\/api.w.org\/{rel}","templated":true}]}}