{"id":443251,"date":"2022-02-24T07:37:52","date_gmt":"2022-02-24T04:37:52","guid":{"rendered":"http:\/\/arantv.az\/?p=443251"},"modified":"2022-02-24T07:37:52","modified_gmt":"2022-02-24T04:37:52","slug":"v%c9%99t%c9%99n-muharib%c9%99si-qazil%c9%99ri-v%c9%99-istirakcilarina-medallar-t%c9%99qdim-olundu-2","status":"publish","type":"post","link":"https:\/\/arantv.az\/?p=443251","title":{"rendered":"V\u0259t\u0259n m\u00fcharib\u0259si qazil\u0259ri v\u0259 i\u015ftirak\u00e7\u0131lar\u0131na medallar t\u0259qdim olundu"},"content":{"rendered":"<p>Yevlax \u015e\u0259h\u0259r \u0130cra Hakimiyy\u0259tinin, YAP Yevlax rayon t\u0259\u015fkilat\u0131n\u0131n, S\u0259f\u0259rb\u0259rlik v\u0259 H\u0259rbi Xidm\u0259t\u0259 \u00c7a\u011f\u0131r\u0131\u015f \u00fczr\u0259 D\u00f6vl\u0259t Xidm\u0259tinin Yevlax rayon \u015f\u00f6b\u0259sinin birg\u0259 t\u0259\u015fkilat\u00e7\u0131l\u0131\u011f\u0131 il\u0259 Prezident, M\u00fcz\u0259ff\u0259r Ali Ba\u015f Komandan C\u0259nab \u0130lham \u018fliyevin m\u00fcvafiq s\u0259r\u0259ncamlar\u0131na \u0259sas\u0259n \u0259razil\u0259rimizin i\u015f\u011faldan azad olunmas\u0131 u\u011frunda apar\u0131lan h\u0259rbi \u0259m\u0259liyyatlarda i\u015ftirak ed\u0259r\u0259k igidlik v\u0259 \u015f\u00fcca\u0259t g\u00f6st\u0259rmi\u015f yevlaxl\u0131 qazil\u0259r\u0259, m\u00fcharib\u0259 i\u015ftirak\u00e7\u0131lar\u0131na\u00a0 medallar\u0131n t\u0259qdimetm\u0259 m\u0259rasimi ke\u00e7irilib.<br \/>\nT\u0259dbird\u0259 Yevlax \u015e\u0259h\u0259r \u0130cra Hakimiyy\u0259tinin ba\u015f\u00e7\u0131s\u0131 Anar Ta\u011f\u0131yev, Milli M\u0259clisin deputat\u0131 \u0130lham M\u0259mm\u0259dov, S\u0259f\u0259rb\u0259rlik v\u0259 H\u0259rbi Xidm\u0259t\u0259 \u00c7a\u011f\u0131r\u0131\u015f \u00fczr\u0259 D\u00f6vl\u0259t Xidm\u0259tinin Yevlax rayon \u015f\u00f6b\u0259sinin r\u0259isi mayor Samir Qurbanov, YAP Yevlax rayon t\u0259\u015fkilat\u0131n\u0131n s\u0259dri Rafiq \u018fliyev, V\u0259t\u0259n M\u00fcharib\u0259si qazil\u0259ri, V\u0259t\u0259n M\u00fcharib\u0259si i\u015ftirak\u00e7\u0131lar\u0131 i\u015ftirak edibl\u0259r.<br \/>\nYevlax \u015e\u0259h\u0259r \u0130cra Hakimiyy\u0259tinin ba\u015f\u00e7\u0131s\u0131 Anar Ta\u011f\u0131yev t\u0259dbiri giri\u015f s\u00f6z\u00fc il\u0259 a\u00e7araq V\u0259t\u0259n m\u00fcharib\u0259sind\u0259 r\u0259\u015fad\u0259tli Az\u0259rbaycan Ordusunun M\u00fcz\u0259ff\u0259r Ali Ba\u015f Komandan \u0130lham \u018fliyevin r\u0259hb\u0259rliyi il\u0259 qazand\u0131\u011f\u0131 tarixi Q\u0259l\u0259b\u0259d\u0259n s\u00f6z a\u00e7\u0131b, \u015fanl\u0131 Z\u0259f\u0259rl\u0259 ba\u015fa \u00e7atan m\u00fcharib\u0259d\u0259 V\u0259t\u0259nimizin igid o\u011fullar\u0131n\u0131n g\u00f6st\u0259rdikl\u0259ri \u015f\u00fcca\u0259td\u0259n, q\u0259hr\u0259manl\u0131qlardan dan\u0131\u015faraq M\u00fcz\u0259ff\u0259r Ali Ba\u015f Komandan \u0130lham \u018fliyevin Ulu \u00d6nd\u0259rin ideyalar\u0131n\u0131 layiqinc\u0259 yerin\u0259 yetir\u0259r\u0259k ordu quruculu\u011fu sah\u0259sind\u0259 Az\u0259rbaycan Silahl\u0131 Q\u00fcvv\u0259l\u0259rinin m\u00fcasir h\u0259rbi texnika il\u0259 t\u0259chiz edilm\u0259si, m\u00f6hk\u0259m nizam-intizam\u0131, y\u00fcks\u0259k d\u00f6y\u00fc\u015f ruhu il\u0259 se\u00e7il\u0259n, d\u00fc\u015fm\u0259n\u0259 sars\u0131d\u0131c\u0131 z\u0259rb\u0259 vurma\u011fa qadir olan bir ordu yarad\u0131lmas\u0131na m\u00fcv\u0259ff\u0259q oldu\u011funu bildirdi. H\u0259m\u00e7inin qeyd etdi ki,bu uzaqg\u00f6r\u0259n siyas\u0259tin n\u0259tic\u0259sind\u0259 \u015fanl\u0131 Ordumuz Ali Ba\u015f Komandan\u0131n r\u0259hb\u0259rliyi il\u0259 30 il\u0259 yax\u0131n d\u00fc\u015fm\u0259n i\u015f\u011fal\u0131 alt\u0131nda qalan torpaqlar\u0131m\u0131z\u0131 44 g\u00fcn \u0259rzind\u0259 azad edib.<br \/>\n\u015e\u0259h\u0259r R\u0259hb\u0259ri V\u0259t\u0259n\u0259 layiqli xidm\u0259t etdikl\u0259rin\u0259 g\u00f6r\u0259 t\u0259dbird\u0259 i\u015ftirak ed\u0259n qazi v\u0259 i\u015ftirak\u00e7\u0131lara \u00f6z minn\u0259tdarl\u0131\u011f\u0131n\u0131 bildirdi.<br \/>\nQeyd olundu ki, xalq\u0131m\u0131z\u0131n \u201cd\u0259mir yumruq\u201d \u0259traf\u0131nda s\u0131x birl\u0259\u015fm\u0259si, Az\u0259rbaycan Ordusunun q\u00fcdr\u0259ti, g\u0259ncl\u0259rimizin V\u0259t\u0259n sevgisi, \u0259sg\u0259rl\u0259rimizin d\u00f6y\u00fc\u015fl\u0259rd\u0259ki \u015f\u00fcca\u0259ti, Silahl\u0131 Q\u00fcvv\u0259l\u0259rimizin g\u00fcc\u00fc, xalq v\u0259 ordu birliyi say\u0259sind\u0259 i\u015f\u011fal alt\u0131ndak\u0131 torpaqlar\u0131m\u0131z i\u015f\u011faldan azad edildi, tarixi \u0259dal\u0259t b\u0259rpa olundu.<br \/>\nDaha sonra Milli M\u0259clisin deputat\u0131 \u0130lham M\u0259mm\u0259dov,S\u0259f\u0259rb\u0259rlik v\u0259 H\u0259rbi Xidm\u0259t\u0259 \u00c7a\u011f\u0131r\u0131\u015f \u00fczr\u0259 D\u00f6vl\u0259t Xidm\u0259tinin Yevlax rayon \u015f\u00f6b\u0259sinin r\u0259isi mayor Samir Qurbanov, YAP Yevlax rayon t\u0259\u015fkilat\u0131n\u0131n s\u0259dri Rafiq \u018fliyev \u00f6z \u00e7\u0131x\u0131\u015flar\u0131nda 44 g\u00fcnl\u00fck V\u0259t\u0259n m\u00fcharib\u0259sind\u0259 M\u00fcz\u0259ff\u0259r Ali Ba\u015f Komandan\u0131n r\u0259hb\u0259rliyi alt\u0131nda Az\u0259rbaycan Ordusunun \u015f\u00fcca\u0259tind\u0259n dan\u0131\u015f\u0131blar. Bildirilib ki, q\u0131sa m\u00fcdd\u0259t \u0259rzind\u0259 Az\u0259rbaycan Ordusu erm\u0259ni i\u015f\u011fal\u0131 alt\u0131nda olan torpaqlar\u0131m\u0131z\u0131 d\u00fc\u015fm\u0259n tapda\u011f\u0131ndan azad edib. Az\u0259rbaycan Ordusu arsenal\u0131nda olan \u0259n m\u00fcasir silahlarla faktiki olaraq Erm\u0259nistan ordusunu darmada\u011f\u0131n edib. H\u0259m\u00e7inin diqq\u0259t\u0259 \u00e7atd\u0131r\u0131l\u0131b ki, Ali Ba\u015f Komandan \u0130lham \u018fliyevin diqq\u0259ti v\u0259 qay\u011f\u0131s\u0131 n\u0259tic\u0259sind\u0259 Az\u0259rbaycan Ordusu n\u0259inki C\u0259nubi Qafqaz\u0131n, d\u00fcnyan\u0131n \u0259n pe\u015f\u0259kar ordular\u0131 s\u0131ras\u0131na y\u00fcks\u0259lib.<br \/>\nSonda Az\u0259rbaycan Prezidenti, M\u00fcz\u0259ff\u0259r Ali Ba\u015f Komandan \u0130lham \u018fliyevin s\u0259r\u0259ncamlar\u0131 il\u0259 t\u0259ltif olunmu\u015f qazil\u0259r v\u0259 m\u00fcharib\u0259 i\u015ftirak\u00e7\u0131lar\u0131na medallar\u0131 t\u0259qdim olundu.<br \/>\nV\u0259t\u0259n m\u00fcharib\u0259si Qazil\u0259ri v\u0259 i\u015ftirak\u00e7\u0131lar\u0131 onlara g\u00f6st\u0259ril\u0259n d\u00f6vl\u0259t qay\u011f\u0131s\u0131na g\u00f6r\u0259 Prezident, M\u00fcz\u0259ff\u0259r Ali Ba\u015f Komandan C\u0259nab \u0130lham \u018fliyev\u0259 v\u0259 Birinci vitse-prezident h\u00f6rm\u0259tli Mehriban xan\u0131m \u018fliyevaya minn\u0259tdarl\u0131qlar\u0131n\u0131 bildirdil\u0259r.<\/p>\n<p><img loading=\"lazy\" src=\"http:\/\/yevlax-ih.gov.az\/userfiles\/images\/e88eeb3f-7a1e-49cf-ba38-c97114921399.jpg\" alt=\"\" width=\"656\" height=\"437\" \/><\/p>\n<p><img loading=\"lazy\" src=\"http:\/\/yevlax-ih.gov.az\/userfiles\/images\/d2134e22-dc93-441c-8e94-cf3c1c718d65.jpg\" alt=\"\" width=\"656\" height=\"437\" \/><\/p>\n<p><img loading=\"lazy\" src=\"http:\/\/yevlax-ih.gov.az\/userfiles\/images\/0cfac3d7-1eff-432e-bf3e-911a43ce60b9.jpg\" alt=\"\" width=\"656\" height=\"641\" \/><\/p>\n<p><img loading=\"lazy\" src=\"http:\/\/yevlax-ih.gov.az\/userfiles\/images\/8b584def-aa29-4a25-a83b-30033bc4792e.jpg\" alt=\"\" width=\"656\" height=\"437\" \/><\/p>\n","protected":false},"excerpt":{"rendered":"<p>Yevlax \u015e\u0259h\u0259r \u0130cra Hakimiyy\u0259tinin, YAP Yevlax rayon t\u0259\u015fkilat\u0131n\u0131n, S\u0259f\u0259rb\u0259rlik v\u0259 H\u0259rbi Xidm\u0259t\u0259 \u00c7a\u011f\u0131r\u0131\u015f \u00fczr\u0259 D\u00f6vl\u0259t Xidm\u0259tinin Yevlax rayon \u015f\u00f6b\u0259sinin birg\u0259 t\u0259\u015fkilat\u00e7\u0131l\u0131\u011f\u0131 il\u0259 Prezident, M\u00fcz\u0259ff\u0259r Ali Ba\u015f Komandan C\u0259nab \u0130lham \u018fliyevin m\u00fcvafiq s\u0259r\u0259ncamlar\u0131na \u0259sas\u0259n \u0259razil\u0259rimizin i\u015f\u011faldan azad olunmas\u0131 u\u011frunda apar\u0131lan h\u0259rbi \u0259m\u0259liyyatlarda i\u015ftirak ed\u0259r\u0259k igidlik v\u0259 \u015f\u00fcca\u0259t g\u00f6st\u0259rmi\u015f yevlaxl\u0131 qazil\u0259r\u0259, m\u00fcharib\u0259 i\u015ftirak\u00e7\u0131lar\u0131na\u00a0 medallar\u0131n t\u0259qdimetm\u0259 m\u0259rasimi ke\u00e7irilib. T\u0259dbird\u0259 Yevlax \u015e\u0259h\u0259r \u0130cra Hakimiyy\u0259tinin ba\u015f\u00e7\u0131s\u0131 Anar Ta\u011f\u0131yev, Milli M\u0259clisin deputat\u0131 \u0130lham M\u0259mm\u0259dov, S\u0259f\u0259rb\u0259rlik v\u0259 H\u0259rbi Xidm\u0259t\u0259 \u00c7a\u011f\u0131r\u0131\u015f \u00fczr\u0259 D\u00f6vl\u0259t Xidm\u0259tinin Yevlax rayon \u015f\u00f6b\u0259sinin r\u0259isi mayor Samir Qurbanov, YAP Yevlax rayon t\u0259\u015fkilat\u0131n\u0131n s\u0259dri Rafiq \u018fliyev,&hellip;<\/p>\n","protected":false},"author":2,"featured_media":443252,"comment_status":"closed","ping_status":"closed","sticky":false,"template":"","format":"standard","meta":{"om_disable_all_campaigns":false,"_monsterinsights_skip_tracking":false,"_monsterinsights_sitenote_active":false,"_monsterinsights_sitenote_note":"","_monsterinsights_sitenote_category":0},"categories":[2],"tags":[],"aioseo_notices":[],"gutentor_comment":0,"rttpg_featured_image_url":{"full":["https:\/\/arantv.az\/wp-content\/uploads\/2022\/02\/42503012975aea95dc2291e82d9faf05-1.jpg",1024,682,false],"landscape":["https:\/\/arantv.az\/wp-content\/uploads\/2022\/02\/42503012975aea95dc2291e82d9faf05-1.jpg",1024,682,false],"portraits":["https:\/\/arantv.az\/wp-content\/uploads\/2022\/02\/42503012975aea95dc2291e82d9faf05-1.jpg",1024,682,false],"thumbnail":["https:\/\/arantv.az\/wp-content\/uploads\/2022\/02\/42503012975aea95dc2291e82d9faf05-1-500x280.jpg",500,280,true],"medium":["https:\/\/arantv.az\/wp-content\/uploads\/2022\/02\/42503012975aea95dc2291e82d9faf05-1-548x365.jpg",548,365,true],"large":["https:\/\/arantv.az\/wp-content\/uploads\/2022\/02\/42503012975aea95dc2291e82d9faf05-1-840x559.jpg",640,426,true],"1536x1536":["https:\/\/arantv.az\/wp-content\/uploads\/2022\/02\/42503012975aea95dc2291e82d9faf05-1.jpg",1024,682,false],"2048x2048":["https:\/\/arantv.az\/wp-content\/uploads\/2022\/02\/42503012975aea95dc2291e82d9faf05-1.jpg",1024,682,false],"post-thumbnail":["https:\/\/arantv.az\/wp-content\/uploads\/2022\/02\/42503012975aea95dc2291e82d9faf05-1-240x172.jpg",240,172,true],"advps-thumb-one":["https:\/\/arantv.az\/wp-content\/uploads\/2022\/02\/42503012975aea95dc2291e82d9faf05-1-1024x620.jpg",1024,620,true]},"rttpg_author":{"display_name":"V\u00fcsal Rafiqo\u011flu","author_link":"https:\/\/arantv.az\/?author=2"},"rttpg_comment":0,"rttpg_category":"<a href=\"https:\/\/arantv.az\/?cat=2\" rel=\"category\">Region X\u0259b\u0259rl\u0259ri<\/a>","rttpg_excerpt":"Yevlax \u015e\u0259h\u0259r \u0130cra Hakimiyy\u0259tinin, YAP Yevlax rayon t\u0259\u015fkilat\u0131n\u0131n, S\u0259f\u0259rb\u0259rlik v\u0259 H\u0259rbi Xidm\u0259t\u0259 \u00c7a\u011f\u0131r\u0131\u015f \u00fczr\u0259 D\u00f6vl\u0259t Xidm\u0259tinin Yevlax rayon \u015f\u00f6b\u0259sinin birg\u0259 t\u0259\u015fkilat\u00e7\u0131l\u0131\u011f\u0131 il\u0259 Prezident, M\u00fcz\u0259ff\u0259r Ali Ba\u015f Komandan C\u0259nab \u0130lham \u018fliyevin m\u00fcvafiq s\u0259r\u0259ncamlar\u0131na \u0259sas\u0259n \u0259razil\u0259rimizin i\u015f\u011faldan azad olunmas\u0131 u\u011frunda apar\u0131lan h\u0259rbi \u0259m\u0259liyyatlarda i\u015ftirak ed\u0259r\u0259k igidlik v\u0259 \u015f\u00fcca\u0259t g\u00f6st\u0259rmi\u015f yevlaxl\u0131 qazil\u0259r\u0259, m\u00fcharib\u0259 i\u015ftirak\u00e7\u0131lar\u0131na\u00a0 medallar\u0131n t\u0259qdimetm\u0259 m\u0259rasimi ke\u00e7irilib.&hellip;","_links":{"self":[{"href":"https:\/\/arantv.az\/index.php?rest_route=\/wp\/v2\/posts\/443251"}],"collection":[{"href":"https:\/\/arantv.az\/index.php?rest_route=\/wp\/v2\/posts"}],"about":[{"href":"https:\/\/arantv.az\/index.php?rest_route=\/wp\/v2\/types\/post"}],"author":[{"embeddable":true,"href":"https:\/\/arantv.az\/index.php?rest_route=\/wp\/v2\/users\/2"}],"replies":[{"embeddable":true,"href":"https:\/\/arantv.az\/index.php?rest_route=%2Fwp%2Fv2%2Fcomments&post=443251"}],"version-history":[{"count":0,"href":"https:\/\/arantv.az\/index.php?rest_route=\/wp\/v2\/posts\/443251\/revisions"}],"wp:featuredmedia":[{"embeddable":true,"href":"https:\/\/arantv.az\/index.php?rest_route=\/wp\/v2\/media\/443252"}],"wp:attachment":[{"href":"https:\/\/arantv.az\/index.php?rest_route=%2Fwp%2Fv2%2Fmedia&parent=443251"}],"wp:term":[{"taxonomy":"category","embeddable":true,"href":"https:\/\/arantv.az\/index.php?rest_route=%2Fwp%2Fv2%2Fcategories&post=443251"},{"taxonomy":"post_tag","embeddable":true,"href":"https:\/\/arantv.az\/index.php?rest_route=%2Fwp%2Fv2%2Ftags&post=443251"}],"curies":[{"name":"wp","href":"https:\/\/api.w.org\/{rel}","templated":true}]}}