{"id":443274,"date":"2022-02-24T07:55:42","date_gmt":"2022-02-24T04:55:42","guid":{"rendered":"http:\/\/arantv.az\/?p=443274"},"modified":"2022-02-24T07:55:42","modified_gmt":"2022-02-24T04:55:42","slug":"moskvada-ukrayna-haqqinda-veril%c9%99n-q%c9%99rar-butun-q%c9%99rb-ucun-t%c9%99hdiddir","status":"publish","type":"post","link":"https:\/\/arantv.az\/?p=443274","title":{"rendered":"\u201cMoskvada Ukrayna haqq\u0131nda veril\u0259n q\u0259rar b\u00fct\u00fcn Q\u0259rb \u00fc\u00e7\u00fcn t\u0259hdiddir\u201d"},"content":{"rendered":"<p>G\u00fcrc\u00fcstan\u0131n Ba\u015f naziri \u0130rakli Qariba\u015fvili Rusiya lideri Vladimir Putinin q\u0259bul etdiyi q\u0259rarla Ukraynan\u0131n \u015f\u0259rqind\u0259ki qondarma rejiml\u0259ri tan\u0131mas\u0131n\u0131 beyn\u0259lxalq nizam\u0131n d\u0259yi\u015fdirilm\u0259si kimi qiym\u0259tl\u0259ndirib.<\/p>\n<p><strong>ARANTV.AZ<\/strong> &#8220;qafqazinfo&#8221;-ya istinad\u0259n x\u0259b\u0259r verir ki, yerli televiziya kanal\u0131n\u0131n canl\u0131 yay\u0131m\u0131nda apar\u0131c\u0131n\u0131n Rusiya il\u0259 Ukrayna aras\u0131ndak\u0131 g\u0259rginlik bar\u0259d\u0259 suala cavab\u0131nda Ukraynan\u0131 d\u0259st\u0259kl\u0259dikl\u0259rini a\u00e7\u0131qlay\u0131b.<\/p>\n<p>&#8220;Ukrayna \u00e7\u0259tin g\u00fcnl\u0259r ya\u015fay\u0131r. Dost \u00f6lk\u0259 olan Ukraynada, h\u0259qiq\u0259t\u0259n, \u00e7ox \u00e7\u0259tin v\u0259ziyy\u0259tdir. Qarda\u015f mill\u0259t\u0259 d\u0259st\u0259yimizi t\u0259krarlamaq v\u0259 Ukrayna il\u0259 h\u0259mr\u0259yliyimizi ifad\u0259 etm\u0259k ist\u0259yir\u0259m.<\/p>\n<p>T\u0259bii ki, ya\u015fananlar q\u0259tiyy\u0259n q\u0259buledilm\u0259zdir. Rusiyan\u0131n Ukrayna torpaqlar\u0131n\u0131 m\u00fcst\u0259qil varl\u0131qlar olaraq tan\u0131mas\u0131 q\u0259buledilm\u0259zdir, h\u00fcquqaziddir v\u0259 d\u00fcnyadak\u0131 beyn\u0259lxalq nizam\u0131 d\u0259yi\u015fdirir&#8221;, &#8211; ba\u015f nazir qeud edib.<\/p>\n<p>Qariba\u015fvilinin s\u00f6zl\u0259rin\u0259 g\u00f6r\u0259, Moskvada Ukrayna haqq\u0131nda veril\u0259n q\u0259rar b\u00fct\u00fcn Q\u0259rb d\u00fcnyas\u0131 \u00fc\u00e7\u00fcn t\u0259hdid t\u0259\u015fkil edir:<\/p>\n<p>&#8220;H\u0259qiq\u0259t budur ki, rus h\u00f6kum\u0259ti sad\u0259c\u0259 m\u00fcst\u0259qil v\u0259 \u0259razi olaraq Avropan\u0131n \u0259n b\u00f6y\u00fck d\u00f6vl\u0259ti olan Ukraynaya deyil, eyni zamanda, a\u00e7\u0131q dem\u0259k laz\u0131md\u0131rsa, NATO da daxil olmaqla, b\u00fct\u00fcn Q\u0259rbi \u00e7ox ciddi meydan oxuma il\u0259 qar\u015f\u0131-qar\u015f\u0131ya g\u0259tirdi&#8221;.<\/p>\n","protected":false},"excerpt":{"rendered":"<p>G\u00fcrc\u00fcstan\u0131n Ba\u015f naziri \u0130rakli Qariba\u015fvili Rusiya lideri Vladimir Putinin q\u0259bul etdiyi q\u0259rarla Ukraynan\u0131n \u015f\u0259rqind\u0259ki qondarma rejiml\u0259ri tan\u0131mas\u0131n\u0131 beyn\u0259lxalq nizam\u0131n d\u0259yi\u015fdirilm\u0259si kimi qiym\u0259tl\u0259ndirib. ARANTV.AZ &#8220;qafqazinfo&#8221;-ya istinad\u0259n x\u0259b\u0259r verir ki, yerli televiziya kanal\u0131n\u0131n canl\u0131 yay\u0131m\u0131nda apar\u0131c\u0131n\u0131n Rusiya il\u0259 Ukrayna aras\u0131ndak\u0131 g\u0259rginlik bar\u0259d\u0259 suala cavab\u0131nda Ukraynan\u0131 d\u0259st\u0259kl\u0259dikl\u0259rini a\u00e7\u0131qlay\u0131b. &#8220;Ukrayna \u00e7\u0259tin g\u00fcnl\u0259r ya\u015fay\u0131r. Dost \u00f6lk\u0259 olan Ukraynada, h\u0259qiq\u0259t\u0259n, \u00e7ox \u00e7\u0259tin v\u0259ziyy\u0259tdir. Qarda\u015f mill\u0259t\u0259 d\u0259st\u0259yimizi t\u0259krarlamaq v\u0259 Ukrayna il\u0259 h\u0259mr\u0259yliyimizi ifad\u0259 etm\u0259k ist\u0259yir\u0259m. T\u0259bii ki, ya\u015fananlar q\u0259tiyy\u0259n q\u0259buledilm\u0259zdir. Rusiyan\u0131n Ukrayna torpaqlar\u0131n\u0131 m\u00fcst\u0259qil varl\u0131qlar olaraq tan\u0131mas\u0131 q\u0259buledilm\u0259zdir, h\u00fcquqaziddir v\u0259 d\u00fcnyadak\u0131 beyn\u0259lxalq nizam\u0131 d\u0259yi\u015fdirir&#8221;, &#8211; ba\u015f nazir&hellip;<\/p>\n","protected":false},"author":2,"featured_media":443275,"comment_status":"closed","ping_status":"closed","sticky":false,"template":"","format":"standard","meta":{"om_disable_all_campaigns":false,"_monsterinsights_skip_tracking":false,"_monsterinsights_sitenote_active":false,"_monsterinsights_sitenote_note":"","_monsterinsights_sitenote_category":0},"categories":[7],"tags":[],"aioseo_notices":[],"gutentor_comment":0,"rttpg_featured_image_url":{"full":["https:\/\/arantv.az\/wp-content\/uploads\/2022\/02\/qaribasvili.jpg",637,400,false],"landscape":["https:\/\/arantv.az\/wp-content\/uploads\/2022\/02\/qaribasvili.jpg",637,400,false],"portraits":["https:\/\/arantv.az\/wp-content\/uploads\/2022\/02\/qaribasvili.jpg",637,400,false],"thumbnail":["https:\/\/arantv.az\/wp-content\/uploads\/2022\/02\/qaribasvili-500x280.jpg",500,280,true],"medium":["https:\/\/arantv.az\/wp-content\/uploads\/2022\/02\/qaribasvili-581x365.jpg",581,365,true],"large":["https:\/\/arantv.az\/wp-content\/uploads\/2022\/02\/qaribasvili.jpg",637,400,false],"1536x1536":["https:\/\/arantv.az\/wp-content\/uploads\/2022\/02\/qaribasvili.jpg",637,400,false],"2048x2048":["https:\/\/arantv.az\/wp-content\/uploads\/2022\/02\/qaribasvili.jpg",637,400,false],"post-thumbnail":["https:\/\/arantv.az\/wp-content\/uploads\/2022\/02\/qaribasvili-240x172.jpg",240,172,true],"advps-thumb-one":["https:\/\/arantv.az\/wp-content\/uploads\/2022\/02\/qaribasvili.jpg",637,400,false]},"rttpg_author":{"display_name":"V\u00fcsal Rafiqo\u011flu","author_link":"https:\/\/arantv.az\/?author=2"},"rttpg_comment":0,"rttpg_category":"<a href=\"https:\/\/arantv.az\/?cat=7\" rel=\"category\">D\u00fcnya<\/a>","rttpg_excerpt":"G\u00fcrc\u00fcstan\u0131n Ba\u015f naziri \u0130rakli Qariba\u015fvili Rusiya lideri Vladimir Putinin q\u0259bul etdiyi q\u0259rarla Ukraynan\u0131n \u015f\u0259rqind\u0259ki qondarma rejiml\u0259ri tan\u0131mas\u0131n\u0131 beyn\u0259lxalq nizam\u0131n d\u0259yi\u015fdirilm\u0259si kimi qiym\u0259tl\u0259ndirib. ARANTV.AZ &#8220;qafqazinfo&#8221;-ya istinad\u0259n x\u0259b\u0259r verir ki, yerli televiziya kanal\u0131n\u0131n canl\u0131 yay\u0131m\u0131nda apar\u0131c\u0131n\u0131n Rusiya il\u0259 Ukrayna aras\u0131ndak\u0131 g\u0259rginlik bar\u0259d\u0259 suala cavab\u0131nda Ukraynan\u0131 d\u0259st\u0259kl\u0259dikl\u0259rini a\u00e7\u0131qlay\u0131b. &#8220;Ukrayna \u00e7\u0259tin g\u00fcnl\u0259r ya\u015fay\u0131r. Dost \u00f6lk\u0259 olan Ukraynada, h\u0259qiq\u0259t\u0259n, \u00e7ox&hellip;","_links":{"self":[{"href":"https:\/\/arantv.az\/index.php?rest_route=\/wp\/v2\/posts\/443274"}],"collection":[{"href":"https:\/\/arantv.az\/index.php?rest_route=\/wp\/v2\/posts"}],"about":[{"href":"https:\/\/arantv.az\/index.php?rest_route=\/wp\/v2\/types\/post"}],"author":[{"embeddable":true,"href":"https:\/\/arantv.az\/index.php?rest_route=\/wp\/v2\/users\/2"}],"replies":[{"embeddable":true,"href":"https:\/\/arantv.az\/index.php?rest_route=%2Fwp%2Fv2%2Fcomments&post=443274"}],"version-history":[{"count":0,"href":"https:\/\/arantv.az\/index.php?rest_route=\/wp\/v2\/posts\/443274\/revisions"}],"wp:featuredmedia":[{"embeddable":true,"href":"https:\/\/arantv.az\/index.php?rest_route=\/wp\/v2\/media\/443275"}],"wp:attachment":[{"href":"https:\/\/arantv.az\/index.php?rest_route=%2Fwp%2Fv2%2Fmedia&parent=443274"}],"wp:term":[{"taxonomy":"category","embeddable":true,"href":"https:\/\/arantv.az\/index.php?rest_route=%2Fwp%2Fv2%2Fcategories&post=443274"},{"taxonomy":"post_tag","embeddable":true,"href":"https:\/\/arantv.az\/index.php?rest_route=%2Fwp%2Fv2%2Ftags&post=443274"}],"curies":[{"name":"wp","href":"https:\/\/api.w.org\/{rel}","templated":true}]}}