{"id":443277,"date":"2022-02-24T07:56:22","date_gmt":"2022-02-24T04:56:22","guid":{"rendered":"http:\/\/arantv.az\/?p=443277"},"modified":"2022-02-24T07:56:22","modified_gmt":"2022-02-24T04:56:22","slug":"finlandiya-nato-ya-qosulmaq-ist%c9%99yir","status":"publish","type":"post","link":"https:\/\/arantv.az\/?p=443277","title":{"rendered":"Finlandiya NATO-ya qo\u015fulmaq ist\u0259yir"},"content":{"rendered":"<p>Finlandiya NATO-ya \u00fczvl\u00fck \u00fc\u00e7\u00fcn m\u00fcraci\u0259t etm\u0259y\u0259 haz\u0131rd\u0131r.<\/p>\n<p><strong>ARANTV.AZ<\/strong>\u00a0 <a href=\"https:\/\/az.trend.az\/\" target=\"_blank\" rel=\"noopener\">Trend<\/a>-\u0259 istinad\u0259n bildirir ki,\u00a0bunu \u00f6lk\u0259nin ba\u015f naziri Sanna Marin parlamentd\u0259 \u00e7\u0131x\u0131\u015f\u0131 zaman\u0131 deyib.<\/p>\n<p>&#8220;B\u00f6y\u00fck m\u00fcharib\u0259 t\u0259hl\u00fck\u0259si indi uzun ill\u0259r \u0259rzind\u0259 he\u00e7 vaxt olmad\u0131\u011f\u0131 q\u0259d\u0259r reald\u0131r. Milli t\u0259hl\u00fck\u0259sizlik m\u0259s\u0259l\u0259si k\u0259skinl\u0259\u015f\u0259rs\u0259, Finlandiya NATO-ya \u00fczvl\u00fck \u00fc\u00e7\u00fcn m\u00fcraci\u0259t etm\u0259y\u0259 haz\u0131rd\u0131r&#8221;, &#8211; dey\u0259 ba\u015f nazir bildirib.<\/p>\n<p>Qeyd ed\u0259k ki, Finlandiya parlamenti \u00fc\u00e7 saat \u0259rzind\u0259 xarici siyas\u0259t v\u0259 t\u0259hl\u00fck\u0259sizlik siyas\u0259tini m\u00fczakir\u0259 edib.<\/p>\n","protected":false},"excerpt":{"rendered":"<p>Finlandiya NATO-ya \u00fczvl\u00fck \u00fc\u00e7\u00fcn m\u00fcraci\u0259t etm\u0259y\u0259 haz\u0131rd\u0131r. ARANTV.AZ\u00a0 Trend-\u0259 istinad\u0259n bildirir ki,\u00a0bunu \u00f6lk\u0259nin ba\u015f naziri Sanna Marin parlamentd\u0259 \u00e7\u0131x\u0131\u015f\u0131 zaman\u0131 deyib. &#8220;B\u00f6y\u00fck m\u00fcharib\u0259 t\u0259hl\u00fck\u0259si indi uzun ill\u0259r \u0259rzind\u0259 he\u00e7 vaxt olmad\u0131\u011f\u0131 q\u0259d\u0259r reald\u0131r. Milli t\u0259hl\u00fck\u0259sizlik m\u0259s\u0259l\u0259si k\u0259skinl\u0259\u015f\u0259rs\u0259, Finlandiya NATO-ya \u00fczvl\u00fck \u00fc\u00e7\u00fcn m\u00fcraci\u0259t etm\u0259y\u0259 haz\u0131rd\u0131r&#8221;, &#8211; dey\u0259 ba\u015f nazir bildirib. Qeyd ed\u0259k ki, Finlandiya parlamenti \u00fc\u00e7 saat \u0259rzind\u0259 xarici siyas\u0259t v\u0259 t\u0259hl\u00fck\u0259sizlik siyas\u0259tini m\u00fczakir\u0259 edib.<\/p>\n","protected":false},"author":2,"featured_media":443278,"comment_status":"closed","ping_status":"closed","sticky":false,"template":"","format":"standard","meta":{"om_disable_all_campaigns":false,"_monsterinsights_skip_tracking":false,"_monsterinsights_sitenote_active":false,"_monsterinsights_sitenote_note":"","_monsterinsights_sitenote_category":0},"categories":[7],"tags":[],"aioseo_notices":[],"gutentor_comment":0,"rttpg_featured_image_url":{"full":["https:\/\/arantv.az\/wp-content\/uploads\/2022\/02\/nato_flags_270821.jpg",827,465,false],"landscape":["https:\/\/arantv.az\/wp-content\/uploads\/2022\/02\/nato_flags_270821.jpg",827,465,false],"portraits":["https:\/\/arantv.az\/wp-content\/uploads\/2022\/02\/nato_flags_270821.jpg",827,465,false],"thumbnail":["https:\/\/arantv.az\/wp-content\/uploads\/2022\/02\/nato_flags_270821-500x280.jpg",500,280,true],"medium":["https:\/\/arantv.az\/wp-content\/uploads\/2022\/02\/nato_flags_270821-649x365.jpg",649,365,true],"large":["https:\/\/arantv.az\/wp-content\/uploads\/2022\/02\/nato_flags_270821.jpg",640,360,false],"1536x1536":["https:\/\/arantv.az\/wp-content\/uploads\/2022\/02\/nato_flags_270821.jpg",827,465,false],"2048x2048":["https:\/\/arantv.az\/wp-content\/uploads\/2022\/02\/nato_flags_270821.jpg",827,465,false],"post-thumbnail":["https:\/\/arantv.az\/wp-content\/uploads\/2022\/02\/nato_flags_270821-240x172.jpg",240,172,true],"advps-thumb-one":["https:\/\/arantv.az\/wp-content\/uploads\/2022\/02\/nato_flags_270821.jpg",827,465,false]},"rttpg_author":{"display_name":"V\u00fcsal Rafiqo\u011flu","author_link":"https:\/\/arantv.az\/?author=2"},"rttpg_comment":0,"rttpg_category":"<a href=\"https:\/\/arantv.az\/?cat=7\" rel=\"category\">D\u00fcnya<\/a>","rttpg_excerpt":"Finlandiya NATO-ya \u00fczvl\u00fck \u00fc\u00e7\u00fcn m\u00fcraci\u0259t etm\u0259y\u0259 haz\u0131rd\u0131r. ARANTV.AZ\u00a0 Trend-\u0259 istinad\u0259n bildirir ki,\u00a0bunu \u00f6lk\u0259nin ba\u015f naziri Sanna Marin parlamentd\u0259 \u00e7\u0131x\u0131\u015f\u0131 zaman\u0131 deyib. &#8220;B\u00f6y\u00fck m\u00fcharib\u0259 t\u0259hl\u00fck\u0259si indi uzun ill\u0259r \u0259rzind\u0259 he\u00e7 vaxt olmad\u0131\u011f\u0131 q\u0259d\u0259r reald\u0131r. Milli t\u0259hl\u00fck\u0259sizlik m\u0259s\u0259l\u0259si k\u0259skinl\u0259\u015f\u0259rs\u0259, Finlandiya NATO-ya \u00fczvl\u00fck \u00fc\u00e7\u00fcn m\u00fcraci\u0259t etm\u0259y\u0259 haz\u0131rd\u0131r&#8221;, &#8211; dey\u0259 ba\u015f nazir bildirib. Qeyd ed\u0259k ki, Finlandiya parlamenti \u00fc\u00e7&hellip;","_links":{"self":[{"href":"https:\/\/arantv.az\/index.php?rest_route=\/wp\/v2\/posts\/443277"}],"collection":[{"href":"https:\/\/arantv.az\/index.php?rest_route=\/wp\/v2\/posts"}],"about":[{"href":"https:\/\/arantv.az\/index.php?rest_route=\/wp\/v2\/types\/post"}],"author":[{"embeddable":true,"href":"https:\/\/arantv.az\/index.php?rest_route=\/wp\/v2\/users\/2"}],"replies":[{"embeddable":true,"href":"https:\/\/arantv.az\/index.php?rest_route=%2Fwp%2Fv2%2Fcomments&post=443277"}],"version-history":[{"count":0,"href":"https:\/\/arantv.az\/index.php?rest_route=\/wp\/v2\/posts\/443277\/revisions"}],"wp:featuredmedia":[{"embeddable":true,"href":"https:\/\/arantv.az\/index.php?rest_route=\/wp\/v2\/media\/443278"}],"wp:attachment":[{"href":"https:\/\/arantv.az\/index.php?rest_route=%2Fwp%2Fv2%2Fmedia&parent=443277"}],"wp:term":[{"taxonomy":"category","embeddable":true,"href":"https:\/\/arantv.az\/index.php?rest_route=%2Fwp%2Fv2%2Fcategories&post=443277"},{"taxonomy":"post_tag","embeddable":true,"href":"https:\/\/arantv.az\/index.php?rest_route=%2Fwp%2Fv2%2Ftags&post=443277"}],"curies":[{"name":"wp","href":"https:\/\/api.w.org\/{rel}","templated":true}]}}