{"id":443280,"date":"2022-02-24T07:57:29","date_gmt":"2022-02-24T04:57:29","guid":{"rendered":"http:\/\/arantv.az\/?p=443280"},"modified":"2022-02-24T07:57:29","modified_gmt":"2022-02-24T04:57:29","slug":"siginacaq-v%c9%99-sosial-reabilitasiya-mu%c9%99ssis%c9%99sinin-fuzuli-rayonunda-filiali-yaradilacaq","status":"publish","type":"post","link":"https:\/\/arantv.az\/?p=443280","title":{"rendered":"S\u0131\u011f\u0131nacaq v\u0259 Sosial Reabilitasiya M\u00fc\u0259ssis\u0259sinin F\u00fczuli rayonunda filial\u0131 yarad\u0131lacaq"},"content":{"rendered":"<p>\u018fm\u0259k v\u0259 \u018fhalinin Sosial M\u00fcdafi\u0259si Nazirliyinin tabeliyind\u0259ki Sosial Xidm\u0259tl\u0259r Agentliyinin H\u0259ssas \u0259hali qruplar\u0131ndan olan \u015f\u0259xsl\u0259r \u00fc\u00e7\u00fcn S\u0131\u011f\u0131nacaq v\u0259 Sosial Reabilitasiya M\u00fc\u0259ssis\u0259sinin bu il F\u00fczuli rayonunda filial\u0131 yarad\u0131lacaq.<\/p>\n<p>Agentliyin haz\u0131rda paytaxtda f\u0259aliyy\u0259t g\u00f6st\u0259r\u0259n S\u0131\u011f\u0131nacaq v\u0259 Sosial Reabilitasiya M\u00fc\u0259ssis\u0259sind\u0259 bax\u0131ms\u0131z, kims\u0259siz v\u0259 sosial t\u0259hl\u00fck\u0259li v\u0259ziyy\u0259td\u0259 olan u\u015faqlara stasionar \u015f\u0259raitd\u0259 z\u0259ruri sosial xidm\u0259tl\u0259r g\u00f6st\u0259rilir.<\/p>\n<p>X\u00fcsusil\u0259 d\u0259 h\u0259min insanlar\u0131n normal h\u0259yat t\u0259rzin\u0259 qay\u0131d\u0131\u015f\u0131, sosial adaptasiyas\u0131 v\u0259 reabilitasiyas\u0131 i\u015fl\u0259ri apar\u0131l\u0131r.<\/p>\n<p>Burada haz\u0131rda 10-u o\u011flan, 15-i q\u0131z olmaqla 25 u\u015faq h\u0259min xidm\u0259tl\u0259rd\u0259n yararlan\u0131r. M\u00fc\u0259ssis\u0259d\u0259 \u00f6t\u0259n il 68 u\u015fa\u011fa sosial xidm\u0259tl\u0259r g\u00f6st\u0259rilib.<\/p>\n<p>M\u00fc\u0259ssis\u0259nin F\u00fczuli rayonunda yarad\u0131lacaq filial\u0131na q\u0259bul olunacaq u\u015faqlarla, h\u0259m\u00e7inin onlar\u0131n ail\u0259l\u0259ri il\u0259 x\u00fcsusi t\u0259rtib edilmi\u015f f\u0259rdi qay\u011f\u0131 plan\u0131 \u0259sas\u0131nda i\u015f apar\u0131lacaq.<\/p>\n<p>Sosial i\u015f\u00e7il\u0259r, psixoloq, tibb i\u015f\u00e7isi, pedoqoq v\u0259 t\u0259rbiy\u0259\u00e7il\u0259r, d\u0259rn\u0259k r\u0259hb\u0259rl\u0259ri, musiqi v\u0259 idman m\u00fct\u0259x\u0259ssisl\u0259ri m\u00fc\u0259ssis\u0259d\u0259 qeyd olunan kateqoriyadan olan u\u015faqlara reabilitasiya y\u00f6n\u00fcml\u00fc z\u0259ruri sosial xidm\u0259tl\u0259rin g\u00f6st\u0259rilm\u0259sini t\u0259min ed\u0259c\u0259k.<\/p>\n","protected":false},"excerpt":{"rendered":"<p>\u018fm\u0259k v\u0259 \u018fhalinin Sosial M\u00fcdafi\u0259si Nazirliyinin tabeliyind\u0259ki Sosial Xidm\u0259tl\u0259r Agentliyinin H\u0259ssas \u0259hali qruplar\u0131ndan olan \u015f\u0259xsl\u0259r \u00fc\u00e7\u00fcn S\u0131\u011f\u0131nacaq v\u0259 Sosial Reabilitasiya M\u00fc\u0259ssis\u0259sinin bu il F\u00fczuli rayonunda filial\u0131 yarad\u0131lacaq. Agentliyin haz\u0131rda paytaxtda f\u0259aliyy\u0259t g\u00f6st\u0259r\u0259n S\u0131\u011f\u0131nacaq v\u0259 Sosial Reabilitasiya M\u00fc\u0259ssis\u0259sind\u0259 bax\u0131ms\u0131z, kims\u0259siz v\u0259 sosial t\u0259hl\u00fck\u0259li v\u0259ziyy\u0259td\u0259 olan u\u015faqlara stasionar \u015f\u0259raitd\u0259 z\u0259ruri sosial xidm\u0259tl\u0259r g\u00f6st\u0259rilir. X\u00fcsusil\u0259 d\u0259 h\u0259min insanlar\u0131n normal h\u0259yat t\u0259rzin\u0259 qay\u0131d\u0131\u015f\u0131, sosial adaptasiyas\u0131 v\u0259 reabilitasiyas\u0131 i\u015fl\u0259ri apar\u0131l\u0131r. Burada haz\u0131rda 10-u o\u011flan, 15-i q\u0131z olmaqla 25 u\u015faq h\u0259min xidm\u0259tl\u0259rd\u0259n yararlan\u0131r. M\u00fc\u0259ssis\u0259d\u0259 \u00f6t\u0259n il 68 u\u015fa\u011fa sosial xidm\u0259tl\u0259r g\u00f6st\u0259rilib. M\u00fc\u0259ssis\u0259nin F\u00fczuli rayonunda yarad\u0131lacaq filial\u0131na&hellip;<\/p>\n","protected":false},"author":2,"featured_media":443281,"comment_status":"closed","ping_status":"closed","sticky":false,"template":"","format":"standard","meta":{"om_disable_all_campaigns":false,"_monsterinsights_skip_tracking":false,"_monsterinsights_sitenote_active":false,"_monsterinsights_sitenote_note":"","_monsterinsights_sitenote_category":0},"categories":[26],"tags":[],"aioseo_notices":[],"gutentor_comment":0,"rttpg_featured_image_url":{"full":["https:\/\/arantv.az\/wp-content\/uploads\/2022\/02\/image_380x226_6214c68b42b8c.jpg",1200,1200,false],"landscape":["https:\/\/arantv.az\/wp-content\/uploads\/2022\/02\/image_380x226_6214c68b42b8c.jpg",1200,1200,false],"portraits":["https:\/\/arantv.az\/wp-content\/uploads\/2022\/02\/image_380x226_6214c68b42b8c.jpg",1200,1200,false],"thumbnail":["https:\/\/arantv.az\/wp-content\/uploads\/2022\/02\/image_380x226_6214c68b42b8c-500x280.jpg",500,280,true],"medium":["https:\/\/arantv.az\/wp-content\/uploads\/2022\/02\/image_380x226_6214c68b42b8c-365x365.jpg",365,365,true],"large":["https:\/\/arantv.az\/wp-content\/uploads\/2022\/02\/image_380x226_6214c68b42b8c-840x840.jpg",640,640,true],"1536x1536":["https:\/\/arantv.az\/wp-content\/uploads\/2022\/02\/image_380x226_6214c68b42b8c.jpg",1200,1200,false],"2048x2048":["https:\/\/arantv.az\/wp-content\/uploads\/2022\/02\/image_380x226_6214c68b42b8c.jpg",1200,1200,false],"post-thumbnail":["https:\/\/arantv.az\/wp-content\/uploads\/2022\/02\/image_380x226_6214c68b42b8c-240x172.jpg",240,172,true],"advps-thumb-one":["https:\/\/arantv.az\/wp-content\/uploads\/2022\/02\/image_380x226_6214c68b42b8c-1200x620.jpg",1200,620,true]},"rttpg_author":{"display_name":"V\u00fcsal Rafiqo\u011flu","author_link":"https:\/\/arantv.az\/?author=2"},"rttpg_comment":0,"rttpg_category":"<a href=\"https:\/\/arantv.az\/?cat=26\" rel=\"category\">Sosial<\/a>","rttpg_excerpt":"\u018fm\u0259k v\u0259 \u018fhalinin Sosial M\u00fcdafi\u0259si Nazirliyinin tabeliyind\u0259ki Sosial Xidm\u0259tl\u0259r Agentliyinin H\u0259ssas \u0259hali qruplar\u0131ndan olan \u015f\u0259xsl\u0259r \u00fc\u00e7\u00fcn S\u0131\u011f\u0131nacaq v\u0259 Sosial Reabilitasiya M\u00fc\u0259ssis\u0259sinin bu il F\u00fczuli rayonunda filial\u0131 yarad\u0131lacaq. Agentliyin haz\u0131rda paytaxtda f\u0259aliyy\u0259t g\u00f6st\u0259r\u0259n S\u0131\u011f\u0131nacaq v\u0259 Sosial Reabilitasiya M\u00fc\u0259ssis\u0259sind\u0259 bax\u0131ms\u0131z, kims\u0259siz v\u0259 sosial t\u0259hl\u00fck\u0259li v\u0259ziyy\u0259td\u0259 olan u\u015faqlara stasionar \u015f\u0259raitd\u0259 z\u0259ruri sosial xidm\u0259tl\u0259r g\u00f6st\u0259rilir. X\u00fcsusil\u0259 d\u0259 h\u0259min insanlar\u0131n&hellip;","_links":{"self":[{"href":"https:\/\/arantv.az\/index.php?rest_route=\/wp\/v2\/posts\/443280"}],"collection":[{"href":"https:\/\/arantv.az\/index.php?rest_route=\/wp\/v2\/posts"}],"about":[{"href":"https:\/\/arantv.az\/index.php?rest_route=\/wp\/v2\/types\/post"}],"author":[{"embeddable":true,"href":"https:\/\/arantv.az\/index.php?rest_route=\/wp\/v2\/users\/2"}],"replies":[{"embeddable":true,"href":"https:\/\/arantv.az\/index.php?rest_route=%2Fwp%2Fv2%2Fcomments&post=443280"}],"version-history":[{"count":0,"href":"https:\/\/arantv.az\/index.php?rest_route=\/wp\/v2\/posts\/443280\/revisions"}],"wp:featuredmedia":[{"embeddable":true,"href":"https:\/\/arantv.az\/index.php?rest_route=\/wp\/v2\/media\/443281"}],"wp:attachment":[{"href":"https:\/\/arantv.az\/index.php?rest_route=%2Fwp%2Fv2%2Fmedia&parent=443280"}],"wp:term":[{"taxonomy":"category","embeddable":true,"href":"https:\/\/arantv.az\/index.php?rest_route=%2Fwp%2Fv2%2Fcategories&post=443280"},{"taxonomy":"post_tag","embeddable":true,"href":"https:\/\/arantv.az\/index.php?rest_route=%2Fwp%2Fv2%2Ftags&post=443280"}],"curies":[{"name":"wp","href":"https:\/\/api.w.org\/{rel}","templated":true}]}}