{"id":443291,"date":"2022-02-24T08:05:28","date_gmt":"2022-02-24T05:05:28","guid":{"rendered":"http:\/\/arantv.az\/?p=443291"},"modified":"2022-02-24T08:05:28","modified_gmt":"2022-02-24T05:05:28","slug":"su-c%c9%99rs%c9%99nb%c9%99si-novruz-bayraminin-ilk-c%c9%99rs%c9%99nb%c9%99si","status":"publish","type":"post","link":"https:\/\/arantv.az\/?p=443291","title":{"rendered":"Su \u00e7\u0259r\u015f\u0259nb\u0259si \u2014 Novruz bayram\u0131n\u0131n ilk \u00e7\u0259r\u015f\u0259nb\u0259si"},"content":{"rendered":"<div>T\u0259qvim \u00fczr\u0259 q\u0131\u015f f\u0259slinin davam etm\u0259sin\u0259 baxmayaraq, havan\u0131n m\u00fclayim ke\u00e7m\u0259si il\u0259 yaz \u00f6z g\u0259li\u015fini tezl\u0259\u015fdirm\u0259y\u0259 \u00e7al\u0131\u015f\u0131r. Haz\u0131rda iqlim normas\u0131ndan 3,3 d\u0259r\u0259c\u0259 y\u00fcks\u0259k olan temperatur rejimi daha \u00e7ox mart ay\u0131n\u0131n birinci h\u0259ft\u0259si \u00fc\u00e7\u00fcn s\u0259ciyy\u0259vidir. Bunu Milli Hidrometeorologiya Xidm\u0259tinin r\u0259isi Umayra Ta\u011f\u0131yeva bildirib.<\/p>\n<\/div>\n<div>\u201cM\u00fcqayis\u0259 \u00fc\u00e7\u00fcn qeyd ed\u0259k ki, ke\u00e7\u0259n il Su \u00e7\u0259r\u015f\u0259nb\u0259sind\u0259 temperatur iqlim normas\u0131 daxilind\u0259 olub. Bu il is\u0259 b\u0259zi b\u00f6lg\u0259l\u0259rd\u0259 havan\u0131n temperaturu h\u0259tta 17 d\u0259r\u0259c\u0259y\u0259d\u0259k y\u00fcks\u0259lib. Bahar\u0131n yax\u0131nla\u015fmas\u0131n\u0131n ilk \u0259lam\u0259tl\u0259rini bildir\u0259n Su \u00e7\u0259r\u015f\u0259nb\u0259si ad\u0259t\u0259n b\u00f6lg\u0259l\u0259rd\u0259 \u00e7iskinli, dumanl\u0131, ya\u011f\u0131nt\u0131l\u0131 hava \u015f\u0259raiti il\u0259 s\u0259ciyy\u0259l\u0259nir. Ancaq d\u0259yi\u015f\u0259n iqlim \u015f\u0259raitind\u0259 b\u00fct\u00fcn \u0259n\u0259n\u0259l\u0259r\u0259 \u201czidd\u201d olaraq, bu il ya\u011fmursuz ke\u00e7m\u0259kl\u0259 daha f\u0259rqli olub. El\u0259 buna g\u00f6r\u0259 d\u0259 \u00e7aylarda sululuq norma g\u00f6st\u0259ricil\u0259ri il\u0259 m\u00fcqayis\u0259d\u0259 30 faiz\u0259d\u0259k azd\u0131r\u201d.<\/p>\n<\/div>\n<div>U.Ta\u011f\u0131yevan\u0131n s\u00f6zl\u0259rin\u0259 g\u00f6r\u0259, Su \u00e7\u0259r\u015f\u0259nb\u0259sinin inanclar\u0131 bir daha suyun t\u0259bi\u0259td\u0259 b\u00fct\u00fcn canl\u0131lar\u0131n h\u0259yat m\u0259nb\u0259yi oldu\u011funu g\u00f6st\u0259rir. Bu bax\u0131mdan onu qorumaq v\u0259 \u0259lb\u0259tt\u0259 ki, sudan q\u0259na\u0259tl\u0259 istifad\u0259 etm\u0259k laz\u0131md\u0131r. Ancaq bu yolla biz i\u00e7m\u0259li su m\u0259nb\u0259l\u0259rimizi g\u0259l\u0259c\u0259k n\u0259sill\u0259r \u00fc\u00e7\u00fcn m\u00fchafiz\u0259 edib saxlaya bil\u0259rik.<\/p>\n<\/div>\n<div>Su \u00e7\u0259r\u015f\u0259nb\u0259miz m\u00fcbar\u0259k!<\/div>\n","protected":false},"excerpt":{"rendered":"<p>T\u0259qvim \u00fczr\u0259 q\u0131\u015f f\u0259slinin davam etm\u0259sin\u0259 baxmayaraq, havan\u0131n m\u00fclayim ke\u00e7m\u0259si il\u0259 yaz \u00f6z g\u0259li\u015fini tezl\u0259\u015fdirm\u0259y\u0259 \u00e7al\u0131\u015f\u0131r. Haz\u0131rda iqlim normas\u0131ndan 3,3 d\u0259r\u0259c\u0259 y\u00fcks\u0259k olan temperatur rejimi daha \u00e7ox mart ay\u0131n\u0131n birinci h\u0259ft\u0259si \u00fc\u00e7\u00fcn s\u0259ciyy\u0259vidir. Bunu Milli Hidrometeorologiya Xidm\u0259tinin r\u0259isi Umayra Ta\u011f\u0131yeva bildirib. \u201cM\u00fcqayis\u0259 \u00fc\u00e7\u00fcn qeyd ed\u0259k ki, ke\u00e7\u0259n il Su \u00e7\u0259r\u015f\u0259nb\u0259sind\u0259 temperatur iqlim normas\u0131 daxilind\u0259 olub. Bu il is\u0259 b\u0259zi b\u00f6lg\u0259l\u0259rd\u0259 havan\u0131n temperaturu h\u0259tta 17 d\u0259r\u0259c\u0259y\u0259d\u0259k y\u00fcks\u0259lib. Bahar\u0131n yax\u0131nla\u015fmas\u0131n\u0131n ilk \u0259lam\u0259tl\u0259rini bildir\u0259n Su \u00e7\u0259r\u015f\u0259nb\u0259si ad\u0259t\u0259n b\u00f6lg\u0259l\u0259rd\u0259 \u00e7iskinli, dumanl\u0131, ya\u011f\u0131nt\u0131l\u0131 hava \u015f\u0259raiti il\u0259 s\u0259ciyy\u0259l\u0259nir. Ancaq d\u0259yi\u015f\u0259n iqlim \u015f\u0259raitind\u0259 b\u00fct\u00fcn \u0259n\u0259n\u0259l\u0259r\u0259 \u201czidd\u201d olaraq,&hellip;<\/p>\n","protected":false},"author":2,"featured_media":443292,"comment_status":"closed","ping_status":"closed","sticky":false,"template":"","format":"standard","meta":{"om_disable_all_campaigns":false,"_monsterinsights_skip_tracking":false,"_monsterinsights_sitenote_active":false,"_monsterinsights_sitenote_note":"","_monsterinsights_sitenote_category":0},"categories":[1],"tags":[],"aioseo_notices":[],"gutentor_comment":0,"rttpg_featured_image_url":{"full":["https:\/\/arantv.az\/wp-content\/uploads\/2022\/02\/20220222201747_41356900.jpg",559,400,false],"landscape":["https:\/\/arantv.az\/wp-content\/uploads\/2022\/02\/20220222201747_41356900.jpg",559,400,false],"portraits":["https:\/\/arantv.az\/wp-content\/uploads\/2022\/02\/20220222201747_41356900.jpg",559,400,false],"thumbnail":["https:\/\/arantv.az\/wp-content\/uploads\/2022\/02\/20220222201747_41356900-500x280.jpg",500,280,true],"medium":["https:\/\/arantv.az\/wp-content\/uploads\/2022\/02\/20220222201747_41356900-510x365.jpg",510,365,true],"large":["https:\/\/arantv.az\/wp-content\/uploads\/2022\/02\/20220222201747_41356900.jpg",559,400,false],"1536x1536":["https:\/\/arantv.az\/wp-content\/uploads\/2022\/02\/20220222201747_41356900.jpg",559,400,false],"2048x2048":["https:\/\/arantv.az\/wp-content\/uploads\/2022\/02\/20220222201747_41356900.jpg",559,400,false],"post-thumbnail":["https:\/\/arantv.az\/wp-content\/uploads\/2022\/02\/20220222201747_41356900-240x172.jpg",240,172,true],"advps-thumb-one":["https:\/\/arantv.az\/wp-content\/uploads\/2022\/02\/20220222201747_41356900.jpg",559,400,false]},"rttpg_author":{"display_name":"V\u00fcsal Rafiqo\u011flu","author_link":"https:\/\/arantv.az\/?author=2"},"rttpg_comment":0,"rttpg_category":"<a href=\"https:\/\/arantv.az\/?cat=1\" rel=\"category\">C\u0259miyy\u0259t<\/a>","rttpg_excerpt":"T\u0259qvim \u00fczr\u0259 q\u0131\u015f f\u0259slinin davam etm\u0259sin\u0259 baxmayaraq, havan\u0131n m\u00fclayim ke\u00e7m\u0259si il\u0259 yaz \u00f6z g\u0259li\u015fini tezl\u0259\u015fdirm\u0259y\u0259 \u00e7al\u0131\u015f\u0131r. Haz\u0131rda iqlim normas\u0131ndan 3,3 d\u0259r\u0259c\u0259 y\u00fcks\u0259k olan temperatur rejimi daha \u00e7ox mart ay\u0131n\u0131n birinci h\u0259ft\u0259si \u00fc\u00e7\u00fcn s\u0259ciyy\u0259vidir. Bunu Milli Hidrometeorologiya Xidm\u0259tinin r\u0259isi Umayra Ta\u011f\u0131yeva bildirib. \u201cM\u00fcqayis\u0259 \u00fc\u00e7\u00fcn qeyd ed\u0259k ki, ke\u00e7\u0259n il Su \u00e7\u0259r\u015f\u0259nb\u0259sind\u0259 temperatur iqlim normas\u0131 daxilind\u0259 olub.&hellip;","_links":{"self":[{"href":"https:\/\/arantv.az\/index.php?rest_route=\/wp\/v2\/posts\/443291"}],"collection":[{"href":"https:\/\/arantv.az\/index.php?rest_route=\/wp\/v2\/posts"}],"about":[{"href":"https:\/\/arantv.az\/index.php?rest_route=\/wp\/v2\/types\/post"}],"author":[{"embeddable":true,"href":"https:\/\/arantv.az\/index.php?rest_route=\/wp\/v2\/users\/2"}],"replies":[{"embeddable":true,"href":"https:\/\/arantv.az\/index.php?rest_route=%2Fwp%2Fv2%2Fcomments&post=443291"}],"version-history":[{"count":0,"href":"https:\/\/arantv.az\/index.php?rest_route=\/wp\/v2\/posts\/443291\/revisions"}],"wp:featuredmedia":[{"embeddable":true,"href":"https:\/\/arantv.az\/index.php?rest_route=\/wp\/v2\/media\/443292"}],"wp:attachment":[{"href":"https:\/\/arantv.az\/index.php?rest_route=%2Fwp%2Fv2%2Fmedia&parent=443291"}],"wp:term":[{"taxonomy":"category","embeddable":true,"href":"https:\/\/arantv.az\/index.php?rest_route=%2Fwp%2Fv2%2Fcategories&post=443291"},{"taxonomy":"post_tag","embeddable":true,"href":"https:\/\/arantv.az\/index.php?rest_route=%2Fwp%2Fv2%2Ftags&post=443291"}],"curies":[{"name":"wp","href":"https:\/\/api.w.org\/{rel}","templated":true}]}}