{"id":443294,"date":"2022-02-24T08:06:18","date_gmt":"2022-02-24T05:06:18","guid":{"rendered":"http:\/\/arantv.az\/?p=443294"},"modified":"2022-02-24T08:06:18","modified_gmt":"2022-02-24T05:06:18","slug":"ukraynanin-bmt-d%c9%99ki-daimi-numay%c9%99nd%c9%99si-bu-qurum-muharib%c9%99nin-dayandirilmasina-cavabdehdir","status":"publish","type":"post","link":"https:\/\/arantv.az\/?p=443294","title":{"rendered":"Ukraynan\u0131n BMT-d\u0259ki daimi n\u00fcmay\u0259nd\u0259si: \u201cBu qurum m\u00fcharib\u0259nin dayand\u0131r\u0131lmas\u0131na cavabdehdir\u201d"},"content":{"rendered":"<p>Ukraynan\u0131n BMT-d\u0259ki daimi n\u00fcmay\u0259nd\u0259si Sergey Kislitsa BMT T\u0259hl\u00fck\u0259sizlik \u015euras\u0131n\u0131 \u201cm\u00fcharib\u0259ni dayand\u0131rmaq\u201d \u00fc\u00e7\u00fcn laz\u0131m olan q\u0259rarlar\u0131 m\u00fczakir\u0259 etm\u0259k \u00fc\u00e7\u00fcn yeni t\u0259cili iclas ke\u00e7irm\u0259y\u0259 \u00e7a\u011f\u0131r\u0131b.<\/p>\n<div class=\"AdviadNativeVideo\"><\/div>\n<p>Bu bar\u0259d\u0259 o, BMT T\u0259hl\u00fck\u0259sizlik \u015euras\u0131n\u0131n iclas\u0131nda \u00e7\u0131x\u0131\u015f\u0131 zaman\u0131 bildirib.<\/p>\n<p>\u201cT\u0259hl\u00fck\u0259sizlik \u015euras\u0131n\u0131n \u00fczvl\u0259rind\u0259n xahi\u015f edir\u0259m ki, t\u0259cili olaraq f\u00f6vq\u0259lad\u0259 iclas \u00e7a\u011f\u0131rs\u0131nlar v\u0259 m\u00fcharib\u0259ni dayand\u0131rmaq \u00fc\u00e7\u00fcn b\u00fct\u00fcn laz\u0131mi q\u0259rarlar\u0131n layih\u0259l\u0259rini n\u0259z\u0259rd\u0259n ke\u00e7irsinl\u0259r. \u00c7\u00fcnki\u00a0\u0259ziz h\u0259mkarlar\u0131m, art\u0131q deeskalasiya haqq\u0131nda dan\u0131\u015fmaq gecdir, \u00e7ox gecdir\u201d.<\/p>\n<p>\u201cBu qurum m\u00fcharib\u0259nin dayand\u0131r\u0131lmas\u0131na cavabdehdir. Ona g\u00f6r\u0259 d\u0259 ham\u0131n\u0131z\u0131 m\u00fcharib\u0259ni dayand\u0131rmaq \u00fc\u00e7\u00fcn m\u00fcmk\u00fcn olan h\u0259r \u015feyi etm\u0259y\u0259 \u00e7a\u011f\u0131r\u0131ram\u201d, &#8211; dey\u0259 Ukrayna n\u00fcmay\u0259nd\u0259si bildirib.<\/p>\n<p>M\u0259nb\u0259: R\u0130A Novosti<\/p>\n","protected":false},"excerpt":{"rendered":"<p>Ukraynan\u0131n BMT-d\u0259ki daimi n\u00fcmay\u0259nd\u0259si Sergey Kislitsa BMT T\u0259hl\u00fck\u0259sizlik \u015euras\u0131n\u0131 \u201cm\u00fcharib\u0259ni dayand\u0131rmaq\u201d \u00fc\u00e7\u00fcn laz\u0131m olan q\u0259rarlar\u0131 m\u00fczakir\u0259 etm\u0259k \u00fc\u00e7\u00fcn yeni t\u0259cili iclas ke\u00e7irm\u0259y\u0259 \u00e7a\u011f\u0131r\u0131b. Bu bar\u0259d\u0259 o, BMT T\u0259hl\u00fck\u0259sizlik \u015euras\u0131n\u0131n iclas\u0131nda \u00e7\u0131x\u0131\u015f\u0131 zaman\u0131 bildirib. \u201cT\u0259hl\u00fck\u0259sizlik \u015euras\u0131n\u0131n \u00fczvl\u0259rind\u0259n xahi\u015f edir\u0259m ki, t\u0259cili olaraq f\u00f6vq\u0259lad\u0259 iclas \u00e7a\u011f\u0131rs\u0131nlar v\u0259 m\u00fcharib\u0259ni dayand\u0131rmaq \u00fc\u00e7\u00fcn b\u00fct\u00fcn laz\u0131mi q\u0259rarlar\u0131n layih\u0259l\u0259rini n\u0259z\u0259rd\u0259n ke\u00e7irsinl\u0259r. \u00c7\u00fcnki\u00a0\u0259ziz h\u0259mkarlar\u0131m, art\u0131q deeskalasiya haqq\u0131nda dan\u0131\u015fmaq gecdir, \u00e7ox gecdir\u201d. \u201cBu qurum m\u00fcharib\u0259nin dayand\u0131r\u0131lmas\u0131na cavabdehdir. Ona g\u00f6r\u0259 d\u0259 ham\u0131n\u0131z\u0131 m\u00fcharib\u0259ni dayand\u0131rmaq \u00fc\u00e7\u00fcn m\u00fcmk\u00fcn olan h\u0259r \u015feyi etm\u0259y\u0259 \u00e7a\u011f\u0131r\u0131ram\u201d, &#8211; dey\u0259 Ukrayna n\u00fcmay\u0259nd\u0259si bildirib. M\u0259nb\u0259: R\u0130A Novosti<\/p>\n","protected":false},"author":2,"featured_media":443295,"comment_status":"closed","ping_status":"closed","sticky":false,"template":"","format":"standard","meta":{"om_disable_all_campaigns":false,"_monsterinsights_skip_tracking":false,"_monsterinsights_sitenote_active":false,"_monsterinsights_sitenote_note":"","_monsterinsights_sitenote_category":0},"categories":[7],"tags":[],"aioseo_notices":[],"gutentor_comment":0,"rttpg_featured_image_url":{"full":["https:\/\/arantv.az\/wp-content\/uploads\/2022\/02\/b51cc6d7-ca90-469b-aaf3-e1b722ce23e2.jpg",620,416,false],"landscape":["https:\/\/arantv.az\/wp-content\/uploads\/2022\/02\/b51cc6d7-ca90-469b-aaf3-e1b722ce23e2.jpg",620,416,false],"portraits":["https:\/\/arantv.az\/wp-content\/uploads\/2022\/02\/b51cc6d7-ca90-469b-aaf3-e1b722ce23e2.jpg",620,416,false],"thumbnail":["https:\/\/arantv.az\/wp-content\/uploads\/2022\/02\/b51cc6d7-ca90-469b-aaf3-e1b722ce23e2-500x280.jpg",500,280,true],"medium":["https:\/\/arantv.az\/wp-content\/uploads\/2022\/02\/b51cc6d7-ca90-469b-aaf3-e1b722ce23e2-544x365.jpg",544,365,true],"large":["https:\/\/arantv.az\/wp-content\/uploads\/2022\/02\/b51cc6d7-ca90-469b-aaf3-e1b722ce23e2.jpg",620,416,false],"1536x1536":["https:\/\/arantv.az\/wp-content\/uploads\/2022\/02\/b51cc6d7-ca90-469b-aaf3-e1b722ce23e2.jpg",620,416,false],"2048x2048":["https:\/\/arantv.az\/wp-content\/uploads\/2022\/02\/b51cc6d7-ca90-469b-aaf3-e1b722ce23e2.jpg",620,416,false],"post-thumbnail":["https:\/\/arantv.az\/wp-content\/uploads\/2022\/02\/b51cc6d7-ca90-469b-aaf3-e1b722ce23e2-240x172.jpg",240,172,true],"advps-thumb-one":["https:\/\/arantv.az\/wp-content\/uploads\/2022\/02\/b51cc6d7-ca90-469b-aaf3-e1b722ce23e2.jpg",620,416,false]},"rttpg_author":{"display_name":"V\u00fcsal Rafiqo\u011flu","author_link":"https:\/\/arantv.az\/?author=2"},"rttpg_comment":0,"rttpg_category":"<a href=\"https:\/\/arantv.az\/?cat=7\" rel=\"category\">D\u00fcnya<\/a>","rttpg_excerpt":"Ukraynan\u0131n BMT-d\u0259ki daimi n\u00fcmay\u0259nd\u0259si Sergey Kislitsa BMT T\u0259hl\u00fck\u0259sizlik \u015euras\u0131n\u0131 \u201cm\u00fcharib\u0259ni dayand\u0131rmaq\u201d \u00fc\u00e7\u00fcn laz\u0131m olan q\u0259rarlar\u0131 m\u00fczakir\u0259 etm\u0259k \u00fc\u00e7\u00fcn yeni t\u0259cili iclas ke\u00e7irm\u0259y\u0259 \u00e7a\u011f\u0131r\u0131b. Bu bar\u0259d\u0259 o, BMT T\u0259hl\u00fck\u0259sizlik \u015euras\u0131n\u0131n iclas\u0131nda \u00e7\u0131x\u0131\u015f\u0131 zaman\u0131 bildirib. \u201cT\u0259hl\u00fck\u0259sizlik \u015euras\u0131n\u0131n \u00fczvl\u0259rind\u0259n xahi\u015f edir\u0259m ki, t\u0259cili olaraq f\u00f6vq\u0259lad\u0259 iclas \u00e7a\u011f\u0131rs\u0131nlar v\u0259 m\u00fcharib\u0259ni dayand\u0131rmaq \u00fc\u00e7\u00fcn b\u00fct\u00fcn laz\u0131mi q\u0259rarlar\u0131n layih\u0259l\u0259rini n\u0259z\u0259rd\u0259n ke\u00e7irsinl\u0259r. \u00c7\u00fcnki\u00a0\u0259ziz&hellip;","_links":{"self":[{"href":"https:\/\/arantv.az\/index.php?rest_route=\/wp\/v2\/posts\/443294"}],"collection":[{"href":"https:\/\/arantv.az\/index.php?rest_route=\/wp\/v2\/posts"}],"about":[{"href":"https:\/\/arantv.az\/index.php?rest_route=\/wp\/v2\/types\/post"}],"author":[{"embeddable":true,"href":"https:\/\/arantv.az\/index.php?rest_route=\/wp\/v2\/users\/2"}],"replies":[{"embeddable":true,"href":"https:\/\/arantv.az\/index.php?rest_route=%2Fwp%2Fv2%2Fcomments&post=443294"}],"version-history":[{"count":0,"href":"https:\/\/arantv.az\/index.php?rest_route=\/wp\/v2\/posts\/443294\/revisions"}],"wp:featuredmedia":[{"embeddable":true,"href":"https:\/\/arantv.az\/index.php?rest_route=\/wp\/v2\/media\/443295"}],"wp:attachment":[{"href":"https:\/\/arantv.az\/index.php?rest_route=%2Fwp%2Fv2%2Fmedia&parent=443294"}],"wp:term":[{"taxonomy":"category","embeddable":true,"href":"https:\/\/arantv.az\/index.php?rest_route=%2Fwp%2Fv2%2Fcategories&post=443294"},{"taxonomy":"post_tag","embeddable":true,"href":"https:\/\/arantv.az\/index.php?rest_route=%2Fwp%2Fv2%2Ftags&post=443294"}],"curies":[{"name":"wp","href":"https:\/\/api.w.org\/{rel}","templated":true}]}}