{"id":443300,"date":"2022-02-24T08:07:58","date_gmt":"2022-02-24T05:07:58","guid":{"rendered":"http:\/\/arantv.az\/?p=443300"},"modified":"2022-02-24T08:07:58","modified_gmt":"2022-02-24T05:07:58","slug":"zelenski-h%c9%99rbi-mudaxil%c9%99d%c9%99n-sonra-ilk-d%c9%99f%c9%99-xalqina-muraci%c9%99t-etdi-video","status":"publish","type":"post","link":"https:\/\/arantv.az\/?p=443300","title":{"rendered":"Zelenski h\u0259rbi m\u00fcdaxil\u0259d\u0259n sonra ilk d\u0259f\u0259 xalq\u0131na m\u00fcraci\u0259t etdi &#8211; V\u0130DEO"},"content":{"rendered":"<p>Ukrayna Prezidenti Volodimir Zelenksi Donbasda h\u0259rbi \u0259m\u0259liyyatlar\u0131n ba\u015flanmas\u0131ndan sonra ilk d\u0259f\u0259 xalqa m\u00fcraci\u0259t edib.<\/p>\n<p>O t\u0259cili m\u00fcraci\u0259tind\u0259 bildirib ki,\u00a0\u00f6lk\u0259sinin b\u00fct\u00fcn t\u0259hl\u00fck\u0259sizliyi v\u0259 m\u00fcdafi\u0259 sektoru i\u015fl\u0259k v\u0259ziyy\u0259td\u0259dir.<\/p>\n<div class=\"AdviadNativeVideo\"><\/div>\n<p>Ukrayna Prezidenti\u00a0insanlari\u00a0t\u0259\u015fvi\u015f\u0259 d\u00fc\u015fm\u0259m\u0259y\u0259 \u00e7a\u011f\u0131r\u0131b.<\/p>\n<p>Volodimir Zelenski h\u0259m\u00e7inin son hadis\u0259l\u0259rl\u0259 \u0259laq\u0259dar AB\u015e Prezidenti Co Baydenl\u0259 d\u0259 telefon dan\u0131\u015f\u0131\u011f\u0131 apard\u0131\u011f\u0131n\u0131 b\u0259yan edib.<\/p>\n<p>\u201cBiz g\u00fccl\u00fcy\u00fck, biz qalib g\u0259l\u0259c\u0259yik\u201d, &#8211; dey\u0259 Volodimir Zelenski vur\u011fulay\u0131b.<\/p>\n<div><iframe loading=\"lazy\" id=\"telegram-post-Segodnya_life-41828\" src=\"https:\/\/t.me\/Segodnya_life\/41828?embed=1\" width=\"100%\" height=\"\" frameborder=\"0\" scrolling=\"no\" data-mce-fragment=\"1\"><\/iframe><\/div>\n<p>&nbsp;<\/p>\n","protected":false},"excerpt":{"rendered":"<p>Ukrayna Prezidenti Volodimir Zelenksi Donbasda h\u0259rbi \u0259m\u0259liyyatlar\u0131n ba\u015flanmas\u0131ndan sonra ilk d\u0259f\u0259 xalqa m\u00fcraci\u0259t edib. O t\u0259cili m\u00fcraci\u0259tind\u0259 bildirib ki,\u00a0\u00f6lk\u0259sinin b\u00fct\u00fcn t\u0259hl\u00fck\u0259sizliyi v\u0259 m\u00fcdafi\u0259 sektoru i\u015fl\u0259k v\u0259ziyy\u0259td\u0259dir. Ukrayna Prezidenti\u00a0insanlari\u00a0t\u0259\u015fvi\u015f\u0259 d\u00fc\u015fm\u0259m\u0259y\u0259 \u00e7a\u011f\u0131r\u0131b. Volodimir Zelenski h\u0259m\u00e7inin son hadis\u0259l\u0259rl\u0259 \u0259laq\u0259dar AB\u015e Prezidenti Co Baydenl\u0259 d\u0259 telefon dan\u0131\u015f\u0131\u011f\u0131 apard\u0131\u011f\u0131n\u0131 b\u0259yan edib. \u201cBiz g\u00fccl\u00fcy\u00fck, biz qalib g\u0259l\u0259c\u0259yik\u201d, &#8211; dey\u0259 Volodimir Zelenski vur\u011fulay\u0131b. &nbsp;<\/p>\n","protected":false},"author":2,"featured_media":443301,"comment_status":"closed","ping_status":"closed","sticky":false,"template":"","format":"standard","meta":{"om_disable_all_campaigns":false,"_monsterinsights_skip_tracking":false,"_monsterinsights_sitenote_active":false,"_monsterinsights_sitenote_note":"","_monsterinsights_sitenote_category":0},"categories":[7],"tags":[],"aioseo_notices":[],"gutentor_comment":0,"rttpg_featured_image_url":{"full":["https:\/\/arantv.az\/wp-content\/uploads\/2022\/02\/FotoJet-2022-02-24T085835.674.jpg",620,413,false],"landscape":["https:\/\/arantv.az\/wp-content\/uploads\/2022\/02\/FotoJet-2022-02-24T085835.674.jpg",620,413,false],"portraits":["https:\/\/arantv.az\/wp-content\/uploads\/2022\/02\/FotoJet-2022-02-24T085835.674.jpg",620,413,false],"thumbnail":["https:\/\/arantv.az\/wp-content\/uploads\/2022\/02\/FotoJet-2022-02-24T085835.674-500x280.jpg",500,280,true],"medium":["https:\/\/arantv.az\/wp-content\/uploads\/2022\/02\/FotoJet-2022-02-24T085835.674-548x365.jpg",548,365,true],"large":["https:\/\/arantv.az\/wp-content\/uploads\/2022\/02\/FotoJet-2022-02-24T085835.674.jpg",620,413,false],"1536x1536":["https:\/\/arantv.az\/wp-content\/uploads\/2022\/02\/FotoJet-2022-02-24T085835.674.jpg",620,413,false],"2048x2048":["https:\/\/arantv.az\/wp-content\/uploads\/2022\/02\/FotoJet-2022-02-24T085835.674.jpg",620,413,false],"post-thumbnail":["https:\/\/arantv.az\/wp-content\/uploads\/2022\/02\/FotoJet-2022-02-24T085835.674-240x172.jpg",240,172,true],"advps-thumb-one":["https:\/\/arantv.az\/wp-content\/uploads\/2022\/02\/FotoJet-2022-02-24T085835.674.jpg",620,413,false]},"rttpg_author":{"display_name":"V\u00fcsal Rafiqo\u011flu","author_link":"https:\/\/arantv.az\/?author=2"},"rttpg_comment":0,"rttpg_category":"<a href=\"https:\/\/arantv.az\/?cat=7\" rel=\"category\">D\u00fcnya<\/a>","rttpg_excerpt":"Ukrayna Prezidenti Volodimir Zelenksi Donbasda h\u0259rbi \u0259m\u0259liyyatlar\u0131n ba\u015flanmas\u0131ndan sonra ilk d\u0259f\u0259 xalqa m\u00fcraci\u0259t edib. O t\u0259cili m\u00fcraci\u0259tind\u0259 bildirib ki,\u00a0\u00f6lk\u0259sinin b\u00fct\u00fcn t\u0259hl\u00fck\u0259sizliyi v\u0259 m\u00fcdafi\u0259 sektoru i\u015fl\u0259k v\u0259ziyy\u0259td\u0259dir. Ukrayna Prezidenti\u00a0insanlari\u00a0t\u0259\u015fvi\u015f\u0259 d\u00fc\u015fm\u0259m\u0259y\u0259 \u00e7a\u011f\u0131r\u0131b. Volodimir Zelenski h\u0259m\u00e7inin son hadis\u0259l\u0259rl\u0259 \u0259laq\u0259dar AB\u015e Prezidenti Co Baydenl\u0259 d\u0259 telefon dan\u0131\u015f\u0131\u011f\u0131 apard\u0131\u011f\u0131n\u0131 b\u0259yan edib. \u201cBiz g\u00fccl\u00fcy\u00fck, biz qalib g\u0259l\u0259c\u0259yik\u201d, &#8211; dey\u0259 Volodimir Zelenski&hellip;","_links":{"self":[{"href":"https:\/\/arantv.az\/index.php?rest_route=\/wp\/v2\/posts\/443300"}],"collection":[{"href":"https:\/\/arantv.az\/index.php?rest_route=\/wp\/v2\/posts"}],"about":[{"href":"https:\/\/arantv.az\/index.php?rest_route=\/wp\/v2\/types\/post"}],"author":[{"embeddable":true,"href":"https:\/\/arantv.az\/index.php?rest_route=\/wp\/v2\/users\/2"}],"replies":[{"embeddable":true,"href":"https:\/\/arantv.az\/index.php?rest_route=%2Fwp%2Fv2%2Fcomments&post=443300"}],"version-history":[{"count":0,"href":"https:\/\/arantv.az\/index.php?rest_route=\/wp\/v2\/posts\/443300\/revisions"}],"wp:featuredmedia":[{"embeddable":true,"href":"https:\/\/arantv.az\/index.php?rest_route=\/wp\/v2\/media\/443301"}],"wp:attachment":[{"href":"https:\/\/arantv.az\/index.php?rest_route=%2Fwp%2Fv2%2Fmedia&parent=443300"}],"wp:term":[{"taxonomy":"category","embeddable":true,"href":"https:\/\/arantv.az\/index.php?rest_route=%2Fwp%2Fv2%2Fcategories&post=443300"},{"taxonomy":"post_tag","embeddable":true,"href":"https:\/\/arantv.az\/index.php?rest_route=%2Fwp%2Fv2%2Ftags&post=443300"}],"curies":[{"name":"wp","href":"https:\/\/api.w.org\/{rel}","templated":true}]}}