{"id":443303,"date":"2022-02-24T08:09:56","date_gmt":"2022-02-24T05:09:56","guid":{"rendered":"http:\/\/arantv.az\/?p=443303"},"modified":"2022-02-24T08:09:56","modified_gmt":"2022-02-24T05:09:56","slug":"moskva-b%c9%99yannam%c9%99sin%c9%99-reaksiyalar-olk%c9%99miz%c9%99-qarsi-t%c9%99hluk%c9%99li-m%c9%99qam-yoxdur","status":"publish","type":"post","link":"https:\/\/arantv.az\/?p=443303","title":{"rendered":"Moskva B\u0259yannam\u0259sin\u0259 reaksiyalar &#8211; \u201c\u00d6lk\u0259miz\u0259 qar\u015f\u0131 t\u0259hl\u00fck\u0259li m\u0259qam yoxdur\u201d"},"content":{"rendered":"<h3><strong>Az\u0259rbaycan v\u0259 Rusiya prezidentl\u0259rinin imzalad\u0131\u011f\u0131 m\u00fctt\u0259fiqlik s\u0259n\u0259di il\u0259 ba\u011fl\u0131 ekspertl\u0259rd\u0259n v\u0259 siyasi \u00e7evr\u0259l\u0259rd\u0259n maraql\u0131 yana\u015fmalar<\/strong><\/h3>\n<p><strong>Fevral\u0131n 22-d\u0259 Moskvada \u201cAz\u0259rbaycan Respublikas\u0131 il\u0259 Rusiya Federasiyas\u0131 aras\u0131nda m\u00fctt\u0259fiqlik qar\u015f\u0131l\u0131ql\u0131 f\u0259aliyy\u0259ti haqq\u0131nda B\u0259yannam\u0259\u201d imzalan\u0131b. S\u0259n\u0259di Az\u0259rbaycan Respublikas\u0131n\u0131n Prezidenti \u0130lham \u018fliyev v\u0259 Rusiya Federasiyas\u0131n\u0131n Prezidenti Vladimir Putin imzalay\u0131blar.<\/strong><\/p>\n<p>43 madd\u0259d\u0259n ibar\u0259t olan, iki d\u00f6vl\u0259tin qar\u015f\u0131l\u0131ql\u0131 \u0259laq\u0259l\u0259rini, m\u00fcnasib\u0259tl\u0259rini, \u00f6hd\u0259likl\u0259rini \u00f6zl\u00fcy\u00fcnd\u0259 ehtiva ed\u0259n B\u0259yannam\u0259nin ilk b\u0259ndi Az\u0259rbaycan\u0131n maraqlar\u0131 bax\u0131m\u0131ndan olduqca \u00f6n\u0259mlidir. Qeyd olunur:\u00a0<strong>\u201cRusiya Federasiyas\u0131 v\u0259 Az\u0259rbaycan Respublikas\u0131 \u00f6z m\u00fcnasib\u0259tl\u0259rini m\u00fctt\u0259fiqlik qar\u015f\u0131l\u0131ql\u0131 f\u0259aliyy\u0259ti, iki \u00f6lk\u0259nin m\u00fcst\u0259qilliyin\u0259, d\u00f6vl\u0259t suverenliyin\u0259, \u0259razi b\u00fct\u00f6vl\u00fcy\u00fcn\u0259 v\u0259 d\u00f6vl\u0259t s\u0259rh\u0259dl\u0259rinin toxunulmazl\u0131\u011f\u0131na qar\u015f\u0131l\u0131ql\u0131 h\u00f6rm\u0259t, el\u0259c\u0259 d\u0259 bir-birinin daxili i\u015fl\u0259rin\u0259 qar\u0131\u015fmamaq, h\u00fcquq b\u0259rab\u0259rliyi v\u0259 qar\u015f\u0131l\u0131ql\u0131 fayda, m\u00fcbahis\u0259l\u0259rin dinc yolla h\u0259lli v\u0259 g\u00fcc t\u0259tbiq etm\u0259m\u0259k v\u0259 ya g\u00fccl\u0259 h\u0259d\u0259l\u0259m\u0259m\u0259k prinsipl\u0259rin\u0259 sadiqlik \u0259sas\u0131nda qururlar\u201d.<\/strong><\/p>\n<p>T\u0259bii ki, torpaq b\u00fct\u00f6vl\u00fcy\u00fcn\u0259 on ill\u0259r boyunca x\u0259l\u0259l g\u0259lmi\u015f, h\u0259l\u0259 d\u0259 bu m\u0259s\u0259l\u0259 il\u0259 ba\u011fl\u0131 b\u0259zi h\u0259lli vacib t\u0259dbirl\u0259rin g\u00f6r\u00fclm\u0259sinin z\u0259ruri oldu\u011fu d\u00f6vrd\u0259 \u00f6lk\u0259miz \u00fc\u00e7\u00fcn bu madd\u0259d\u0259 \u0259ks olunmu\u015f prinsipl\u0259r \u00e7ox \u0259h\u0259miyy\u0259tlidir. Ancaq dig\u0259r b\u0259ndl\u0259r faydal\u0131 \u0259m\u0259kda\u015fl\u0131q v\u0259 m\u00fctt\u0259fiqlik \u00fc\u00e7\u00fcn vacib m\u0259s\u0259l\u0259l\u0259ri \u00f6z\u00fcnd\u0259 ehtiva edir.<\/p>\n<p><img loading=\"lazy\" src=\"https:\/\/www.gununsesi.info\/wp-content\/uploads\/2021\/09\/elman_memmedov.jpg\" alt=\"S\u00fclhm\u0259raml\u0131lar\u0131n say\u0131 1960 olmal\u0131 idi, amma 7-8 min n\u0259f\u0259r\u0259 \u00e7at\u0131r -ELMAN  M\u018fMM\u018fDOV - G\u00fcn\u00fcn S\u0259si\" width=\"724\" height=\"407\" \/><\/p>\n<p><strong>\u00a0Elman M\u0259mm\u0259dov<\/strong><\/p>\n<p><strong>Deputat Elman M\u0259mm\u0259dov \u201cYeni M\u00fcsavat\u201da bildirdi ki, Moskvada iki d\u00f6vl\u0259t aras\u0131nda imzalanm\u0131\u015f b\u0259yannam\u0259 kifay\u0259t q\u0259d\u0259r geni\u015f h\u0259cmlidir v\u0259 bir \u00e7ox sah\u0259l\u0259ri \u0259hat\u0259 edir:<\/strong>\u00a0\u201c\u0130ki d\u00f6vl\u0259t aras\u0131nda qar\u015f\u0131l\u0131ql\u0131 \u0259m\u0259kda\u015fl\u0131q, t\u0259r\u0259fda\u015fl\u0131q, dostluq m\u0259s\u0259l\u0259l\u0259ri b\u0259yannam\u0259d\u0259 \u0259ksini tap\u0131r. Eyni zamanda h\u0259r iki d\u00f6vl\u0259tin t\u0259hl\u00fck\u0259sizliyi, ticari-iqtisadi \u0259laq\u0259l\u0259rl\u0259 ba\u011fl\u0131, \u00fcmumiyy\u0259tl\u0259, b\u00fct\u00fcn sah\u0259l\u0259rl\u0259 \u0259laq\u0259dar \u0259m\u0259kda\u015fl\u0131q m\u0259s\u0259l\u0259l\u0259ri s\u0259n\u0259dd\u0259 \u00f6z \u0259ksini tap\u0131r. B\u0259yannam\u0259d\u0259 x\u00fcsusil\u0259 vur\u011fulanan m\u0259s\u0259l\u0259 var ki, burada h\u0259r iki d\u00f6vl\u0259tin m\u00fcst\u0259qilliyin\u0259, suverenliyin\u0259, \u0259razi b\u00fct\u00f6vl\u00fcy\u00fcn\u0259, s\u0259rh\u0259dl\u0259rinin toxunulmazl\u0131\u011f\u0131na h\u00f6rm\u0259t etm\u0259k \u015f\u0259rtil\u0259 imzalan\u0131b\u201d.<\/p>\n<p><strong>Deputat Ceyhun M\u0259mm\u0259dov \u201cYeni M\u00fcsavat\u201da bildirdi ki, Moskva b\u0259yannam\u0259si bir \u00e7ox aspektl\u0259rd\u0259n x\u00fcsusi \u00f6n\u0259m da\u015f\u0131y\u0131r:<\/strong>\u00a0\u201cAz\u0259rbaycan Respublikas\u0131 il\u0259 Rusiya Federasiyas\u0131 aras\u0131nda m\u00fctt\u0259fiqlik qar\u015f\u0131l\u0131ql\u0131 f\u0259aliyy\u0259ti haqq\u0131nda B\u0259yannam\u0259\u201dnin imzalanmas\u0131 il\u0259 Az\u0259rbaycan-Rusiya m\u00fcnasib\u0259tl\u0259ri n\u00f6vb\u0259ti m\u0259rh\u0259l\u0259y\u0259 q\u0259d\u0259m qoyur. Moskva b\u0259yannam\u0259sinin imzalanmas\u0131 Prezident \u0130lham \u018fliyevin r\u0259hb\u0259rliyi il\u0259 Az\u0259rbaycan\u0131n n\u00f6vb\u0259ti diplomatik u\u011furu kimi qiym\u0259tl\u0259ndirilm\u0259lidir. Bu g\u00fcn d\u00fcnyada ciddi prosesl\u0259r gedir, d\u00fcnya nizam\u0131 yenid\u0259n qurulur. Rusiya-Q\u0259rb m\u00fcnasib\u0259tl\u0259ri \u00f6z\u00fcn\u00fcn \u0259n g\u0259rgin d\u00f6vrl\u0259rini ya\u015fay\u0131r. He\u00e7 \u015f\u00fcbh\u0259siz ki, \u0259laq\u0259l\u0259rin g\u0259rginl\u0259\u015fm\u0259si ke\u00e7mi\u015f sovet m\u0259kan\u0131na da t\u0259sirsiz \u00f6t\u00fc\u015fm\u00fcr. Rusiya il\u0259 m\u00fcnasib\u0259tl\u0259rin pozulmas\u0131n\u0131n bir s\u0131ra ke\u00e7mi\u015f sovet respublikalar\u0131 \u00fc\u00e7\u00fcn hans\u0131 probleml\u0259ri yaratd\u0131\u011f\u0131n\u0131n ac\u0131 n\u00fcmun\u0259l\u0259ri g\u00f6z qaba\u011f\u0131ndad\u0131r&#8221;.<\/p>\n<p><img src=\"https:\/\/aqreqator.az\/img\/pics\/large\/2020-05\/478742_tg9499g5qu.jpg\" alt=\"Az\u0259rbaycan he\u00e7 zaman i\u015f\u011falla bar\u0131\u015fmayacaq\u201d - Deputat Ceyhun M\u0259mm\u0259dov\" \/><\/p>\n<p><strong>\u00a0Ceyhun M\u0259mm\u0259dov<\/strong><\/p>\n<p><strong>C.M\u0259mm\u0259dov imzalanan s\u0259n\u0259d \u0259traf\u0131nda apar\u0131lan m\u00fczakir\u0259l\u0259r\u0259 d\u0259 m\u00fcnasib\u0259t bildirdi:\u00a0<\/strong>\u00a0\u201cUnutmamal\u0131y\u0131q ki, Rusiya g\u00fccl\u00fc v\u0259 b\u00f6y\u00fck d\u00f6vl\u0259tdir, onun b\u00f6lg\u0259d\u0259 tarix boyu mara\u011f\u0131 olub, olacaq. Rusiya il\u0259 m\u00fcnasib\u0259tl\u0259rin g\u0259rginl\u0259\u015fdirilm\u0259si Az\u0259rbaycan\u0131n d\u00f6vl\u0259t maraqlar\u0131na uy\u011fun deyil. Onu da n\u0259z\u0259r\u0259 almal\u0131y\u0131q ki, ke\u00e7mi\u015f Qaraba\u011f m\u00fcnaqi\u015f\u0259sinin h\u0259llind\u0259 vasit\u0259\u00e7iliyi Rusiya \u00f6z \u00fcz\u0259rin\u0259 g\u00f6t\u00fcr\u00fcb. Az\u0259rbaycan uzun m\u00fcdd\u0259tdir m\u00fcxt\u0259lif beyn\u0259lxalq qurumlar vasit\u0259sil\u0259 m\u00fcnaqi\u015f\u0259nin h\u0259llin\u0259 \u00e7al\u0131\u015fd\u0131, ancaq he\u00e7 bir n\u0259tic\u0259 olmad\u0131. Bu g\u00fcn Rusiyan\u0131n vasit\u0259\u00e7iliyi il\u0259 bu istiqam\u0259td\u0259 xeyli m\u0259saf\u0259 q\u0259t etmi\u015fik. Haz\u0131rda Rusiyan\u0131n i\u015ftirak\u0131 olmadan problemin tam h\u0259lli m\u00fcmk\u00fcn deyil\u201d.<\/p>\n<p><strong>B\u0259yannam\u0259nin \u0259h\u0259miyy\u0259tin\u0259 g\u0259ldikd\u0259 is\u0259 deputat x\u00fcsusil\u0259 qeyd etdi ki, s\u0259n\u0259dd\u0259 t\u0259hl\u00fck\u0259sizlik, siyas\u0259t, iqtisadiyyat, humanitar sah\u0259d\u0259 \u0259m\u0259kda\u015fl\u0131qla ba\u011fl\u0131 bir \u00e7ox vacib m\u0259s\u0259l\u0259l\u0259r \u00f6z \u0259ksini tap\u0131b:<\/strong>\u00a0\u201c\u018fn m\u00fch\u00fcm m\u0259s\u0259l\u0259l\u0259rd\u0259n biri d\u0259 d\u00f6vl\u0259tl\u0259rin bir-birinin suverenliyin\u0259, m\u00fcst\u0259qilliyin\u0259 h\u00f6rm\u0259t etm\u0259sinin, bir d\u00f6vl\u0259tin \u0259razisind\u0259n dig\u0259r d\u00f6vl\u0259t\u0259 qar\u015f\u0131 istifad\u0259y\u0259 icaz\u0259 verm\u0259m\u0259sinin s\u0259n\u0259dd\u0259 \u0259ksini tapmas\u0131d\u0131r. Yuxar\u0131da qeyd etdiyimiz kimi, s\u0259n\u0259din imzalanmas\u0131 il\u0259 Az\u0259rbaycan-Rusiya m\u00fcnasib\u0259tl\u0259ri yeni bir m\u0259rh\u0259l\u0259y\u0259 q\u0259d\u0259m qoyacaq, qar\u015f\u0131l\u0131ql\u0131 \u0259laq\u0259l\u0259r daha da inki\u015faf ed\u0259c\u0259k. Son g\u00fcnl\u0259r separat\u00e7\u0131lar\u0131n Qaraba\u011fda t\u0259xribatlar\u0131 davaml\u0131 xarakter alm\u0131\u015fd\u0131. Rusiyan\u0131n Ukrayna il\u0259 ba\u011fl\u0131 q\u0259bul etdiyi q\u0259rarlardan sonra erm\u0259nil\u0259rin i\u015ftaha v\u0259 iddias\u0131 artm\u0131\u015fd\u0131. B\u0259yannam\u0259nin imzalanmas\u0131 Qaraba\u011fda c\u0259r\u0259yan ed\u0259n hadis\u0259l\u0259r\u0259 d\u0259 ciddi t\u0259sir ed\u0259c\u0259k, prosesin u\u011furla yekunla\u015fmas\u0131 \u00fc\u00e7\u00fcn yeni imkanlar yaradacaq\u201d.<\/p>\n<p><strong>Rusiya il\u0259 b\u0259yannam\u0259nin \u015eu\u015fa B\u0259yannam\u0259sin\u0259 t\u0259sirin\u0259 g\u0259ldikd\u0259, C.M\u0259mm\u0259dov bildirdi ki, s\u00f6z\u00fcged\u0259n s\u0259n\u0259dl\u0259rin h\u0259r ikisi Az\u0259rbaycan\u0131n m\u00fcst\u0259qilliyinin v\u0259 suverenliyinin m\u00f6hk\u0259ml\u0259nm\u0259si, t\u0259hl\u00fck\u0259sizliyinin t\u0259min olunmas\u0131 m\u0259qs\u0259dil\u0259 imzalan\u0131b:<\/strong>\u00a0\u201cAz\u0259rbaycan bir \u00e7ox add\u0131mlar\u0131 T\u00fcrkiy\u0259 il\u0259 koordinasiyal\u0131 \u015f\u0259kild\u0259 at\u0131r. Onu da n\u0259z\u0259r\u0259 almaq laz\u0131md\u0131r ki, bu g\u00fcn T\u00fcrkiy\u0259 il\u0259 Rusiya aras\u0131nda m\u00fcnasib\u0259tl\u0259r y\u00fcks\u0259k s\u0259viyy\u0259d\u0259dir. Bir s\u0131ra beyn\u0259lxalq v\u0259 regional layih\u0259l\u0259rd\u0259 h\u0259r iki \u00f6lk\u0259 s\u0131x \u0259m\u0259kda\u015fl\u0131q edir.\u00a0 Yekun olaraq qeyd etm\u0259k laz\u0131md\u0131r ki, b\u00f6lg\u0259d\u0259 yaranm\u0131\u015f g\u0259rginlik fonunda Prezident \u0130lham \u018fliyev Az\u0259rbaycan\u0131 regionda v\u0259 d\u00fcnyada ba\u015f ver\u0259 bil\u0259c\u0259k t\u0259hl\u00fck\u0259l\u0259rd\u0259n qorumaq \u00fc\u00e7\u00fcn n\u00f6vb\u0259ti u\u011furlu diplomatik add\u0131m atd\u0131. B\u00fct\u00fcn add\u0131mlar t\u0259hl\u00fck\u0259sizliyimizin qorunmas\u0131na v\u0259 q\u0259l\u0259b\u0259mizin m\u00f6hk\u0259ml\u0259nm\u0259sin\u0259 y\u00f6n\u0259lib\u201d.<\/p>\n<p><img src=\"https:\/\/upload.wikimedia.org\/wikipedia\/az\/6\/63\/Akif_Na%C4%9F%C4%B1.jpeg\" alt=\"Akif Na\u011f\u0131 \u2014 Vikipediya\" \/><\/p>\n<p><strong>Akif Na\u011f\u0131<\/strong><\/p>\n<p><strong>QAT s\u0259dri Akif Na\u011f\u0131 qeyd etdi ki, Az\u0259rbaycan Erm\u0259nistanla m\u00fcharib\u0259 v\u0259ziyy\u0259tind\u0259dir:<\/strong>\u00a0\u201cB\u00f6y\u00fck q\u0259l\u0259b\u0259 \u0259ld\u0259 olunub, amma d\u00fc\u015fm\u0259n \u00f6lk\u0259 h\u0259l\u0259 d\u0259 \u0259sass\u0131z iddialar\u0131ndan \u0259l \u00e7\u0259kmir, raz\u0131la\u015fmalar\u0131 yerin\u0259 yetirm\u0259k ist\u0259mir. Ona g\u00f6r\u0259 d\u0259 biz\u0259 daha \u00e7ox m\u00fctt\u0259fiql\u0259rin olmas\u0131 vacibdir. Rusiya biziml\u0259 m\u00fctt\u0259fiqlik etm\u0259k ist\u0259yirs\u0259, bundan maksimum yararlanmal\u0131y\u0131q. Bu c\u00fcr m\u0259s\u0259l\u0259l\u0259rd\u0259 ritorikaya, emosiyalara yer yoxdur. Siyas\u0259t konkretliyi, faktlar\u0131 sevir. Biz d\u0259 konkret maraqlar\u0131m\u0131zdan \u00e7ixi\u015f etm\u0259liyik. \u0130lk bax\u0131\u015fdan g\u00f6r\u00fcn\u0259n odur ki, Erm\u0259nistan regionda t\u0259kl\u0259nir. Bu, bizim \u00fc\u00e7\u00fcn \u0259lveri\u015flidir. Amma bir m\u00fcdd\u0259td\u0259n sonra Rusiya eyni b\u0259yannam\u0259ni Erm\u0259nistanla da imzalaya bil\u0259r. Sad\u0259c\u0259, diqq\u0259tli olmal\u0131y\u0131q ki, Rusiya n\u0259 d\u0259r\u0259c\u0259d\u0259 s\u0259mimi olacaq, biziml\u0259 imzalad\u0131\u011f\u0131 s\u0259n\u0259d\u0259 sadiq qalacaq, ya yox? Siyas\u0259td\u0259 is\u0259 s\u0259mimiyy\u0259tin olmas\u0131 inand\u0131r\u0131c\u0131 deyil. Bu \u015f\u0259raitd\u0259 \u201dn\u0259 q\u0259d\u0259r &#8211; o q\u0259d\u0259r&#8221; prinsipin\u0259 \u0259m\u0259l etm\u0259liyik. Y\u0259ni Rusiya n\u0259 q\u0259d\u0259r s\u0259mimi olacaqsa , biz d\u0259 o q\u0259d\u0259r s\u0259mimi olmal\u0131, say\u0131ql\u0131\u011f\u0131 \u0259ld\u0259n verm\u0259m\u0259liyik. Az\u0259rbaycanda geni\u015f yay\u0131lm\u0131\u015f\u00a0 \u201cRusiyadan biz\u0259 dost olmaz\u201d tezisini k\u0259nara qoysaq, imzalanm\u0131\u015f s\u0259n\u0259din m\u0259zmununda \u00f6lk\u0259miz\u0259 qar\u015f\u0131 t\u0259hl\u00fck\u0259li m\u0259qam yoxdur&#8221;.<\/p>\n<p><strong>A.Na\u011f\u0131 bir ne\u00e7\u0259 vacib m\u0259qam\u0131 x\u00fcsusi vur\u011fulad\u0131:<\/strong>\u00a0\u201cS\u0259n\u0259dd\u0259 iki \u00f6lk\u0259nin m\u00fcst\u0259qilliyin\u0259, d\u00f6vl\u0259t suverenliyin\u0259, \u0259razi b\u00fct\u00f6vl\u00fcy\u00fcn\u0259, s\u0259rh\u0259dl\u0259rinin toxunulmazl\u0131\u011f\u0131na qar\u015f\u0131l\u0131ql\u0131 h\u00f6rm\u0259t ifad\u0259 olunur. Dig\u0259r m\u0259qam ondan ibar\u0259tdir ki, t\u0259r\u0259fl\u0259rd\u0259n birinin t\u0259hl\u00fck\u0259sizliyin\u0259 t\u0259hdid yaranarsa, m\u0259sl\u0259h\u0259tl\u0259\u015fm\u0259l\u0259rin apar\u0131lmas\u0131 n\u0259z\u0259rd\u0259 tutulur. Buna ox\u015far b\u0259nd \u015eu\u015fa B\u0259yannam\u0259sind\u0259 d\u0259 yer al\u0131b. Bu b\u0259ndi h\u0259rbi m\u00fctt\u0259fiqlik, eyni zamanda Az\u0259rbaycan, T\u00fcrkiy\u0259, Rusiyan\u0131n birg\u0259 h\u0259rbi \u0259m\u0259kda\u015fl\u0131\u011f\u0131 kimi d\u0259y\u0259rl\u0259ndirm\u0259k olar. \u00dcmumiyy\u0259tl\u0259, bu s\u0259n\u0259di Az\u0259rbaycan-T\u00fcrkiy\u0259 m\u00fctt\u0259fiqliyin\u0259, \u015eu\u015fa B\u0259yannam\u0259sin\u0259 qar\u015f\u0131 qoymaq c\u0259hdl\u0259rini d\u00fczg\u00fcn hesab etmir\u0259m, \u0259ksin\u0259, Rusiyan\u0131n \u015eu\u015fa B\u0259yannam\u0259sin\u0259 qo\u015fulmas\u0131 kimi d\u0259y\u0259rl\u0259ndirm\u0259k daha d\u00fczg\u00fcn olard\u0131. Ba\u015fqa bir m\u0259s\u0259l\u0259 Az\u0259rbaycan, Rusiya v\u0259 Erm\u0259nistan aras\u0131nda \u00fc\u00e7t\u0259r\u0259fli raz\u0131la\u015fmalar\u0131n yerin\u0259 yetirilm\u0259si sah\u0259sind\u0259 \u0259m\u0259kda\u015fl\u0131qla ba\u011fl\u0131d\u0131r. Erm\u0259nistan\u0131n pozuculuqla m\u0259\u015f\u011ful oldu\u011fu bir vaxtda Rusiyan\u0131n bu m\u00f6vqed\u0259n \u00e7\u0131x\u0131\u015f etm\u0259si maraqlar\u0131m\u0131za uy\u011fundur. S\u0259n\u0259di tam \u015f\u0259kild\u0259 t\u0259hlil etm\u0259k ist\u0259mir\u0259m. \u0130lkin fikirl\u0259rimi bildirdim. Bu s\u0259n\u0259d h\u0259l\u0259 geni\u015f \u015f\u0259kild\u0259 \u00f6yr\u0259nil\u0259c\u0259k\u201d.<\/p>\n<p><strong>QAT s\u0259dri onu narahat ed\u0259n bir ne\u00e7\u0259 m\u0259qam\u0131 da qeyd etdi:<\/strong>\u00a0\u201cS\u0259n\u0259dd\u0259 beyn\u0259lxalq siyas\u0259td\u0259 f\u0259aliyy\u0259tin \u0259laq\u0259l\u0259ndirilm\u0259si, m\u00fcxt\u0259lif m\u0259s\u0259l\u0259l\u0259rl\u0259 ba\u011fl\u0131 eyni v\u0259 yaxud yax\u0131n m\u00f6vqel\u0259rin s\u0259rgil\u0259nm\u0259si n\u0259z\u0259rd\u0259 tutulur. Bu, Az\u0259rbaycan\u0131n m\u00fcst\u0259qil q\u0259rar verm\u0259k imkanlar\u0131n\u0131 m\u0259hdudla\u015fd\u0131ra bil\u0259r. Dig\u0259r t\u0259r\u0259fd\u0259n, bu s\u0259n\u0259din imzalanmas\u0131 Uktayna il\u0259 m\u00fcnasib\u0259tl\u0259rimiz\u0259 m\u0259nfi t\u0259sir g\u00f6st\u0259r\u0259 bil\u0259r. Az\u0259rbaycan bu m\u0259qamlar\u0131 n\u0259z\u0259r\u0259 almal\u0131d\u0131r. \u018fn \u0259sas irad\u0131m\u0131z is\u0259 s\u0259n\u0259dd\u0259 Xank\u0259ndi v\u0259 dig\u0259r yax\u0131n \u0259razil\u0259rd\u0259 Az\u0259rbaycan\u0131n suveren h\u00fcquqlar\u0131n\u0131n l\u0259ngim\u0259d\u0259n b\u0259rpa olunmas\u0131n\u0131n vacibliyinin yer almamas\u0131 il\u0259 ba\u011fl\u0131d\u0131r\u201d.<\/p>\n<p><img loading=\"lazy\" src=\"https:\/\/azertag.az\/files\/galleryphoto\/2021\/3\/1000x669\/16389780936039159823_1000x669.jpg\" alt=\"El\u00e7in Mirz\u0259b\u0259yli: Az\u0259rbaycan d\u00f6y\u00fc\u015f meydan\u0131nda oldu\u011fu kimi h\u00fcquq  m\u00fcst\u0259visind\u0259 d\u0259 Erm\u0259nistan\u0131 m\u0259\u011flub etdi - AZ\u018fRTAC \u2013 Az\u0259rbaycan D\u00f6vl\u0259t  \u0130nformasiya Agentliyi\" width=\"801\" height=\"538\" \/><\/p>\n<p><strong>El\u00e7in Mirz\u0259b\u0259yli<\/strong><\/p>\n<p><strong>Siyasi \u015f\u0259rh\u00e7i, BAXCP-nin s\u0259dr m\u00fcavini El\u00e7in Mirz\u0259b\u0259ylinin s\u00f6zl\u0259rin\u0259 g\u00f6r\u0259, Az\u0259rbaycanla Rusiya aras\u0131nda qar\u015f\u0131l\u0131ql\u0131 m\u00fctt\u0259fiqlik f\u0259aliyy\u0259ti haqq\u0131nda b\u0259yannam\u0259y\u0259 yana\u015fmalar f\u0259rqlidir:<\/strong>\u00a0\u201cOnlardan b\u0259zil\u0259ri \u0259n\u0259n\u0259vi \u201dn\u00fcfuz m\u00fcv\u0259kkill\u0259ri&#8221;nin v\u0259 d\u00fc\u015f\u0259rg\u0259y\u0259 yenic\u0259 at\u0131lm\u0131\u015f t\u0259xribat\u00e7\u0131-dezinformatorlar\u0131n icra etdikl\u0259ri missiyadan, bir qismi Rusiyaya qar\u015f\u0131 b\u0259sl\u0259nil\u0259n \u0259sasl\u0131-\u0259sass\u0131z emosional m\u00fcnasib\u0259td\u0259n, m\u00fc\u0259yy\u0259n bir hiss\u0259si is\u0259 m\u0259lumats\u0131zl\u0131qdan, bir az da \u201ck\u00fcy\u0259 getm\u0259k\u201dd\u0259n qaynaqlan\u0131r. Bu bax\u0131mdan, sadalad\u0131\u011f\u0131m qruplar\u0131n iddialar\u0131nda yer alan m\u0259qamlar\u0131n t\u0259f\u0259rr\u00fcat\u0131na varmadan, b\u0259yannam\u0259nin \u0259n \u00e7ox m\u00fczakir\u0259 olunan m\u00fcdd\u0259alar\u0131 il\u0259 ba\u011fl\u0131 fikirl\u0259rimi d\u0259y\u0259rli oxucularla b\u00f6l\u00fc\u015fm\u0259k ist\u0259yir\u0259m.<\/p>\n<p>\u018fslind\u0259 s\u0259n\u0259din preamblua hiss\u0259si \u00f6z-\u00f6zl\u00fcy\u00fcnd\u0259 b\u00fct\u00fcn suallara cavab verir. Az\u0259rbaycan v\u0259 Rusiya b\u0259yannam\u0259y\u0259 h\u0259r iki xalq\u0131n maraqlar\u0131n\u0131 tam \u015f\u0259kild\u0259 qar\u015f\u0131layan, regional v\u0259 beyn\u0259lxalq t\u0259hl\u00fck\u0259sizliyin v\u0259 sabitliyin t\u0259min edilm\u0259sin\u0259 v\u0259 m\u00f6hk\u0259ml\u0259ndirilm\u0259sin\u0259 t\u00f6hf\u0259 ver\u0259 bil\u0259c\u0259k, m\u00fcnasib\u0259tl\u0259ri keyfiyy\u0259tc\u0259 yeni, m\u00fctt\u0259fiqlik s\u0259viyy\u0259sin\u0259 qald\u0131racaq s\u0259n\u0259d kimi yana\u015f\u0131rlar. \u015e\u00fcbh\u0259siz ki, iki \u00f6lk\u0259nin qar\u015f\u0131l\u0131ql\u0131 h\u00f6rm\u0259t v\u0259 etimad prinsipl\u0259rin\u0259 \u0259saslanan h\u0259rt\u0259r\u0259fli v\u0259 b\u0259rab\u0259rh\u00fcquqlu \u0259m\u0259kda\u015fl\u0131\u011f\u0131n geni\u015fl\u0259ndirilm\u0259si \u015f\u0259rti il\u0259&#8230; Y\u0259ni s\u0259n\u0259dd\u0259 s\u00f6hb\u0259t qar\u015f\u0131l\u0131ql\u0131 h\u00f6rm\u0259t v\u0259 etimaddan, h\u0259rt\u0259r\u0259fli v\u0259 b\u0259rab\u0259rh\u00fcquqlu \u0259m\u0259kda\u015fl\u0131qdan gedir.<\/p>\n<p><strong>S\u0259n\u0259dd\u0259 BMT Nizamnam\u0259sinin, Helsinki Yekun Akt\u0131n\u0131n, AT\u018fT-in konsensusla q\u0259bul edil\u0259n m\u00fcvafiq s\u0259n\u0259dl\u0259rinin, h\u0259m\u00e7inin beyn\u0259lxalq h\u00fcququn t\u0259m\u0259l prinsip v\u0259 normalar\u0131na istinad edilm\u0259si, beyn\u0259lxalq h\u00fcquq \u0259sas\u0131nda \u00e7oxq\u00fctbl\u00fc d\u00fcnyan\u0131n formala\u015fd\u0131r\u0131lmas\u0131n\u0131n v\u0259 beyn\u0259lxalq s\u00fclh\u00fcn v\u0259 t\u0259hl\u00fck\u0259sizliyin qorunub saxlanmas\u0131nda BMT-nin m\u0259rk\u0259zi rolunun vacibliyinin vur\u011fulanmas\u0131 Az\u0259rbaycan\u0131n xarici siyas\u0259tinin \u0259sas istiqam\u0259tl\u0259rini t\u0259\u015fkil ed\u0259n prioritetl\u0259rl\u0259 tamamil\u0259 \u00fcst-\u00fcst\u0259 d\u00fc\u015f\u00fcr.<\/strong><\/p>\n<p>Daha \u00f6nc\u0259 d\u0259 qeyd etdiyim kimi, s\u0259n\u0259din preamblua hiss\u0259sind\u0259 m\u00fcnasib\u0259tl\u0259rin s\u00f6z\u00fcged\u0259n b\u0259yannam\u0259 \u00e7\u0259r\u00e7iv\u0259sind\u0259 inki\u015faf\u0131 il\u0259 ba\u011fl\u0131 m\u00fczakir\u0259 m\u00f6vzusuna \u00e7evril\u0259n v\u0259 b\u0259z\u0259n d\u0259 \u0259sass\u0131z \u015f\u0259kild\u0259 \u201cnarahatl\u0131q do\u011furan\u201d m\u0259qam kimi t\u0259qdim edil\u0259n b\u00fct\u00fcn suallara cavab verilib. Eyni yana\u015fma b\u0259yannam\u0259nin 1-ci m\u00fcdd\u0259as\u0131nda da yer al\u0131b v\u0259 burada qeyd olunur ki, \u201cRusiya Federasiyas\u0131 v\u0259 Az\u0259rbaycan Respublikas\u0131 \u00f6z m\u00fcnasib\u0259tl\u0259rini m\u00fctt\u0259fiqlik qar\u015f\u0131l\u0131ql\u0131 f\u0259aliyy\u0259ti, iki \u00f6lk\u0259nin m\u00fcst\u0259qilliyin\u0259, d\u00f6vl\u0259t suverenliyin\u0259, \u0259razi b\u00fct\u00f6vl\u00fcy\u00fcn\u0259 v\u0259 d\u00f6vl\u0259t s\u0259rh\u0259dl\u0259rinin toxunulmazl\u0131\u011f\u0131na qar\u015f\u0131l\u0131ql\u0131 h\u00f6rm\u0259t, el\u0259c\u0259 d\u0259 bir-birinin daxili i\u015fl\u0259rin\u0259 qar\u0131\u015fmamaq, h\u00fcquq b\u0259rab\u0259rliyi v\u0259 qar\u015f\u0131l\u0131ql\u0131 fayda, m\u00fcbahis\u0259l\u0259rin dinc yolla h\u0259lli v\u0259 g\u00fcc t\u0259tbiq etm\u0259m\u0259k v\u0259 ya g\u00fccl\u0259 h\u0259d\u0259l\u0259m\u0259m\u0259k prinsipl\u0259rin\u0259 sadiqlik \u0259sas\u0131nda qururlar\u201d.<\/p>\n<p>Q\u0259na\u0259tim\u0259 g\u00f6r\u0259, h\u0259m 1-ci madd\u0259d\u0259 yer alan m\u0259qamlar, h\u0259m d\u0259 2-ci madd\u0259d\u0259 h\u0259r iki \u00f6lk\u0259nin \u00f6z milli maraqlar\u0131n\u0131n m\u00fcdafi\u0259sin\u0259 y\u00f6n\u0259lmi\u015f m\u00fcst\u0259qil xarici siyas\u0259t y\u00fcr\u00fcd\u0259c\u0259kl\u0259rinin vur\u011fulanmas\u0131, b\u0259yannam\u0259nin b\u0259zil\u0259rinin iddia etdiyi kimi, \u201cbuxov\u201d funksiyas\u0131n\u0131 yerin\u0259 yetirm\u0259y\u0259c\u0259yin\u0259 tam t\u0259minat verir&#8221;. E.Mirz\u0259b\u0259yli qeyd etdi ki, 6-c\u0131 madd\u0259d\u0259 t\u0259r\u0259fl\u0259r s\u00fclh\u0259 t\u0259hl\u00fck\u0259 yarada bil\u0259n, s\u00fclh\u00fc pozan v\u0259 ya t\u0259r\u0259fl\u0259rd\u0259n birinin t\u0259hl\u00fck\u0259sizlik maraqlar\u0131na t\u0259sir ed\u0259n v\u0259ziyy\u0259tin yarand\u0131\u011f\u0131, el\u0259c\u0259 d\u0259 bu c\u00fcr v\u0259ziyy\u0259tin yaranmas\u0131 t\u0259hdidi oldu\u011fu t\u0259qdird\u0259 onun nizamlanmas\u0131 m\u0259qs\u0259dil\u0259 t\u0259xir\u0259sal\u0131nmaz m\u0259sl\u0259h\u0259tl\u0259\u015fm\u0259l\u0259rin apar\u0131lmas\u0131na haz\u0131rl\u0131qlar\u0131n\u0131 ifad\u0259 edirl\u0259r:<\/p>\n<p><strong>\u201cBu yana\u015fma h\u0259m Az\u0259rbaycan, h\u0259m d\u0259 Rusiya \u00fc\u00e7\u00fcn qar\u015f\u0131l\u0131ql\u0131 m\u00fcnasib\u0259tl\u0259rin t\u0259nziml\u0259nm\u0259sind\u0259 prioritet t\u0259\u015fkil edir v\u0259 mahiyy\u0259t etibaril\u0259 \u00f6lk\u0259mizin maraqlar\u0131na tam cavab verir\u201d.<\/strong>\u00a0BAXCP t\u0259msil\u00e7isi bildirdi ki,\u00a0 Az\u0259rbaycan strateji m\u00fctt\u0259fiql\u0259rinin say\u0131n\u0131 art\u0131r\u0131r: \u201cArt\u0131q T\u00fcrkiy\u0259 il\u0259 yana\u015f\u0131 qon\u015fu Rusiya da m\u00fctt\u0259fiqlik m\u00fcnasib\u0259tl\u0259ri \u00e7\u0259r\u00e7iv\u0259sind\u0259 Az\u0259rbaycan\u0131n t\u0259hl\u00fck\u0259sizliyin\u0259 t\u0259minat ver\u0259n g\u00fcc m\u0259rk\u0259zi kimi \u00e7\u0131x\u0131\u015f edir. Az\u0259rbaycan-T\u00fcrkiy\u0259, Az\u0259rbaycan-Rusiya m\u00fcnasib\u0259tl\u0259rinin strateji m\u00fctt\u0259fiqlik m\u00fcst\u0259visin\u0259 q\u0259d\u0259m qoymas\u0131, son n\u0259tic\u0259d\u0259 h\u0259r \u00fc\u00e7 \u00f6lk\u0259nin qar\u015f\u0131l\u0131ql\u0131 \u0259m\u0259kda\u015fl\u0131\u011f\u0131n\u0131n geni\u015fl\u0259nm\u0259si \u00fc\u00e7\u00fcn geni\u015f imkanlar yarad\u0131r ki, bu da ya\u015fad\u0131\u011f\u0131m\u0131z b\u00f6lg\u0259d\u0259 t\u0259hl\u00fck\u0259sizliyin, sabitliyin t\u0259min edilm\u0259si, iqtisadi \u0259laq\u0259l\u0259rin inki\u015faf\u0131, sosial layih\u0259l\u0259rin h\u0259yata ke\u00e7irilm\u0259si \u00fc\u00e7\u00fcn yeni maliyy\u0259 imkanlar\u0131n\u0131n \u0259ld\u0259 edilm\u0259si dem\u0259kdir. Bu x\u00fcsusda Az\u0259rbaycan\u0131n da, T\u00fcrkiy\u0259nin d\u0259, Rusiyan\u0131n da maraqlar\u0131 \u00fcst-\u00fcst\u0259 d\u00fc\u015f\u00fcr\u201d.<\/p>\n","protected":false},"excerpt":{"rendered":"<p>Az\u0259rbaycan v\u0259 Rusiya prezidentl\u0259rinin imzalad\u0131\u011f\u0131 m\u00fctt\u0259fiqlik s\u0259n\u0259di il\u0259 ba\u011fl\u0131 ekspertl\u0259rd\u0259n v\u0259 siyasi \u00e7evr\u0259l\u0259rd\u0259n maraql\u0131 yana\u015fmalar Fevral\u0131n 22-d\u0259 Moskvada \u201cAz\u0259rbaycan Respublikas\u0131 il\u0259 Rusiya Federasiyas\u0131 aras\u0131nda m\u00fctt\u0259fiqlik qar\u015f\u0131l\u0131ql\u0131 f\u0259aliyy\u0259ti haqq\u0131nda B\u0259yannam\u0259\u201d imzalan\u0131b. S\u0259n\u0259di Az\u0259rbaycan Respublikas\u0131n\u0131n Prezidenti \u0130lham \u018fliyev v\u0259 Rusiya Federasiyas\u0131n\u0131n Prezidenti Vladimir Putin imzalay\u0131blar. 43 madd\u0259d\u0259n ibar\u0259t olan, iki d\u00f6vl\u0259tin qar\u015f\u0131l\u0131ql\u0131 \u0259laq\u0259l\u0259rini, m\u00fcnasib\u0259tl\u0259rini, \u00f6hd\u0259likl\u0259rini \u00f6zl\u00fcy\u00fcnd\u0259 ehtiva ed\u0259n B\u0259yannam\u0259nin ilk b\u0259ndi Az\u0259rbaycan\u0131n maraqlar\u0131 bax\u0131m\u0131ndan olduqca \u00f6n\u0259mlidir. Qeyd olunur:\u00a0\u201cRusiya Federasiyas\u0131 v\u0259 Az\u0259rbaycan Respublikas\u0131 \u00f6z m\u00fcnasib\u0259tl\u0259rini m\u00fctt\u0259fiqlik qar\u015f\u0131l\u0131ql\u0131 f\u0259aliyy\u0259ti, iki \u00f6lk\u0259nin m\u00fcst\u0259qilliyin\u0259, d\u00f6vl\u0259t suverenliyin\u0259, \u0259razi b\u00fct\u00f6vl\u00fcy\u00fcn\u0259 v\u0259 d\u00f6vl\u0259t s\u0259rh\u0259dl\u0259rinin toxunulmazl\u0131\u011f\u0131na qar\u015f\u0131l\u0131ql\u0131 h\u00f6rm\u0259t, el\u0259c\u0259 d\u0259&hellip;<\/p>\n","protected":false},"author":2,"featured_media":443304,"comment_status":"closed","ping_status":"closed","sticky":false,"template":"","format":"standard","meta":{"om_disable_all_campaigns":false,"_monsterinsights_skip_tracking":false,"_monsterinsights_sitenote_active":false,"_monsterinsights_sitenote_note":"","_monsterinsights_sitenote_category":0},"categories":[19],"tags":[],"aioseo_notices":[],"gutentor_comment":0,"rttpg_featured_image_url":{"full":["https:\/\/arantv.az\/wp-content\/uploads\/2022\/02\/7c3cb8d1f795c2fc9fd9c063bf235f99.jpg",450,300,false],"landscape":["https:\/\/arantv.az\/wp-content\/uploads\/2022\/02\/7c3cb8d1f795c2fc9fd9c063bf235f99.jpg",450,300,false],"portraits":["https:\/\/arantv.az\/wp-content\/uploads\/2022\/02\/7c3cb8d1f795c2fc9fd9c063bf235f99.jpg",450,300,false],"thumbnail":["https:\/\/arantv.az\/wp-content\/uploads\/2022\/02\/7c3cb8d1f795c2fc9fd9c063bf235f99-450x280.jpg",450,280,true],"medium":["https:\/\/arantv.az\/wp-content\/uploads\/2022\/02\/7c3cb8d1f795c2fc9fd9c063bf235f99.jpg",450,300,false],"large":["https:\/\/arantv.az\/wp-content\/uploads\/2022\/02\/7c3cb8d1f795c2fc9fd9c063bf235f99.jpg",450,300,false],"1536x1536":["https:\/\/arantv.az\/wp-content\/uploads\/2022\/02\/7c3cb8d1f795c2fc9fd9c063bf235f99.jpg",450,300,false],"2048x2048":["https:\/\/arantv.az\/wp-content\/uploads\/2022\/02\/7c3cb8d1f795c2fc9fd9c063bf235f99.jpg",450,300,false],"post-thumbnail":["https:\/\/arantv.az\/wp-content\/uploads\/2022\/02\/7c3cb8d1f795c2fc9fd9c063bf235f99-240x172.jpg",240,172,true],"advps-thumb-one":["https:\/\/arantv.az\/wp-content\/uploads\/2022\/02\/7c3cb8d1f795c2fc9fd9c063bf235f99.jpg",450,300,false]},"rttpg_author":{"display_name":"V\u00fcsal Rafiqo\u011flu","author_link":"https:\/\/arantv.az\/?author=2"},"rttpg_comment":0,"rttpg_category":"<a href=\"https:\/\/arantv.az\/?cat=19\" rel=\"category\">G\u00fcnd\u0259m<\/a>","rttpg_excerpt":"Az\u0259rbaycan v\u0259 Rusiya prezidentl\u0259rinin imzalad\u0131\u011f\u0131 m\u00fctt\u0259fiqlik s\u0259n\u0259di il\u0259 ba\u011fl\u0131 ekspertl\u0259rd\u0259n v\u0259 siyasi \u00e7evr\u0259l\u0259rd\u0259n maraql\u0131 yana\u015fmalar Fevral\u0131n 22-d\u0259 Moskvada \u201cAz\u0259rbaycan Respublikas\u0131 il\u0259 Rusiya Federasiyas\u0131 aras\u0131nda m\u00fctt\u0259fiqlik qar\u015f\u0131l\u0131ql\u0131 f\u0259aliyy\u0259ti haqq\u0131nda B\u0259yannam\u0259\u201d imzalan\u0131b. S\u0259n\u0259di Az\u0259rbaycan Respublikas\u0131n\u0131n Prezidenti \u0130lham \u018fliyev v\u0259 Rusiya Federasiyas\u0131n\u0131n Prezidenti Vladimir Putin imzalay\u0131blar. 43 madd\u0259d\u0259n ibar\u0259t olan, iki d\u00f6vl\u0259tin qar\u015f\u0131l\u0131ql\u0131 \u0259laq\u0259l\u0259rini, m\u00fcnasib\u0259tl\u0259rini, \u00f6hd\u0259likl\u0259rini \u00f6zl\u00fcy\u00fcnd\u0259 ehtiva&hellip;","_links":{"self":[{"href":"https:\/\/arantv.az\/index.php?rest_route=\/wp\/v2\/posts\/443303"}],"collection":[{"href":"https:\/\/arantv.az\/index.php?rest_route=\/wp\/v2\/posts"}],"about":[{"href":"https:\/\/arantv.az\/index.php?rest_route=\/wp\/v2\/types\/post"}],"author":[{"embeddable":true,"href":"https:\/\/arantv.az\/index.php?rest_route=\/wp\/v2\/users\/2"}],"replies":[{"embeddable":true,"href":"https:\/\/arantv.az\/index.php?rest_route=%2Fwp%2Fv2%2Fcomments&post=443303"}],"version-history":[{"count":0,"href":"https:\/\/arantv.az\/index.php?rest_route=\/wp\/v2\/posts\/443303\/revisions"}],"wp:featuredmedia":[{"embeddable":true,"href":"https:\/\/arantv.az\/index.php?rest_route=\/wp\/v2\/media\/443304"}],"wp:attachment":[{"href":"https:\/\/arantv.az\/index.php?rest_route=%2Fwp%2Fv2%2Fmedia&parent=443303"}],"wp:term":[{"taxonomy":"category","embeddable":true,"href":"https:\/\/arantv.az\/index.php?rest_route=%2Fwp%2Fv2%2Fcategories&post=443303"},{"taxonomy":"post_tag","embeddable":true,"href":"https:\/\/arantv.az\/index.php?rest_route=%2Fwp%2Fv2%2Ftags&post=443303"}],"curies":[{"name":"wp","href":"https:\/\/api.w.org\/{rel}","templated":true}]}}