{"id":443312,"date":"2022-02-24T08:18:31","date_gmt":"2022-02-24T05:18:31","guid":{"rendered":"http:\/\/arantv.az\/?p=443312"},"modified":"2022-02-24T08:18:31","modified_gmt":"2022-02-24T05:18:31","slug":"ombudsman-xocali-soyqiriminin-ildonumu-il%c9%99-%c9%99laq%c9%99dar-b%c9%99y%c9%99nat-verib","status":"publish","type":"post","link":"https:\/\/arantv.az\/?p=443312","title":{"rendered":"Ombudsman Xocal\u0131 soyq\u0131r\u0131m\u0131n\u0131n ild\u00f6n\u00fcm\u00fc il\u0259 \u0259laq\u0259dar b\u0259y\u0259nat verib"},"content":{"rendered":"<p>Az\u0259rbaycan Respublikas\u0131n\u0131n \u0130nsan H\u00fcquqlar\u0131 \u00fczr\u0259 M\u00fcv\u0259kkili (Ombudsman) S\u0259bin\u0259 \u018fliyeva Xocal\u0131 soyq\u0131r\u0131m\u0131n\u0131n 30-cu ild\u00f6n\u00fcm\u00fc il\u0259 \u0259laq\u0259dar b\u0259y\u0259nat verib.<\/p>\n<p><strong>ARANTV.AZ\u00a0<\/strong> x\u0259b\u0259r verir ki, b\u0259y\u0259natda bildirilib ki, XX \u0259srin \u0259n d\u0259h\u015f\u0259tli faci\u0259l\u0259rind\u0259n biri,b\u0259\u015f\u0259riyy\u0259t\u0259 v\u0259 insanl\u0131\u011fa qar\u015f\u0131 t\u00f6r\u0259dilmi\u015f a\u011f\u0131r cinay\u0259t olan Xocal\u0131 soyq\u0131r\u0131m\u0131ndan 30 il \u00f6t\u00fcr:<\/p>\n<p>&#8220;Erm\u0259nistan\u0131n tarix boyu az\u0259rbaycanl\u0131lara qar\u015f\u0131 y\u00fcr\u00fctm\u00fc\u015f oldu\u011fu etnik t\u0259mizl\u0259m\u0259 v\u0259 soyq\u0131r\u0131m siyas\u0259ti n\u0259tic\u0259sind\u0259 y\u00fczminl\u0259rl\u0259 dinc insan k\u00fctl\u0259vi sur\u0259td\u0259 q\u0259tl\u0259 yetirilmi\u015f, \u00f6z torpaqlar\u0131ndan did\u0259rgin sal\u0131n\u0131b. C\u0259zas\u0131zl\u0131q m\u00fchitind\u0259n daha da az\u011f\u0131nla\u015fan erm\u0259ni silahl\u0131 birl\u0259\u015fm\u0259l\u0259rinin Az\u0259rbaycan\u0131n ya\u015fay\u0131\u015f m\u0259nt\u0259q\u0259l\u0259rind\u0259 t\u00f6r\u0259tmi\u015f oldu\u011fu q\u0259tliamlardan \u0259n d\u0259h\u015f\u0259tlisi Xocal\u0131 \u015f\u0259h\u0259rind\u0259ba\u015f verib.<\/p>\n<p>1992-ci il fevral\u0131n 25-d\u0259n 26-a ke\u00e7\u0259n gec\u0259 Erm\u0259nistansilahl\u0131 q\u00fcvv\u0259l\u0259ri, onlar\u0131n havadarl\u0131q etdiyi erm\u0259ni terror\u00e7u d\u0259st\u0259l\u0259ri v\u0259 ke\u00e7mi\u015f sovet ordusunun Xank\u0259ndi \u015f\u0259h\u0259rind\u0259 yerl\u0259\u015f\u0259n 366-c\u0131 motoat\u0131c\u0131 alay\u0131n\u0131n i\u015ftirak\u0131 il\u0259 Xocal\u0131 \u015f\u0259h\u0259rind\u0259 dinc \u0259haliy\u0259 qar\u015f\u0131 soyq\u0131r\u0131m\u0131 akt\u0131 t\u00f6r\u0259dilib&#8221;.<\/p>\n<p>B\u0259y\u0259natda deyilib ki, soyq\u0131r\u0131m\u0131 zaman\u0131 106-s\u0131 qad\u0131n, 63-\u00fc u\u015faq v\u0259 70-i qoca olmaqla,613 n\u0259f\u0259r x\u00fcsusi q\u0259ddarl\u0131qla \u00f6ld\u00fcr\u00fcl\u00fcb, 1275 n\u0259f\u0259r girov g\u00f6t\u00fcr\u00fcl\u0259r\u0259k, i\u015fg\u0259nc\u0259l\u0259r\u0259 m\u0259ruz qal\u0131b:<\/p>\n<p>&#8220;Onlardan 150 n\u0259f\u0259rin, o c\u00fcml\u0259d\u0259n 68 qad\u0131n v\u0259 26 u\u015fa\u011f\u0131n taleyi bu g\u00fcn\u0259d\u0259k m\u0259lum deyil. Q\u0131r\u011f\u0131n zaman\u0131 487 n\u0259f\u0259r m\u00fcxt\u0259lif d\u0259r\u0259c\u0259li a\u011f\u0131r b\u0259d\u0259n x\u0259sar\u0259tl\u0259ri al\u0131b. H\u0259m\u00e7inin 8 ail\u0259 tamamil\u0259 m\u0259hv edilib, 130 u\u015faq valideynl\u0259rind\u0259n birini, 25 u\u015faq is\u0259 h\u0259r iki valideynini itirib.<\/p>\n<p>H\u0259min d\u00f6vrd\u0259 d\u00fcnyan\u0131n bir s\u0131ra apar\u0131c\u0131 telekanallar\u0131, &#8220;The Times&#8221;, &#8220;The Guardian&#8221; q\u0259zetl\u0259ri,&#8221;Reuters&#8221;, &#8220;BBC&#8221; agentlikl\u0259ri Xocal\u0131da x\u00fcsusi q\u0259ddarl\u0131qla t\u00f6r\u0259dil\u0259n insanl\u0131\u011fa qar\u015f\u0131 cinay\u0259tl\u0259r bar\u0259d\u0259 m\u0259lumat yay\u0131b.<\/p>\n<p>&#8220;Memorial&#8221; \u0130nsan H\u00fcquqlar\u0131 M\u0259rk\u0259zinin, &#8220;Human Rights Watch&#8221; t\u0259\u015fkilat\u0131n\u0131n hesabatlar\u0131nda Xocal\u0131da m\u00fclki \u0259haliy\u0259 qar\u015f\u0131 t\u00f6r\u0259dilmi\u015f d\u0259h\u015f\u0259tli cinay\u0259tl\u0259r bar\u0259d\u0259 m\u0259lumatlar \u00f6z \u0259ksini tap\u0131b.<\/p>\n<p>Xocal\u0131da m\u00fclki \u0259halinin m\u0259hz etnik m\u0259nsubiyy\u0259tin\u0259 g\u00f6r\u0259 k\u00fctl\u0259vi v\u0259m\u0259qs\u0259dy\u00f6nl\u00fc \u015f\u0259kild\u0259 q\u0131r\u011f\u0131n\u0131 BMT Ba\u015f M\u0259clisinin 1946-c\u0131 il 11 dekabr tarixli 96 (I) sayl\u0131 q\u0259tnam\u0259sin\u0259 v\u0259 1948-ci il 9 dekabr tarixli 260 (III) sayl\u0131 q\u0259tnam\u0259si il\u0259 q\u0259bul olunmu\u015f &#8220;Soyq\u0131r\u0131m\u0131 cinay\u0259tinin qar\u015f\u0131s\u0131n\u0131n al\u0131nmas\u0131 v\u0259 c\u0259zaland\u0131r\u0131lmas\u0131 haqq\u0131nda&#8221; Konvensiyaya \u0259sas\u0259n soyq\u0131r\u0131m\u0131 cinay\u0259ti kimi t\u00f6vsif edilm\u0259lidir.<\/p>\n<p>Erm\u0259nistan\u0131n az\u0259rbaycanl\u0131lara qar\u015f\u0131 h\u0259yata ke\u00e7irdiyi etnik t\u0259mizl\u0259m\u0259 v\u0259 soyq\u0131r\u0131m\u0131 siyas\u0259ti n\u0259tic\u0259sind\u0259bir s\u0131ra beyn\u0259lxalq s\u0259n\u0259dl\u0259rin, o c\u00fcml\u0259d\u0259n 1949-cu il Cenevr\u0259 Konvensiyalar\u0131n\u0131n, &#8220;Soyq\u0131r\u0131m\u0131 cinay\u0259tinin qar\u015f\u0131s\u0131n\u0131n al\u0131nmas\u0131 v\u0259 c\u0259zaland\u0131r\u0131lmas\u0131 haqq\u0131nda&#8221; Konvensiyan\u0131n,&#8221;\u0130\u015fg\u0259nc\u0259 v\u0259 dig\u0259r q\u0259ddar, qeyri-insani, yaxud l\u0259yaq\u0259ti al\u00e7aldan r\u0259ftar v\u0259 c\u0259za n\u00f6vl\u0259rin\u0259 qar\u015f\u0131 Konvensiya&#8221;n\u0131n, &#8220;\u0130rqi ayr\u0131-se\u00e7kiliyin b\u00fct\u00fcn formalar\u0131n\u0131n l\u0259\u011fv edilm\u0259si haqq\u0131nda&#8221; Konvensiyan\u0131n, &#8220;U\u015faq h\u00fcquqlar\u0131 haqq\u0131nda&#8221; Konvensiyan\u0131n v\u0259 &#8220;\u0130nsan h\u00fcquqlar\u0131n\u0131n v\u0259 \u0259sas azadl\u0131qlar\u0131n\u0131n m\u00fcdafi\u0259si haqq\u0131nda&#8221; Avropa Konvensiyas\u0131n\u0131n,M\u00fclki v\u0259 siyasi h\u00fcquqlar haqq\u0131nda Beyn\u0259lxalq Pakt\u0131n, \u0130qtisadi, sosial v\u0259 m\u0259d\u0259ni h\u00fcquqlar haqq\u0131nda Beyn\u0259lxalq Pakt\u0131n t\u0259l\u0259bl\u0259ri kobud \u015f\u0259kild\u0259 pozulub&#8221;.<\/p>\n<p>B\u0259y\u0259natda vur\u011fulan\u0131b ki, soyq\u0131r\u0131m siyas\u0259tini davam etdir\u0259n Erm\u0259nistan \u0130kinci Qaraba\u011f m\u00fcharib\u0259si d\u00f6vr\u00fcnd\u0259 d\u0259 h\u0259rbi \u0259m\u0259liyyatlar\u0131n ba\u015f verdiyi \u0259razil\u0259rd\u0259n kilometrl\u0259rl\u0259 uzaqda olan, m\u00fclki \u0259halinin s\u0131x yerl\u0259\u015fdiyi \u015f\u0259h\u0259r v\u0259 k\u0259ndl\u0259ri ballistik raketl\u0259rl\u0259, kasetli bombalarla h\u0259d\u0259f\u0259 al\u0131b, bunun n\u0259tic\u0259sind\u0259 12-si u\u015faq olmaqla, 100-\u0259 yax\u0131n m\u00fclki \u015f\u0259xs h\u0259lak olub, 50-si u\u015faq olmaqla, 400-d\u0259n \u00e7ox insan yaralan\u0131b. H\u0259min d\u00f6vrd\u0259 Erm\u0259nistan\u0131n m\u00fclki obyektl\u0259r\u0259 h\u00fccumlar\u0131 3410-dan \u00e7ox evin, 120 \u00e7oxm\u0259nzilli ya\u015fay\u0131\u015f binas\u0131n\u0131n v\u0259 xeyli sayda m\u0259kt\u0259b, x\u0259st\u0259xana, u\u015faq ba\u011f\u00e7as\u0131 da daxil olmaqla, 512 m\u00fclki infrastrukturunda\u011f\u0131lmas\u0131na s\u0259b\u0259b olub:<\/p>\n<p>&#8220;\u00d6lk\u0259miz\u0259 qar\u015f\u0131 y\u00f6n\u0259lmi\u015f h\u0259rbi t\u0259cav\u00fcz\u00fcn qar\u015f\u0131s\u0131n\u0131n al\u0131nmas\u0131 v\u0259 m\u00fclki \u0259halinin t\u0259hl\u00fck\u0259sizliyinin t\u0259min edilm\u0259si m\u0259qs\u0259dil\u0259 Az\u0259rbaycan ordusu t\u0259r\u0259find\u0259n h\u0259yata ke\u00e7irilmi\u015f \u0259ks-h\u00fccum \u0259m\u0259liyyat\u0131 n\u0259tic\u0259sind\u0259 30 il\u0259 yax\u0131n Erm\u0259nistan\u0131n i\u015f\u011fal\u0131 alt\u0131nda olmu\u015f torpaqlar\u0131m\u0131z q\u0131sa m\u00fcdd\u0259t \u0259rzind\u0259 azad edilmi\u015f, soyda\u015flar\u0131m\u0131z\u0131n pozulmu\u015f h\u00fcquqlar\u0131n\u0131n b\u0259rpa edilm\u0259si \u00fc\u00e7\u00fcn \u0259sas yaran\u0131b.<\/p>\n<p>\u00dcmummilli Lider Heyd\u0259r \u018fliyevin t\u0259\u015f\u0259bb\u00fcs\u00fc \u0259sas\u0131nda 1994-c\u00fc ild\u0259 Az\u0259rbaycan Respublikas\u0131n\u0131n Milli M\u0259clisi Xocal\u0131 soyq\u0131r\u0131m\u0131na siyasi-h\u00fcquqi qiym\u0259t vermi\u015f, 26 fevral tarixi &#8220;Xocal\u0131 Soyq\u0131r\u0131m\u0131 G\u00fcn\u00fc&#8221; elan olunmu\u015f v\u0259 soyq\u0131r\u0131m\u0131 haqq\u0131nda h\u0259qiq\u0259tl\u0259r beyn\u0259lxalq ictimaiyy\u0259t\u0259 \u00e7atd\u0131r\u0131l\u0131b.<\/p>\n<p>Qaraba\u011fla ba\u011fl\u0131 h\u0259qiq\u0259tl\u0259rin, x\u00fcsusil\u0259 d\u0259 Xocal\u0131 soyq\u0131r\u0131m\u0131n\u0131n d\u00fcnyada tan\u0131d\u0131lmas\u0131 istiqam\u0259tind\u0259 Heyd\u0259r \u018fliyev Fondunun h\u0259yata ke\u00e7irdiyi &#8220;Xocal\u0131ya \u0259dal\u0259t!&#8221; beyn\u0259lxalq kampaniyas\u0131 m\u00fcst\u0259sna rola malikdir.<\/p>\n<p>Haz\u0131rda 17 d\u00f6vl\u0259tin qanunvericilik orqan\u0131, AB\u015e-nin 24 \u015ftat\u0131 Xocal\u0131da t\u00f6r\u0259dilmi\u015f q\u0259tliam\u0131 pisl\u0259y\u0259n q\u0259tnam\u0259 v\u0259 q\u0259rarlar q\u0259bul edib. \u0130slam \u018fm\u0259kda\u015fl\u0131q T\u0259\u015fkilat\u0131 Erm\u0259nistan\u0131 t\u0259cav\u00fczkar, Xocal\u0131 faci\u0259sini is\u0259 soyq\u0131r\u0131m\u0131 kimi tan\u0131y\u0131b.<\/p>\n<p>X\u00fcsusil\u0259 qeyd olunmal\u0131d\u0131r ki, Erm\u0259nistan\u0131n Az\u0259rbaycana qar\u015f\u0131 \u0259razi iddialar\u0131 il\u0259 ba\u015flad\u0131\u011f\u0131 m\u00fcnaqi\u015f\u0259d\u0259n bu g\u00fcn\u0259d\u0259k Xocal\u0131da itkin d\u00fc\u015fm\u00fc\u015f \u015f\u0259xsl\u0259r d\u0259 daxil olmaqla, \u0259sir v\u0259 girov g\u00f6t\u00fcr\u00fclm\u00fc\u015f, itkin d\u00fc\u015fm\u00fc\u015f 4000-\u0259 yax\u0131n az\u0259rbaycanl\u0131n\u0131n taleyind\u0259n x\u0259b\u0259r yoxdur.<\/p>\n<p>D\u00fcnya ictimaiyy\u0259ti beyn\u0259lxalq humanitar h\u00fcquq normalar\u0131n\u0131 kobud sur\u0259td\u0259 pozan Erm\u0259nistanam\u00fcnasib\u0259td\u0259 t\u0259sirli t\u0259dbirl\u0259r g\u00f6rm\u0259li, \u0259sir v\u0259 girov g\u00f6t\u00fcr\u00fclm\u00fc\u015f, itkin d\u00fc\u015fm\u00fc\u015f Az\u0259rbaycan v\u0259t\u0259nda\u015flar\u0131n\u0131n taleyi bar\u0259d\u0259 m\u0259lumatlar\u0131n \u0259ld\u0259 olunmas\u0131 m\u0259qs\u0259dil\u0259 cavabdeh d\u00f6vl\u0259t\u0259 t\u0259zyiql\u0259r etm\u0259lidir.<\/p>\n<p>Xocal\u0131 soyq\u0131r\u0131m\u0131 \u00f6z miqyas\u0131na, q\u0259ddarl\u0131\u011f\u0131na v\u0259 qeyri-insani c\u0259za \u00fcsullar\u0131na g\u00f6r\u0259 XX \u0259srd\u0259 insanl\u0131\u011fa qar\u015f\u0131 t\u00f6r\u0259dilmi\u015f \u0259n d\u0259h\u015f\u0259tli soyq\u0131r\u0131m\u0131 aktlar\u0131ndand\u0131r.<\/p>\n<p>Soyq\u0131r\u0131m\u0131n\u0131n t\u00f6r\u0259dilm\u0259sind\u0259n 30 il ke\u00e7m\u0259sin\u0259 baxmayaraq, t\u0259\u0259ss\u00fcf ki, beyn\u0259lxalq ictimaiyy\u0259t t\u0259r\u0259find\u0259n ikili standartlara yol veril\u0259r\u0259k,bu soyq\u0131r\u0131m\u0131 akt\u0131na laz\u0131mi siyasi v\u0259 h\u00fcquqi qiym\u0259t verilm\u0259yib, cinay\u0259ti t\u00f6r\u0259tmi\u015f \u015f\u0259xsl\u0259r h\u0259l\u0259 d\u0259 m\u0259suliyy\u0259t\u0259 c\u0259lb edilm\u0259yib.<\/p>\n<p>D\u00fcnya ictimaiyy\u0259ti, \u0259laq\u0259dar beyn\u0259lxalq t\u0259\u015fkilatlar Xocal\u0131da t\u00f6r\u0259dilmi\u015f soyq\u0131r\u0131m\u0131 akt\u0131na adekvat reaksiya verm\u0259li, bu cinay\u0259t soyq\u0131r\u0131m\u0131 kimi tan\u0131nmal\u0131, onun sifari\u015f\u00e7il\u0259ri, icra\u00e7\u0131lar\u0131 \u0259dal\u0259t m\u00fchakim\u0259sin\u0259 c\u0259lb olunmal\u0131d\u0131rlar&#8221; &#8211; b\u0259y\u0259natda deyolib.<\/p>\n<p>B\u0259yanat BMT-nin Ba\u015f Katibin\u0259, BMT-nin T\u0259hl\u00fck\u0259sizlik \u015euras\u0131na, BMT-nin \u0130nsan H\u00fcquqlar\u0131 \u00fczr\u0259 Ali Komissar\u0131na, BMT-nin Qa\u00e7q\u0131nlar \u00fczr\u0259 Ali Komissar\u0131na, BMT-nin \u0130nsan H\u00fcquqlar\u0131 \u015euras\u0131na, UNICEF-in, UNESCO-nun, Avropa \u0130ttifaq\u0131n\u0131n, Avropa \u015euras\u0131n\u0131n, AT\u018fT-in r\u0259hb\u0259rl\u0259rin\u0259, Beyn\u0259lxalq v\u0259 Avropa Ombudsmanlar \u0130nstitutlar\u0131na, Asiya Ombudsmanlar Assosiasiyas\u0131na, \u0130slam \u018fm\u0259kda\u015fl\u0131q T\u0259\u015fkilat\u0131na v\u0259 bu quruma \u00fczv d\u00f6vl\u0259tl\u0259rin Ombudsmanlar Assosiasiyas\u0131na, \u0130slam \u018fm\u0259kda\u015fl\u0131q T\u0259\u015fkilat\u0131n\u0131n M\u00fcst\u0259qil Daimi \u0130nsan H\u00fcquqlar\u0131 Komissiyas\u0131na, Avropa U\u015faq H\u00fcquqlar\u0131 Ombudsmanlar\u0131 \u015e\u0259b\u0259k\u0259sin\u0259, Beyn\u0259lxalq S\u00fclh B\u00fcrosuna, m\u00fcxt\u0259lif \u00f6lk\u0259l\u0259rin ombudsmanlar\u0131na v\u0259 milli insan h\u00fcquqlar\u0131 institutlar\u0131na, Az\u0259rbaycan Respublikas\u0131n\u0131n xarici \u00f6lk\u0259l\u0259rd\u0259ki v\u0259 xarici \u00f6lk\u0259l\u0259rin respublikam\u0131zdak\u0131 s\u0259firlikl\u0259rin\u0259, Az\u0259rbaycan\u0131n diaspor t\u0259\u015fkilatlar\u0131na g\u00f6nd\u0259rilib.<\/p>\n","protected":false},"excerpt":{"rendered":"<p>Az\u0259rbaycan Respublikas\u0131n\u0131n \u0130nsan H\u00fcquqlar\u0131 \u00fczr\u0259 M\u00fcv\u0259kkili (Ombudsman) S\u0259bin\u0259 \u018fliyeva Xocal\u0131 soyq\u0131r\u0131m\u0131n\u0131n 30-cu ild\u00f6n\u00fcm\u00fc il\u0259 \u0259laq\u0259dar b\u0259y\u0259nat verib. ARANTV.AZ\u00a0 x\u0259b\u0259r verir ki, b\u0259y\u0259natda bildirilib ki, XX \u0259srin \u0259n d\u0259h\u015f\u0259tli faci\u0259l\u0259rind\u0259n biri,b\u0259\u015f\u0259riyy\u0259t\u0259 v\u0259 insanl\u0131\u011fa qar\u015f\u0131 t\u00f6r\u0259dilmi\u015f a\u011f\u0131r cinay\u0259t olan Xocal\u0131 soyq\u0131r\u0131m\u0131ndan 30 il \u00f6t\u00fcr: &#8220;Erm\u0259nistan\u0131n tarix boyu az\u0259rbaycanl\u0131lara qar\u015f\u0131 y\u00fcr\u00fctm\u00fc\u015f oldu\u011fu etnik t\u0259mizl\u0259m\u0259 v\u0259 soyq\u0131r\u0131m siyas\u0259ti n\u0259tic\u0259sind\u0259 y\u00fczminl\u0259rl\u0259 dinc insan k\u00fctl\u0259vi sur\u0259td\u0259 q\u0259tl\u0259 yetirilmi\u015f, \u00f6z torpaqlar\u0131ndan did\u0259rgin sal\u0131n\u0131b. C\u0259zas\u0131zl\u0131q m\u00fchitind\u0259n daha da az\u011f\u0131nla\u015fan erm\u0259ni silahl\u0131 birl\u0259\u015fm\u0259l\u0259rinin Az\u0259rbaycan\u0131n ya\u015fay\u0131\u015f m\u0259nt\u0259q\u0259l\u0259rind\u0259 t\u00f6r\u0259tmi\u015f oldu\u011fu q\u0259tliamlardan \u0259n d\u0259h\u015f\u0259tlisi Xocal\u0131 \u015f\u0259h\u0259rind\u0259ba\u015f verib. 1992-ci il fevral\u0131n 25-d\u0259n 26-a&hellip;<\/p>\n","protected":false},"author":2,"featured_media":443313,"comment_status":"closed","ping_status":"closed","sticky":false,"template":"","format":"standard","meta":{"om_disable_all_campaigns":false,"_monsterinsights_skip_tracking":false,"_monsterinsights_sitenote_active":false,"_monsterinsights_sitenote_note":"","_monsterinsights_sitenote_category":0},"categories":[4],"tags":[],"aioseo_notices":[],"gutentor_comment":0,"rttpg_featured_image_url":{"full":["https:\/\/arantv.az\/wp-content\/uploads\/2022\/02\/1022035.jpg",800,600,false],"landscape":["https:\/\/arantv.az\/wp-content\/uploads\/2022\/02\/1022035.jpg",800,600,false],"portraits":["https:\/\/arantv.az\/wp-content\/uploads\/2022\/02\/1022035.jpg",800,600,false],"thumbnail":["https:\/\/arantv.az\/wp-content\/uploads\/2022\/02\/1022035-500x280.jpg",500,280,true],"medium":["https:\/\/arantv.az\/wp-content\/uploads\/2022\/02\/1022035-487x365.jpg",487,365,true],"large":["https:\/\/arantv.az\/wp-content\/uploads\/2022\/02\/1022035.jpg",640,480,false],"1536x1536":["https:\/\/arantv.az\/wp-content\/uploads\/2022\/02\/1022035.jpg",800,600,false],"2048x2048":["https:\/\/arantv.az\/wp-content\/uploads\/2022\/02\/1022035.jpg",800,600,false],"post-thumbnail":["https:\/\/arantv.az\/wp-content\/uploads\/2022\/02\/1022035-240x172.jpg",240,172,true],"advps-thumb-one":["https:\/\/arantv.az\/wp-content\/uploads\/2022\/02\/1022035.jpg",800,600,false]},"rttpg_author":{"display_name":"V\u00fcsal Rafiqo\u011flu","author_link":"https:\/\/arantv.az\/?author=2"},"rttpg_comment":0,"rttpg_category":"<a href=\"https:\/\/arantv.az\/?cat=4\" rel=\"category\">Siyas\u0259t<\/a>","rttpg_excerpt":"Az\u0259rbaycan Respublikas\u0131n\u0131n \u0130nsan H\u00fcquqlar\u0131 \u00fczr\u0259 M\u00fcv\u0259kkili (Ombudsman) S\u0259bin\u0259 \u018fliyeva Xocal\u0131 soyq\u0131r\u0131m\u0131n\u0131n 30-cu ild\u00f6n\u00fcm\u00fc il\u0259 \u0259laq\u0259dar b\u0259y\u0259nat verib. ARANTV.AZ\u00a0 x\u0259b\u0259r verir ki, b\u0259y\u0259natda bildirilib ki, XX \u0259srin \u0259n d\u0259h\u015f\u0259tli faci\u0259l\u0259rind\u0259n biri,b\u0259\u015f\u0259riyy\u0259t\u0259 v\u0259 insanl\u0131\u011fa qar\u015f\u0131 t\u00f6r\u0259dilmi\u015f a\u011f\u0131r cinay\u0259t olan Xocal\u0131 soyq\u0131r\u0131m\u0131ndan 30 il \u00f6t\u00fcr: &#8220;Erm\u0259nistan\u0131n tarix boyu az\u0259rbaycanl\u0131lara qar\u015f\u0131 y\u00fcr\u00fctm\u00fc\u015f oldu\u011fu etnik t\u0259mizl\u0259m\u0259 v\u0259 soyq\u0131r\u0131m siyas\u0259ti n\u0259tic\u0259sind\u0259&hellip;","_links":{"self":[{"href":"https:\/\/arantv.az\/index.php?rest_route=\/wp\/v2\/posts\/443312"}],"collection":[{"href":"https:\/\/arantv.az\/index.php?rest_route=\/wp\/v2\/posts"}],"about":[{"href":"https:\/\/arantv.az\/index.php?rest_route=\/wp\/v2\/types\/post"}],"author":[{"embeddable":true,"href":"https:\/\/arantv.az\/index.php?rest_route=\/wp\/v2\/users\/2"}],"replies":[{"embeddable":true,"href":"https:\/\/arantv.az\/index.php?rest_route=%2Fwp%2Fv2%2Fcomments&post=443312"}],"version-history":[{"count":0,"href":"https:\/\/arantv.az\/index.php?rest_route=\/wp\/v2\/posts\/443312\/revisions"}],"wp:featuredmedia":[{"embeddable":true,"href":"https:\/\/arantv.az\/index.php?rest_route=\/wp\/v2\/media\/443313"}],"wp:attachment":[{"href":"https:\/\/arantv.az\/index.php?rest_route=%2Fwp%2Fv2%2Fmedia&parent=443312"}],"wp:term":[{"taxonomy":"category","embeddable":true,"href":"https:\/\/arantv.az\/index.php?rest_route=%2Fwp%2Fv2%2Fcategories&post=443312"},{"taxonomy":"post_tag","embeddable":true,"href":"https:\/\/arantv.az\/index.php?rest_route=%2Fwp%2Fv2%2Ftags&post=443312"}],"curies":[{"name":"wp","href":"https:\/\/api.w.org\/{rel}","templated":true}]}}