{"id":443321,"date":"2022-02-24T08:47:17","date_gmt":"2022-02-24T05:47:17","guid":{"rendered":"http:\/\/arantv.az\/?p=443321"},"modified":"2022-02-24T08:47:17","modified_gmt":"2022-02-24T05:47:17","slug":"ukrayna-s%c9%99h%c9%99rl%c9%99rin%c9%99-hava-z%c9%99rb%c9%99l%c9%99ri-endirilib-yanacaqdoldurma-m%c9%99nt%c9%99q%c9%99l%c9%99rinin-qarsisinda-tixac-yaranib-video","status":"publish","type":"post","link":"https:\/\/arantv.az\/?p=443321","title":{"rendered":"Ukrayna \u015f\u0259h\u0259rl\u0259rin\u0259 hava z\u0259rb\u0259l\u0259ri endirilib, yanacaqdoldurma m\u0259nt\u0259q\u0259l\u0259rinin qar\u015f\u0131s\u0131nda t\u0131xac yaran\u0131b \u2013 V\u0130DEO"},"content":{"rendered":"<p>Bu g\u00fcn s\u0259h\u0259r saatlar\u0131ndan etibar\u0259n Ukraynan\u0131n bir s\u0131ra \u015f\u0259h\u0259rl\u0259rind\u0259 partlay\u0131\u015f s\u0259sl\u0259ri e\u015fidilir.<\/p>\n<p>Partlay\u0131\u015flar paytaxt Kiyevl\u0259 yana\u015f\u0131 Odessa, Xarkov v\u0259 Berdyanskda da e\u015fidilir.<\/p>\n<p>Ukrayna \u201cTelegram\u201d kanallar\u0131nda yay\u0131lan video v\u0259 fotolarda yanacaqdoldurma m\u0259nt\u0259q\u0259l\u0259rinin qar\u015f\u0131s\u0131nda t\u0131xac\u0131n yarand\u0131\u011f\u0131, insanlar\u0131n metro stansiyalar\u0131ndan s\u0131\u011f\u0131nacaq kimi istifad\u0259 etdiyi \u0259ks olunub.<\/p>\n<div><iframe loading=\"lazy\" src=\"https:\/\/player.baku.tv\/embed\/50814\" width=\"560\" height=\"315\" frameborder=\"0\" allowfullscreen=\"allowfullscreen\" data-mce-fragment=\"1\"><\/iframe><\/div>\n<div>\n<div class=\"gallery\">\n<div class=\"gallery-i\"><img src=\"https:\/\/cdn.oxu.az\/uploads\/W1siZiIsIjIwMjIvMDIvMjQvMDkvMzgvNDgvNTE1YjcwMDQtODg5NS00NzBkLTg4NjctYTdjYjFiNmJhNDAyL0lNR18yMDIyMDIyNF8wOTE2MzhfNzU2LmpwZyJdLFsicCIsImVuY29kZSIsImpwZyIsIi1xdWFsaXR5IDgwIl0sWyJwIiwidGh1bWIiLCI1OTB4NTkwXHUwMDNlIl1d?sha=2fdca61d93d608ba\" alt=\"\" \/><\/div>\n<\/div>\n<\/div>\n","protected":false},"excerpt":{"rendered":"<p>Bu g\u00fcn s\u0259h\u0259r saatlar\u0131ndan etibar\u0259n Ukraynan\u0131n bir s\u0131ra \u015f\u0259h\u0259rl\u0259rind\u0259 partlay\u0131\u015f s\u0259sl\u0259ri e\u015fidilir. Partlay\u0131\u015flar paytaxt Kiyevl\u0259 yana\u015f\u0131 Odessa, Xarkov v\u0259 Berdyanskda da e\u015fidilir. Ukrayna \u201cTelegram\u201d kanallar\u0131nda yay\u0131lan video v\u0259 fotolarda yanacaqdoldurma m\u0259nt\u0259q\u0259l\u0259rinin qar\u015f\u0131s\u0131nda t\u0131xac\u0131n yarand\u0131\u011f\u0131, insanlar\u0131n metro stansiyalar\u0131ndan s\u0131\u011f\u0131nacaq kimi istifad\u0259 etdiyi \u0259ks olunub.<\/p>\n","protected":false},"author":2,"featured_media":443322,"comment_status":"closed","ping_status":"closed","sticky":false,"template":"","format":"standard","meta":{"om_disable_all_campaigns":false,"_monsterinsights_skip_tracking":false,"_monsterinsights_sitenote_active":false,"_monsterinsights_sitenote_note":"","_monsterinsights_sitenote_category":0},"categories":[7],"tags":[],"aioseo_notices":[],"gutentor_comment":0,"rttpg_featured_image_url":{"full":["https:\/\/arantv.az\/wp-content\/uploads\/2022\/02\/FotoJet-2022-02-24T092816.905.jpg",620,413,false],"landscape":["https:\/\/arantv.az\/wp-content\/uploads\/2022\/02\/FotoJet-2022-02-24T092816.905.jpg",620,413,false],"portraits":["https:\/\/arantv.az\/wp-content\/uploads\/2022\/02\/FotoJet-2022-02-24T092816.905.jpg",620,413,false],"thumbnail":["https:\/\/arantv.az\/wp-content\/uploads\/2022\/02\/FotoJet-2022-02-24T092816.905-500x280.jpg",500,280,true],"medium":["https:\/\/arantv.az\/wp-content\/uploads\/2022\/02\/FotoJet-2022-02-24T092816.905-548x365.jpg",548,365,true],"large":["https:\/\/arantv.az\/wp-content\/uploads\/2022\/02\/FotoJet-2022-02-24T092816.905.jpg",620,413,false],"1536x1536":["https:\/\/arantv.az\/wp-content\/uploads\/2022\/02\/FotoJet-2022-02-24T092816.905.jpg",620,413,false],"2048x2048":["https:\/\/arantv.az\/wp-content\/uploads\/2022\/02\/FotoJet-2022-02-24T092816.905.jpg",620,413,false],"post-thumbnail":["https:\/\/arantv.az\/wp-content\/uploads\/2022\/02\/FotoJet-2022-02-24T092816.905-240x172.jpg",240,172,true],"advps-thumb-one":["https:\/\/arantv.az\/wp-content\/uploads\/2022\/02\/FotoJet-2022-02-24T092816.905.jpg",620,413,false]},"rttpg_author":{"display_name":"V\u00fcsal Rafiqo\u011flu","author_link":"https:\/\/arantv.az\/?author=2"},"rttpg_comment":0,"rttpg_category":"<a href=\"https:\/\/arantv.az\/?cat=7\" rel=\"category\">D\u00fcnya<\/a>","rttpg_excerpt":"Bu g\u00fcn s\u0259h\u0259r saatlar\u0131ndan etibar\u0259n Ukraynan\u0131n bir s\u0131ra \u015f\u0259h\u0259rl\u0259rind\u0259 partlay\u0131\u015f s\u0259sl\u0259ri e\u015fidilir. Partlay\u0131\u015flar paytaxt Kiyevl\u0259 yana\u015f\u0131 Odessa, Xarkov v\u0259 Berdyanskda da e\u015fidilir. Ukrayna \u201cTelegram\u201d kanallar\u0131nda yay\u0131lan video v\u0259 fotolarda yanacaqdoldurma m\u0259nt\u0259q\u0259l\u0259rinin qar\u015f\u0131s\u0131nda t\u0131xac\u0131n yarand\u0131\u011f\u0131, insanlar\u0131n metro stansiyalar\u0131ndan s\u0131\u011f\u0131nacaq kimi istifad\u0259 etdiyi \u0259ks olunub.","_links":{"self":[{"href":"https:\/\/arantv.az\/index.php?rest_route=\/wp\/v2\/posts\/443321"}],"collection":[{"href":"https:\/\/arantv.az\/index.php?rest_route=\/wp\/v2\/posts"}],"about":[{"href":"https:\/\/arantv.az\/index.php?rest_route=\/wp\/v2\/types\/post"}],"author":[{"embeddable":true,"href":"https:\/\/arantv.az\/index.php?rest_route=\/wp\/v2\/users\/2"}],"replies":[{"embeddable":true,"href":"https:\/\/arantv.az\/index.php?rest_route=%2Fwp%2Fv2%2Fcomments&post=443321"}],"version-history":[{"count":0,"href":"https:\/\/arantv.az\/index.php?rest_route=\/wp\/v2\/posts\/443321\/revisions"}],"wp:featuredmedia":[{"embeddable":true,"href":"https:\/\/arantv.az\/index.php?rest_route=\/wp\/v2\/media\/443322"}],"wp:attachment":[{"href":"https:\/\/arantv.az\/index.php?rest_route=%2Fwp%2Fv2%2Fmedia&parent=443321"}],"wp:term":[{"taxonomy":"category","embeddable":true,"href":"https:\/\/arantv.az\/index.php?rest_route=%2Fwp%2Fv2%2Fcategories&post=443321"},{"taxonomy":"post_tag","embeddable":true,"href":"https:\/\/arantv.az\/index.php?rest_route=%2Fwp%2Fv2%2Ftags&post=443321"}],"curies":[{"name":"wp","href":"https:\/\/api.w.org\/{rel}","templated":true}]}}